{"id":137,"date":"2021-04-30T06:14:29","date_gmt":"2021-04-30T06:14:29","guid":{"rendered":"https:\/\/tempectp.cimalink.eu\/est-harum-aut-veniam-alias-consequatur-et\/"},"modified":"2025-07-21T19:12:21","modified_gmt":"2025-07-21T17:12:21","slug":"new-european-bauhaus","status":"publish","type":"post","link":"https:\/\/ectp-ceu.eu\/de\/news\/new-european-bauhaus\/","title":{"rendered":"NEW EUROPEAN BAUHAUS"},"content":{"rendered":"<p>The ECTP-CEU, in collaboration with the representative European organisations of architects, spatial planners, landscape architects, interior architects, engineers, designers, artists, educators and researchers of the built environment, welcomes the New European Bauhaus initiative put forward by the President of the European Commission as part of the Renovation Wave strategy.<\/p>\n<p><a href=\"https:\/\/ectp-ceu.eu\/wp-content\/uploads\/2021\/05\/BAUHAUS_statement_EN.pdf\">Click here to view the English version of the statement<\/a><\/p>\n<p><a href=\"https:\/\/ectp-ceu.eu\/wp-content\/uploads\/2021\/05\/BAUHAUS__statement_FR.pdf\">Cliquer ici pour la version fran\u00e7aise de la d\u00e9claration<\/a><\/p>","protected":false},"excerpt":{"rendered":"<p>The ECTP-CEU, in collaboration with the representative European organisations of architects, spatial planners, landscape architects, interior architects, engineers, designers, artists, educators and researchers of the built environment, welcomes the New European Bauhaus initiative put forward by the President of the European Commission as part of the Renovation Wave strategy.<\/p>\n<p>ECTP-CEU, en collaboration avec les organisations europ\u00e9ennes repr\u00e9sentatives d&#8217;architectes, d&#8217;am\u00e9nageurs spatiaux, d&#8217;architectes paysagistes, d&#8217;architectes d&#8217;int\u00e9rieur, d&#8217;ing\u00e9nieurs, de designers, d&#8217;artistes, d&#8217;\u00e9ducateurs et de chercheurs de l&#8217;environnement b\u00e2ti, se f\u00e9licite de l&#8217;initiative Nouveau Bauhaus Europ\u00e9en pr\u00e9sent\u00e9e par la Pr\u00e9sidente de la Commission Europ\u00e9enne dans le cadre de la strat\u00e9gie &#8221; Vague de R\u00e9novations&#8221;.<\/p>","protected":false},"author":1,"featured_media":419,"comment_status":"closed","ping_status":"closed","sticky":false,"template":"","format":"standard","meta":{"_acf_changed":false,"inline_featured_image":false,"footnotes":""},"categories":[47,6],"tags":[],"class_list":["post-137","post","type-post","status-publish","format-standard","has-post-thumbnail","hentry","category-ectp-ceu","category-news"],"acf":[],"yoast_head":"<!-- This site is optimized with the Yoast SEO plugin v27.5 - https:\/\/yoast.com\/product\/yoast-seo-wordpress\/ -->\n<title>NEW EUROPEAN BAUHAUS - ECTP-CEU<\/title>\n<meta name=\"robots\" content=\"index, follow, max-snippet:-1, max-image-preview:large, max-video-preview:-1\" \/>\n<link rel=\"canonical\" href=\"https:\/\/ectp-ceu.eu\/de\/news\/new-european-bauhaus\/\" \/>\n<meta property=\"og:locale\" content=\"de_DE\" \/>\n<meta property=\"og:type\" content=\"article\" \/>\n<meta property=\"og:title\" content=\"NEW EUROPEAN BAUHAUS - ECTP-CEU\" \/>\n<meta property=\"og:description\" content=\"The ECTP-CEU, in collaboration with the representative European organisations of architects, spatial planners, landscape architects, interior architects, engineers, designers, artists, educators and researchers of the built environment, welcomes the New European Bauhaus initiative put forward by the President of the European Commission as part of the Renovation Wave strategy. ECTP-CEU, en collaboration avec les organisations europ\u00e9ennes repr\u00e9sentatives d&#039;architectes, d&#039;am\u00e9nageurs spatiaux, d&#039;architectes paysagistes, d&#039;architectes d&#039;int\u00e9rieur, d&#039;ing\u00e9nieurs, de designers, d&#039;artistes, d&#039;\u00e9ducateurs et de chercheurs de l&#039;environnement b\u00e2ti, se f\u00e9licite de l&#039;initiative Nouveau Bauhaus Europ\u00e9en pr\u00e9sent\u00e9e par la Pr\u00e9sidente de la Commission Europ\u00e9enne dans le cadre de la strat\u00e9gie &quot; Vague de R\u00e9novations&quot;.\" \/>\n<meta property=\"og:url\" content=\"https:\/\/ectp-ceu.eu\/de\/news\/new-european-bauhaus\/\" \/>\n<meta property=\"og:site_name\" content=\"ECTP-CEU\" \/>\n<meta property=\"article:published_time\" content=\"2021-04-30T06:14:29+00:00\" \/>\n<meta property=\"article:modified_time\" content=\"2025-07-21T17:12:21+00:00\" \/>\n<meta name=\"author\" content=\"dev\" \/>\n<meta name=\"twitter:card\" content=\"summary_large_image\" \/>\n<meta name=\"twitter:label1\" content=\"Verfasst von\" \/>\n\t<meta name=\"twitter:data1\" content=\"dev\" \/>\n<script type=\"application\/ld+json\" class=\"yoast-schema-graph\">{\"@context\":\"https:\\\/\\\/schema.org\",\"@graph\":[{\"@type\":\"Article\",\"@id\":\"https:\\\/\\\/ectp-ceu.eu\\\/news\\\/new-european-bauhaus\\\/#article\",\"isPartOf\":{\"@id\":\"https:\\\/\\\/ectp-ceu.eu\\\/news\\\/new-european-bauhaus\\\/\"},\"author\":{\"name\":\"dev\",\"@id\":\"https:\\\/\\\/ectp-ceu.eu\\\/#\\\/schema\\\/person\\\/8bf89ed875f5ab3f3b35e54d7c3f816f\"},\"headline\":\"NEW EUROPEAN BAUHAUS\",\"datePublished\":\"2021-04-30T06:14:29+00:00\",\"dateModified\":\"2025-07-21T17:12:21+00:00\",\"mainEntityOfPage\":{\"@id\":\"https:\\\/\\\/ectp-ceu.eu\\\/news\\\/new-european-bauhaus\\\/\"},\"wordCount\":73,\"publisher\":{\"@id\":\"https:\\\/\\\/ectp-ceu.eu\\\/#organization\"},\"image\":{\"@id\":\"https:\\\/\\\/ectp-ceu.eu\\\/news\\\/new-european-bauhaus\\\/#primaryimage\"},\"thumbnailUrl\":\"\",\"articleSection\":[\"ECTP-CEU\",\"News\"],\"inLanguage\":\"de\"},{\"@type\":\"WebPage\",\"@id\":\"https:\\\/\\\/ectp-ceu.eu\\\/news\\\/new-european-bauhaus\\\/\",\"url\":\"https:\\\/\\\/ectp-ceu.eu\\\/news\\\/new-european-bauhaus\\\/\",\"name\":\"NEW EUROPEAN BAUHAUS - ECTP-CEU\",\"isPartOf\":{\"@id\":\"https:\\\/\\\/ectp-ceu.eu\\\/#website\"},\"primaryImageOfPage\":{\"@id\":\"https:\\\/\\\/ectp-ceu.eu\\\/news\\\/new-european-bauhaus\\\/#primaryimage\"},\"image\":{\"@id\":\"https:\\\/\\\/ectp-ceu.eu\\\/news\\\/new-european-bauhaus\\\/#primaryimage\"},\"thumbnailUrl\":\"\",\"datePublished\":\"2021-04-30T06:14:29+00:00\",\"dateModified\":\"2025-07-21T17:12:21+00:00\",\"breadcrumb\":{\"@id\":\"https:\\\/\\\/ectp-ceu.eu\\\/news\\\/new-european-bauhaus\\\/#breadcrumb\"},\"inLanguage\":\"de\",\"potentialAction\":[{\"@type\":\"ReadAction\",\"target\":[\"https:\\\/\\\/ectp-ceu.eu\\\/news\\\/new-european-bauhaus\\\/\"]}]},{\"@type\":\"ImageObject\",\"inLanguage\":\"de\",\"@id\":\"https:\\\/\\\/ectp-ceu.eu\\\/news\\\/new-european-bauhaus\\\/#primaryimage\",\"url\":\"\",\"contentUrl\":\"\"},{\"@type\":\"BreadcrumbList\",\"@id\":\"https:\\\/\\\/ectp-ceu.eu\\\/news\\\/new-european-bauhaus\\\/#breadcrumb\",\"itemListElement\":[{\"@type\":\"ListItem\",\"position\":1,\"name\":\"HOME\",\"item\":\"https:\\\/\\\/ectp-ceu.eu\\\/\"},{\"@type\":\"ListItem\",\"position\":2,\"name\":\"News\",\"item\":\"https:\\\/\\\/ectp-ceu.eu\\\/category\\\/news\\\/\"},{\"@type\":\"ListItem\",\"position\":3,\"name\":\"ECTP-CEU\",\"item\":\"https:\\\/\\\/ectp-ceu.eu\\\/category\\\/news\\\/ectp-ceu\\\/\"},{\"@type\":\"ListItem\",\"position\":4,\"name\":\"NEW EUROPEAN BAUHAUS\"}]},{\"@type\":\"WebSite\",\"@id\":\"https:\\\/\\\/ectp-ceu.eu\\\/#website\",\"url\":\"https:\\\/\\\/ectp-ceu.eu\\\/\",\"name\":\"ECTP-CEU\",\"description\":\"European Council of Spatial Planners \u2013 Conseil Europ\u00e9en des Urbanistes\",\"publisher\":{\"@id\":\"https:\\\/\\\/ectp-ceu.eu\\\/#organization\"},\"potentialAction\":[{\"@type\":\"SearchAction\",\"target\":{\"@type\":\"EntryPoint\",\"urlTemplate\":\"https:\\\/\\\/ectp-ceu.eu\\\/?s={search_term_string}\"},\"query-input\":{\"@type\":\"PropertyValueSpecification\",\"valueRequired\":true,\"valueName\":\"search_term_string\"}}],\"inLanguage\":\"de\"},{\"@type\":\"Organization\",\"@id\":\"https:\\\/\\\/ectp-ceu.eu\\\/#organization\",\"name\":\"ECTP-CEU\",\"url\":\"https:\\\/\\\/ectp-ceu.eu\\\/\",\"logo\":{\"@type\":\"ImageObject\",\"inLanguage\":\"de\",\"@id\":\"https:\\\/\\\/ectp-ceu.eu\\\/#\\\/schema\\\/logo\\\/image\\\/\",\"url\":\"https:\\\/\\\/ectp-ceu.eu\\\/wp-content\\\/uploads\\\/2024\\\/07\\\/cropped-1392117979K7cUN6za2Hw29SX4.jpeg\",\"contentUrl\":\"https:\\\/\\\/ectp-ceu.eu\\\/wp-content\\\/uploads\\\/2024\\\/07\\\/cropped-1392117979K7cUN6za2Hw29SX4.jpeg\",\"width\":928,\"height\":328,\"caption\":\"ECTP-CEU\"},\"image\":{\"@id\":\"https:\\\/\\\/ectp-ceu.eu\\\/#\\\/schema\\\/logo\\\/image\\\/\"}},{\"@type\":\"Person\",\"@id\":\"https:\\\/\\\/ectp-ceu.eu\\\/#\\\/schema\\\/person\\\/8bf89ed875f5ab3f3b35e54d7c3f816f\",\"name\":\"dev\",\"image\":{\"@type\":\"ImageObject\",\"inLanguage\":\"de\",\"@id\":\"https:\\\/\\\/secure.gravatar.com\\\/avatar\\\/f1ffcac9ca2fa95ad3ec33e9be3ade82f752acb0cabe541e56c5889225afa88a?s=96&d=mm&r=g\",\"url\":\"https:\\\/\\\/secure.gravatar.com\\\/avatar\\\/f1ffcac9ca2fa95ad3ec33e9be3ade82f752acb0cabe541e56c5889225afa88a?s=96&d=mm&r=g\",\"contentUrl\":\"https:\\\/\\\/secure.gravatar.com\\\/avatar\\\/f1ffcac9ca2fa95ad3ec33e9be3ade82f752acb0cabe541e56c5889225afa88a?s=96&d=mm&r=g\",\"caption\":\"dev\"},\"sameAs\":[\"https:\\\/\\\/ectp-ceu.eu\"],\"url\":\"https:\\\/\\\/ectp-ceu.eu\\\/de\\\/author\\\/dev\\\/\"}]}<\/script>\n<!-- \/ Yoast SEO plugin. -->","yoast_head_json":{"title":"NEW EUROPEAN BAUHAUS - ECTP-CEU","robots":{"index":"index","follow":"follow","max-snippet":"max-snippet:-1","max-image-preview":"max-image-preview:large","max-video-preview":"max-video-preview:-1"},"canonical":"https:\/\/ectp-ceu.eu\/de\/news\/new-european-bauhaus\/","og_locale":"de_DE","og_type":"article","og_title":"NEW EUROPEAN BAUHAUS - ECTP-CEU","og_description":"The ECTP-CEU, in collaboration with the representative European organisations of architects, spatial planners, landscape architects, interior architects, engineers, designers, artists, educators and researchers of the built environment, welcomes the New European Bauhaus initiative put forward by the President of the European Commission as part of the Renovation Wave strategy. ECTP-CEU, en collaboration avec les organisations europ\u00e9ennes repr\u00e9sentatives d'architectes, d'am\u00e9nageurs spatiaux, d'architectes paysagistes, d'architectes d'int\u00e9rieur, d'ing\u00e9nieurs, de designers, d'artistes, d'\u00e9ducateurs et de chercheurs de l'environnement b\u00e2ti, se f\u00e9licite de l'initiative Nouveau Bauhaus Europ\u00e9en pr\u00e9sent\u00e9e par la Pr\u00e9sidente de la Commission Europ\u00e9enne dans le cadre de la strat\u00e9gie \" Vague de R\u00e9novations\".","og_url":"https:\/\/ectp-ceu.eu\/de\/news\/new-european-bauhaus\/","og_site_name":"ECTP-CEU","article_published_time":"2021-04-30T06:14:29+00:00","article_modified_time":"2025-07-21T17:12:21+00:00","author":"dev","twitter_card":"summary_large_image","twitter_misc":{"Verfasst von":"dev"},"schema":{"@context":"https:\/\/schema.org","@graph":[{"@type":"Article","@id":"https:\/\/ectp-ceu.eu\/news\/new-european-bauhaus\/#article","isPartOf":{"@id":"https:\/\/ectp-ceu.eu\/news\/new-european-bauhaus\/"},"author":{"name":"dev","@id":"https:\/\/ectp-ceu.eu\/#\/schema\/person\/8bf89ed875f5ab3f3b35e54d7c3f816f"},"headline":"NEW EUROPEAN BAUHAUS","datePublished":"2021-04-30T06:14:29+00:00","dateModified":"2025-07-21T17:12:21+00:00","mainEntityOfPage":{"@id":"https:\/\/ectp-ceu.eu\/news\/new-european-bauhaus\/"},"wordCount":73,"publisher":{"@id":"https:\/\/ectp-ceu.eu\/#organization"},"image":{"@id":"https:\/\/ectp-ceu.eu\/news\/new-european-bauhaus\/#primaryimage"},"thumbnailUrl":"","articleSection":["ECTP-CEU","News"],"inLanguage":"de"},{"@type":"WebPage","@id":"https:\/\/ectp-ceu.eu\/news\/new-european-bauhaus\/","url":"https:\/\/ectp-ceu.eu\/news\/new-european-bauhaus\/","name":"NEW EUROPEAN BAUHAUS - ECTP-CEU","isPartOf":{"@id":"https:\/\/ectp-ceu.eu\/#website"},"primaryImageOfPage":{"@id":"https:\/\/ectp-ceu.eu\/news\/new-european-bauhaus\/#primaryimage"},"image":{"@id":"https:\/\/ectp-ceu.eu\/news\/new-european-bauhaus\/#primaryimage"},"thumbnailUrl":"","datePublished":"2021-04-30T06:14:29+00:00","dateModified":"2025-07-21T17:12:21+00:00","breadcrumb":{"@id":"https:\/\/ectp-ceu.eu\/news\/new-european-bauhaus\/#breadcrumb"},"inLanguage":"de","potentialAction":[{"@type":"ReadAction","target":["https:\/\/ectp-ceu.eu\/news\/new-european-bauhaus\/"]}]},{"@type":"ImageObject","inLanguage":"de","@id":"https:\/\/ectp-ceu.eu\/news\/new-european-bauhaus\/#primaryimage","url":"","contentUrl":""},{"@type":"BreadcrumbList","@id":"https:\/\/ectp-ceu.eu\/news\/new-european-bauhaus\/#breadcrumb","itemListElement":[{"@type":"ListItem","position":1,"name":"HOME","item":"https:\/\/ectp-ceu.eu\/"},{"@type":"ListItem","position":2,"name":"News","item":"https:\/\/ectp-ceu.eu\/category\/news\/"},{"@type":"ListItem","position":3,"name":"ECTP-CEU","item":"https:\/\/ectp-ceu.eu\/category\/news\/ectp-ceu\/"},{"@type":"ListItem","position":4,"name":"NEW EUROPEAN BAUHAUS"}]},{"@type":"WebSite","@id":"https:\/\/ectp-ceu.eu\/#website","url":"https:\/\/ectp-ceu.eu\/","name":"ECTP-CEU","description":"European Council of Spatial Planners \u2013 Conseil Europ\u00e9en des Urbanistes","publisher":{"@id":"https:\/\/ectp-ceu.eu\/#organization"},"potentialAction":[{"@type":"SearchAction","target":{"@type":"EntryPoint","urlTemplate":"https:\/\/ectp-ceu.eu\/?s={search_term_string}"},"query-input":{"@type":"PropertyValueSpecification","valueRequired":true,"valueName":"search_term_string"}}],"inLanguage":"de"},{"@type":"Organization","@id":"https:\/\/ectp-ceu.eu\/#organization","name":"ECTP-CEU","url":"https:\/\/ectp-ceu.eu\/","logo":{"@type":"ImageObject","inLanguage":"de","@id":"https:\/\/ectp-ceu.eu\/#\/schema\/logo\/image\/","url":"https:\/\/ectp-ceu.eu\/wp-content\/uploads\/2024\/07\/cropped-1392117979K7cUN6za2Hw29SX4.jpeg","contentUrl":"https:\/\/ectp-ceu.eu\/wp-content\/uploads\/2024\/07\/cropped-1392117979K7cUN6za2Hw29SX4.jpeg","width":928,"height":328,"caption":"ECTP-CEU"},"image":{"@id":"https:\/\/ectp-ceu.eu\/#\/schema\/logo\/image\/"}},{"@type":"Person","@id":"https:\/\/ectp-ceu.eu\/#\/schema\/person\/8bf89ed875f5ab3f3b35e54d7c3f816f","name":"dev","image":{"@type":"ImageObject","inLanguage":"de","@id":"https:\/\/secure.gravatar.com\/avatar\/f1ffcac9ca2fa95ad3ec33e9be3ade82f752acb0cabe541e56c5889225afa88a?s=96&d=mm&r=g","url":"https:\/\/secure.gravatar.com\/avatar\/f1ffcac9ca2fa95ad3ec33e9be3ade82f752acb0cabe541e56c5889225afa88a?s=96&d=mm&r=g","contentUrl":"https:\/\/secure.gravatar.com\/avatar\/f1ffcac9ca2fa95ad3ec33e9be3ade82f752acb0cabe541e56c5889225afa88a?s=96&d=mm&r=g","caption":"dev"},"sameAs":["https:\/\/ectp-ceu.eu"],"url":"https:\/\/ectp-ceu.eu\/de\/author\/dev\/"}]}},"_links":{"self":[{"href":"https:\/\/ectp-ceu.eu\/de\/wp-json\/wp\/v2\/posts\/137","targetHints":{"allow":["GET"]}}],"collection":[{"href":"https:\/\/ectp-ceu.eu\/de\/wp-json\/wp\/v2\/posts"}],"about":[{"href":"https:\/\/ectp-ceu.eu\/de\/wp-json\/wp\/v2\/types\/post"}],"author":[{"embeddable":true,"href":"https:\/\/ectp-ceu.eu\/de\/wp-json\/wp\/v2\/users\/1"}],"replies":[{"embeddable":true,"href":"https:\/\/ectp-ceu.eu\/de\/wp-json\/wp\/v2\/comments?post=137"}],"version-history":[{"count":1,"href":"https:\/\/ectp-ceu.eu\/de\/wp-json\/wp\/v2\/posts\/137\/revisions"}],"predecessor-version":[{"id":6685,"href":"https:\/\/ectp-ceu.eu\/de\/wp-json\/wp\/v2\/posts\/137\/revisions\/6685"}],"wp:featuredmedia":[{"embeddable":true,"href":"https:\/\/ectp-ceu.eu\/de\/wp-json\/"}],"wp:attachment":[{"href":"https:\/\/ectp-ceu.eu\/de\/wp-json\/wp\/v2\/media?parent=137"}],"wp:term":[{"taxonomy":"category","embeddable":true,"href":"https:\/\/ectp-ceu.eu\/de\/wp-json\/wp\/v2\/categories?post=137"},{"taxonomy":"post_tag","embeddable":true,"href":"https:\/\/ectp-ceu.eu\/de\/wp-json\/wp\/v2\/tags?post=137"}],"curies":[{"name":"wp","href":"https:\/\/api.w.org\/{rel}","templated":true}]}}