{"id":2386,"date":"2021-11-22T11:02:44","date_gmt":"2021-11-22T11:02:44","guid":{"rendered":"https:\/\/ectp-ceu.eu\/?p=2386"},"modified":"2025-07-21T19:08:50","modified_gmt":"2025-07-21T17:08:50","slug":"new-ectp-ceu-exco-2021-2025","status":"publish","type":"post","link":"https:\/\/ectp-ceu.eu\/de\/news\/new-ectp-ceu-exco-2021-2025\/","title":{"rendered":"Neues ECTP-CEU ExCo 2021-2025"},"content":{"rendered":"<p>At its Autumn General Assembly in Athens on 5 November 2021, the European Council of Town Planners (ECTP-CEU) elected its new Executive Committee (ExCo) for the next four years until autumn 2025.<\/p>\n\n\n\n<p>Its composition is as follows:<\/p>\n\n\n\n<ul class=\"wp-block-list\"><li><strong>Janet Askew<\/strong>, RTPI (Royal Town Planning Institute &#8211; United Kingdom), as President;<\/li><li><strong>Markus Hedorfer<\/strong>, ASSURB (Associazione Nazionale degli Urbanisti e dei Pianificatori Territoriali e Ambientali, National Association of Town and&nbsp; Country Planners and Environmental Planners &#8211; Italy), as Vice-President ;<\/li><li><strong>Chantal Guillet<\/strong>, SFU (Soci\u00e9t\u00e9 Fran\u00e7aise des Urbanistes, French Society of Urban Planners &#8211; France), as Secretary General<\/li><li><strong>Gerhard Vittinghoff<\/strong>, bAIK (Bundeskammer der ZiviltechnikerInnen, Federal Chamber of Civil Engineers &#8211; Austria), as Treasurer<\/li><li><strong>Martin Baloga<\/strong>, ZUUPS (Zdru\u017eenie pre urbanizmus a \u00fazemn\u00e9 pl\u00e1novanie na Slovensku, Association of Urban and Regional Planning &#8211; Slovakia ) &#8211; Administrator<\/li><li><strong>Kent H\u00e5kull<\/strong>, FKP (Forum for Kommunal Planlegging, Municipal Planning Forum &#8211; Norway) &#8211; Administrator<\/li><li><strong>Catherine Vilquin<\/strong>, CUB (Chambre des Urbanistes de Belgique, Chamber of Urban Planners of Belgium) &#8211; Administrator<\/li><\/ul>\n\n\n\n<figure class=\"wp-block-image size-large\"><img decoding=\"async\" src=\"https:\/\/ectp-ceu.eu\/wp-content\/uploads\/2022\/02\/PHOTO-2022-01-17-10-57-55-1024x538.jpg\" alt=\"\" class=\"wp-image-2481\"\/><\/figure>\n\n\n\n<p><\/p>","protected":false},"excerpt":{"rendered":"<p>At its Autumn General Assembly in Athens on 5 November 2021, the European Council of Town Planners (ECTP-CEU) elected its new Executive Committee (ExCo) for the next four years until autumn 2025. Its composition is as follows: Janet Askew, RTPI (Royal Town Planning Institute &#8211; United Kingdom), as President; Markus Hedorfer, ASSURB (Associazione Nazionale degli [&hellip;]<\/p>\n","protected":false},"author":1,"featured_media":0,"comment_status":"closed","ping_status":"open","sticky":false,"template":"","format":"standard","meta":{"_acf_changed":false,"inline_featured_image":false,"footnotes":""},"categories":[47,6],"tags":[],"class_list":["post-2386","post","type-post","status-publish","format-standard","hentry","category-ectp-ceu","category-news"],"acf":[],"yoast_head":"<!-- This site is optimized with the Yoast SEO plugin v27.5 - https:\/\/yoast.com\/product\/yoast-seo-wordpress\/ -->\n<title>New ECTP-CEU ExCo 2021-2025 - ECTP-CEU<\/title>\n<meta name=\"robots\" content=\"index, follow, max-snippet:-1, max-image-preview:large, max-video-preview:-1\" \/>\n<link rel=\"canonical\" href=\"https:\/\/ectp-ceu.eu\/de\/news\/new-ectp-ceu-exco-2021-2025\/\" \/>\n<meta property=\"og:locale\" content=\"de_DE\" \/>\n<meta property=\"og:type\" content=\"article\" \/>\n<meta property=\"og:title\" content=\"New ECTP-CEU ExCo 2021-2025 - ECTP-CEU\" \/>\n<meta property=\"og:description\" content=\"At its Autumn General Assembly in Athens on 5 November 2021, the European Council of Town Planners (ECTP-CEU) elected its new Executive Committee (ExCo) for the next four years until autumn 2025. Its composition is as follows: Janet Askew, RTPI (Royal Town Planning Institute &#8211; United Kingdom), as President; Markus Hedorfer, ASSURB (Associazione Nazionale degli [&hellip;]\" \/>\n<meta property=\"og:url\" content=\"https:\/\/ectp-ceu.eu\/de\/news\/new-ectp-ceu-exco-2021-2025\/\" \/>\n<meta property=\"og:site_name\" content=\"ECTP-CEU\" \/>\n<meta property=\"article:published_time\" content=\"2021-11-22T11:02:44+00:00\" \/>\n<meta property=\"article:modified_time\" content=\"2025-07-21T17:08:50+00:00\" \/>\n<meta name=\"author\" content=\"dev\" \/>\n<meta name=\"twitter:card\" content=\"summary_large_image\" \/>\n<meta name=\"twitter:label1\" content=\"Verfasst von\" \/>\n\t<meta name=\"twitter:data1\" content=\"dev\" \/>\n\t<meta name=\"twitter:label2\" content=\"Gesch\u00e4tzte Lesezeit\" \/>\n\t<meta name=\"twitter:data2\" content=\"1\u00a0Minute\" \/>\n<script type=\"application\/ld+json\" class=\"yoast-schema-graph\">{\"@context\":\"https:\\\/\\\/schema.org\",\"@graph\":[{\"@type\":\"Article\",\"@id\":\"https:\\\/\\\/ectp-ceu.eu\\\/news\\\/new-ectp-ceu-exco-2021-2025\\\/#article\",\"isPartOf\":{\"@id\":\"https:\\\/\\\/ectp-ceu.eu\\\/news\\\/new-ectp-ceu-exco-2021-2025\\\/\"},\"author\":{\"name\":\"dev\",\"@id\":\"https:\\\/\\\/ectp-ceu.eu\\\/#\\\/schema\\\/person\\\/8bf89ed875f5ab3f3b35e54d7c3f816f\"},\"headline\":\"New ECTP-CEU ExCo 2021-2025\",\"datePublished\":\"2021-11-22T11:02:44+00:00\",\"dateModified\":\"2025-07-21T17:08:50+00:00\",\"mainEntityOfPage\":{\"@id\":\"https:\\\/\\\/ectp-ceu.eu\\\/news\\\/new-ectp-ceu-exco-2021-2025\\\/\"},\"wordCount\":166,\"publisher\":{\"@id\":\"https:\\\/\\\/ectp-ceu.eu\\\/#organization\"},\"image\":{\"@id\":\"https:\\\/\\\/ectp-ceu.eu\\\/news\\\/new-ectp-ceu-exco-2021-2025\\\/#primaryimage\"},\"thumbnailUrl\":\"https:\\\/\\\/ectp-ceu.eu\\\/wp-content\\\/uploads\\\/2022\\\/02\\\/PHOTO-2022-01-17-10-57-55-1024x538.jpg\",\"articleSection\":[\"ECTP-CEU\",\"News\"],\"inLanguage\":\"de\"},{\"@type\":\"WebPage\",\"@id\":\"https:\\\/\\\/ectp-ceu.eu\\\/news\\\/new-ectp-ceu-exco-2021-2025\\\/\",\"url\":\"https:\\\/\\\/ectp-ceu.eu\\\/news\\\/new-ectp-ceu-exco-2021-2025\\\/\",\"name\":\"New ECTP-CEU ExCo 2021-2025 - ECTP-CEU\",\"isPartOf\":{\"@id\":\"https:\\\/\\\/ectp-ceu.eu\\\/#website\"},\"primaryImageOfPage\":{\"@id\":\"https:\\\/\\\/ectp-ceu.eu\\\/news\\\/new-ectp-ceu-exco-2021-2025\\\/#primaryimage\"},\"image\":{\"@id\":\"https:\\\/\\\/ectp-ceu.eu\\\/news\\\/new-ectp-ceu-exco-2021-2025\\\/#primaryimage\"},\"thumbnailUrl\":\"https:\\\/\\\/ectp-ceu.eu\\\/wp-content\\\/uploads\\\/2022\\\/02\\\/PHOTO-2022-01-17-10-57-55-1024x538.jpg\",\"datePublished\":\"2021-11-22T11:02:44+00:00\",\"dateModified\":\"2025-07-21T17:08:50+00:00\",\"breadcrumb\":{\"@id\":\"https:\\\/\\\/ectp-ceu.eu\\\/news\\\/new-ectp-ceu-exco-2021-2025\\\/#breadcrumb\"},\"inLanguage\":\"de\",\"potentialAction\":[{\"@type\":\"ReadAction\",\"target\":[\"https:\\\/\\\/ectp-ceu.eu\\\/news\\\/new-ectp-ceu-exco-2021-2025\\\/\"]}]},{\"@type\":\"ImageObject\",\"inLanguage\":\"de\",\"@id\":\"https:\\\/\\\/ectp-ceu.eu\\\/news\\\/new-ectp-ceu-exco-2021-2025\\\/#primaryimage\",\"url\":\"https:\\\/\\\/ectp-ceu.eu\\\/wp-content\\\/uploads\\\/2022\\\/02\\\/PHOTO-2022-01-17-10-57-55-1024x538.jpg\",\"contentUrl\":\"https:\\\/\\\/ectp-ceu.eu\\\/wp-content\\\/uploads\\\/2022\\\/02\\\/PHOTO-2022-01-17-10-57-55-1024x538.jpg\"},{\"@type\":\"BreadcrumbList\",\"@id\":\"https:\\\/\\\/ectp-ceu.eu\\\/news\\\/new-ectp-ceu-exco-2021-2025\\\/#breadcrumb\",\"itemListElement\":[{\"@type\":\"ListItem\",\"position\":1,\"name\":\"HOME\",\"item\":\"https:\\\/\\\/ectp-ceu.eu\\\/\"},{\"@type\":\"ListItem\",\"position\":2,\"name\":\"News\",\"item\":\"https:\\\/\\\/ectp-ceu.eu\\\/category\\\/news\\\/\"},{\"@type\":\"ListItem\",\"position\":3,\"name\":\"ECTP-CEU\",\"item\":\"https:\\\/\\\/ectp-ceu.eu\\\/category\\\/news\\\/ectp-ceu\\\/\"},{\"@type\":\"ListItem\",\"position\":4,\"name\":\"New ECTP-CEU ExCo 2021-2025\"}]},{\"@type\":\"WebSite\",\"@id\":\"https:\\\/\\\/ectp-ceu.eu\\\/#website\",\"url\":\"https:\\\/\\\/ectp-ceu.eu\\\/\",\"name\":\"ECTP-CEU\",\"description\":\"European Council of Spatial Planners \u2013 Conseil Europ\u00e9en des Urbanistes\",\"publisher\":{\"@id\":\"https:\\\/\\\/ectp-ceu.eu\\\/#organization\"},\"potentialAction\":[{\"@type\":\"SearchAction\",\"target\":{\"@type\":\"EntryPoint\",\"urlTemplate\":\"https:\\\/\\\/ectp-ceu.eu\\\/?s={search_term_string}\"},\"query-input\":{\"@type\":\"PropertyValueSpecification\",\"valueRequired\":true,\"valueName\":\"search_term_string\"}}],\"inLanguage\":\"de\"},{\"@type\":\"Organization\",\"@id\":\"https:\\\/\\\/ectp-ceu.eu\\\/#organization\",\"name\":\"ECTP-CEU\",\"url\":\"https:\\\/\\\/ectp-ceu.eu\\\/\",\"logo\":{\"@type\":\"ImageObject\",\"inLanguage\":\"de\",\"@id\":\"https:\\\/\\\/ectp-ceu.eu\\\/#\\\/schema\\\/logo\\\/image\\\/\",\"url\":\"https:\\\/\\\/ectp-ceu.eu\\\/wp-content\\\/uploads\\\/2024\\\/07\\\/cropped-1392117979K7cUN6za2Hw29SX4.jpeg\",\"contentUrl\":\"https:\\\/\\\/ectp-ceu.eu\\\/wp-content\\\/uploads\\\/2024\\\/07\\\/cropped-1392117979K7cUN6za2Hw29SX4.jpeg\",\"width\":928,\"height\":328,\"caption\":\"ECTP-CEU\"},\"image\":{\"@id\":\"https:\\\/\\\/ectp-ceu.eu\\\/#\\\/schema\\\/logo\\\/image\\\/\"}},{\"@type\":\"Person\",\"@id\":\"https:\\\/\\\/ectp-ceu.eu\\\/#\\\/schema\\\/person\\\/8bf89ed875f5ab3f3b35e54d7c3f816f\",\"name\":\"dev\",\"image\":{\"@type\":\"ImageObject\",\"inLanguage\":\"de\",\"@id\":\"https:\\\/\\\/secure.gravatar.com\\\/avatar\\\/f1ffcac9ca2fa95ad3ec33e9be3ade82f752acb0cabe541e56c5889225afa88a?s=96&d=mm&r=g\",\"url\":\"https:\\\/\\\/secure.gravatar.com\\\/avatar\\\/f1ffcac9ca2fa95ad3ec33e9be3ade82f752acb0cabe541e56c5889225afa88a?s=96&d=mm&r=g\",\"contentUrl\":\"https:\\\/\\\/secure.gravatar.com\\\/avatar\\\/f1ffcac9ca2fa95ad3ec33e9be3ade82f752acb0cabe541e56c5889225afa88a?s=96&d=mm&r=g\",\"caption\":\"dev\"},\"sameAs\":[\"https:\\\/\\\/ectp-ceu.eu\"],\"url\":\"https:\\\/\\\/ectp-ceu.eu\\\/de\\\/author\\\/dev\\\/\"}]}<\/script>\n<!-- \/ Yoast SEO plugin. -->","yoast_head_json":{"title":"New ECTP-CEU ExCo 2021-2025 - ECTP-CEU","robots":{"index":"index","follow":"follow","max-snippet":"max-snippet:-1","max-image-preview":"max-image-preview:large","max-video-preview":"max-video-preview:-1"},"canonical":"https:\/\/ectp-ceu.eu\/de\/news\/new-ectp-ceu-exco-2021-2025\/","og_locale":"de_DE","og_type":"article","og_title":"New ECTP-CEU ExCo 2021-2025 - ECTP-CEU","og_description":"At its Autumn General Assembly in Athens on 5 November 2021, the European Council of Town Planners (ECTP-CEU) elected its new Executive Committee (ExCo) for the next four years until autumn 2025. Its composition is as follows: Janet Askew, RTPI (Royal Town Planning Institute &#8211; United Kingdom), as President; Markus Hedorfer, ASSURB (Associazione Nazionale degli [&hellip;]","og_url":"https:\/\/ectp-ceu.eu\/de\/news\/new-ectp-ceu-exco-2021-2025\/","og_site_name":"ECTP-CEU","article_published_time":"2021-11-22T11:02:44+00:00","article_modified_time":"2025-07-21T17:08:50+00:00","author":"dev","twitter_card":"summary_large_image","twitter_misc":{"Verfasst von":"dev","Gesch\u00e4tzte Lesezeit":"1\u00a0Minute"},"schema":{"@context":"https:\/\/schema.org","@graph":[{"@type":"Article","@id":"https:\/\/ectp-ceu.eu\/news\/new-ectp-ceu-exco-2021-2025\/#article","isPartOf":{"@id":"https:\/\/ectp-ceu.eu\/news\/new-ectp-ceu-exco-2021-2025\/"},"author":{"name":"dev","@id":"https:\/\/ectp-ceu.eu\/#\/schema\/person\/8bf89ed875f5ab3f3b35e54d7c3f816f"},"headline":"New ECTP-CEU ExCo 2021-2025","datePublished":"2021-11-22T11:02:44+00:00","dateModified":"2025-07-21T17:08:50+00:00","mainEntityOfPage":{"@id":"https:\/\/ectp-ceu.eu\/news\/new-ectp-ceu-exco-2021-2025\/"},"wordCount":166,"publisher":{"@id":"https:\/\/ectp-ceu.eu\/#organization"},"image":{"@id":"https:\/\/ectp-ceu.eu\/news\/new-ectp-ceu-exco-2021-2025\/#primaryimage"},"thumbnailUrl":"https:\/\/ectp-ceu.eu\/wp-content\/uploads\/2022\/02\/PHOTO-2022-01-17-10-57-55-1024x538.jpg","articleSection":["ECTP-CEU","News"],"inLanguage":"de"},{"@type":"WebPage","@id":"https:\/\/ectp-ceu.eu\/news\/new-ectp-ceu-exco-2021-2025\/","url":"https:\/\/ectp-ceu.eu\/news\/new-ectp-ceu-exco-2021-2025\/","name":"New ECTP-CEU ExCo 2021-2025 - ECTP-CEU","isPartOf":{"@id":"https:\/\/ectp-ceu.eu\/#website"},"primaryImageOfPage":{"@id":"https:\/\/ectp-ceu.eu\/news\/new-ectp-ceu-exco-2021-2025\/#primaryimage"},"image":{"@id":"https:\/\/ectp-ceu.eu\/news\/new-ectp-ceu-exco-2021-2025\/#primaryimage"},"thumbnailUrl":"https:\/\/ectp-ceu.eu\/wp-content\/uploads\/2022\/02\/PHOTO-2022-01-17-10-57-55-1024x538.jpg","datePublished":"2021-11-22T11:02:44+00:00","dateModified":"2025-07-21T17:08:50+00:00","breadcrumb":{"@id":"https:\/\/ectp-ceu.eu\/news\/new-ectp-ceu-exco-2021-2025\/#breadcrumb"},"inLanguage":"de","potentialAction":[{"@type":"ReadAction","target":["https:\/\/ectp-ceu.eu\/news\/new-ectp-ceu-exco-2021-2025\/"]}]},{"@type":"ImageObject","inLanguage":"de","@id":"https:\/\/ectp-ceu.eu\/news\/new-ectp-ceu-exco-2021-2025\/#primaryimage","url":"https:\/\/ectp-ceu.eu\/wp-content\/uploads\/2022\/02\/PHOTO-2022-01-17-10-57-55-1024x538.jpg","contentUrl":"https:\/\/ectp-ceu.eu\/wp-content\/uploads\/2022\/02\/PHOTO-2022-01-17-10-57-55-1024x538.jpg"},{"@type":"BreadcrumbList","@id":"https:\/\/ectp-ceu.eu\/news\/new-ectp-ceu-exco-2021-2025\/#breadcrumb","itemListElement":[{"@type":"ListItem","position":1,"name":"HOME","item":"https:\/\/ectp-ceu.eu\/"},{"@type":"ListItem","position":2,"name":"News","item":"https:\/\/ectp-ceu.eu\/category\/news\/"},{"@type":"ListItem","position":3,"name":"ECTP-CEU","item":"https:\/\/ectp-ceu.eu\/category\/news\/ectp-ceu\/"},{"@type":"ListItem","position":4,"name":"New ECTP-CEU ExCo 2021-2025"}]},{"@type":"WebSite","@id":"https:\/\/ectp-ceu.eu\/#website","url":"https:\/\/ectp-ceu.eu\/","name":"ECTP-CEU","description":"European Council of Spatial Planners \u2013 Conseil Europ\u00e9en des Urbanistes","publisher":{"@id":"https:\/\/ectp-ceu.eu\/#organization"},"potentialAction":[{"@type":"SearchAction","target":{"@type":"EntryPoint","urlTemplate":"https:\/\/ectp-ceu.eu\/?s={search_term_string}"},"query-input":{"@type":"PropertyValueSpecification","valueRequired":true,"valueName":"search_term_string"}}],"inLanguage":"de"},{"@type":"Organization","@id":"https:\/\/ectp-ceu.eu\/#organization","name":"ECTP-CEU","url":"https:\/\/ectp-ceu.eu\/","logo":{"@type":"ImageObject","inLanguage":"de","@id":"https:\/\/ectp-ceu.eu\/#\/schema\/logo\/image\/","url":"https:\/\/ectp-ceu.eu\/wp-content\/uploads\/2024\/07\/cropped-1392117979K7cUN6za2Hw29SX4.jpeg","contentUrl":"https:\/\/ectp-ceu.eu\/wp-content\/uploads\/2024\/07\/cropped-1392117979K7cUN6za2Hw29SX4.jpeg","width":928,"height":328,"caption":"ECTP-CEU"},"image":{"@id":"https:\/\/ectp-ceu.eu\/#\/schema\/logo\/image\/"}},{"@type":"Person","@id":"https:\/\/ectp-ceu.eu\/#\/schema\/person\/8bf89ed875f5ab3f3b35e54d7c3f816f","name":"dev","image":{"@type":"ImageObject","inLanguage":"de","@id":"https:\/\/secure.gravatar.com\/avatar\/f1ffcac9ca2fa95ad3ec33e9be3ade82f752acb0cabe541e56c5889225afa88a?s=96&d=mm&r=g","url":"https:\/\/secure.gravatar.com\/avatar\/f1ffcac9ca2fa95ad3ec33e9be3ade82f752acb0cabe541e56c5889225afa88a?s=96&d=mm&r=g","contentUrl":"https:\/\/secure.gravatar.com\/avatar\/f1ffcac9ca2fa95ad3ec33e9be3ade82f752acb0cabe541e56c5889225afa88a?s=96&d=mm&r=g","caption":"dev"},"sameAs":["https:\/\/ectp-ceu.eu"],"url":"https:\/\/ectp-ceu.eu\/de\/author\/dev\/"}]}},"_links":{"self":[{"href":"https:\/\/ectp-ceu.eu\/de\/wp-json\/wp\/v2\/posts\/2386","targetHints":{"allow":["GET"]}}],"collection":[{"href":"https:\/\/ectp-ceu.eu\/de\/wp-json\/wp\/v2\/posts"}],"about":[{"href":"https:\/\/ectp-ceu.eu\/de\/wp-json\/wp\/v2\/types\/post"}],"author":[{"embeddable":true,"href":"https:\/\/ectp-ceu.eu\/de\/wp-json\/wp\/v2\/users\/1"}],"replies":[{"embeddable":true,"href":"https:\/\/ectp-ceu.eu\/de\/wp-json\/wp\/v2\/comments?post=2386"}],"version-history":[{"count":1,"href":"https:\/\/ectp-ceu.eu\/de\/wp-json\/wp\/v2\/posts\/2386\/revisions"}],"predecessor-version":[{"id":6678,"href":"https:\/\/ectp-ceu.eu\/de\/wp-json\/wp\/v2\/posts\/2386\/revisions\/6678"}],"wp:attachment":[{"href":"https:\/\/ectp-ceu.eu\/de\/wp-json\/wp\/v2\/media?parent=2386"}],"wp:term":[{"taxonomy":"category","embeddable":true,"href":"https:\/\/ectp-ceu.eu\/de\/wp-json\/wp\/v2\/categories?post=2386"},{"taxonomy":"post_tag","embeddable":true,"href":"https:\/\/ectp-ceu.eu\/de\/wp-json\/wp\/v2\/tags?post=2386"}],"curies":[{"name":"wp","href":"https:\/\/api.w.org\/{rel}","templated":true}]}}