{"id":2516,"date":"2020-04-05T10:08:00","date_gmt":"2020-04-05T10:08:00","guid":{"rendered":"https:\/\/ectp-ceu.eu\/?p=2516"},"modified":"2020-04-05T10:08:00","modified_gmt":"2020-04-05T10:08:00","slug":"2020-ectp-ceu-re-start-europe-manifesto-2020-declaration-ectp-ceu-aller-vers-une-re-naissance-de-leurope","status":"publish","type":"post","link":"https:\/\/ectp-ceu.eu\/de\/publication\/2020-ectp-ceu-re-start-europe-manifesto-2020-declaration-ectp-ceu-aller-vers-une-re-naissance-de-leurope\/","title":{"rendered":"2020 &#8211; ECTP-CEU RE-START &#8211; EUROPE Manifesto \/ 2020 &#8211; D\u00e9claration ECTP-CEU ALLER VERS UNE RE-NAISSANCE DE L&#8217;EUROPE"},"content":{"rendered":"<p>ECTP-CEU approved during its last General Assembly the \u201cRE-START-EUROPE\u201d Declaration for an inclusive and just post-Covid future for all communities.<\/p>\n\n\n\n<p>This Declaration &#8211; which was presented on 12\/10\/2020 during a webinar &#8211; seeks to harness the creative power and technical expertise of spatial planners in tackling the social and economic crisis created by the Covid-19 pandemic.<\/p>\n\n\n\n<p>Here is the summary<br><\/p>\n\n\n\n<p class=\"has-text-align-center\"><strong>RE-START- EUROPE<br>SUMMARY<\/strong><\/p>\n\n\n\n<p class=\"has-text-align-center\"><strong>ECTP-CEU 2020 declaration for an inclusive and just post-covid future for all communities<\/strong><\/p>\n\n\n\n<ol class=\"wp-block-list\"><li>This Re-START-Europe declaration sets out the principles to deliver Europe from the crisis created by Covid-19, by harnessing the power of spatial planning for a Just Recovery across Europe underpinned by a wider agenda for Resilience, Renewal and Growth.<\/li><li>Covid-19 is accelerating trends and creating new trajectories that are re-shaping our towns and cities. Revitalised Spatial Planning is needed to manage the new economic geography of Europe being created by new business practices, home working and more localised and diversified supply chains. A return to\u201cBusiness as Usual\u201dtrends and policies will threaten the foundations of economies and societies all across Europe.<\/li><li>The future for Europe must not be paralysed by the radical uncertainty it faces. Covid- 19 has created the risk of sustained economic recession. Europe must act with urgency, resetting the goals and practices for a healthy and planned Europe, creating jobs and mobilising investment. We need to restart the European Spirit that has flowered over the last 70 years by facing up to the crises created by human conflict and natural disasters.<\/li><li>Re-START-Europe will help deliver on its long-standing ambition for a more sustainable future with the commitment of the planning profession to ensuring policy is evidence-based, and not ideologically driven. In doing so, it builds on the Charter of European Planning and the European Charter on Participatory Democracy.<\/li><li>Re-START-Europe requires all nations to seize the opportunity to reset Europe on a more sustainable trajectory shaped by our shared values, and not by unfettered markets, by:<br>\u2022 Re-committing to the principles of the UNHABITAT New Urban Agenda for the well-being of its citizens, sustaining vital ecosystems, and tackling climate change;<br>\u2022 Setting explicit sustainability targets in line with the principle of the 10-Year Outcomes Frameworks, embodied in the 2030 UN Sustainable Development Goals and with the New Leipzig Charter;<br>\u2022 Rebalancing power and wealth to avoid unrest and the erosion of respect for governments, be it local, regional or national, in order to create a just and equitable Europe;<br>\u2022 Creating more resilient urban systems and more vigilant in risk assessments by strengthened spatial planning, so European communities are better prepared for future economic shocks.<\/li><li>Re-START-Europe is built around Territorial Impact Assessments (TIA) and embeds spatial planning practices at all levels of territorial and sectoral governance in order to:<br>\u2022 Create resilience in Europe\u2019s economic base by re-building Europe\u2019s manufacturing economy;<br>\u2022 Contain urban densities to sustainable levels;<br>\u2022 Shorten and diversify supply chains and capitalise on its R&amp;D strengths;<br>\u2022 Develop the foundational economy and the greater empowerment of communities;<br>\u2022 Decarbonise energy and industrial systems;<br>\u2022 Enhance connectivity within regions and beyond to marginalised communities; and<br>\u2022 Value ecosystems, especially public space, and reverse losses in biodiversity.<\/li><li>Re-START-Europe requires all the nations of Europe to make urgent change in the scale and direction of policy:<br>\u2022 Renewing existing commitments to zero-carbon transport and energy networks;<br>\u2022 Scaling up existing programmes to rebalance the economies of Europe; and<br>\u2022 Creating new initiatives for sectors and communities particularly affected by the Covid-19 crisis.<\/li><\/ol>\n\n\n\n<p><a href=\"https:\/\/ectp-ceu.eu\/de\/images\/stories\/PDF-docs\/ECTP-CEU%20RESTART%20Declaration-%20Manifesto%202020-final.pdf\/\">Click here to download the document<br><\/a><\/p>\n\n\n\n<figure class=\"wp-block-image size-large\"><img decoding=\"async\" src=\"https:\/\/ectp-ceu.eu\/images\/stories\/Newsletter-images\/ECTP-CEU_RESTART_-_Manifesto_2020.jpg\" alt=\"\"\/><\/figure>\n\n\n\n<p>ECTP-CEU a approuv\u00e9 lors de sa derni\u00e8re Assembl\u00e9e G\u00e9n\u00e9rale la D\u00e9claration \u00abRE-START-EUROPE\u00bb pour un avenir post-Covid inclusif et juste pour toutes les communaut\u00e9s.<\/p>\n\n\n\n<p>Cette d\u00e9claration &#8211; qui a \u00e9t\u00e9 pr\u00e9sent\u00e9e le 10\/12\/2020 lors d&#8217;un webinaire &#8211; vise \u00e0 exploiter le pouvoir cr\u00e9atif et l&#8217;expertise technique des planificateurs spatiaux pour faire face \u00e0 la crise sociale et \u00e9conomique cr\u00e9\u00e9e par la pand\u00e9mie Covid-19.<\/p>\n\n\n\n<p class=\"has-text-align-left\">En voici le r\u00e9sum\u00e9<\/p>\n\n\n\n<p class=\"has-text-align-center\"><br><strong>ALLER VERS UNE RE-NAISSANCE DE L&#8217;EUROPE<br>RESUME<\/strong><\/p>\n\n\n\n<p class=\"has-text-align-center\"><strong>D\u00e9claration ECTP-CEU 2020 pour un avenir post-Covid inclusif et juste pour toutes les communaut\u00e9s<\/strong><\/p>\n\n\n\n<ol class=\"wp-block-list\"><li>Cette d\u00e9claration Re-START-Europe d\u00e9finit les principes qui permettront \u00e0 l&#8217;Europe de sortir de la crise cr\u00e9\u00e9e suite \u00e0 la pand\u00e9mie de Covid-19, en exploitant la puissance de l&#8217;am\u00e9nagement du territoire pour une reprise juste dans toute l&#8217;Europe, soutenue par un programme plus large de r\u00e9silience, de renouveau et de croissance.<\/li><li>Covid-19 acc\u00e9l\u00e8re les tendances et cr\u00e9e de nouvelles trajectoires qui remod\u00e8lent nos villes. Un am\u00e9nagement du territoire revitalis\u00e9 est n\u00e9cessaire pour g\u00e9rer la nouvelle g\u00e9ographie \u00e9conomique de l&#8217;Europe cr\u00e9\u00e9e par de nouvelles pratiques commerciales, le travail \u00e0 domicile et des cha\u00eenes d&#8217;approvisionnement plus localis\u00e9es et diversifi\u00e9es. Un retour aux tendances et aux politiques du &#8220;business as usual&#8221; menacera les fondements des \u00e9conomies et des soci\u00e9t\u00e9s dans toute l&#8217;Europe.<\/li><li>L&#8217;avenir de l&#8217;Europe ne doit pas \u00eatre paralys\u00e9 par l&#8217;incertitude radicale \u00e0 laquelle elle est confront\u00e9e. La crise \u00e9conomique a cr\u00e9\u00e9 le risque d&#8217;une r\u00e9cession \u00e9conomique durable. L&#8217;Europe doit agir de toute urgence, en red\u00e9finissant les objectifs et les pratiques pour une Europe saine et planifi\u00e9e, en cr\u00e9ant des emplois et en mobilisant les investissements. Nous devons relancer l&#8217;esprit europ\u00e9en qui a fleuri au cours des 70 derni\u00e8res ann\u00e9es en faisant face aux crises cr\u00e9\u00e9es par les conflits humains et les catastrophes naturelles.<\/li><li>Re-START-Europe contribuera \u00e0 la r\u00e9alisation de son ambition de longue date pour un avenir plus durable gr\u00e2ce \u00e0 l&#8217;engagement de la profession d&#8217;urbaniste pour faire en sorte que les politiques soient fond\u00e9es sur des donn\u00e9es probantes et non sur des consid\u00e9rations id\u00e9ologiques. Ce faisant, il s&#8217;appuie sur la Charte europ\u00e9enne de l&#8217;urbanisme et la Charte europ\u00e9enne de la d\u00e9mocratie participative.<\/li><li>Re-START-Europe exige de toutes les nations qu&#8217;elles saisissent l&#8217;occasion de remettre l&#8217;Europe sur une trajectoire plus durable, fa\u00e7onn\u00e9e par nos valeurs communes et non par des march\u00e9s sans entraves :<br>\u2022 en s&#8217;engageant \u00e0 nouveau \u00e0 respecter les principes du nouvel agenda urbain de l&#8217;ONU-HABITAT pour le bien-\u00eatre de ses citoyens, la pr\u00e9servation des \u00e9cosyst\u00e8mes vitaux et la lutte contre le changement climatique ;<br>\u2022 en fixant des objectifs de durabilit\u00e9 explicites, conform\u00e9ment au principe des cadres de r\u00e9sultats d\u00e9cennaux, repris dans les objectifs de d\u00e9veloppement durable des Nations unies pour 2030 et dans la nouvelle charte de Leipzig ;<br>\u2022 en r\u00e9\u00e9quilibrant le pouvoir et la richesse pour \u00e9viter les troubles et l&#8217;\u00e9rosion du respect des gouvernements, qu&#8217;ils soient locaux, r\u00e9gionaux ou nationaux, afin de cr\u00e9er une Europe juste et \u00e9quitable ;<br>\u2022 en cr\u00e9ant des syst\u00e8mes urbains plus r\u00e9sistants et plus vigilants dans l&#8217;\u00e9valuation des risques gr\u00e2ce \u00e0 une planification spatiale renforc\u00e9e, afin que les communaut\u00e9s europ\u00e9ennes soient mieux pr\u00e9par\u00e9es aux futurs chocs \u00e9conomiques.<\/li><li>Re-START-Europe est construit autour des Evaluations d&#8217;Impact Territorial (EIT) et int\u00e8gre les pratiques d&#8217;am\u00e9nagement du territoire \u00e0 tous les niveaux de gouvernance territoriale et sectorielle afin de :<br>\u2022 cr\u00e9er une r\u00e9silience dans la base \u00e9conomique de l&#8217;Europe en reconstruisant l&#8217;\u00e9conomie manufacturi\u00e8re de l&#8217;Europe ;<br>\u2022 contenir les densit\u00e9s urbaines \u00e0 des niveaux durables ;<br>\u2022 de raccourcir et de diversifier les cha\u00eenes d&#8217;approvisionnement et de capitaliser sur ses atouts en mati\u00e8re de R&amp;D ;<br>\u2022 d\u00e9velopper l&#8217;\u00e9conomie de base et une plus grande autonomie des communaut\u00e9s ;<br>\u2022 d\u00e9carboniser l&#8217;\u00e9nergie et les syst\u00e8mes industriels ;<br>\u2022 am\u00e9liorer la connectivit\u00e9 au sein des r\u00e9gions et au-del\u00e0 des communaut\u00e9s marginalis\u00e9es ; et<br>\u2022 valoriser les \u00e9cosyst\u00e8mes, en particulier l&#8217;espace public, et inverser les pertes de biodiversit\u00e9.<\/li><li>Re-START-Europe exige de toutes les nations d&#8217;Europe qu&#8217;elles changent d&#8217;urgence l&#8217;\u00e9chelle et l&#8217;orientation de leurs politiques :<br>\u2022 en renouvelant les engagements existants en faveur des r\u00e9seaux de transport et d&#8217;\u00e9nergie sans carbone ;<br>\u2022 en intensifiant les programmes existants pour r\u00e9\u00e9quilibrer les \u00e9conomies europ\u00e9ennes ; et<br>\u2022 en cr\u00e9ant de nouvelles initiatives pour les secteurs et les communaut\u00e9s particuli\u00e8rement touch\u00e9s par la crise du Covid-19.<\/li><\/ol>\n\n\n\n<p>Document disponible :<\/p>\n\n\n\n<figure class=\"wp-block-image size-large\"><a href=\"https:\/\/ectp-ceu.eu\/de\/images\/stories\/PDF-docs\/ECTP-CEU%20RESTART%20Declaration-%20Manifesto%202020-%20final%20French.pdf\/\"><img decoding=\"async\" src=\"https:\/\/ectp-ceu.eu\/images\/stories\/article-images\/MANIFESTO-FR.jpg\" alt=\"\"\/><\/a><\/figure>","protected":false},"excerpt":{"rendered":"<p>ECTP-CEU approved during its last General Assembly the \u201cRE-START-EUROPE\u201d Declaration for an inclusive and just post-Covid future for all communities. This Declaration &#8211; which was presented on 12\/10\/2020 during a webinar &#8211; seeks to harness the creative power and technical expertise of spatial planners in tackling the social and economic crisis created by the Covid-19 [&hellip;]<\/p>\n","protected":false},"author":1,"featured_media":0,"comment_status":"closed","ping_status":"open","sticky":false,"template":"","format":"standard","meta":{"_acf_changed":false,"inline_featured_image":false,"footnotes":""},"categories":[69],"tags":[],"class_list":["post-2516","post","type-post","status-publish","format-standard","hentry","category-publication"],"acf":[],"yoast_head":"<!-- This site is optimized with the Yoast SEO plugin v27.5 - https:\/\/yoast.com\/product\/yoast-seo-wordpress\/ -->\n<title>2020 - ECTP-CEU RE-START - EUROPE Manifesto \/ 2020 - D\u00e9claration ECTP-CEU ALLER VERS UNE RE-NAISSANCE DE L&#039;EUROPE - ECTP-CEU<\/title>\n<meta name=\"robots\" content=\"index, follow, max-snippet:-1, max-image-preview:large, max-video-preview:-1\" \/>\n<link rel=\"canonical\" href=\"https:\/\/ectp-ceu.eu\/de\/publication\/2020-ectp-ceu-re-start-europe-manifesto-2020-declaration-ectp-ceu-aller-vers-une-re-naissance-de-leurope\/\" \/>\n<meta property=\"og:locale\" content=\"de_DE\" \/>\n<meta property=\"og:type\" content=\"article\" \/>\n<meta property=\"og:title\" content=\"2020 - ECTP-CEU RE-START - EUROPE Manifesto \/ 2020 - D\u00e9claration ECTP-CEU ALLER VERS UNE RE-NAISSANCE DE L&#039;EUROPE - ECTP-CEU\" \/>\n<meta property=\"og:description\" content=\"ECTP-CEU approved during its last General Assembly the \u201cRE-START-EUROPE\u201d Declaration for an inclusive and just post-Covid future for all communities. This Declaration &#8211; which was presented on 12\/10\/2020 during a webinar &#8211; seeks to harness the creative power and technical expertise of spatial planners in tackling the social and economic crisis created by the Covid-19 [&hellip;]\" \/>\n<meta property=\"og:url\" content=\"https:\/\/ectp-ceu.eu\/de\/publication\/2020-ectp-ceu-re-start-europe-manifesto-2020-declaration-ectp-ceu-aller-vers-une-re-naissance-de-leurope\/\" \/>\n<meta property=\"og:site_name\" content=\"ECTP-CEU\" \/>\n<meta property=\"article:published_time\" content=\"2020-04-05T10:08:00+00:00\" \/>\n<meta property=\"og:image\" content=\"https:\/\/ectp-ceu.eu\/images\/stories\/Newsletter-images\/ECTP-CEU_RESTART_-_Manifesto_2020.jpg\" \/>\n<meta name=\"author\" content=\"dev\" \/>\n<meta name=\"twitter:card\" content=\"summary_large_image\" \/>\n<meta name=\"twitter:label1\" content=\"Verfasst von\" \/>\n\t<meta name=\"twitter:data1\" content=\"dev\" \/>\n\t<meta name=\"twitter:label2\" content=\"Gesch\u00e4tzte Lesezeit\" \/>\n\t<meta name=\"twitter:data2\" content=\"7\u00a0Minuten\" \/>\n<script type=\"application\/ld+json\" class=\"yoast-schema-graph\">{\"@context\":\"https:\\\/\\\/schema.org\",\"@graph\":[{\"@type\":\"Article\",\"@id\":\"https:\\\/\\\/ectp-ceu.eu\\\/publication\\\/2020-ectp-ceu-re-start-europe-manifesto-2020-declaration-ectp-ceu-aller-vers-une-re-naissance-de-leurope\\\/#article\",\"isPartOf\":{\"@id\":\"https:\\\/\\\/ectp-ceu.eu\\\/publication\\\/2020-ectp-ceu-re-start-europe-manifesto-2020-declaration-ectp-ceu-aller-vers-une-re-naissance-de-leurope\\\/\"},\"author\":{\"name\":\"dev\",\"@id\":\"https:\\\/\\\/ectp-ceu.eu\\\/#\\\/schema\\\/person\\\/8bf89ed875f5ab3f3b35e54d7c3f816f\"},\"headline\":\"2020 &#8211; ECTP-CEU RE-START &#8211; EUROPE Manifesto \\\/ 2020 &#8211; D\u00e9claration ECTP-CEU ALLER VERS UNE RE-NAISSANCE DE L&#8217;EUROPE\",\"datePublished\":\"2020-04-05T10:08:00+00:00\",\"mainEntityOfPage\":{\"@id\":\"https:\\\/\\\/ectp-ceu.eu\\\/publication\\\/2020-ectp-ceu-re-start-europe-manifesto-2020-declaration-ectp-ceu-aller-vers-une-re-naissance-de-leurope\\\/\"},\"wordCount\":1393,\"publisher\":{\"@id\":\"https:\\\/\\\/ectp-ceu.eu\\\/#organization\"},\"image\":{\"@id\":\"https:\\\/\\\/ectp-ceu.eu\\\/publication\\\/2020-ectp-ceu-re-start-europe-manifesto-2020-declaration-ectp-ceu-aller-vers-une-re-naissance-de-leurope\\\/#primaryimage\"},\"thumbnailUrl\":\"https:\\\/\\\/ectp-ceu.eu\\\/images\\\/stories\\\/Newsletter-images\\\/ECTP-CEU_RESTART_-_Manifesto_2020.jpg\",\"articleSection\":[\"Publications\"],\"inLanguage\":\"de\"},{\"@type\":\"WebPage\",\"@id\":\"https:\\\/\\\/ectp-ceu.eu\\\/publication\\\/2020-ectp-ceu-re-start-europe-manifesto-2020-declaration-ectp-ceu-aller-vers-une-re-naissance-de-leurope\\\/\",\"url\":\"https:\\\/\\\/ectp-ceu.eu\\\/publication\\\/2020-ectp-ceu-re-start-europe-manifesto-2020-declaration-ectp-ceu-aller-vers-une-re-naissance-de-leurope\\\/\",\"name\":\"2020 - ECTP-CEU RE-START - EUROPE Manifesto \\\/ 2020 - D\u00e9claration ECTP-CEU ALLER VERS UNE RE-NAISSANCE DE L'EUROPE - ECTP-CEU\",\"isPartOf\":{\"@id\":\"https:\\\/\\\/ectp-ceu.eu\\\/#website\"},\"primaryImageOfPage\":{\"@id\":\"https:\\\/\\\/ectp-ceu.eu\\\/publication\\\/2020-ectp-ceu-re-start-europe-manifesto-2020-declaration-ectp-ceu-aller-vers-une-re-naissance-de-leurope\\\/#primaryimage\"},\"image\":{\"@id\":\"https:\\\/\\\/ectp-ceu.eu\\\/publication\\\/2020-ectp-ceu-re-start-europe-manifesto-2020-declaration-ectp-ceu-aller-vers-une-re-naissance-de-leurope\\\/#primaryimage\"},\"thumbnailUrl\":\"https:\\\/\\\/ectp-ceu.eu\\\/images\\\/stories\\\/Newsletter-images\\\/ECTP-CEU_RESTART_-_Manifesto_2020.jpg\",\"datePublished\":\"2020-04-05T10:08:00+00:00\",\"breadcrumb\":{\"@id\":\"https:\\\/\\\/ectp-ceu.eu\\\/publication\\\/2020-ectp-ceu-re-start-europe-manifesto-2020-declaration-ectp-ceu-aller-vers-une-re-naissance-de-leurope\\\/#breadcrumb\"},\"inLanguage\":\"de\",\"potentialAction\":[{\"@type\":\"ReadAction\",\"target\":[\"https:\\\/\\\/ectp-ceu.eu\\\/publication\\\/2020-ectp-ceu-re-start-europe-manifesto-2020-declaration-ectp-ceu-aller-vers-une-re-naissance-de-leurope\\\/\"]}]},{\"@type\":\"ImageObject\",\"inLanguage\":\"de\",\"@id\":\"https:\\\/\\\/ectp-ceu.eu\\\/publication\\\/2020-ectp-ceu-re-start-europe-manifesto-2020-declaration-ectp-ceu-aller-vers-une-re-naissance-de-leurope\\\/#primaryimage\",\"url\":\"https:\\\/\\\/ectp-ceu.eu\\\/images\\\/stories\\\/Newsletter-images\\\/ECTP-CEU_RESTART_-_Manifesto_2020.jpg\",\"contentUrl\":\"https:\\\/\\\/ectp-ceu.eu\\\/images\\\/stories\\\/Newsletter-images\\\/ECTP-CEU_RESTART_-_Manifesto_2020.jpg\"},{\"@type\":\"BreadcrumbList\",\"@id\":\"https:\\\/\\\/ectp-ceu.eu\\\/publication\\\/2020-ectp-ceu-re-start-europe-manifesto-2020-declaration-ectp-ceu-aller-vers-une-re-naissance-de-leurope\\\/#breadcrumb\",\"itemListElement\":[{\"@type\":\"ListItem\",\"position\":1,\"name\":\"HOME\",\"item\":\"https:\\\/\\\/ectp-ceu.eu\\\/\"},{\"@type\":\"ListItem\",\"position\":2,\"name\":\"Publications\",\"item\":\"https:\\\/\\\/ectp-ceu.eu\\\/category\\\/publication\\\/\"},{\"@type\":\"ListItem\",\"position\":3,\"name\":\"2020 &#8211; ECTP-CEU RE-START &#8211; EUROPE Manifesto \\\/ 2020 &#8211; D\u00e9claration ECTP-CEU ALLER VERS UNE RE-NAISSANCE DE L&#8217;EUROPE\"}]},{\"@type\":\"WebSite\",\"@id\":\"https:\\\/\\\/ectp-ceu.eu\\\/#website\",\"url\":\"https:\\\/\\\/ectp-ceu.eu\\\/\",\"name\":\"ECTP-CEU\",\"description\":\"European Council of Spatial Planners \u2013 Conseil Europ\u00e9en des Urbanistes\",\"publisher\":{\"@id\":\"https:\\\/\\\/ectp-ceu.eu\\\/#organization\"},\"potentialAction\":[{\"@type\":\"SearchAction\",\"target\":{\"@type\":\"EntryPoint\",\"urlTemplate\":\"https:\\\/\\\/ectp-ceu.eu\\\/?s={search_term_string}\"},\"query-input\":{\"@type\":\"PropertyValueSpecification\",\"valueRequired\":true,\"valueName\":\"search_term_string\"}}],\"inLanguage\":\"de\"},{\"@type\":\"Organization\",\"@id\":\"https:\\\/\\\/ectp-ceu.eu\\\/#organization\",\"name\":\"ECTP-CEU\",\"url\":\"https:\\\/\\\/ectp-ceu.eu\\\/\",\"logo\":{\"@type\":\"ImageObject\",\"inLanguage\":\"de\",\"@id\":\"https:\\\/\\\/ectp-ceu.eu\\\/#\\\/schema\\\/logo\\\/image\\\/\",\"url\":\"https:\\\/\\\/ectp-ceu.eu\\\/wp-content\\\/uploads\\\/2024\\\/07\\\/cropped-1392117979K7cUN6za2Hw29SX4.jpeg\",\"contentUrl\":\"https:\\\/\\\/ectp-ceu.eu\\\/wp-content\\\/uploads\\\/2024\\\/07\\\/cropped-1392117979K7cUN6za2Hw29SX4.jpeg\",\"width\":928,\"height\":328,\"caption\":\"ECTP-CEU\"},\"image\":{\"@id\":\"https:\\\/\\\/ectp-ceu.eu\\\/#\\\/schema\\\/logo\\\/image\\\/\"}},{\"@type\":\"Person\",\"@id\":\"https:\\\/\\\/ectp-ceu.eu\\\/#\\\/schema\\\/person\\\/8bf89ed875f5ab3f3b35e54d7c3f816f\",\"name\":\"dev\",\"image\":{\"@type\":\"ImageObject\",\"inLanguage\":\"de\",\"@id\":\"https:\\\/\\\/secure.gravatar.com\\\/avatar\\\/f1ffcac9ca2fa95ad3ec33e9be3ade82f752acb0cabe541e56c5889225afa88a?s=96&d=mm&r=g\",\"url\":\"https:\\\/\\\/secure.gravatar.com\\\/avatar\\\/f1ffcac9ca2fa95ad3ec33e9be3ade82f752acb0cabe541e56c5889225afa88a?s=96&d=mm&r=g\",\"contentUrl\":\"https:\\\/\\\/secure.gravatar.com\\\/avatar\\\/f1ffcac9ca2fa95ad3ec33e9be3ade82f752acb0cabe541e56c5889225afa88a?s=96&d=mm&r=g\",\"caption\":\"dev\"},\"sameAs\":[\"https:\\\/\\\/ectp-ceu.eu\"],\"url\":\"https:\\\/\\\/ectp-ceu.eu\\\/de\\\/author\\\/dev\\\/\"}]}<\/script>\n<!-- \/ Yoast SEO plugin. -->","yoast_head_json":{"title":"2020 - ECTP-CEU RE-START - EUROPE Manifesto \/ 2020 - D\u00e9claration ECTP-CEU ALLER VERS UNE RE-NAISSANCE DE L'EUROPE - ECTP-CEU","robots":{"index":"index","follow":"follow","max-snippet":"max-snippet:-1","max-image-preview":"max-image-preview:large","max-video-preview":"max-video-preview:-1"},"canonical":"https:\/\/ectp-ceu.eu\/de\/publication\/2020-ectp-ceu-re-start-europe-manifesto-2020-declaration-ectp-ceu-aller-vers-une-re-naissance-de-leurope\/","og_locale":"de_DE","og_type":"article","og_title":"2020 - ECTP-CEU RE-START - EUROPE Manifesto \/ 2020 - D\u00e9claration ECTP-CEU ALLER VERS UNE RE-NAISSANCE DE L'EUROPE - ECTP-CEU","og_description":"ECTP-CEU approved during its last General Assembly the \u201cRE-START-EUROPE\u201d Declaration for an inclusive and just post-Covid future for all communities. This Declaration &#8211; which was presented on 12\/10\/2020 during a webinar &#8211; seeks to harness the creative power and technical expertise of spatial planners in tackling the social and economic crisis created by the Covid-19 [&hellip;]","og_url":"https:\/\/ectp-ceu.eu\/de\/publication\/2020-ectp-ceu-re-start-europe-manifesto-2020-declaration-ectp-ceu-aller-vers-une-re-naissance-de-leurope\/","og_site_name":"ECTP-CEU","article_published_time":"2020-04-05T10:08:00+00:00","og_image":[{"url":"https:\/\/ectp-ceu.eu\/images\/stories\/Newsletter-images\/ECTP-CEU_RESTART_-_Manifesto_2020.jpg","type":"","width":"","height":""}],"author":"dev","twitter_card":"summary_large_image","twitter_misc":{"Verfasst von":"dev","Gesch\u00e4tzte Lesezeit":"7\u00a0Minuten"},"schema":{"@context":"https:\/\/schema.org","@graph":[{"@type":"Article","@id":"https:\/\/ectp-ceu.eu\/publication\/2020-ectp-ceu-re-start-europe-manifesto-2020-declaration-ectp-ceu-aller-vers-une-re-naissance-de-leurope\/#article","isPartOf":{"@id":"https:\/\/ectp-ceu.eu\/publication\/2020-ectp-ceu-re-start-europe-manifesto-2020-declaration-ectp-ceu-aller-vers-une-re-naissance-de-leurope\/"},"author":{"name":"dev","@id":"https:\/\/ectp-ceu.eu\/#\/schema\/person\/8bf89ed875f5ab3f3b35e54d7c3f816f"},"headline":"2020 &#8211; ECTP-CEU RE-START &#8211; EUROPE Manifesto \/ 2020 &#8211; D\u00e9claration ECTP-CEU ALLER VERS UNE RE-NAISSANCE DE L&#8217;EUROPE","datePublished":"2020-04-05T10:08:00+00:00","mainEntityOfPage":{"@id":"https:\/\/ectp-ceu.eu\/publication\/2020-ectp-ceu-re-start-europe-manifesto-2020-declaration-ectp-ceu-aller-vers-une-re-naissance-de-leurope\/"},"wordCount":1393,"publisher":{"@id":"https:\/\/ectp-ceu.eu\/#organization"},"image":{"@id":"https:\/\/ectp-ceu.eu\/publication\/2020-ectp-ceu-re-start-europe-manifesto-2020-declaration-ectp-ceu-aller-vers-une-re-naissance-de-leurope\/#primaryimage"},"thumbnailUrl":"https:\/\/ectp-ceu.eu\/images\/stories\/Newsletter-images\/ECTP-CEU_RESTART_-_Manifesto_2020.jpg","articleSection":["Publications"],"inLanguage":"de"},{"@type":"WebPage","@id":"https:\/\/ectp-ceu.eu\/publication\/2020-ectp-ceu-re-start-europe-manifesto-2020-declaration-ectp-ceu-aller-vers-une-re-naissance-de-leurope\/","url":"https:\/\/ectp-ceu.eu\/publication\/2020-ectp-ceu-re-start-europe-manifesto-2020-declaration-ectp-ceu-aller-vers-une-re-naissance-de-leurope\/","name":"2020 - ECTP-CEU RE-START - EUROPE Manifesto \/ 2020 - D\u00e9claration ECTP-CEU ALLER VERS UNE RE-NAISSANCE DE L'EUROPE - ECTP-CEU","isPartOf":{"@id":"https:\/\/ectp-ceu.eu\/#website"},"primaryImageOfPage":{"@id":"https:\/\/ectp-ceu.eu\/publication\/2020-ectp-ceu-re-start-europe-manifesto-2020-declaration-ectp-ceu-aller-vers-une-re-naissance-de-leurope\/#primaryimage"},"image":{"@id":"https:\/\/ectp-ceu.eu\/publication\/2020-ectp-ceu-re-start-europe-manifesto-2020-declaration-ectp-ceu-aller-vers-une-re-naissance-de-leurope\/#primaryimage"},"thumbnailUrl":"https:\/\/ectp-ceu.eu\/images\/stories\/Newsletter-images\/ECTP-CEU_RESTART_-_Manifesto_2020.jpg","datePublished":"2020-04-05T10:08:00+00:00","breadcrumb":{"@id":"https:\/\/ectp-ceu.eu\/publication\/2020-ectp-ceu-re-start-europe-manifesto-2020-declaration-ectp-ceu-aller-vers-une-re-naissance-de-leurope\/#breadcrumb"},"inLanguage":"de","potentialAction":[{"@type":"ReadAction","target":["https:\/\/ectp-ceu.eu\/publication\/2020-ectp-ceu-re-start-europe-manifesto-2020-declaration-ectp-ceu-aller-vers-une-re-naissance-de-leurope\/"]}]},{"@type":"ImageObject","inLanguage":"de","@id":"https:\/\/ectp-ceu.eu\/publication\/2020-ectp-ceu-re-start-europe-manifesto-2020-declaration-ectp-ceu-aller-vers-une-re-naissance-de-leurope\/#primaryimage","url":"https:\/\/ectp-ceu.eu\/images\/stories\/Newsletter-images\/ECTP-CEU_RESTART_-_Manifesto_2020.jpg","contentUrl":"https:\/\/ectp-ceu.eu\/images\/stories\/Newsletter-images\/ECTP-CEU_RESTART_-_Manifesto_2020.jpg"},{"@type":"BreadcrumbList","@id":"https:\/\/ectp-ceu.eu\/publication\/2020-ectp-ceu-re-start-europe-manifesto-2020-declaration-ectp-ceu-aller-vers-une-re-naissance-de-leurope\/#breadcrumb","itemListElement":[{"@type":"ListItem","position":1,"name":"HOME","item":"https:\/\/ectp-ceu.eu\/"},{"@type":"ListItem","position":2,"name":"Publications","item":"https:\/\/ectp-ceu.eu\/category\/publication\/"},{"@type":"ListItem","position":3,"name":"2020 &#8211; ECTP-CEU RE-START &#8211; EUROPE Manifesto \/ 2020 &#8211; D\u00e9claration ECTP-CEU ALLER VERS UNE RE-NAISSANCE DE L&#8217;EUROPE"}]},{"@type":"WebSite","@id":"https:\/\/ectp-ceu.eu\/#website","url":"https:\/\/ectp-ceu.eu\/","name":"ECTP-CEU","description":"European Council of Spatial Planners \u2013 Conseil Europ\u00e9en des Urbanistes","publisher":{"@id":"https:\/\/ectp-ceu.eu\/#organization"},"potentialAction":[{"@type":"SearchAction","target":{"@type":"EntryPoint","urlTemplate":"https:\/\/ectp-ceu.eu\/?s={search_term_string}"},"query-input":{"@type":"PropertyValueSpecification","valueRequired":true,"valueName":"search_term_string"}}],"inLanguage":"de"},{"@type":"Organization","@id":"https:\/\/ectp-ceu.eu\/#organization","name":"ECTP-CEU","url":"https:\/\/ectp-ceu.eu\/","logo":{"@type":"ImageObject","inLanguage":"de","@id":"https:\/\/ectp-ceu.eu\/#\/schema\/logo\/image\/","url":"https:\/\/ectp-ceu.eu\/wp-content\/uploads\/2024\/07\/cropped-1392117979K7cUN6za2Hw29SX4.jpeg","contentUrl":"https:\/\/ectp-ceu.eu\/wp-content\/uploads\/2024\/07\/cropped-1392117979K7cUN6za2Hw29SX4.jpeg","width":928,"height":328,"caption":"ECTP-CEU"},"image":{"@id":"https:\/\/ectp-ceu.eu\/#\/schema\/logo\/image\/"}},{"@type":"Person","@id":"https:\/\/ectp-ceu.eu\/#\/schema\/person\/8bf89ed875f5ab3f3b35e54d7c3f816f","name":"dev","image":{"@type":"ImageObject","inLanguage":"de","@id":"https:\/\/secure.gravatar.com\/avatar\/f1ffcac9ca2fa95ad3ec33e9be3ade82f752acb0cabe541e56c5889225afa88a?s=96&d=mm&r=g","url":"https:\/\/secure.gravatar.com\/avatar\/f1ffcac9ca2fa95ad3ec33e9be3ade82f752acb0cabe541e56c5889225afa88a?s=96&d=mm&r=g","contentUrl":"https:\/\/secure.gravatar.com\/avatar\/f1ffcac9ca2fa95ad3ec33e9be3ade82f752acb0cabe541e56c5889225afa88a?s=96&d=mm&r=g","caption":"dev"},"sameAs":["https:\/\/ectp-ceu.eu"],"url":"https:\/\/ectp-ceu.eu\/de\/author\/dev\/"}]}},"_links":{"self":[{"href":"https:\/\/ectp-ceu.eu\/de\/wp-json\/wp\/v2\/posts\/2516","targetHints":{"allow":["GET"]}}],"collection":[{"href":"https:\/\/ectp-ceu.eu\/de\/wp-json\/wp\/v2\/posts"}],"about":[{"href":"https:\/\/ectp-ceu.eu\/de\/wp-json\/wp\/v2\/types\/post"}],"author":[{"embeddable":true,"href":"https:\/\/ectp-ceu.eu\/de\/wp-json\/wp\/v2\/users\/1"}],"replies":[{"embeddable":true,"href":"https:\/\/ectp-ceu.eu\/de\/wp-json\/wp\/v2\/comments?post=2516"}],"version-history":[{"count":0,"href":"https:\/\/ectp-ceu.eu\/de\/wp-json\/wp\/v2\/posts\/2516\/revisions"}],"wp:attachment":[{"href":"https:\/\/ectp-ceu.eu\/de\/wp-json\/wp\/v2\/media?parent=2516"}],"wp:term":[{"taxonomy":"category","embeddable":true,"href":"https:\/\/ectp-ceu.eu\/de\/wp-json\/wp\/v2\/categories?post=2516"},{"taxonomy":"post_tag","embeddable":true,"href":"https:\/\/ectp-ceu.eu\/de\/wp-json\/wp\/v2\/tags?post=2516"}],"curies":[{"name":"wp","href":"https:\/\/api.w.org\/{rel}","templated":true}]}}