{"id":3070,"date":"2024-04-22T18:18:28","date_gmt":"2024-04-22T16:18:28","guid":{"rendered":"https:\/\/ectp-ceu.eu\/?p=3070"},"modified":"2024-07-26T11:09:02","modified_gmt":"2024-07-26T09:09:02","slug":"biennale-2024-call-1130","status":"publish","type":"post","link":"https:\/\/ectp-ceu.eu\/de\/news\/biennale-2024-call-1130\/","title":{"rendered":"Inklusive St\u00e4dte und Regionen - Territoires inclusifs - 22-24 April 2024"},"content":{"rendered":"<h2 class=\"wp-block-heading\">14<sup>th<\/sup> Biennale der europ\u00e4ischen St\u00e4dte und Stadtplaner in Neapel, Italien<\/h2>\n\n\n\n<p>Die <strong>Aufruf zur Einreichung von Projekten<\/strong> und die <strong>Programmentwurf<\/strong> wurden vom INU (Italienisches Nationales Institut f\u00fcr Urbanistik) ver\u00f6ffentlicht, einem ECTP-CEU-Mitglied und Hauptmitveranstalter der diesj\u00e4hrigen Biennale, die auch die erste nach der Pandemie ist. Die letzte Biennale fand 2019 in Plymouth, England, statt.<\/p>\n\n\n\n<p>Die Biennale wird von Montag, 22. bis Mittwoch, 24. April 2024 in Neapel, Italien, stattfinden. Die ersten beiden Tage sind der Konferenz gewidmet - Begr\u00fc\u00dfungsansprachen, Grundsatzreden und Pr\u00e4sentationen von Planungsprojekten und Forschungsarbeiten sowie Workshops -, w\u00e4hrend am dritten Tag die M\u00f6glichkeit besteht, an F\u00fchrungen durch die Stadt Neapel und die Region Kampanien teilzunehmen. Von Sonntag, 21., bis Mittwoch, 23., gibt es au\u00dferdem ein reichhaltiges Programm mit gesellschaftlichen Veranstaltungen am Abend.<\/p>\n\n\n\n<h3 class=\"wp-block-heading\">Fristen<\/h3>\n\n\n\n<ul class=\"wp-block-list\">\n<li>18. Dezember 2023: Einreichung von Abstracts<\/li>\n\n\n\n<li>15. Januar 2024: Mitteilung der Annahme<\/li>\n\n\n\n<li>15. Februar 2024: erweiterte Einreichung von Abstracts<\/li>\n<\/ul>\n\n\n\n<h3 class=\"wp-block-heading\">Einreichungsgeb\u00fchr<\/h3>\n\n\n\n<ul class=\"wp-block-list\">\n<li>200 Euro volle Geb\u00fchr<\/li>\n\n\n\n<li>150 Euro f\u00fcr Einzelmitglieder von ECTP-CEU-Mitgliedsverb\u00e4nden (siehe Liste unten)<\/li>\n\n\n\n<li>50 Euro f\u00fcr Doktoranden<\/li>\n<\/ul>\n\n\n\n<p>Weitere Einzelheiten und die M\u00f6glichkeit zur Einreichung von Beitr\u00e4gen finden Sie auf der Website der Veranstaltung unter <a href=\"https:\/\/www.ectpceu-inubiennalenaples.com\" target=\"_blank\" rel=\"noreferrer noopener\">https:\/\/www.ectpceu-inubiennalenaples.com<\/a> oder richten Sie Ihre Fragen an biennale@ectp-ceu.eu.<\/p>\n\n\n\n<hr class=\"wp-block-separator has-alpha-channel-opacity\"\/>\n\n\n\n<p>Liste der ECTP-CEU-Mitgliedsverb\u00e4nde, deren Einzelmitglieder Anspruch auf eine erm\u00e4\u00dfigte Einreichungsgeb\u00fchr haben.<\/p>\n\n\n\n<ul class=\"wp-block-list\">\n<li>\u00d6sterreich\n<ul class=\"wp-block-list\">\n<li>zt-BFG RLG - Bundeskammer der ZiviltechnikerInnen - Bundesfachgruppe Raumplanung, Landschaftsplanung und Geographie<\/li>\n<\/ul>\n<\/li>\n\n\n\n<li>Belgien\n<ul class=\"wp-block-list\">\n<li>CUB - Chambre des Urbanistes de Belgique<\/li>\n\n\n\n<li>VRP - Vlaamse Vereniging voor Ruimte en Planning<\/li>\n<\/ul>\n<\/li>\n\n\n\n<li>Bulgarien\n<ul class=\"wp-block-list\">\n<li>\u0421\u0423\u0411 - \u0421\u044a\u044e\u0437 \u043d\u0430 \u0443\u0440\u0431\u0430\u043d\u0438\u0441\u0442\u0438\u0442\u0435 \u0432 \u0411\u044a\u043b\u0433\u0430\u0440\u0438\u044f<\/li>\n<\/ul>\n<\/li>\n\n\n\n<li>Kroatien\n<ul class=\"wp-block-list\">\n<li>UHU - Udruga hrvatskih urbanista<\/li>\n<\/ul>\n<\/li>\n\n\n\n<li>Zypern\n<ul class=\"wp-block-list\">\n<li>\u03a3\u03a5\u03a0\u039f\u039a - \u03a3\u03cd\u03bd\u03b4\u03b5\u03c3\u03bc\u03bf\u03c2 \u03a0\u03bf\u03bb\u03b5\u03bf\u03b4\u03cc\u03bc\u03c9\u03bd \u039a\u03cd\u03c0\u03c1\u03bf\u03c5<\/li>\n<\/ul>\n<\/li>\n\n\n\n<li>Tschechische Republik\n<ul class=\"wp-block-list\">\n<li>AU\u00daP \u010cR - Asociace pro urbanismus a \u00fazemn\u00ed pl\u00e1nov\u00e1n\u00ed \u010cesk\u00e9 republiky<\/li>\n<\/ul>\n<\/li>\n\n\n\n<li>Estland\n<ul class=\"wp-block-list\">\n<li>EP\u00dc - Eesti Planeerijate \u00dching<\/li>\n<\/ul>\n<\/li>\n\n\n\n<li>Frankreich\n<ul class=\"wp-block-list\">\n<li>SFU - Franz\u00f6sische Gesellschaft f\u00fcr Urbanistik (Soci\u00e9t\u00e9 Fran\u00e7aise des Urbanistes)<\/li>\n<\/ul>\n<\/li>\n\n\n\n<li>Deutschland\n<ul class=\"wp-block-list\">\n<li>BAK - Bundesarchitektenkammer - Stadtplanerlisten der L\u00e4nderkammern<\/li>\n\n\n\n<li>SRL - Vereinigung f\u00fcr Stadt-, Regional- und Landesplanung *<\/li>\n<\/ul>\n<\/li>\n\n\n\n<li>Griechenland\n<ul class=\"wp-block-list\">\n<li>\u03a3\u0395\u03a0\u039f\u03a7 - \u03a3\u03cd\u03bb\u03bb\u03bf\u03b3\u03bf\u03c2 \u0395\u03bb\u03bb\u03ae\u03bd\u03c9\u03bd \u03a0\u03bf\u03bb\u03b5\u03bf\u03b4\u03cc\u00b5\u03c9\u03bd \u03ba\u03b1\u03b9 \u03a7\u03c9\u03c1\u03bf\u03c4\u03b1\u03ba\u03c4\u03ce\u03bd<\/li>\n<\/ul>\n<\/li>\n\n\n\n<li>Ungarn\n<ul class=\"wp-block-list\">\n<li>MUT - Magyar Urbanisztikai T\u00e1rsas\u00e1g<\/li>\n<\/ul>\n<\/li>\n\n\n\n<li>Island\n<ul class=\"wp-block-list\">\n<li>SFF\u00cd - Skipulagsfr\u00e6\u00f0ingaf\u00e9lag \u00cdslands *<\/li>\n<\/ul>\n<\/li>\n\n\n\n<li>Irland\n<ul class=\"wp-block-list\">\n<li>IPI - Irisches Planungsinstitut<\/li>\n<\/ul>\n<\/li>\n\n\n\n<li>Italien\n<ul class=\"wp-block-list\">\n<li>ASSURB - Associazione nazionale degli urbanisti e dei pianificatori territoriali e ambientali<\/li>\n\n\n\n<li>INU - Nationales Institut f\u00fcr Urbanistik (Istituto Nazionale di Urbanistica)<\/li>\n<\/ul>\n<\/li>\n\n\n\n<li>Malta\n<ul class=\"wp-block-list\">\n<li>KMaP - Kamra Maltija g\u0127all-Ippjanar<\/li>\n<\/ul>\n<\/li>\n\n\n\n<li>Norwegen\n<ul class=\"wp-block-list\">\n<li>FKP - Forum f\u00fcr kommunales Planlegging<\/li>\n<\/ul>\n<\/li>\n\n\n\n<li>Polen\n<ul class=\"wp-block-list\">\n<li>TUP - Towarzystwo Urbanist\u00f3w Polskich<\/li>\n<\/ul>\n<\/li>\n\n\n\n<li>Portugal\n<ul class=\"wp-block-list\">\n<li>APU - Associa\u00e7\u00e3o Portuguesa de Urbanistas<\/li>\n<\/ul>\n<\/li>\n\n\n\n<li>Rum\u00e4nien\n<ul class=\"wp-block-list\">\n<li>RUR - Registrul Urbani\u0219tilor din Rom\u00e2nia<\/li>\n<\/ul>\n<\/li>\n\n\n\n<li>Serbien\n<ul class=\"wp-block-list\">\n<li>UUS - Udru\u017eenje urbanista Srbije<\/li>\n<\/ul>\n<\/li>\n\n\n\n<li>Slowakei\n<ul class=\"wp-block-list\">\n<li>ZUUPS - Zdru\u017eenie pre urbanizmus a \u00fazemn\u00e9 pl\u00e1novanie na Slovensku<\/li>\n<\/ul>\n<\/li>\n\n\n\n<li>Slowenien\n<ul class=\"wp-block-list\">\n<li>DUPPS - Dru\u0161tvo urbanistov in prostorskih planerjev Slovenije<\/li>\n<\/ul>\n<\/li>\n\n\n\n<li>Spanien\n<ul class=\"wp-block-list\">\n<li>AETU - Spanischer Verband der Urbanisten (Asociaci\u00f3n Espa\u00f1ola de T\u00e9cnicos Urbanistas)<\/li>\n\n\n\n<li>UAAU - Uni\u00f3n de Agrupaciones de Arquitectos Urbanistas de Espa\u00f1a *<\/li>\n<\/ul>\n<\/li>\n\n\n\n<li>Ukraine\n<ul class=\"wp-block-list\">\n<li>\u0410\u041f\u041f-\u0420\u0423 - \u0410\u0441\u043e\u0446\u0456\u0430\u0446\u0456\u044f \u043f\u0440\u043e\u0441\u0442\u043e\u0440\u043e\u0432\u0438\u0445 \u043f\u043b\u0430\u043d\u0443\u0432\u0430\u043b\u044c\u043d\u0438\u043a\u0456\u0432 \u0423\u043a\u0440\u0430\u0457\u043d\u0438 - \u0420\u0430\u0434\u0430 \u0443\u0440\u0431\u0430\u043d\u0456\u0441\u0442\u0456\u0432 \u041d\u0421\u0410\u0423<\/li>\n<\/ul>\n<\/li>\n\n\n\n<li>Vereinigtes K\u00f6nigreich\n<ul class=\"wp-block-list\">\n<li>RTPI - K\u00f6nigliches Institut f\u00fcr Stadtplanung<\/li>\n<\/ul>\n<\/li>\n<\/ul>\n\n\n\n<p>Organisationen, die mit einem Sternchen (*) gekennzeichnet sind, sind korrespondierende Mitglieder mit Einzelmitgliedern. Alle anderen aufgef\u00fchrten Organisationen sind Vollmitglieder mit Einzelmitgliedschaft. Korrespondierende Mitglieder ohne individuelle Mitgliederstruktur haben keinen Anspruch auf Erm\u00e4\u00dfigungen.<\/p>","protected":false},"excerpt":{"rendered":"<p>14th Biennale of European Towns and Town Planners in Naples, Italy The Call for Projects and the draft programme have been published by INU (Italian National Institute of Urbanistics), an ECTP-CEU member and main co-organiser of this year&#8217;s edition of the Biennale, which is also the first one after the pandemic. The previous Biennale was [&hellip;]<\/p>\n","protected":false},"author":1,"featured_media":3022,"comment_status":"closed","ping_status":"open","sticky":false,"template":"","format":"standard","meta":{"_acf_changed":false,"inline_featured_image":false,"footnotes":"[]"},"categories":[6,68],"tags":[],"class_list":["post-3070","post","type-post","status-publish","format-standard","has-post-thumbnail","hentry","category-news","category-young-planners"],"acf":[],"yoast_head":"<!-- This site is optimized with the Yoast SEO plugin v27.5 - https:\/\/yoast.com\/product\/yoast-seo-wordpress\/ -->\n<title>Inclusive Cities and Regions \u2013 Territoires inclusifs \u2013 22-24 April 2024 - ECTP-CEU<\/title>\n<meta name=\"robots\" content=\"index, follow, max-snippet:-1, max-image-preview:large, max-video-preview:-1\" \/>\n<link rel=\"canonical\" href=\"https:\/\/ectp-ceu.eu\/de\/news\/biennale-2024-call-1130\/\" \/>\n<meta property=\"og:locale\" content=\"de_DE\" \/>\n<meta property=\"og:type\" content=\"article\" \/>\n<meta property=\"og:title\" content=\"Inclusive Cities and Regions \u2013 Territoires inclusifs \u2013 22-24 April 2024 - ECTP-CEU\" \/>\n<meta property=\"og:description\" content=\"14th Biennale of European Towns and Town Planners in Naples, Italy The Call for Projects and the draft programme have been published by INU (Italian National Institute of Urbanistics), an ECTP-CEU member and main co-organiser of this year&#8217;s edition of the Biennale, which is also the first one after the pandemic. The previous Biennale was [&hellip;]\" \/>\n<meta property=\"og:url\" content=\"https:\/\/ectp-ceu.eu\/de\/news\/biennale-2024-call-1130\/\" \/>\n<meta property=\"og:site_name\" content=\"ECTP-CEU\" \/>\n<meta property=\"article:published_time\" content=\"2024-04-22T16:18:28+00:00\" \/>\n<meta property=\"article:modified_time\" content=\"2024-07-26T09:09:02+00:00\" \/>\n<meta property=\"og:image\" content=\"https:\/\/ectp-ceu.eu\/wp-content\/uploads\/2023\/11\/biennale_2024_logo_resh-1024x829.png\" \/>\n\t<meta property=\"og:image:width\" content=\"1024\" \/>\n\t<meta property=\"og:image:height\" content=\"829\" \/>\n\t<meta property=\"og:image:type\" content=\"image\/png\" \/>\n<meta name=\"author\" content=\"dev\" \/>\n<meta name=\"twitter:card\" content=\"summary_large_image\" \/>\n<meta name=\"twitter:label1\" content=\"Verfasst von\" \/>\n\t<meta name=\"twitter:data1\" content=\"dev\" \/>\n\t<meta name=\"twitter:label2\" content=\"Gesch\u00e4tzte Lesezeit\" \/>\n\t<meta name=\"twitter:data2\" content=\"2\u00a0Minuten\" \/>\n<script type=\"application\/ld+json\" class=\"yoast-schema-graph\">{\"@context\":\"https:\\\/\\\/schema.org\",\"@graph\":[{\"@type\":\"Article\",\"@id\":\"https:\\\/\\\/ectp-ceu.eu\\\/news\\\/biennale-2024-call-1130\\\/#article\",\"isPartOf\":{\"@id\":\"https:\\\/\\\/ectp-ceu.eu\\\/news\\\/biennale-2024-call-1130\\\/\"},\"author\":{\"name\":\"dev\",\"@id\":\"https:\\\/\\\/ectp-ceu.eu\\\/#\\\/schema\\\/person\\\/8bf89ed875f5ab3f3b35e54d7c3f816f\"},\"headline\":\"Inclusive Cities and Regions \u2013 Territoires inclusifs \u2013 22-24 April 2024\",\"datePublished\":\"2024-04-22T16:18:28+00:00\",\"dateModified\":\"2024-07-26T09:09:02+00:00\",\"mainEntityOfPage\":{\"@id\":\"https:\\\/\\\/ectp-ceu.eu\\\/news\\\/biennale-2024-call-1130\\\/\"},\"wordCount\":477,\"publisher\":{\"@id\":\"https:\\\/\\\/ectp-ceu.eu\\\/#organization\"},\"image\":{\"@id\":\"https:\\\/\\\/ectp-ceu.eu\\\/news\\\/biennale-2024-call-1130\\\/#primaryimage\"},\"thumbnailUrl\":\"https:\\\/\\\/ectp-ceu.eu\\\/wp-content\\\/uploads\\\/2023\\\/11\\\/biennale_2024_logo_resh-scaled.png\",\"articleSection\":[\"News\",\"Young Planners\"],\"inLanguage\":\"de\"},{\"@type\":\"WebPage\",\"@id\":\"https:\\\/\\\/ectp-ceu.eu\\\/news\\\/biennale-2024-call-1130\\\/\",\"url\":\"https:\\\/\\\/ectp-ceu.eu\\\/news\\\/biennale-2024-call-1130\\\/\",\"name\":\"Inclusive Cities and Regions \u2013 Territoires inclusifs \u2013 22-24 April 2024 - ECTP-CEU\",\"isPartOf\":{\"@id\":\"https:\\\/\\\/ectp-ceu.eu\\\/#website\"},\"primaryImageOfPage\":{\"@id\":\"https:\\\/\\\/ectp-ceu.eu\\\/news\\\/biennale-2024-call-1130\\\/#primaryimage\"},\"image\":{\"@id\":\"https:\\\/\\\/ectp-ceu.eu\\\/news\\\/biennale-2024-call-1130\\\/#primaryimage\"},\"thumbnailUrl\":\"https:\\\/\\\/ectp-ceu.eu\\\/wp-content\\\/uploads\\\/2023\\\/11\\\/biennale_2024_logo_resh-scaled.png\",\"datePublished\":\"2024-04-22T16:18:28+00:00\",\"dateModified\":\"2024-07-26T09:09:02+00:00\",\"breadcrumb\":{\"@id\":\"https:\\\/\\\/ectp-ceu.eu\\\/news\\\/biennale-2024-call-1130\\\/#breadcrumb\"},\"inLanguage\":\"de\",\"potentialAction\":[{\"@type\":\"ReadAction\",\"target\":[\"https:\\\/\\\/ectp-ceu.eu\\\/news\\\/biennale-2024-call-1130\\\/\"]}]},{\"@type\":\"ImageObject\",\"inLanguage\":\"de\",\"@id\":\"https:\\\/\\\/ectp-ceu.eu\\\/news\\\/biennale-2024-call-1130\\\/#primaryimage\",\"url\":\"https:\\\/\\\/ectp-ceu.eu\\\/wp-content\\\/uploads\\\/2023\\\/11\\\/biennale_2024_logo_resh-scaled.png\",\"contentUrl\":\"https:\\\/\\\/ectp-ceu.eu\\\/wp-content\\\/uploads\\\/2023\\\/11\\\/biennale_2024_logo_resh-scaled.png\",\"width\":2560,\"height\":2073,\"caption\":\"Logo of the 2024 Biennale\"},{\"@type\":\"BreadcrumbList\",\"@id\":\"https:\\\/\\\/ectp-ceu.eu\\\/news\\\/biennale-2024-call-1130\\\/#breadcrumb\",\"itemListElement\":[{\"@type\":\"ListItem\",\"position\":1,\"name\":\"HOME\",\"item\":\"https:\\\/\\\/ectp-ceu.eu\\\/\"},{\"@type\":\"ListItem\",\"position\":2,\"name\":\"News\",\"item\":\"https:\\\/\\\/ectp-ceu.eu\\\/category\\\/news\\\/\"},{\"@type\":\"ListItem\",\"position\":3,\"name\":\"Inclusive Cities and Regions \u2013 Territoires inclusifs \u2013 22-24 April 2024\"}]},{\"@type\":\"WebSite\",\"@id\":\"https:\\\/\\\/ectp-ceu.eu\\\/#website\",\"url\":\"https:\\\/\\\/ectp-ceu.eu\\\/\",\"name\":\"ECTP-CEU\",\"description\":\"European Council of Spatial Planners \u2013 Conseil Europ\u00e9en des Urbanistes\",\"publisher\":{\"@id\":\"https:\\\/\\\/ectp-ceu.eu\\\/#organization\"},\"potentialAction\":[{\"@type\":\"SearchAction\",\"target\":{\"@type\":\"EntryPoint\",\"urlTemplate\":\"https:\\\/\\\/ectp-ceu.eu\\\/?s={search_term_string}\"},\"query-input\":{\"@type\":\"PropertyValueSpecification\",\"valueRequired\":true,\"valueName\":\"search_term_string\"}}],\"inLanguage\":\"de\"},{\"@type\":\"Organization\",\"@id\":\"https:\\\/\\\/ectp-ceu.eu\\\/#organization\",\"name\":\"ECTP-CEU\",\"url\":\"https:\\\/\\\/ectp-ceu.eu\\\/\",\"logo\":{\"@type\":\"ImageObject\",\"inLanguage\":\"de\",\"@id\":\"https:\\\/\\\/ectp-ceu.eu\\\/#\\\/schema\\\/logo\\\/image\\\/\",\"url\":\"https:\\\/\\\/ectp-ceu.eu\\\/wp-content\\\/uploads\\\/2024\\\/07\\\/cropped-1392117979K7cUN6za2Hw29SX4.jpeg\",\"contentUrl\":\"https:\\\/\\\/ectp-ceu.eu\\\/wp-content\\\/uploads\\\/2024\\\/07\\\/cropped-1392117979K7cUN6za2Hw29SX4.jpeg\",\"width\":928,\"height\":328,\"caption\":\"ECTP-CEU\"},\"image\":{\"@id\":\"https:\\\/\\\/ectp-ceu.eu\\\/#\\\/schema\\\/logo\\\/image\\\/\"}},{\"@type\":\"Person\",\"@id\":\"https:\\\/\\\/ectp-ceu.eu\\\/#\\\/schema\\\/person\\\/8bf89ed875f5ab3f3b35e54d7c3f816f\",\"name\":\"dev\",\"image\":{\"@type\":\"ImageObject\",\"inLanguage\":\"de\",\"@id\":\"https:\\\/\\\/secure.gravatar.com\\\/avatar\\\/f1ffcac9ca2fa95ad3ec33e9be3ade82f752acb0cabe541e56c5889225afa88a?s=96&d=mm&r=g\",\"url\":\"https:\\\/\\\/secure.gravatar.com\\\/avatar\\\/f1ffcac9ca2fa95ad3ec33e9be3ade82f752acb0cabe541e56c5889225afa88a?s=96&d=mm&r=g\",\"contentUrl\":\"https:\\\/\\\/secure.gravatar.com\\\/avatar\\\/f1ffcac9ca2fa95ad3ec33e9be3ade82f752acb0cabe541e56c5889225afa88a?s=96&d=mm&r=g\",\"caption\":\"dev\"},\"sameAs\":[\"https:\\\/\\\/ectp-ceu.eu\"],\"url\":\"https:\\\/\\\/ectp-ceu.eu\\\/de\\\/author\\\/dev\\\/\"}]}<\/script>\n<!-- \/ Yoast SEO plugin. -->","yoast_head_json":{"title":"Inclusive Cities and Regions \u2013 Territoires inclusifs \u2013 22-24 April 2024 - ECTP-CEU","robots":{"index":"index","follow":"follow","max-snippet":"max-snippet:-1","max-image-preview":"max-image-preview:large","max-video-preview":"max-video-preview:-1"},"canonical":"https:\/\/ectp-ceu.eu\/de\/news\/biennale-2024-call-1130\/","og_locale":"de_DE","og_type":"article","og_title":"Inclusive Cities and Regions \u2013 Territoires inclusifs \u2013 22-24 April 2024 - ECTP-CEU","og_description":"14th Biennale of European Towns and Town Planners in Naples, Italy The Call for Projects and the draft programme have been published by INU (Italian National Institute of Urbanistics), an ECTP-CEU member and main co-organiser of this year&#8217;s edition of the Biennale, which is also the first one after the pandemic. The previous Biennale was [&hellip;]","og_url":"https:\/\/ectp-ceu.eu\/de\/news\/biennale-2024-call-1130\/","og_site_name":"ECTP-CEU","article_published_time":"2024-04-22T16:18:28+00:00","article_modified_time":"2024-07-26T09:09:02+00:00","og_image":[{"width":1024,"height":829,"url":"https:\/\/ectp-ceu.eu\/wp-content\/uploads\/2023\/11\/biennale_2024_logo_resh-1024x829.png","type":"image\/png"}],"author":"dev","twitter_card":"summary_large_image","twitter_misc":{"Verfasst von":"dev","Gesch\u00e4tzte Lesezeit":"2\u00a0Minuten"},"schema":{"@context":"https:\/\/schema.org","@graph":[{"@type":"Article","@id":"https:\/\/ectp-ceu.eu\/news\/biennale-2024-call-1130\/#article","isPartOf":{"@id":"https:\/\/ectp-ceu.eu\/news\/biennale-2024-call-1130\/"},"author":{"name":"dev","@id":"https:\/\/ectp-ceu.eu\/#\/schema\/person\/8bf89ed875f5ab3f3b35e54d7c3f816f"},"headline":"Inclusive Cities and Regions \u2013 Territoires inclusifs \u2013 22-24 April 2024","datePublished":"2024-04-22T16:18:28+00:00","dateModified":"2024-07-26T09:09:02+00:00","mainEntityOfPage":{"@id":"https:\/\/ectp-ceu.eu\/news\/biennale-2024-call-1130\/"},"wordCount":477,"publisher":{"@id":"https:\/\/ectp-ceu.eu\/#organization"},"image":{"@id":"https:\/\/ectp-ceu.eu\/news\/biennale-2024-call-1130\/#primaryimage"},"thumbnailUrl":"https:\/\/ectp-ceu.eu\/wp-content\/uploads\/2023\/11\/biennale_2024_logo_resh-scaled.png","articleSection":["News","Young Planners"],"inLanguage":"de"},{"@type":"WebPage","@id":"https:\/\/ectp-ceu.eu\/news\/biennale-2024-call-1130\/","url":"https:\/\/ectp-ceu.eu\/news\/biennale-2024-call-1130\/","name":"Inclusive Cities and Regions \u2013 Territoires inclusifs \u2013 22-24 April 2024 - ECTP-CEU","isPartOf":{"@id":"https:\/\/ectp-ceu.eu\/#website"},"primaryImageOfPage":{"@id":"https:\/\/ectp-ceu.eu\/news\/biennale-2024-call-1130\/#primaryimage"},"image":{"@id":"https:\/\/ectp-ceu.eu\/news\/biennale-2024-call-1130\/#primaryimage"},"thumbnailUrl":"https:\/\/ectp-ceu.eu\/wp-content\/uploads\/2023\/11\/biennale_2024_logo_resh-scaled.png","datePublished":"2024-04-22T16:18:28+00:00","dateModified":"2024-07-26T09:09:02+00:00","breadcrumb":{"@id":"https:\/\/ectp-ceu.eu\/news\/biennale-2024-call-1130\/#breadcrumb"},"inLanguage":"de","potentialAction":[{"@type":"ReadAction","target":["https:\/\/ectp-ceu.eu\/news\/biennale-2024-call-1130\/"]}]},{"@type":"ImageObject","inLanguage":"de","@id":"https:\/\/ectp-ceu.eu\/news\/biennale-2024-call-1130\/#primaryimage","url":"https:\/\/ectp-ceu.eu\/wp-content\/uploads\/2023\/11\/biennale_2024_logo_resh-scaled.png","contentUrl":"https:\/\/ectp-ceu.eu\/wp-content\/uploads\/2023\/11\/biennale_2024_logo_resh-scaled.png","width":2560,"height":2073,"caption":"Logo of the 2024 Biennale"},{"@type":"BreadcrumbList","@id":"https:\/\/ectp-ceu.eu\/news\/biennale-2024-call-1130\/#breadcrumb","itemListElement":[{"@type":"ListItem","position":1,"name":"HOME","item":"https:\/\/ectp-ceu.eu\/"},{"@type":"ListItem","position":2,"name":"News","item":"https:\/\/ectp-ceu.eu\/category\/news\/"},{"@type":"ListItem","position":3,"name":"Inclusive Cities and Regions \u2013 Territoires inclusifs \u2013 22-24 April 2024"}]},{"@type":"WebSite","@id":"https:\/\/ectp-ceu.eu\/#website","url":"https:\/\/ectp-ceu.eu\/","name":"ECTP-CEU","description":"European Council of Spatial Planners \u2013 Conseil Europ\u00e9en des Urbanistes","publisher":{"@id":"https:\/\/ectp-ceu.eu\/#organization"},"potentialAction":[{"@type":"SearchAction","target":{"@type":"EntryPoint","urlTemplate":"https:\/\/ectp-ceu.eu\/?s={search_term_string}"},"query-input":{"@type":"PropertyValueSpecification","valueRequired":true,"valueName":"search_term_string"}}],"inLanguage":"de"},{"@type":"Organization","@id":"https:\/\/ectp-ceu.eu\/#organization","name":"ECTP-CEU","url":"https:\/\/ectp-ceu.eu\/","logo":{"@type":"ImageObject","inLanguage":"de","@id":"https:\/\/ectp-ceu.eu\/#\/schema\/logo\/image\/","url":"https:\/\/ectp-ceu.eu\/wp-content\/uploads\/2024\/07\/cropped-1392117979K7cUN6za2Hw29SX4.jpeg","contentUrl":"https:\/\/ectp-ceu.eu\/wp-content\/uploads\/2024\/07\/cropped-1392117979K7cUN6za2Hw29SX4.jpeg","width":928,"height":328,"caption":"ECTP-CEU"},"image":{"@id":"https:\/\/ectp-ceu.eu\/#\/schema\/logo\/image\/"}},{"@type":"Person","@id":"https:\/\/ectp-ceu.eu\/#\/schema\/person\/8bf89ed875f5ab3f3b35e54d7c3f816f","name":"dev","image":{"@type":"ImageObject","inLanguage":"de","@id":"https:\/\/secure.gravatar.com\/avatar\/f1ffcac9ca2fa95ad3ec33e9be3ade82f752acb0cabe541e56c5889225afa88a?s=96&d=mm&r=g","url":"https:\/\/secure.gravatar.com\/avatar\/f1ffcac9ca2fa95ad3ec33e9be3ade82f752acb0cabe541e56c5889225afa88a?s=96&d=mm&r=g","contentUrl":"https:\/\/secure.gravatar.com\/avatar\/f1ffcac9ca2fa95ad3ec33e9be3ade82f752acb0cabe541e56c5889225afa88a?s=96&d=mm&r=g","caption":"dev"},"sameAs":["https:\/\/ectp-ceu.eu"],"url":"https:\/\/ectp-ceu.eu\/de\/author\/dev\/"}]}},"_links":{"self":[{"href":"https:\/\/ectp-ceu.eu\/de\/wp-json\/wp\/v2\/posts\/3070","targetHints":{"allow":["GET"]}}],"collection":[{"href":"https:\/\/ectp-ceu.eu\/de\/wp-json\/wp\/v2\/posts"}],"about":[{"href":"https:\/\/ectp-ceu.eu\/de\/wp-json\/wp\/v2\/types\/post"}],"author":[{"embeddable":true,"href":"https:\/\/ectp-ceu.eu\/de\/wp-json\/wp\/v2\/users\/1"}],"replies":[{"embeddable":true,"href":"https:\/\/ectp-ceu.eu\/de\/wp-json\/wp\/v2\/comments?post=3070"}],"version-history":[{"count":1,"href":"https:\/\/ectp-ceu.eu\/de\/wp-json\/wp\/v2\/posts\/3070\/revisions"}],"predecessor-version":[{"id":3229,"href":"https:\/\/ectp-ceu.eu\/de\/wp-json\/wp\/v2\/posts\/3070\/revisions\/3229"}],"wp:featuredmedia":[{"embeddable":true,"href":"https:\/\/ectp-ceu.eu\/de\/wp-json\/wp\/v2\/media\/3022"}],"wp:attachment":[{"href":"https:\/\/ectp-ceu.eu\/de\/wp-json\/wp\/v2\/media?parent=3070"}],"wp:term":[{"taxonomy":"category","embeddable":true,"href":"https:\/\/ectp-ceu.eu\/de\/wp-json\/wp\/v2\/categories?post=3070"},{"taxonomy":"post_tag","embeddable":true,"href":"https:\/\/ectp-ceu.eu\/de\/wp-json\/wp\/v2\/tags?post=3070"}],"curies":[{"name":"wp","href":"https:\/\/api.w.org\/{rel}","templated":true}]}}