{"id":3762,"date":"2016-04-25T16:19:25","date_gmt":"2016-04-25T14:19:25","guid":{"rendered":"https:\/\/ectp-ceu.eu\/?p=3762"},"modified":"2025-07-21T19:26:06","modified_gmt":"2025-07-21T17:26:06","slug":"signature-of-the-european-charter-on-participatory-democracy-by-the-minister-president-of-the-government-of-the-brussels-capital-region-mr-rudi-vervoort","status":"publish","type":"post","link":"https:\/\/ectp-ceu.eu\/de\/news\/signature-of-the-european-charter-on-participatory-democracy-by-the-minister-president-of-the-government-of-the-brussels-capital-region-mr-rudi-vervoort\/","title":{"rendered":"Signature of the European Charter on Participatory Democracy by the Minister-President of the Government of the Brussels-Capital Region Mr Rudi Vervoort"},"content":{"rendered":"<div data-uk-grid-match=\"\">\n<div>\n<article>\n<div>\n<div>\n<h2>European Charter on Participatory Democracy<\/h2>\n<p>ECTP-CEU is proud to announce the signature of the\u00a0European Charter on Participatory Democracy by the Minister-President of the Government of the Brussels-Capital Region Mr Rudi Vervoort.<\/p>\n<p><img fetchpriority=\"high\" decoding=\"async\" src=\"https:\/\/ectp-ceu.eu\/images\/_MG_0172.jpg\" alt=\" MG 0172\" width=\"400\" height=\"400\" \/><\/p>\n<p><em>The European Charter on Participatory Democracy was signed by the Minister-President of the Government of the Brussels-Capital Region Mr Rudi Vervoort, in Brussels, on April 29th 2016.<\/em><\/p>\n<p><em>La Charte de la d\u00e9mocratie participative dans les processus d\u2019am\u00e9nagement du territoire a \u00e9t\u00e9 sign\u00e9e par Mr Rudi Vervoort, Ministre-Pr\u00e9sident de la R\u00e9gion de Bruxelles-Capitale le 29 Avril 2016 \u00e0 Bruxelles.<\/em><\/p>\n<\/div>\n<\/div>\n<\/article>\n<\/div>\n<\/div>\n<section data-uk-grid-match=\"{target:'&gt; div &gt; .uk-panel'}\"><\/section>","protected":false},"excerpt":{"rendered":"<p>European Charter on Participatory Democracy ECTP-CEU is proud to announce the signature of the\u00a0European Charter on Participatory Democracy by the Minister-President of the Government of the Brussels-Capital Region Mr Rudi Vervoort. The European Charter on Participatory Democracy was signed by the Minister-President of the Government of the Brussels-Capital Region Mr Rudi Vervoort, in Brussels, on [&hellip;]<\/p>\n","protected":false},"author":1,"featured_media":0,"comment_status":"closed","ping_status":"open","sticky":false,"template":"","format":"standard","meta":{"_acf_changed":false,"inline_featured_image":false,"footnotes":""},"categories":[47,6],"tags":[],"class_list":["post-3762","post","type-post","status-publish","format-standard","hentry","category-ectp-ceu","category-news"],"acf":[],"yoast_head":"<!-- This site is optimized with the Yoast SEO plugin v27.5 - https:\/\/yoast.com\/product\/yoast-seo-wordpress\/ -->\n<title>Signature of the European Charter on Participatory Democracy by the Minister-President of the Government of the Brussels-Capital Region Mr Rudi Vervoort - ECTP-CEU<\/title>\n<meta name=\"robots\" content=\"index, follow, max-snippet:-1, max-image-preview:large, max-video-preview:-1\" \/>\n<link rel=\"canonical\" href=\"https:\/\/ectp-ceu.eu\/de\/news\/signature-of-the-european-charter-on-participatory-democracy-by-the-minister-president-of-the-government-of-the-brussels-capital-region-mr-rudi-vervoort\/\" \/>\n<meta property=\"og:locale\" content=\"de_DE\" \/>\n<meta property=\"og:type\" content=\"article\" \/>\n<meta property=\"og:title\" content=\"Signature of the European Charter on Participatory Democracy by the Minister-President of the Government of the Brussels-Capital Region Mr Rudi Vervoort - ECTP-CEU\" \/>\n<meta property=\"og:description\" content=\"European Charter on Participatory Democracy ECTP-CEU is proud to announce the signature of the\u00a0European Charter on Participatory Democracy by the Minister-President of the Government of the Brussels-Capital Region Mr Rudi Vervoort. The European Charter on Participatory Democracy was signed by the Minister-President of the Government of the Brussels-Capital Region Mr Rudi Vervoort, in Brussels, on [&hellip;]\" \/>\n<meta property=\"og:url\" content=\"https:\/\/ectp-ceu.eu\/de\/news\/signature-of-the-european-charter-on-participatory-democracy-by-the-minister-president-of-the-government-of-the-brussels-capital-region-mr-rudi-vervoort\/\" \/>\n<meta property=\"og:site_name\" content=\"ECTP-CEU\" \/>\n<meta property=\"article:published_time\" content=\"2016-04-25T14:19:25+00:00\" \/>\n<meta property=\"article:modified_time\" content=\"2025-07-21T17:26:06+00:00\" \/>\n<meta property=\"og:image\" content=\"https:\/\/ectp-ceu.eu\/images\/_MG_0172.jpg\" \/>\n<meta name=\"author\" content=\"dev\" \/>\n<meta name=\"twitter:card\" content=\"summary_large_image\" \/>\n<meta name=\"twitter:label1\" content=\"Verfasst von\" \/>\n\t<meta name=\"twitter:data1\" content=\"dev\" \/>\n<script type=\"application\/ld+json\" class=\"yoast-schema-graph\">{\"@context\":\"https:\\\/\\\/schema.org\",\"@graph\":[{\"@type\":\"Article\",\"@id\":\"https:\\\/\\\/ectp-ceu.eu\\\/news\\\/signature-of-the-european-charter-on-participatory-democracy-by-the-minister-president-of-the-government-of-the-brussels-capital-region-mr-rudi-vervoort\\\/#article\",\"isPartOf\":{\"@id\":\"https:\\\/\\\/ectp-ceu.eu\\\/news\\\/signature-of-the-european-charter-on-participatory-democracy-by-the-minister-president-of-the-government-of-the-brussels-capital-region-mr-rudi-vervoort\\\/\"},\"author\":{\"name\":\"dev\",\"@id\":\"https:\\\/\\\/ectp-ceu.eu\\\/#\\\/schema\\\/person\\\/8bf89ed875f5ab3f3b35e54d7c3f816f\"},\"headline\":\"Signature of the European Charter on Participatory Democracy by the Minister-President of the Government of the Brussels-Capital Region Mr Rudi Vervoort\",\"datePublished\":\"2016-04-25T14:19:25+00:00\",\"dateModified\":\"2025-07-21T17:26:06+00:00\",\"mainEntityOfPage\":{\"@id\":\"https:\\\/\\\/ectp-ceu.eu\\\/news\\\/signature-of-the-european-charter-on-participatory-democracy-by-the-minister-president-of-the-government-of-the-brussels-capital-region-mr-rudi-vervoort\\\/\"},\"wordCount\":113,\"publisher\":{\"@id\":\"https:\\\/\\\/ectp-ceu.eu\\\/#organization\"},\"image\":{\"@id\":\"https:\\\/\\\/ectp-ceu.eu\\\/news\\\/signature-of-the-european-charter-on-participatory-democracy-by-the-minister-president-of-the-government-of-the-brussels-capital-region-mr-rudi-vervoort\\\/#primaryimage\"},\"thumbnailUrl\":\"https:\\\/\\\/ectp-ceu.eu\\\/images\\\/_MG_0172.jpg\",\"articleSection\":[\"ECTP-CEU\",\"News\"],\"inLanguage\":\"de\"},{\"@type\":\"WebPage\",\"@id\":\"https:\\\/\\\/ectp-ceu.eu\\\/news\\\/signature-of-the-european-charter-on-participatory-democracy-by-the-minister-president-of-the-government-of-the-brussels-capital-region-mr-rudi-vervoort\\\/\",\"url\":\"https:\\\/\\\/ectp-ceu.eu\\\/news\\\/signature-of-the-european-charter-on-participatory-democracy-by-the-minister-president-of-the-government-of-the-brussels-capital-region-mr-rudi-vervoort\\\/\",\"name\":\"Signature of the European Charter on Participatory Democracy by the Minister-President of the Government of the Brussels-Capital Region Mr Rudi Vervoort - ECTP-CEU\",\"isPartOf\":{\"@id\":\"https:\\\/\\\/ectp-ceu.eu\\\/#website\"},\"primaryImageOfPage\":{\"@id\":\"https:\\\/\\\/ectp-ceu.eu\\\/news\\\/signature-of-the-european-charter-on-participatory-democracy-by-the-minister-president-of-the-government-of-the-brussels-capital-region-mr-rudi-vervoort\\\/#primaryimage\"},\"image\":{\"@id\":\"https:\\\/\\\/ectp-ceu.eu\\\/news\\\/signature-of-the-european-charter-on-participatory-democracy-by-the-minister-president-of-the-government-of-the-brussels-capital-region-mr-rudi-vervoort\\\/#primaryimage\"},\"thumbnailUrl\":\"https:\\\/\\\/ectp-ceu.eu\\\/images\\\/_MG_0172.jpg\",\"datePublished\":\"2016-04-25T14:19:25+00:00\",\"dateModified\":\"2025-07-21T17:26:06+00:00\",\"breadcrumb\":{\"@id\":\"https:\\\/\\\/ectp-ceu.eu\\\/news\\\/signature-of-the-european-charter-on-participatory-democracy-by-the-minister-president-of-the-government-of-the-brussels-capital-region-mr-rudi-vervoort\\\/#breadcrumb\"},\"inLanguage\":\"de\",\"potentialAction\":[{\"@type\":\"ReadAction\",\"target\":[\"https:\\\/\\\/ectp-ceu.eu\\\/news\\\/signature-of-the-european-charter-on-participatory-democracy-by-the-minister-president-of-the-government-of-the-brussels-capital-region-mr-rudi-vervoort\\\/\"]}]},{\"@type\":\"ImageObject\",\"inLanguage\":\"de\",\"@id\":\"https:\\\/\\\/ectp-ceu.eu\\\/news\\\/signature-of-the-european-charter-on-participatory-democracy-by-the-minister-president-of-the-government-of-the-brussels-capital-region-mr-rudi-vervoort\\\/#primaryimage\",\"url\":\"https:\\\/\\\/ectp-ceu.eu\\\/images\\\/_MG_0172.jpg\",\"contentUrl\":\"https:\\\/\\\/ectp-ceu.eu\\\/images\\\/_MG_0172.jpg\"},{\"@type\":\"BreadcrumbList\",\"@id\":\"https:\\\/\\\/ectp-ceu.eu\\\/news\\\/signature-of-the-european-charter-on-participatory-democracy-by-the-minister-president-of-the-government-of-the-brussels-capital-region-mr-rudi-vervoort\\\/#breadcrumb\",\"itemListElement\":[{\"@type\":\"ListItem\",\"position\":1,\"name\":\"HOME\",\"item\":\"https:\\\/\\\/ectp-ceu.eu\\\/\"},{\"@type\":\"ListItem\",\"position\":2,\"name\":\"News\",\"item\":\"https:\\\/\\\/ectp-ceu.eu\\\/category\\\/news\\\/\"},{\"@type\":\"ListItem\",\"position\":3,\"name\":\"ECTP-CEU\",\"item\":\"https:\\\/\\\/ectp-ceu.eu\\\/category\\\/news\\\/ectp-ceu\\\/\"},{\"@type\":\"ListItem\",\"position\":4,\"name\":\"Signature of the European Charter on Participatory Democracy by the Minister-President of the Government of the Brussels-Capital Region Mr Rudi Vervoort\"}]},{\"@type\":\"WebSite\",\"@id\":\"https:\\\/\\\/ectp-ceu.eu\\\/#website\",\"url\":\"https:\\\/\\\/ectp-ceu.eu\\\/\",\"name\":\"ECTP-CEU\",\"description\":\"European Council of Spatial Planners \u2013 Conseil Europ\u00e9en des Urbanistes\",\"publisher\":{\"@id\":\"https:\\\/\\\/ectp-ceu.eu\\\/#organization\"},\"potentialAction\":[{\"@type\":\"SearchAction\",\"target\":{\"@type\":\"EntryPoint\",\"urlTemplate\":\"https:\\\/\\\/ectp-ceu.eu\\\/?s={search_term_string}\"},\"query-input\":{\"@type\":\"PropertyValueSpecification\",\"valueRequired\":true,\"valueName\":\"search_term_string\"}}],\"inLanguage\":\"de\"},{\"@type\":\"Organization\",\"@id\":\"https:\\\/\\\/ectp-ceu.eu\\\/#organization\",\"name\":\"ECTP-CEU\",\"url\":\"https:\\\/\\\/ectp-ceu.eu\\\/\",\"logo\":{\"@type\":\"ImageObject\",\"inLanguage\":\"de\",\"@id\":\"https:\\\/\\\/ectp-ceu.eu\\\/#\\\/schema\\\/logo\\\/image\\\/\",\"url\":\"https:\\\/\\\/ectp-ceu.eu\\\/wp-content\\\/uploads\\\/2024\\\/07\\\/cropped-1392117979K7cUN6za2Hw29SX4.jpeg\",\"contentUrl\":\"https:\\\/\\\/ectp-ceu.eu\\\/wp-content\\\/uploads\\\/2024\\\/07\\\/cropped-1392117979K7cUN6za2Hw29SX4.jpeg\",\"width\":928,\"height\":328,\"caption\":\"ECTP-CEU\"},\"image\":{\"@id\":\"https:\\\/\\\/ectp-ceu.eu\\\/#\\\/schema\\\/logo\\\/image\\\/\"}},{\"@type\":\"Person\",\"@id\":\"https:\\\/\\\/ectp-ceu.eu\\\/#\\\/schema\\\/person\\\/8bf89ed875f5ab3f3b35e54d7c3f816f\",\"name\":\"dev\",\"image\":{\"@type\":\"ImageObject\",\"inLanguage\":\"de\",\"@id\":\"https:\\\/\\\/secure.gravatar.com\\\/avatar\\\/f1ffcac9ca2fa95ad3ec33e9be3ade82f752acb0cabe541e56c5889225afa88a?s=96&d=mm&r=g\",\"url\":\"https:\\\/\\\/secure.gravatar.com\\\/avatar\\\/f1ffcac9ca2fa95ad3ec33e9be3ade82f752acb0cabe541e56c5889225afa88a?s=96&d=mm&r=g\",\"contentUrl\":\"https:\\\/\\\/secure.gravatar.com\\\/avatar\\\/f1ffcac9ca2fa95ad3ec33e9be3ade82f752acb0cabe541e56c5889225afa88a?s=96&d=mm&r=g\",\"caption\":\"dev\"},\"sameAs\":[\"https:\\\/\\\/ectp-ceu.eu\"],\"url\":\"https:\\\/\\\/ectp-ceu.eu\\\/de\\\/author\\\/dev\\\/\"}]}<\/script>\n<!-- \/ Yoast SEO plugin. -->","yoast_head_json":{"title":"Signature of the European Charter on Participatory Democracy by the Minister-President of the Government of the Brussels-Capital Region Mr Rudi Vervoort - ECTP-CEU","robots":{"index":"index","follow":"follow","max-snippet":"max-snippet:-1","max-image-preview":"max-image-preview:large","max-video-preview":"max-video-preview:-1"},"canonical":"https:\/\/ectp-ceu.eu\/de\/news\/signature-of-the-european-charter-on-participatory-democracy-by-the-minister-president-of-the-government-of-the-brussels-capital-region-mr-rudi-vervoort\/","og_locale":"de_DE","og_type":"article","og_title":"Signature of the European Charter on Participatory Democracy by the Minister-President of the Government of the Brussels-Capital Region Mr Rudi Vervoort - ECTP-CEU","og_description":"European Charter on Participatory Democracy ECTP-CEU is proud to announce the signature of the\u00a0European Charter on Participatory Democracy by the Minister-President of the Government of the Brussels-Capital Region Mr Rudi Vervoort. The European Charter on Participatory Democracy was signed by the Minister-President of the Government of the Brussels-Capital Region Mr Rudi Vervoort, in Brussels, on [&hellip;]","og_url":"https:\/\/ectp-ceu.eu\/de\/news\/signature-of-the-european-charter-on-participatory-democracy-by-the-minister-president-of-the-government-of-the-brussels-capital-region-mr-rudi-vervoort\/","og_site_name":"ECTP-CEU","article_published_time":"2016-04-25T14:19:25+00:00","article_modified_time":"2025-07-21T17:26:06+00:00","og_image":[{"url":"https:\/\/ectp-ceu.eu\/images\/_MG_0172.jpg","type":"","width":"","height":""}],"author":"dev","twitter_card":"summary_large_image","twitter_misc":{"Verfasst von":"dev"},"schema":{"@context":"https:\/\/schema.org","@graph":[{"@type":"Article","@id":"https:\/\/ectp-ceu.eu\/news\/signature-of-the-european-charter-on-participatory-democracy-by-the-minister-president-of-the-government-of-the-brussels-capital-region-mr-rudi-vervoort\/#article","isPartOf":{"@id":"https:\/\/ectp-ceu.eu\/news\/signature-of-the-european-charter-on-participatory-democracy-by-the-minister-president-of-the-government-of-the-brussels-capital-region-mr-rudi-vervoort\/"},"author":{"name":"dev","@id":"https:\/\/ectp-ceu.eu\/#\/schema\/person\/8bf89ed875f5ab3f3b35e54d7c3f816f"},"headline":"Signature of the European Charter on Participatory Democracy by the Minister-President of the Government of the Brussels-Capital Region Mr Rudi Vervoort","datePublished":"2016-04-25T14:19:25+00:00","dateModified":"2025-07-21T17:26:06+00:00","mainEntityOfPage":{"@id":"https:\/\/ectp-ceu.eu\/news\/signature-of-the-european-charter-on-participatory-democracy-by-the-minister-president-of-the-government-of-the-brussels-capital-region-mr-rudi-vervoort\/"},"wordCount":113,"publisher":{"@id":"https:\/\/ectp-ceu.eu\/#organization"},"image":{"@id":"https:\/\/ectp-ceu.eu\/news\/signature-of-the-european-charter-on-participatory-democracy-by-the-minister-president-of-the-government-of-the-brussels-capital-region-mr-rudi-vervoort\/#primaryimage"},"thumbnailUrl":"https:\/\/ectp-ceu.eu\/images\/_MG_0172.jpg","articleSection":["ECTP-CEU","News"],"inLanguage":"de"},{"@type":"WebPage","@id":"https:\/\/ectp-ceu.eu\/news\/signature-of-the-european-charter-on-participatory-democracy-by-the-minister-president-of-the-government-of-the-brussels-capital-region-mr-rudi-vervoort\/","url":"https:\/\/ectp-ceu.eu\/news\/signature-of-the-european-charter-on-participatory-democracy-by-the-minister-president-of-the-government-of-the-brussels-capital-region-mr-rudi-vervoort\/","name":"Signature of the European Charter on Participatory Democracy by the Minister-President of the Government of the Brussels-Capital Region Mr Rudi Vervoort - ECTP-CEU","isPartOf":{"@id":"https:\/\/ectp-ceu.eu\/#website"},"primaryImageOfPage":{"@id":"https:\/\/ectp-ceu.eu\/news\/signature-of-the-european-charter-on-participatory-democracy-by-the-minister-president-of-the-government-of-the-brussels-capital-region-mr-rudi-vervoort\/#primaryimage"},"image":{"@id":"https:\/\/ectp-ceu.eu\/news\/signature-of-the-european-charter-on-participatory-democracy-by-the-minister-president-of-the-government-of-the-brussels-capital-region-mr-rudi-vervoort\/#primaryimage"},"thumbnailUrl":"https:\/\/ectp-ceu.eu\/images\/_MG_0172.jpg","datePublished":"2016-04-25T14:19:25+00:00","dateModified":"2025-07-21T17:26:06+00:00","breadcrumb":{"@id":"https:\/\/ectp-ceu.eu\/news\/signature-of-the-european-charter-on-participatory-democracy-by-the-minister-president-of-the-government-of-the-brussels-capital-region-mr-rudi-vervoort\/#breadcrumb"},"inLanguage":"de","potentialAction":[{"@type":"ReadAction","target":["https:\/\/ectp-ceu.eu\/news\/signature-of-the-european-charter-on-participatory-democracy-by-the-minister-president-of-the-government-of-the-brussels-capital-region-mr-rudi-vervoort\/"]}]},{"@type":"ImageObject","inLanguage":"de","@id":"https:\/\/ectp-ceu.eu\/news\/signature-of-the-european-charter-on-participatory-democracy-by-the-minister-president-of-the-government-of-the-brussels-capital-region-mr-rudi-vervoort\/#primaryimage","url":"https:\/\/ectp-ceu.eu\/images\/_MG_0172.jpg","contentUrl":"https:\/\/ectp-ceu.eu\/images\/_MG_0172.jpg"},{"@type":"BreadcrumbList","@id":"https:\/\/ectp-ceu.eu\/news\/signature-of-the-european-charter-on-participatory-democracy-by-the-minister-president-of-the-government-of-the-brussels-capital-region-mr-rudi-vervoort\/#breadcrumb","itemListElement":[{"@type":"ListItem","position":1,"name":"HOME","item":"https:\/\/ectp-ceu.eu\/"},{"@type":"ListItem","position":2,"name":"News","item":"https:\/\/ectp-ceu.eu\/category\/news\/"},{"@type":"ListItem","position":3,"name":"ECTP-CEU","item":"https:\/\/ectp-ceu.eu\/category\/news\/ectp-ceu\/"},{"@type":"ListItem","position":4,"name":"Signature of the European Charter on Participatory Democracy by the Minister-President of the Government of the Brussels-Capital Region Mr Rudi Vervoort"}]},{"@type":"WebSite","@id":"https:\/\/ectp-ceu.eu\/#website","url":"https:\/\/ectp-ceu.eu\/","name":"ECTP-CEU","description":"European Council of Spatial Planners \u2013 Conseil Europ\u00e9en des Urbanistes","publisher":{"@id":"https:\/\/ectp-ceu.eu\/#organization"},"potentialAction":[{"@type":"SearchAction","target":{"@type":"EntryPoint","urlTemplate":"https:\/\/ectp-ceu.eu\/?s={search_term_string}"},"query-input":{"@type":"PropertyValueSpecification","valueRequired":true,"valueName":"search_term_string"}}],"inLanguage":"de"},{"@type":"Organization","@id":"https:\/\/ectp-ceu.eu\/#organization","name":"ECTP-CEU","url":"https:\/\/ectp-ceu.eu\/","logo":{"@type":"ImageObject","inLanguage":"de","@id":"https:\/\/ectp-ceu.eu\/#\/schema\/logo\/image\/","url":"https:\/\/ectp-ceu.eu\/wp-content\/uploads\/2024\/07\/cropped-1392117979K7cUN6za2Hw29SX4.jpeg","contentUrl":"https:\/\/ectp-ceu.eu\/wp-content\/uploads\/2024\/07\/cropped-1392117979K7cUN6za2Hw29SX4.jpeg","width":928,"height":328,"caption":"ECTP-CEU"},"image":{"@id":"https:\/\/ectp-ceu.eu\/#\/schema\/logo\/image\/"}},{"@type":"Person","@id":"https:\/\/ectp-ceu.eu\/#\/schema\/person\/8bf89ed875f5ab3f3b35e54d7c3f816f","name":"dev","image":{"@type":"ImageObject","inLanguage":"de","@id":"https:\/\/secure.gravatar.com\/avatar\/f1ffcac9ca2fa95ad3ec33e9be3ade82f752acb0cabe541e56c5889225afa88a?s=96&d=mm&r=g","url":"https:\/\/secure.gravatar.com\/avatar\/f1ffcac9ca2fa95ad3ec33e9be3ade82f752acb0cabe541e56c5889225afa88a?s=96&d=mm&r=g","contentUrl":"https:\/\/secure.gravatar.com\/avatar\/f1ffcac9ca2fa95ad3ec33e9be3ade82f752acb0cabe541e56c5889225afa88a?s=96&d=mm&r=g","caption":"dev"},"sameAs":["https:\/\/ectp-ceu.eu"],"url":"https:\/\/ectp-ceu.eu\/de\/author\/dev\/"}]}},"_links":{"self":[{"href":"https:\/\/ectp-ceu.eu\/de\/wp-json\/wp\/v2\/posts\/3762","targetHints":{"allow":["GET"]}}],"collection":[{"href":"https:\/\/ectp-ceu.eu\/de\/wp-json\/wp\/v2\/posts"}],"about":[{"href":"https:\/\/ectp-ceu.eu\/de\/wp-json\/wp\/v2\/types\/post"}],"author":[{"embeddable":true,"href":"https:\/\/ectp-ceu.eu\/de\/wp-json\/wp\/v2\/users\/1"}],"replies":[{"embeddable":true,"href":"https:\/\/ectp-ceu.eu\/de\/wp-json\/wp\/v2\/comments?post=3762"}],"version-history":[{"count":1,"href":"https:\/\/ectp-ceu.eu\/de\/wp-json\/wp\/v2\/posts\/3762\/revisions"}],"predecessor-version":[{"id":3763,"href":"https:\/\/ectp-ceu.eu\/de\/wp-json\/wp\/v2\/posts\/3762\/revisions\/3763"}],"wp:attachment":[{"href":"https:\/\/ectp-ceu.eu\/de\/wp-json\/wp\/v2\/media?parent=3762"}],"wp:term":[{"taxonomy":"category","embeddable":true,"href":"https:\/\/ectp-ceu.eu\/de\/wp-json\/wp\/v2\/categories?post=3762"},{"taxonomy":"post_tag","embeddable":true,"href":"https:\/\/ectp-ceu.eu\/de\/wp-json\/wp\/v2\/tags?post=3762"}],"curies":[{"name":"wp","href":"https:\/\/api.w.org\/{rel}","templated":true}]}}