{"id":3774,"date":"2016-07-06T16:28:48","date_gmt":"2016-07-06T14:28:48","guid":{"rendered":"https:\/\/ectp-ceu.eu\/?p=3774"},"modified":"2025-07-21T19:26:31","modified_gmt":"2025-07-21T17:26:31","slug":"the-xith-european-urban-and-regional-planning-awards","status":"publish","type":"post","link":"https:\/\/ectp-ceu.eu\/de\/news\/the-xith-european-urban-and-regional-planning-awards\/","title":{"rendered":"Der XI. Europ\u00e4ische Preis f\u00fcr Stadt- und Regionalplanung"},"content":{"rendered":"<h2>Press Release July 6, 2016:<br \/>\nDer XI. Europ\u00e4ische Preis f\u00fcr Stadt- und Regionalplanung<\/h2>\n<p>Die XI. Europ\u00e4ischen Preise f\u00fcr Stadt- und Regionalplanung wurden am 4. Juli 2016 im Ausschuss der Regionen von Raffaele Cattaneo, Pr\u00e4sident des COTER, verliehen.<\/p>\n<p><img fetchpriority=\"high\" decoding=\"async\" src=\"https:\/\/ectp-ceu.eu\/images\/stories\/Event-pics\/awards2016small\/_MG_8039.jpg\" alt=\" MG 8039\" width=\"267\" height=\"400\" \/><\/p>\n<p>Mr Raffaele Cattaneo<\/p>\n<hr \/>\n<p><strong>Drei Siegerprojekte, ihre Planer und ihre St\u00e4dte wurden gefeiert:<\/strong><\/p>\n<p><img decoding=\"async\" src=\"https:\/\/ectp-ceu.eu\/images\/stories\/Event-pics\/awards2016small\/_MG_8055.jpg\" alt=\" MG 8055\" width=\"400\" height=\"266\" \/><br \/>\nEwa Gadomska von der Stadt Olsztyn, Polen, f\u00fcr den integrierten Stadtentwicklungsplan der Stadt, der die Stadterneuerung, die Entwicklung des \u00f6ffentlichen Raums und des architektonischen Erbes, die \u00d6ffnung der Stadt zum Fluss, die Entwicklung der \"sanften\" Mobilit\u00e4t durch den Schutz von Gr\u00fcnfl\u00e4chen und die Eind\u00e4mmung der Zersiedelung zum Inhalt hat.<\/p>\n<hr \/>\n<p><img decoding=\"async\" src=\"https:\/\/ectp-ceu.eu\/images\/stories\/Event-pics\/awards2016small\/_MG_8069.jpg\" alt=\" MG 8069\" width=\"400\" height=\"266\" \/><br \/>\nJan Schollaert von der Stadt Br\u00fcssel in Belgien f\u00fcr die Aufwertung der Fu\u00dfg\u00e4nger- und Fahrradwege im Herzen der Stadt, f\u00fcr die Umnutzung des Boulevard Anspach und die Verbindung von Wohn- und Touristengebieten durch die soziale und \u00f6kologische Aufwertung \u00f6ffentlicher R\u00e4ume.<\/p>\n<hr \/>\n<p><img loading=\"lazy\" decoding=\"async\" src=\"https:\/\/ectp-ceu.eu\/images\/stories\/Event-pics\/awards2016small\/_MG_8093.jpg\" alt=\" MG 8093\" width=\"400\" height=\"266\" \/><br \/>\nEmmanuel Masseli\u00e8re vom Gro\u00dfraum Roissy in Frankreich f\u00fcr die Umsetzung eines strategischen Plans f\u00fcr den Gro\u00dfraum Roissy und das Engagement f\u00fcr eine Governance, die die Identit\u00e4t dieses gro\u00dfen Gebiets um sein Herzst\u00fcck, den Flughafen Charles de Gaulle, aufbaut. Der Strategieplan ber\u00fccksichtigt die Eigentumsverh\u00e4ltnisse, die Dynamik und die Vorteile des Flughafenkomplexes, um das Lebensumfeld f\u00fcr die Bewohner und die Reisenden, die Paris besuchen, neu zu definieren.<\/p>\n<hr \/>\n<p><strong>Eine besondere Erw\u00e4hnung wurde verliehen an:<\/strong><\/p>\n<p><img loading=\"lazy\" decoding=\"async\" src=\"https:\/\/ectp-ceu.eu\/images\/stories\/Event-pics\/awards2016small\/_MG_8117.jpg\" alt=\" MG 8117\" width=\"400\" height=\"266\" \/><br \/>\nJonathan Bell von der Stadt Plymouth f\u00fcr die Umsetzung des Plans von Plymouth, der in einem Prozess der Konsultation und sehr dynamischen, innovativen B\u00fcrgerbeteiligung entwickelt wurde.<\/p>\n<hr \/>\n<p><strong>Die Jury des XI. Europ\u00e4ischen Preises f\u00fcr Stadt- und Regionalplanung setzt sich zusammen aus:<\/strong><\/p>\n<ul>\n<li>Vorsitzender der Jury: Petter Wiberg, ECTP und FKP Norwegen, Direktor f\u00fcr Planungsdienste und Bauwesen der Stadt Bergen, Norwegen<\/li>\n<li>Hella Dunger-L\u00f6per, gew\u00e4hlte Bevollm\u00e4chtigte des Landes Berlin f\u00fcr Bundes- und Europaangelegenheiten, Vertreterin des Ausschusses der Regionen und der Fachkommission f\u00fcr Koh\u00e4sionspolitik, Deutschland<\/li>\n<li>Nourian Pirouz, Dozent und Forscher f\u00fcr Stadtplanung an der TU Delft, Fakult\u00e4t f\u00fcr Architektur und gebaute Umwelt, Niederlande<\/li>\n<li>Isabel Girault, Generaldirektorin des Planungsamtes der Republik und des Kantons Genf, Schweiz<\/li>\n<li>Christof Marx, Senior Project, Exekutivagentur f\u00fcr kleine und mittlere Unternehmen - Europ\u00e4ische Kommission, Belgien<\/li>\n<li>Dominique Lancrenon, Generalsekret\u00e4r der ECTP-CEU, Frankreich, Technischer Direktor Planung Antea Group<\/li>\n<\/ul>\n<p>Der ECTP-CEU, Europ\u00e4ischer Rat der Stadtplaner, organisiert seit 22 Jahren alle 2 Jahre die Europ\u00e4ischen Preise f\u00fcr Stadt- und Regionalplanung, und zum 3. Mal, ausgerichtet vom Ausschuss der Regionen<\/p>\n<p><a href=\"https:\/\/ectp-ceu.eu\/de\/archives\/en\/awards\/16-non-categorise\/18-planning-awards.html\/\">More info here<\/a><\/p>","protected":false},"excerpt":{"rendered":"<p>Press Release July 6, 2016: The XIth European Urban and Regional Planning Awards The XIth European Urban and Regional Planning Awards were presented by Mr Raffaele Cattaneo, President of the COTER at the Committee of the Regions on July 4th 2016. Mr Raffaele Cattaneo Three winning projects, their planners and their cities were celebrated: Ewa [&hellip;]<\/p>\n","protected":false},"author":1,"featured_media":3775,"comment_status":"closed","ping_status":"open","sticky":false,"template":"","format":"standard","meta":{"_acf_changed":false,"inline_featured_image":false,"footnotes":""},"categories":[38,47,6],"tags":[],"class_list":["post-3774","post","type-post","status-publish","format-standard","has-post-thumbnail","hentry","category-awards","category-ectp-ceu","category-news"],"acf":[],"yoast_head":"<!-- This site is optimized with the Yoast SEO plugin v27.5 - https:\/\/yoast.com\/product\/yoast-seo-wordpress\/ -->\n<title>The XIth European Urban and Regional Planning Awards - ECTP-CEU<\/title>\n<meta name=\"robots\" content=\"index, follow, max-snippet:-1, max-image-preview:large, max-video-preview:-1\" \/>\n<link rel=\"canonical\" href=\"https:\/\/ectp-ceu.eu\/de\/news\/the-xith-european-urban-and-regional-planning-awards\/\" \/>\n<meta property=\"og:locale\" content=\"de_DE\" \/>\n<meta property=\"og:type\" content=\"article\" \/>\n<meta property=\"og:title\" content=\"The XIth European Urban and Regional Planning Awards - ECTP-CEU\" \/>\n<meta property=\"og:description\" content=\"Press Release July 6, 2016: The XIth European Urban and Regional Planning Awards The XIth European Urban and Regional Planning Awards were presented by Mr Raffaele Cattaneo, President of the COTER at the Committee of the Regions on July 4th 2016. Mr Raffaele Cattaneo Three winning projects, their planners and their cities were celebrated: Ewa [&hellip;]\" \/>\n<meta property=\"og:url\" content=\"https:\/\/ectp-ceu.eu\/de\/news\/the-xith-european-urban-and-regional-planning-awards\/\" \/>\n<meta property=\"og:site_name\" content=\"ECTP-CEU\" \/>\n<meta property=\"article:published_time\" content=\"2016-07-06T14:28:48+00:00\" \/>\n<meta property=\"article:modified_time\" content=\"2025-07-21T17:26:31+00:00\" \/>\n<meta property=\"og:image\" content=\"https:\/\/ectp-ceu.eu\/wp-content\/uploads\/2024\/07\/MG_8055.jpg\" \/>\n\t<meta property=\"og:image:width\" content=\"600\" \/>\n\t<meta property=\"og:image:height\" content=\"400\" \/>\n\t<meta property=\"og:image:type\" content=\"image\/jpeg\" \/>\n<meta name=\"author\" content=\"dev\" \/>\n<meta name=\"twitter:card\" content=\"summary_large_image\" \/>\n<meta name=\"twitter:label1\" content=\"Verfasst von\" \/>\n\t<meta name=\"twitter:data1\" content=\"dev\" \/>\n\t<meta name=\"twitter:label2\" content=\"Gesch\u00e4tzte Lesezeit\" \/>\n\t<meta name=\"twitter:data2\" content=\"2\u00a0Minuten\" \/>\n<script type=\"application\/ld+json\" class=\"yoast-schema-graph\">{\"@context\":\"https:\\\/\\\/schema.org\",\"@graph\":[{\"@type\":\"Article\",\"@id\":\"https:\\\/\\\/ectp-ceu.eu\\\/news\\\/the-xith-european-urban-and-regional-planning-awards\\\/#article\",\"isPartOf\":{\"@id\":\"https:\\\/\\\/ectp-ceu.eu\\\/news\\\/the-xith-european-urban-and-regional-planning-awards\\\/\"},\"author\":{\"name\":\"dev\",\"@id\":\"https:\\\/\\\/ectp-ceu.eu\\\/#\\\/schema\\\/person\\\/8bf89ed875f5ab3f3b35e54d7c3f816f\"},\"headline\":\"The XIth European Urban and Regional Planning Awards\",\"datePublished\":\"2016-07-06T14:28:48+00:00\",\"dateModified\":\"2025-07-21T17:26:31+00:00\",\"mainEntityOfPage\":{\"@id\":\"https:\\\/\\\/ectp-ceu.eu\\\/news\\\/the-xith-european-urban-and-regional-planning-awards\\\/\"},\"wordCount\":428,\"publisher\":{\"@id\":\"https:\\\/\\\/ectp-ceu.eu\\\/#organization\"},\"image\":{\"@id\":\"https:\\\/\\\/ectp-ceu.eu\\\/news\\\/the-xith-european-urban-and-regional-planning-awards\\\/#primaryimage\"},\"thumbnailUrl\":\"https:\\\/\\\/ectp-ceu.eu\\\/wp-content\\\/uploads\\\/2024\\\/07\\\/MG_8055.jpg\",\"articleSection\":[\"Awards\",\"ECTP-CEU\",\"News\"],\"inLanguage\":\"de\"},{\"@type\":\"WebPage\",\"@id\":\"https:\\\/\\\/ectp-ceu.eu\\\/news\\\/the-xith-european-urban-and-regional-planning-awards\\\/\",\"url\":\"https:\\\/\\\/ectp-ceu.eu\\\/news\\\/the-xith-european-urban-and-regional-planning-awards\\\/\",\"name\":\"The XIth European Urban and Regional Planning Awards - ECTP-CEU\",\"isPartOf\":{\"@id\":\"https:\\\/\\\/ectp-ceu.eu\\\/#website\"},\"primaryImageOfPage\":{\"@id\":\"https:\\\/\\\/ectp-ceu.eu\\\/news\\\/the-xith-european-urban-and-regional-planning-awards\\\/#primaryimage\"},\"image\":{\"@id\":\"https:\\\/\\\/ectp-ceu.eu\\\/news\\\/the-xith-european-urban-and-regional-planning-awards\\\/#primaryimage\"},\"thumbnailUrl\":\"https:\\\/\\\/ectp-ceu.eu\\\/wp-content\\\/uploads\\\/2024\\\/07\\\/MG_8055.jpg\",\"datePublished\":\"2016-07-06T14:28:48+00:00\",\"dateModified\":\"2025-07-21T17:26:31+00:00\",\"breadcrumb\":{\"@id\":\"https:\\\/\\\/ectp-ceu.eu\\\/news\\\/the-xith-european-urban-and-regional-planning-awards\\\/#breadcrumb\"},\"inLanguage\":\"de\",\"potentialAction\":[{\"@type\":\"ReadAction\",\"target\":[\"https:\\\/\\\/ectp-ceu.eu\\\/news\\\/the-xith-european-urban-and-regional-planning-awards\\\/\"]}]},{\"@type\":\"ImageObject\",\"inLanguage\":\"de\",\"@id\":\"https:\\\/\\\/ectp-ceu.eu\\\/news\\\/the-xith-european-urban-and-regional-planning-awards\\\/#primaryimage\",\"url\":\"https:\\\/\\\/ectp-ceu.eu\\\/wp-content\\\/uploads\\\/2024\\\/07\\\/MG_8055.jpg\",\"contentUrl\":\"https:\\\/\\\/ectp-ceu.eu\\\/wp-content\\\/uploads\\\/2024\\\/07\\\/MG_8055.jpg\",\"width\":600,\"height\":400},{\"@type\":\"BreadcrumbList\",\"@id\":\"https:\\\/\\\/ectp-ceu.eu\\\/news\\\/the-xith-european-urban-and-regional-planning-awards\\\/#breadcrumb\",\"itemListElement\":[{\"@type\":\"ListItem\",\"position\":1,\"name\":\"HOME\",\"item\":\"https:\\\/\\\/ectp-ceu.eu\\\/\"},{\"@type\":\"ListItem\",\"position\":2,\"name\":\"News\",\"item\":\"https:\\\/\\\/ectp-ceu.eu\\\/category\\\/news\\\/\"},{\"@type\":\"ListItem\",\"position\":3,\"name\":\"ECTP-CEU\",\"item\":\"https:\\\/\\\/ectp-ceu.eu\\\/category\\\/news\\\/ectp-ceu\\\/\"},{\"@type\":\"ListItem\",\"position\":4,\"name\":\"The XIth European Urban and Regional Planning Awards\"}]},{\"@type\":\"WebSite\",\"@id\":\"https:\\\/\\\/ectp-ceu.eu\\\/#website\",\"url\":\"https:\\\/\\\/ectp-ceu.eu\\\/\",\"name\":\"ECTP-CEU\",\"description\":\"European Council of Spatial Planners \u2013 Conseil Europ\u00e9en des Urbanistes\",\"publisher\":{\"@id\":\"https:\\\/\\\/ectp-ceu.eu\\\/#organization\"},\"potentialAction\":[{\"@type\":\"SearchAction\",\"target\":{\"@type\":\"EntryPoint\",\"urlTemplate\":\"https:\\\/\\\/ectp-ceu.eu\\\/?s={search_term_string}\"},\"query-input\":{\"@type\":\"PropertyValueSpecification\",\"valueRequired\":true,\"valueName\":\"search_term_string\"}}],\"inLanguage\":\"de\"},{\"@type\":\"Organization\",\"@id\":\"https:\\\/\\\/ectp-ceu.eu\\\/#organization\",\"name\":\"ECTP-CEU\",\"url\":\"https:\\\/\\\/ectp-ceu.eu\\\/\",\"logo\":{\"@type\":\"ImageObject\",\"inLanguage\":\"de\",\"@id\":\"https:\\\/\\\/ectp-ceu.eu\\\/#\\\/schema\\\/logo\\\/image\\\/\",\"url\":\"https:\\\/\\\/ectp-ceu.eu\\\/wp-content\\\/uploads\\\/2024\\\/07\\\/cropped-1392117979K7cUN6za2Hw29SX4.jpeg\",\"contentUrl\":\"https:\\\/\\\/ectp-ceu.eu\\\/wp-content\\\/uploads\\\/2024\\\/07\\\/cropped-1392117979K7cUN6za2Hw29SX4.jpeg\",\"width\":928,\"height\":328,\"caption\":\"ECTP-CEU\"},\"image\":{\"@id\":\"https:\\\/\\\/ectp-ceu.eu\\\/#\\\/schema\\\/logo\\\/image\\\/\"}},{\"@type\":\"Person\",\"@id\":\"https:\\\/\\\/ectp-ceu.eu\\\/#\\\/schema\\\/person\\\/8bf89ed875f5ab3f3b35e54d7c3f816f\",\"name\":\"dev\",\"image\":{\"@type\":\"ImageObject\",\"inLanguage\":\"de\",\"@id\":\"https:\\\/\\\/secure.gravatar.com\\\/avatar\\\/f1ffcac9ca2fa95ad3ec33e9be3ade82f752acb0cabe541e56c5889225afa88a?s=96&d=mm&r=g\",\"url\":\"https:\\\/\\\/secure.gravatar.com\\\/avatar\\\/f1ffcac9ca2fa95ad3ec33e9be3ade82f752acb0cabe541e56c5889225afa88a?s=96&d=mm&r=g\",\"contentUrl\":\"https:\\\/\\\/secure.gravatar.com\\\/avatar\\\/f1ffcac9ca2fa95ad3ec33e9be3ade82f752acb0cabe541e56c5889225afa88a?s=96&d=mm&r=g\",\"caption\":\"dev\"},\"sameAs\":[\"https:\\\/\\\/ectp-ceu.eu\"],\"url\":\"https:\\\/\\\/ectp-ceu.eu\\\/de\\\/author\\\/dev\\\/\"}]}<\/script>\n<!-- \/ Yoast SEO plugin. -->","yoast_head_json":{"title":"The XIth European Urban and Regional Planning Awards - ECTP-CEU","robots":{"index":"index","follow":"follow","max-snippet":"max-snippet:-1","max-image-preview":"max-image-preview:large","max-video-preview":"max-video-preview:-1"},"canonical":"https:\/\/ectp-ceu.eu\/de\/news\/the-xith-european-urban-and-regional-planning-awards\/","og_locale":"de_DE","og_type":"article","og_title":"The XIth European Urban and Regional Planning Awards - ECTP-CEU","og_description":"Press Release July 6, 2016: The XIth European Urban and Regional Planning Awards The XIth European Urban and Regional Planning Awards were presented by Mr Raffaele Cattaneo, President of the COTER at the Committee of the Regions on July 4th 2016. Mr Raffaele Cattaneo Three winning projects, their planners and their cities were celebrated: Ewa [&hellip;]","og_url":"https:\/\/ectp-ceu.eu\/de\/news\/the-xith-european-urban-and-regional-planning-awards\/","og_site_name":"ECTP-CEU","article_published_time":"2016-07-06T14:28:48+00:00","article_modified_time":"2025-07-21T17:26:31+00:00","og_image":[{"width":600,"height":400,"url":"https:\/\/ectp-ceu.eu\/wp-content\/uploads\/2024\/07\/MG_8055.jpg","type":"image\/jpeg"}],"author":"dev","twitter_card":"summary_large_image","twitter_misc":{"Verfasst von":"dev","Gesch\u00e4tzte Lesezeit":"2\u00a0Minuten"},"schema":{"@context":"https:\/\/schema.org","@graph":[{"@type":"Article","@id":"https:\/\/ectp-ceu.eu\/news\/the-xith-european-urban-and-regional-planning-awards\/#article","isPartOf":{"@id":"https:\/\/ectp-ceu.eu\/news\/the-xith-european-urban-and-regional-planning-awards\/"},"author":{"name":"dev","@id":"https:\/\/ectp-ceu.eu\/#\/schema\/person\/8bf89ed875f5ab3f3b35e54d7c3f816f"},"headline":"The XIth European Urban and Regional Planning Awards","datePublished":"2016-07-06T14:28:48+00:00","dateModified":"2025-07-21T17:26:31+00:00","mainEntityOfPage":{"@id":"https:\/\/ectp-ceu.eu\/news\/the-xith-european-urban-and-regional-planning-awards\/"},"wordCount":428,"publisher":{"@id":"https:\/\/ectp-ceu.eu\/#organization"},"image":{"@id":"https:\/\/ectp-ceu.eu\/news\/the-xith-european-urban-and-regional-planning-awards\/#primaryimage"},"thumbnailUrl":"https:\/\/ectp-ceu.eu\/wp-content\/uploads\/2024\/07\/MG_8055.jpg","articleSection":["Awards","ECTP-CEU","News"],"inLanguage":"de"},{"@type":"WebPage","@id":"https:\/\/ectp-ceu.eu\/news\/the-xith-european-urban-and-regional-planning-awards\/","url":"https:\/\/ectp-ceu.eu\/news\/the-xith-european-urban-and-regional-planning-awards\/","name":"The XIth European Urban and Regional Planning Awards - ECTP-CEU","isPartOf":{"@id":"https:\/\/ectp-ceu.eu\/#website"},"primaryImageOfPage":{"@id":"https:\/\/ectp-ceu.eu\/news\/the-xith-european-urban-and-regional-planning-awards\/#primaryimage"},"image":{"@id":"https:\/\/ectp-ceu.eu\/news\/the-xith-european-urban-and-regional-planning-awards\/#primaryimage"},"thumbnailUrl":"https:\/\/ectp-ceu.eu\/wp-content\/uploads\/2024\/07\/MG_8055.jpg","datePublished":"2016-07-06T14:28:48+00:00","dateModified":"2025-07-21T17:26:31+00:00","breadcrumb":{"@id":"https:\/\/ectp-ceu.eu\/news\/the-xith-european-urban-and-regional-planning-awards\/#breadcrumb"},"inLanguage":"de","potentialAction":[{"@type":"ReadAction","target":["https:\/\/ectp-ceu.eu\/news\/the-xith-european-urban-and-regional-planning-awards\/"]}]},{"@type":"ImageObject","inLanguage":"de","@id":"https:\/\/ectp-ceu.eu\/news\/the-xith-european-urban-and-regional-planning-awards\/#primaryimage","url":"https:\/\/ectp-ceu.eu\/wp-content\/uploads\/2024\/07\/MG_8055.jpg","contentUrl":"https:\/\/ectp-ceu.eu\/wp-content\/uploads\/2024\/07\/MG_8055.jpg","width":600,"height":400},{"@type":"BreadcrumbList","@id":"https:\/\/ectp-ceu.eu\/news\/the-xith-european-urban-and-regional-planning-awards\/#breadcrumb","itemListElement":[{"@type":"ListItem","position":1,"name":"HOME","item":"https:\/\/ectp-ceu.eu\/"},{"@type":"ListItem","position":2,"name":"News","item":"https:\/\/ectp-ceu.eu\/category\/news\/"},{"@type":"ListItem","position":3,"name":"ECTP-CEU","item":"https:\/\/ectp-ceu.eu\/category\/news\/ectp-ceu\/"},{"@type":"ListItem","position":4,"name":"The XIth European Urban and Regional Planning Awards"}]},{"@type":"WebSite","@id":"https:\/\/ectp-ceu.eu\/#website","url":"https:\/\/ectp-ceu.eu\/","name":"ECTP-CEU","description":"European Council of Spatial Planners \u2013 Conseil Europ\u00e9en des Urbanistes","publisher":{"@id":"https:\/\/ectp-ceu.eu\/#organization"},"potentialAction":[{"@type":"SearchAction","target":{"@type":"EntryPoint","urlTemplate":"https:\/\/ectp-ceu.eu\/?s={search_term_string}"},"query-input":{"@type":"PropertyValueSpecification","valueRequired":true,"valueName":"search_term_string"}}],"inLanguage":"de"},{"@type":"Organization","@id":"https:\/\/ectp-ceu.eu\/#organization","name":"ECTP-CEU","url":"https:\/\/ectp-ceu.eu\/","logo":{"@type":"ImageObject","inLanguage":"de","@id":"https:\/\/ectp-ceu.eu\/#\/schema\/logo\/image\/","url":"https:\/\/ectp-ceu.eu\/wp-content\/uploads\/2024\/07\/cropped-1392117979K7cUN6za2Hw29SX4.jpeg","contentUrl":"https:\/\/ectp-ceu.eu\/wp-content\/uploads\/2024\/07\/cropped-1392117979K7cUN6za2Hw29SX4.jpeg","width":928,"height":328,"caption":"ECTP-CEU"},"image":{"@id":"https:\/\/ectp-ceu.eu\/#\/schema\/logo\/image\/"}},{"@type":"Person","@id":"https:\/\/ectp-ceu.eu\/#\/schema\/person\/8bf89ed875f5ab3f3b35e54d7c3f816f","name":"dev","image":{"@type":"ImageObject","inLanguage":"de","@id":"https:\/\/secure.gravatar.com\/avatar\/f1ffcac9ca2fa95ad3ec33e9be3ade82f752acb0cabe541e56c5889225afa88a?s=96&d=mm&r=g","url":"https:\/\/secure.gravatar.com\/avatar\/f1ffcac9ca2fa95ad3ec33e9be3ade82f752acb0cabe541e56c5889225afa88a?s=96&d=mm&r=g","contentUrl":"https:\/\/secure.gravatar.com\/avatar\/f1ffcac9ca2fa95ad3ec33e9be3ade82f752acb0cabe541e56c5889225afa88a?s=96&d=mm&r=g","caption":"dev"},"sameAs":["https:\/\/ectp-ceu.eu"],"url":"https:\/\/ectp-ceu.eu\/de\/author\/dev\/"}]}},"_links":{"self":[{"href":"https:\/\/ectp-ceu.eu\/de\/wp-json\/wp\/v2\/posts\/3774","targetHints":{"allow":["GET"]}}],"collection":[{"href":"https:\/\/ectp-ceu.eu\/de\/wp-json\/wp\/v2\/posts"}],"about":[{"href":"https:\/\/ectp-ceu.eu\/de\/wp-json\/wp\/v2\/types\/post"}],"author":[{"embeddable":true,"href":"https:\/\/ectp-ceu.eu\/de\/wp-json\/wp\/v2\/users\/1"}],"replies":[{"embeddable":true,"href":"https:\/\/ectp-ceu.eu\/de\/wp-json\/wp\/v2\/comments?post=3774"}],"version-history":[{"count":3,"href":"https:\/\/ectp-ceu.eu\/de\/wp-json\/wp\/v2\/posts\/3774\/revisions"}],"predecessor-version":[{"id":4746,"href":"https:\/\/ectp-ceu.eu\/de\/wp-json\/wp\/v2\/posts\/3774\/revisions\/4746"}],"wp:featuredmedia":[{"embeddable":true,"href":"https:\/\/ectp-ceu.eu\/de\/wp-json\/wp\/v2\/media\/3775"}],"wp:attachment":[{"href":"https:\/\/ectp-ceu.eu\/de\/wp-json\/wp\/v2\/media?parent=3774"}],"wp:term":[{"taxonomy":"category","embeddable":true,"href":"https:\/\/ectp-ceu.eu\/de\/wp-json\/wp\/v2\/categories?post=3774"},{"taxonomy":"post_tag","embeddable":true,"href":"https:\/\/ectp-ceu.eu\/de\/wp-json\/wp\/v2\/tags?post=3774"}],"curies":[{"name":"wp","href":"https:\/\/api.w.org\/{rel}","templated":true}]}}