{"id":4930,"date":"2024-07-30T12:00:08","date_gmt":"2024-07-30T10:00:08","guid":{"rendered":"https:\/\/ectp-ceu.eu\/?p=4930"},"modified":"2025-08-29T00:55:36","modified_gmt":"2025-08-28T22:55:36","slug":"yp-2024-call","status":"publish","type":"post","link":"https:\/\/ectp-ceu.eu\/de\/news\/ectp-ceu\/yp-2024-call\/","title":{"rendered":"13<sup>th<\/sup> Young Planners Workshop 2024 - Aufruf zur Einreichung von Abstracts"},"content":{"rendered":"<div data-elementor-type=\"wp-post\" data-elementor-id=\"4930\" class=\"elementor elementor-4930\" data-elementor-post-type=\"post\">\n\t\t\t\t<div class=\"elementor-element elementor-element-57c01153 e-flex e-con-boxed e-con e-parent\" data-id=\"57c01153\" data-element_type=\"container\" data-e-type=\"container\">\n\t\t\t\t\t<div class=\"e-con-inner\">\n\t\t\t\t<div class=\"elementor-element elementor-element-1999c8b elementor-widget elementor-widget-text-editor\" data-id=\"1999c8b\" data-element_type=\"widget\" data-e-type=\"widget\" data-widget_type=\"text-editor.default\">\n\t\t\t\t\t\t\t\t\t<h2 class=\"wp-block-heading\">Evolving Needs of Liveable Cities<\/h2><p>Der Aufruf zur Einreichung von Abstracts ist ver\u00f6ffentlicht! Sie k\u00f6nnen sie \u00fcber den untenstehenden Link herunterladen:<\/p><p><a href=\"https:\/\/ectp-ceu.eu\/de\/yp2024-call\/\"><strong>ypws2024-ENG-call.pdf<\/strong><\/a><\/p><p>Die Frist ist<br \/><strong>Monday, 2<sup>und<\/sup>\u00a0September 2024, 12:00 CEST<\/strong><\/p><p>You will be notified eight days later (10<sup>th<\/sup> September), in the evening, if your contribution will be admitted to be presented at the ECTP-CEU\u2019s Autumn General Assembly in Bilbao, Spain on <strong>23<sup>rd<\/sup>\u00a0November 2024<\/strong>. The selected participants are asked to attend at least two online meetings: the first one at the end of September and the second one at the beginning of November to discuss how to present their works.<\/p><p><strong>Wer kann sich bewerben?<\/strong>\u00a0Young planners, preferably young practitioners, aged less than 35 years or with less than 10 years\u2019 post-qualification experience in planning (\u201c35-10-years rule\u201d). Applications can come from individual young planners or from groups with up to 3 members, where every member must meet the 35-10-years rule.<\/p><p><strong>Can\u2019t afford travelling to Gda\u0144sk?<\/strong>\u00a0No problem. Every group will receive from the ECTP-CEU a contribution of\u00a0<strong>500 Euro<\/strong>. This should cover all or at least most of the travelling and hotel costs for at least for one member from each group.<\/p><p><strong>Haben Sie eine Frage?<\/strong>\u00a0Z\u00f6gern Sie nicht, den ECTP-CEU-Projektausschuss f\u00fcr junge Planer zu kontaktieren unter\u00a0<strong>yp@ectp-ceu.eu<\/strong>.<\/p><p>Wir freuen uns auf Bewerbungen von vielen jungen Planern aus ganz Europa.<\/p>\t\t\t\t\t\t\t\t<\/div>\n\t\t\t\t\t<\/div>\n\t\t\t\t<\/div>\n\t\t\t\t<\/div>","protected":false},"excerpt":{"rendered":"<p>Evolving Needs of Liveable Cities The call for abstracts is out! You can download it from the link here below: Deadline isMonday, 2nd\u00a0September 2024, 12:00 CEST You will be notified eight days later (10th September), in the evening, if your contribution will be admitted to be presented at the ECTP-CEU\u2019s Autumn General Assembly in Bilbao, [&hellip;]<\/p>\n","protected":false},"author":1,"featured_media":7661,"comment_status":"closed","ping_status":"open","sticky":false,"template":"","format":"standard","meta":{"_acf_changed":false,"inline_featured_image":false,"footnotes":""},"categories":[47,6],"tags":[],"class_list":["post-4930","post","type-post","status-publish","format-standard","has-post-thumbnail","hentry","category-ectp-ceu","category-news"],"acf":[],"yoast_head":"<!-- This site is optimized with the Yoast SEO plugin v27.5 - https:\/\/yoast.com\/product\/yoast-seo-wordpress\/ -->\n<title>13th Young Planners Workshop 2024 \u2013 Call for Abstracts - ECTP-CEU<\/title>\n<meta name=\"robots\" content=\"index, follow, max-snippet:-1, max-image-preview:large, max-video-preview:-1\" \/>\n<link rel=\"canonical\" href=\"https:\/\/ectp-ceu.eu\/de\/news\/yp-2024-call\/\" \/>\n<meta property=\"og:locale\" content=\"de_DE\" \/>\n<meta property=\"og:type\" content=\"article\" \/>\n<meta property=\"og:title\" content=\"13th Young Planners Workshop 2024 \u2013 Call for Abstracts - ECTP-CEU\" \/>\n<meta property=\"og:description\" content=\"Evolving Needs of Liveable Cities The call for abstracts is out! You can download it from the link here below: Deadline isMonday, 2nd\u00a0September 2024, 12:00 CEST You will be notified eight days later (10th September), in the evening, if your contribution will be admitted to be presented at the ECTP-CEU\u2019s Autumn General Assembly in Bilbao, [&hellip;]\" \/>\n<meta property=\"og:url\" content=\"https:\/\/ectp-ceu.eu\/de\/news\/yp-2024-call\/\" \/>\n<meta property=\"og:site_name\" content=\"ECTP-CEU\" \/>\n<meta property=\"article:published_time\" content=\"2024-07-30T10:00:08+00:00\" \/>\n<meta property=\"article:modified_time\" content=\"2025-08-28T22:55:36+00:00\" \/>\n<meta property=\"og:image\" content=\"https:\/\/ectp-ceu.eu\/wp-content\/uploads\/2024\/07\/13th-Young-Planners-Workshop-2024.webp\" \/>\n\t<meta property=\"og:image:width\" content=\"1920\" \/>\n\t<meta property=\"og:image:height\" content=\"1080\" \/>\n\t<meta property=\"og:image:type\" content=\"image\/webp\" \/>\n<meta name=\"author\" content=\"dev\" \/>\n<meta name=\"twitter:card\" content=\"summary_large_image\" \/>\n<meta name=\"twitter:label1\" content=\"Verfasst von\" \/>\n\t<meta name=\"twitter:data1\" content=\"dev\" \/>\n\t<meta name=\"twitter:label2\" content=\"Gesch\u00e4tzte Lesezeit\" \/>\n\t<meta name=\"twitter:data2\" content=\"1\u00a0Minute\" \/>\n<script type=\"application\/ld+json\" class=\"yoast-schema-graph\">{\"@context\":\"https:\\\/\\\/schema.org\",\"@graph\":[{\"@type\":\"Article\",\"@id\":\"https:\\\/\\\/ectp-ceu.eu\\\/news\\\/yp-2024-call\\\/#article\",\"isPartOf\":{\"@id\":\"https:\\\/\\\/ectp-ceu.eu\\\/news\\\/yp-2024-call\\\/\"},\"author\":{\"name\":\"dev\",\"@id\":\"https:\\\/\\\/ectp-ceu.eu\\\/#\\\/schema\\\/person\\\/8bf89ed875f5ab3f3b35e54d7c3f816f\"},\"headline\":\"13th Young Planners Workshop 2024 \u2013 Call for Abstracts\",\"datePublished\":\"2024-07-30T10:00:08+00:00\",\"dateModified\":\"2025-08-28T22:55:36+00:00\",\"mainEntityOfPage\":{\"@id\":\"https:\\\/\\\/ectp-ceu.eu\\\/news\\\/yp-2024-call\\\/\"},\"wordCount\":229,\"publisher\":{\"@id\":\"https:\\\/\\\/ectp-ceu.eu\\\/#organization\"},\"image\":{\"@id\":\"https:\\\/\\\/ectp-ceu.eu\\\/news\\\/yp-2024-call\\\/#primaryimage\"},\"thumbnailUrl\":\"https:\\\/\\\/ectp-ceu.eu\\\/wp-content\\\/uploads\\\/2024\\\/07\\\/13th-Young-Planners-Workshop-2024.webp\",\"articleSection\":[\"ECTP-CEU\",\"News\"],\"inLanguage\":\"de\"},{\"@type\":\"WebPage\",\"@id\":\"https:\\\/\\\/ectp-ceu.eu\\\/news\\\/yp-2024-call\\\/\",\"url\":\"https:\\\/\\\/ectp-ceu.eu\\\/news\\\/yp-2024-call\\\/\",\"name\":\"13th Young Planners Workshop 2024 \u2013 Call for Abstracts - ECTP-CEU\",\"isPartOf\":{\"@id\":\"https:\\\/\\\/ectp-ceu.eu\\\/#website\"},\"primaryImageOfPage\":{\"@id\":\"https:\\\/\\\/ectp-ceu.eu\\\/news\\\/yp-2024-call\\\/#primaryimage\"},\"image\":{\"@id\":\"https:\\\/\\\/ectp-ceu.eu\\\/news\\\/yp-2024-call\\\/#primaryimage\"},\"thumbnailUrl\":\"https:\\\/\\\/ectp-ceu.eu\\\/wp-content\\\/uploads\\\/2024\\\/07\\\/13th-Young-Planners-Workshop-2024.webp\",\"datePublished\":\"2024-07-30T10:00:08+00:00\",\"dateModified\":\"2025-08-28T22:55:36+00:00\",\"breadcrumb\":{\"@id\":\"https:\\\/\\\/ectp-ceu.eu\\\/news\\\/yp-2024-call\\\/#breadcrumb\"},\"inLanguage\":\"de\",\"potentialAction\":[{\"@type\":\"ReadAction\",\"target\":[\"https:\\\/\\\/ectp-ceu.eu\\\/news\\\/yp-2024-call\\\/\"]}]},{\"@type\":\"ImageObject\",\"inLanguage\":\"de\",\"@id\":\"https:\\\/\\\/ectp-ceu.eu\\\/news\\\/yp-2024-call\\\/#primaryimage\",\"url\":\"https:\\\/\\\/ectp-ceu.eu\\\/wp-content\\\/uploads\\\/2024\\\/07\\\/13th-Young-Planners-Workshop-2024.webp\",\"contentUrl\":\"https:\\\/\\\/ectp-ceu.eu\\\/wp-content\\\/uploads\\\/2024\\\/07\\\/13th-Young-Planners-Workshop-2024.webp\",\"width\":1920,\"height\":1080},{\"@type\":\"BreadcrumbList\",\"@id\":\"https:\\\/\\\/ectp-ceu.eu\\\/news\\\/yp-2024-call\\\/#breadcrumb\",\"itemListElement\":[{\"@type\":\"ListItem\",\"position\":1,\"name\":\"HOME\",\"item\":\"https:\\\/\\\/ectp-ceu.eu\\\/\"},{\"@type\":\"ListItem\",\"position\":2,\"name\":\"News\",\"item\":\"https:\\\/\\\/ectp-ceu.eu\\\/category\\\/news\\\/\"},{\"@type\":\"ListItem\",\"position\":3,\"name\":\"ECTP-CEU\",\"item\":\"https:\\\/\\\/ectp-ceu.eu\\\/category\\\/news\\\/ectp-ceu\\\/\"},{\"@type\":\"ListItem\",\"position\":4,\"name\":\"13th Young Planners Workshop 2024 \u2013 Call for Abstracts\"}]},{\"@type\":\"WebSite\",\"@id\":\"https:\\\/\\\/ectp-ceu.eu\\\/#website\",\"url\":\"https:\\\/\\\/ectp-ceu.eu\\\/\",\"name\":\"ECTP-CEU\",\"description\":\"European Council of Spatial Planners \u2013 Conseil Europ\u00e9en des Urbanistes\",\"publisher\":{\"@id\":\"https:\\\/\\\/ectp-ceu.eu\\\/#organization\"},\"potentialAction\":[{\"@type\":\"SearchAction\",\"target\":{\"@type\":\"EntryPoint\",\"urlTemplate\":\"https:\\\/\\\/ectp-ceu.eu\\\/?s={search_term_string}\"},\"query-input\":{\"@type\":\"PropertyValueSpecification\",\"valueRequired\":true,\"valueName\":\"search_term_string\"}}],\"inLanguage\":\"de\"},{\"@type\":\"Organization\",\"@id\":\"https:\\\/\\\/ectp-ceu.eu\\\/#organization\",\"name\":\"ECTP-CEU\",\"url\":\"https:\\\/\\\/ectp-ceu.eu\\\/\",\"logo\":{\"@type\":\"ImageObject\",\"inLanguage\":\"de\",\"@id\":\"https:\\\/\\\/ectp-ceu.eu\\\/#\\\/schema\\\/logo\\\/image\\\/\",\"url\":\"https:\\\/\\\/ectp-ceu.eu\\\/wp-content\\\/uploads\\\/2024\\\/07\\\/cropped-1392117979K7cUN6za2Hw29SX4.jpeg\",\"contentUrl\":\"https:\\\/\\\/ectp-ceu.eu\\\/wp-content\\\/uploads\\\/2024\\\/07\\\/cropped-1392117979K7cUN6za2Hw29SX4.jpeg\",\"width\":928,\"height\":328,\"caption\":\"ECTP-CEU\"},\"image\":{\"@id\":\"https:\\\/\\\/ectp-ceu.eu\\\/#\\\/schema\\\/logo\\\/image\\\/\"}},{\"@type\":\"Person\",\"@id\":\"https:\\\/\\\/ectp-ceu.eu\\\/#\\\/schema\\\/person\\\/8bf89ed875f5ab3f3b35e54d7c3f816f\",\"name\":\"dev\",\"image\":{\"@type\":\"ImageObject\",\"inLanguage\":\"de\",\"@id\":\"https:\\\/\\\/secure.gravatar.com\\\/avatar\\\/f1ffcac9ca2fa95ad3ec33e9be3ade82f752acb0cabe541e56c5889225afa88a?s=96&d=mm&r=g\",\"url\":\"https:\\\/\\\/secure.gravatar.com\\\/avatar\\\/f1ffcac9ca2fa95ad3ec33e9be3ade82f752acb0cabe541e56c5889225afa88a?s=96&d=mm&r=g\",\"contentUrl\":\"https:\\\/\\\/secure.gravatar.com\\\/avatar\\\/f1ffcac9ca2fa95ad3ec33e9be3ade82f752acb0cabe541e56c5889225afa88a?s=96&d=mm&r=g\",\"caption\":\"dev\"},\"sameAs\":[\"https:\\\/\\\/ectp-ceu.eu\"],\"url\":\"https:\\\/\\\/ectp-ceu.eu\\\/de\\\/author\\\/dev\\\/\"}]}<\/script>\n<!-- \/ Yoast SEO plugin. -->","yoast_head_json":{"title":"13th Young Planners Workshop 2024 \u2013 Call for Abstracts - ECTP-CEU","robots":{"index":"index","follow":"follow","max-snippet":"max-snippet:-1","max-image-preview":"max-image-preview:large","max-video-preview":"max-video-preview:-1"},"canonical":"https:\/\/ectp-ceu.eu\/de\/news\/yp-2024-call\/","og_locale":"de_DE","og_type":"article","og_title":"13th Young Planners Workshop 2024 \u2013 Call for Abstracts - ECTP-CEU","og_description":"Evolving Needs of Liveable Cities The call for abstracts is out! You can download it from the link here below: Deadline isMonday, 2nd\u00a0September 2024, 12:00 CEST You will be notified eight days later (10th September), in the evening, if your contribution will be admitted to be presented at the ECTP-CEU\u2019s Autumn General Assembly in Bilbao, [&hellip;]","og_url":"https:\/\/ectp-ceu.eu\/de\/news\/yp-2024-call\/","og_site_name":"ECTP-CEU","article_published_time":"2024-07-30T10:00:08+00:00","article_modified_time":"2025-08-28T22:55:36+00:00","og_image":[{"width":1920,"height":1080,"url":"https:\/\/ectp-ceu.eu\/wp-content\/uploads\/2024\/07\/13th-Young-Planners-Workshop-2024.webp","type":"image\/webp"}],"author":"dev","twitter_card":"summary_large_image","twitter_misc":{"Verfasst von":"dev","Gesch\u00e4tzte Lesezeit":"1\u00a0Minute"},"schema":{"@context":"https:\/\/schema.org","@graph":[{"@type":"Article","@id":"https:\/\/ectp-ceu.eu\/news\/yp-2024-call\/#article","isPartOf":{"@id":"https:\/\/ectp-ceu.eu\/news\/yp-2024-call\/"},"author":{"name":"dev","@id":"https:\/\/ectp-ceu.eu\/#\/schema\/person\/8bf89ed875f5ab3f3b35e54d7c3f816f"},"headline":"13th Young Planners Workshop 2024 \u2013 Call for Abstracts","datePublished":"2024-07-30T10:00:08+00:00","dateModified":"2025-08-28T22:55:36+00:00","mainEntityOfPage":{"@id":"https:\/\/ectp-ceu.eu\/news\/yp-2024-call\/"},"wordCount":229,"publisher":{"@id":"https:\/\/ectp-ceu.eu\/#organization"},"image":{"@id":"https:\/\/ectp-ceu.eu\/news\/yp-2024-call\/#primaryimage"},"thumbnailUrl":"https:\/\/ectp-ceu.eu\/wp-content\/uploads\/2024\/07\/13th-Young-Planners-Workshop-2024.webp","articleSection":["ECTP-CEU","News"],"inLanguage":"de"},{"@type":"WebPage","@id":"https:\/\/ectp-ceu.eu\/news\/yp-2024-call\/","url":"https:\/\/ectp-ceu.eu\/news\/yp-2024-call\/","name":"13th Young Planners Workshop 2024 \u2013 Call for Abstracts - ECTP-CEU","isPartOf":{"@id":"https:\/\/ectp-ceu.eu\/#website"},"primaryImageOfPage":{"@id":"https:\/\/ectp-ceu.eu\/news\/yp-2024-call\/#primaryimage"},"image":{"@id":"https:\/\/ectp-ceu.eu\/news\/yp-2024-call\/#primaryimage"},"thumbnailUrl":"https:\/\/ectp-ceu.eu\/wp-content\/uploads\/2024\/07\/13th-Young-Planners-Workshop-2024.webp","datePublished":"2024-07-30T10:00:08+00:00","dateModified":"2025-08-28T22:55:36+00:00","breadcrumb":{"@id":"https:\/\/ectp-ceu.eu\/news\/yp-2024-call\/#breadcrumb"},"inLanguage":"de","potentialAction":[{"@type":"ReadAction","target":["https:\/\/ectp-ceu.eu\/news\/yp-2024-call\/"]}]},{"@type":"ImageObject","inLanguage":"de","@id":"https:\/\/ectp-ceu.eu\/news\/yp-2024-call\/#primaryimage","url":"https:\/\/ectp-ceu.eu\/wp-content\/uploads\/2024\/07\/13th-Young-Planners-Workshop-2024.webp","contentUrl":"https:\/\/ectp-ceu.eu\/wp-content\/uploads\/2024\/07\/13th-Young-Planners-Workshop-2024.webp","width":1920,"height":1080},{"@type":"BreadcrumbList","@id":"https:\/\/ectp-ceu.eu\/news\/yp-2024-call\/#breadcrumb","itemListElement":[{"@type":"ListItem","position":1,"name":"HOME","item":"https:\/\/ectp-ceu.eu\/"},{"@type":"ListItem","position":2,"name":"News","item":"https:\/\/ectp-ceu.eu\/category\/news\/"},{"@type":"ListItem","position":3,"name":"ECTP-CEU","item":"https:\/\/ectp-ceu.eu\/category\/news\/ectp-ceu\/"},{"@type":"ListItem","position":4,"name":"13th Young Planners Workshop 2024 \u2013 Call for Abstracts"}]},{"@type":"WebSite","@id":"https:\/\/ectp-ceu.eu\/#website","url":"https:\/\/ectp-ceu.eu\/","name":"ECTP-CEU","description":"European Council of Spatial Planners \u2013 Conseil Europ\u00e9en des Urbanistes","publisher":{"@id":"https:\/\/ectp-ceu.eu\/#organization"},"potentialAction":[{"@type":"SearchAction","target":{"@type":"EntryPoint","urlTemplate":"https:\/\/ectp-ceu.eu\/?s={search_term_string}"},"query-input":{"@type":"PropertyValueSpecification","valueRequired":true,"valueName":"search_term_string"}}],"inLanguage":"de"},{"@type":"Organization","@id":"https:\/\/ectp-ceu.eu\/#organization","name":"ECTP-CEU","url":"https:\/\/ectp-ceu.eu\/","logo":{"@type":"ImageObject","inLanguage":"de","@id":"https:\/\/ectp-ceu.eu\/#\/schema\/logo\/image\/","url":"https:\/\/ectp-ceu.eu\/wp-content\/uploads\/2024\/07\/cropped-1392117979K7cUN6za2Hw29SX4.jpeg","contentUrl":"https:\/\/ectp-ceu.eu\/wp-content\/uploads\/2024\/07\/cropped-1392117979K7cUN6za2Hw29SX4.jpeg","width":928,"height":328,"caption":"ECTP-CEU"},"image":{"@id":"https:\/\/ectp-ceu.eu\/#\/schema\/logo\/image\/"}},{"@type":"Person","@id":"https:\/\/ectp-ceu.eu\/#\/schema\/person\/8bf89ed875f5ab3f3b35e54d7c3f816f","name":"dev","image":{"@type":"ImageObject","inLanguage":"de","@id":"https:\/\/secure.gravatar.com\/avatar\/f1ffcac9ca2fa95ad3ec33e9be3ade82f752acb0cabe541e56c5889225afa88a?s=96&d=mm&r=g","url":"https:\/\/secure.gravatar.com\/avatar\/f1ffcac9ca2fa95ad3ec33e9be3ade82f752acb0cabe541e56c5889225afa88a?s=96&d=mm&r=g","contentUrl":"https:\/\/secure.gravatar.com\/avatar\/f1ffcac9ca2fa95ad3ec33e9be3ade82f752acb0cabe541e56c5889225afa88a?s=96&d=mm&r=g","caption":"dev"},"sameAs":["https:\/\/ectp-ceu.eu"],"url":"https:\/\/ectp-ceu.eu\/de\/author\/dev\/"}]}},"_links":{"self":[{"href":"https:\/\/ectp-ceu.eu\/de\/wp-json\/wp\/v2\/posts\/4930","targetHints":{"allow":["GET"]}}],"collection":[{"href":"https:\/\/ectp-ceu.eu\/de\/wp-json\/wp\/v2\/posts"}],"about":[{"href":"https:\/\/ectp-ceu.eu\/de\/wp-json\/wp\/v2\/types\/post"}],"author":[{"embeddable":true,"href":"https:\/\/ectp-ceu.eu\/de\/wp-json\/wp\/v2\/users\/1"}],"replies":[{"embeddable":true,"href":"https:\/\/ectp-ceu.eu\/de\/wp-json\/wp\/v2\/comments?post=4930"}],"version-history":[{"count":29,"href":"https:\/\/ectp-ceu.eu\/de\/wp-json\/wp\/v2\/posts\/4930\/revisions"}],"predecessor-version":[{"id":7741,"href":"https:\/\/ectp-ceu.eu\/de\/wp-json\/wp\/v2\/posts\/4930\/revisions\/7741"}],"wp:featuredmedia":[{"embeddable":true,"href":"https:\/\/ectp-ceu.eu\/de\/wp-json\/wp\/v2\/media\/7661"}],"wp:attachment":[{"href":"https:\/\/ectp-ceu.eu\/de\/wp-json\/wp\/v2\/media?parent=4930"}],"wp:term":[{"taxonomy":"category","embeddable":true,"href":"https:\/\/ectp-ceu.eu\/de\/wp-json\/wp\/v2\/categories?post=4930"},{"taxonomy":"post_tag","embeddable":true,"href":"https:\/\/ectp-ceu.eu\/de\/wp-json\/wp\/v2\/tags?post=4930"}],"curies":[{"name":"wp","href":"https:\/\/api.w.org\/{rel}","templated":true}]}}