{"id":5371,"date":"2025-01-22T12:00:13","date_gmt":"2025-01-22T11:00:13","guid":{"rendered":"https:\/\/ectp-ceu.eu\/?p=5371"},"modified":"2025-08-27T12:18:57","modified_gmt":"2025-08-27T10:18:57","slug":"awards-2025-call-20250122","status":"publish","type":"post","link":"https:\/\/ectp-ceu.eu\/de\/news\/awards-2025-call-20250122\/","title":{"rendered":"13<sup>th<\/sup> Europ\u00e4ischer Preis f\u00fcr Stadt- und Regionalplanung 2025"},"content":{"rendered":"<div data-elementor-type=\"wp-post\" data-elementor-id=\"5371\" class=\"elementor elementor-5371\" data-elementor-post-type=\"post\">\n\t\t\t\t<div class=\"elementor-element elementor-element-527c5fec e-flex e-con-boxed e-con e-parent\" data-id=\"527c5fec\" data-element_type=\"container\" data-e-type=\"container\">\n\t\t\t\t\t<div class=\"e-con-inner\">\n\t\t\t\t<div class=\"elementor-element elementor-element-2f2659a0 elementor-widget elementor-widget-text-editor\" data-id=\"2f2659a0\" data-element_type=\"widget\" data-e-type=\"widget\" data-widget_type=\"text-editor.default\">\n\t\t\t\t\t\t\t\t\t<p>Die ECTP-CEU veranstaltet ihre 13.<sup>th<\/sup> Europ\u00e4ische Stadt- und Regionalplanung\u00a0<strong>Auszeichnungen im November<\/strong>um mit der <strong>40<sup>th<\/sup> Jahrestag der ECTP-CEU<\/strong>.<\/p><p>Um teilzunehmen, empfehlen wir Ihnen\u00a0<strong>herausragende Projekte identifizieren<\/strong> die die in der beigef\u00fcgten Tabelle aufgef\u00fchrten Anforderungen erf\u00fcllen <a href=\"\/de\/awards-2025-call-pdf\/\">Informationsbrosch\u00fcre<\/a>. Dieses Dokument und die <a href=\"\/de\/awards-2025-template-tier1-docx\/\">Vorlage f\u00fcr Tier-one<\/a> Die Bewerbungen k\u00f6nnen an Ihre Mitglieder und andere Interessierte weitergegeben werden.<\/p><p>Bitte beachten Sie Folgendes\u00a0<strong>Fristen<\/strong>:<\/p><ul style=\"list-style-type: square;\"><li>Eintr\u00e4ge der ersten Ebene: 7<sup>th<\/sup> April 2025<\/li><li>Screening \/ Vorauswahl durch die Jury: Mai 2025<\/li><li>Benachrichtigung der Mitglieder \u00fcber die endg\u00fcltigen Eintr\u00e4ge - Stufe zwei: 1<sup>st<\/sup> Juni 2025<\/li><li>Stufe zwei, Frist f\u00fcr endg\u00fcltige Einreichungen: 15<sup>th<\/sup> September 2025<\/li><li>Bewertung der Jury - Ende September 2025<\/li><\/ul><p>Die Preisverleihung f\u00fcr die 13<sup>th<\/sup> Europ\u00e4ischen Preise f\u00fcr Stadt- und Regionalplanung werden auf der Herbst-Generalversammlung in <strong>Br\u00fcssel am 7.<sup>th<\/sup> oder 8<sup>th<\/sup> November 2025<\/strong>.<\/p><p>Wir ermutigen alle Planer und Regionalentwickler, an den ECTP-CEU European Urban and Regional Planning Awards teilzunehmen, die eine Gelegenheit zum Erfahrungsaustausch bieten und die Bedeutung des Planungsberufs einem breiteren Publikum vermitteln. In diesem, seinem 40.<sup>th<\/sup> Jahr laden wir Sie ein, die ECTP-CEU bei diesem wichtigen Unterfangen zu unterst\u00fctzen, das darauf abzielt, das Beste der Planung in ganz Europa zu pr\u00e4sentieren.<\/p><h3>Herunterladen<\/h3><ul style=\"list-style-type: square;\"><li><a href=\"\/de\/awards-2025-call-pdf\/\">Aufruf zur Einreichung von Bewerbungen<\/a> (PDF-Informationsbrosch\u00fcre)<\/li><li><a href=\"\/de\/awards-2025-template-tier1-docx\/\">Tier-1-Vorlage<\/a> (Microsoft Word-Datei)<\/li><\/ul>\t\t\t\t\t\t\t\t<\/div>\n\t\t\t\t\t<\/div>\n\t\t\t\t<\/div>\n\t\t\t\t<\/div>","protected":false},"excerpt":{"rendered":"<p>ECTP-CEU is organising its 13th European Urban and Regional Planning\u00a0Awards this November, to coincide\u00a0with the 40th anniversary of ECTP-CEU. To take part, we suggest that you\u00a0identify outstanding projects that meet the requirements set out in the attached information brochure. This document and the template for Tier-one applications can be circulated widely to your members and [&hellip;]<\/p>\n","protected":false},"author":1,"featured_media":7662,"comment_status":"closed","ping_status":"open","sticky":false,"template":"","format":"standard","meta":{"_acf_changed":false,"inline_featured_image":false,"footnotes":""},"categories":[47,6],"tags":[],"class_list":["post-5371","post","type-post","status-publish","format-standard","has-post-thumbnail","hentry","category-ectp-ceu","category-news"],"acf":[],"yoast_head":"<!-- This site is optimized with the Yoast SEO plugin v27.5 - https:\/\/yoast.com\/product\/yoast-seo-wordpress\/ -->\n<title>13th European Urban and Regional Planning Awards 2025 - ECTP-CEU<\/title>\n<meta name=\"robots\" content=\"index, follow, max-snippet:-1, max-image-preview:large, max-video-preview:-1\" \/>\n<link rel=\"canonical\" href=\"https:\/\/ectp-ceu.eu\/de\/news\/awards-2025-call-20250122\/\" \/>\n<meta property=\"og:locale\" content=\"de_DE\" \/>\n<meta property=\"og:type\" content=\"article\" \/>\n<meta property=\"og:title\" content=\"13th European Urban and Regional Planning Awards 2025 - ECTP-CEU\" \/>\n<meta property=\"og:description\" content=\"ECTP-CEU is organising its 13th European Urban and Regional Planning\u00a0Awards this November, to coincide\u00a0with the 40th anniversary of ECTP-CEU. To take part, we suggest that you\u00a0identify outstanding projects that meet the requirements set out in the attached information brochure. This document and the template for Tier-one applications can be circulated widely to your members and [&hellip;]\" \/>\n<meta property=\"og:url\" content=\"https:\/\/ectp-ceu.eu\/de\/news\/awards-2025-call-20250122\/\" \/>\n<meta property=\"og:site_name\" content=\"ECTP-CEU\" \/>\n<meta property=\"article:published_time\" content=\"2025-01-22T11:00:13+00:00\" \/>\n<meta property=\"article:modified_time\" content=\"2025-08-27T10:18:57+00:00\" \/>\n<meta property=\"og:image\" content=\"https:\/\/ectp-ceu.eu\/wp-content\/uploads\/2025\/01\/fauvel_p025_feat.webp\" \/>\n\t<meta property=\"og:image:width\" content=\"1920\" \/>\n\t<meta property=\"og:image:height\" content=\"1080\" \/>\n\t<meta property=\"og:image:type\" content=\"image\/webp\" \/>\n<meta name=\"author\" content=\"dev\" \/>\n<meta name=\"twitter:card\" content=\"summary_large_image\" \/>\n<meta name=\"twitter:label1\" content=\"Verfasst von\" \/>\n\t<meta name=\"twitter:data1\" content=\"dev\" \/>\n\t<meta name=\"twitter:label2\" content=\"Gesch\u00e4tzte Lesezeit\" \/>\n\t<meta name=\"twitter:data2\" content=\"2\u00a0Minuten\" \/>\n<script type=\"application\/ld+json\" class=\"yoast-schema-graph\">{\"@context\":\"https:\\\/\\\/schema.org\",\"@graph\":[{\"@type\":\"Article\",\"@id\":\"https:\\\/\\\/ectp-ceu.eu\\\/news\\\/awards-2025-call-20250122\\\/#article\",\"isPartOf\":{\"@id\":\"https:\\\/\\\/ectp-ceu.eu\\\/news\\\/awards-2025-call-20250122\\\/\"},\"author\":{\"name\":\"dev\",\"@id\":\"https:\\\/\\\/ectp-ceu.eu\\\/#\\\/schema\\\/person\\\/8bf89ed875f5ab3f3b35e54d7c3f816f\"},\"headline\":\"13th European Urban and Regional Planning Awards 2025\",\"datePublished\":\"2025-01-22T11:00:13+00:00\",\"dateModified\":\"2025-08-27T10:18:57+00:00\",\"mainEntityOfPage\":{\"@id\":\"https:\\\/\\\/ectp-ceu.eu\\\/news\\\/awards-2025-call-20250122\\\/\"},\"wordCount\":213,\"publisher\":{\"@id\":\"https:\\\/\\\/ectp-ceu.eu\\\/#organization\"},\"image\":{\"@id\":\"https:\\\/\\\/ectp-ceu.eu\\\/news\\\/awards-2025-call-20250122\\\/#primaryimage\"},\"thumbnailUrl\":\"https:\\\/\\\/ectp-ceu.eu\\\/wp-content\\\/uploads\\\/2025\\\/01\\\/fauvel_p025_feat.webp\",\"articleSection\":[\"ECTP-CEU\",\"News\"],\"inLanguage\":\"de\"},{\"@type\":\"WebPage\",\"@id\":\"https:\\\/\\\/ectp-ceu.eu\\\/news\\\/awards-2025-call-20250122\\\/\",\"url\":\"https:\\\/\\\/ectp-ceu.eu\\\/news\\\/awards-2025-call-20250122\\\/\",\"name\":\"13th European Urban and Regional Planning Awards 2025 - ECTP-CEU\",\"isPartOf\":{\"@id\":\"https:\\\/\\\/ectp-ceu.eu\\\/#website\"},\"primaryImageOfPage\":{\"@id\":\"https:\\\/\\\/ectp-ceu.eu\\\/news\\\/awards-2025-call-20250122\\\/#primaryimage\"},\"image\":{\"@id\":\"https:\\\/\\\/ectp-ceu.eu\\\/news\\\/awards-2025-call-20250122\\\/#primaryimage\"},\"thumbnailUrl\":\"https:\\\/\\\/ectp-ceu.eu\\\/wp-content\\\/uploads\\\/2025\\\/01\\\/fauvel_p025_feat.webp\",\"datePublished\":\"2025-01-22T11:00:13+00:00\",\"dateModified\":\"2025-08-27T10:18:57+00:00\",\"breadcrumb\":{\"@id\":\"https:\\\/\\\/ectp-ceu.eu\\\/news\\\/awards-2025-call-20250122\\\/#breadcrumb\"},\"inLanguage\":\"de\",\"potentialAction\":[{\"@type\":\"ReadAction\",\"target\":[\"https:\\\/\\\/ectp-ceu.eu\\\/news\\\/awards-2025-call-20250122\\\/\"]}]},{\"@type\":\"ImageObject\",\"inLanguage\":\"de\",\"@id\":\"https:\\\/\\\/ectp-ceu.eu\\\/news\\\/awards-2025-call-20250122\\\/#primaryimage\",\"url\":\"https:\\\/\\\/ectp-ceu.eu\\\/wp-content\\\/uploads\\\/2025\\\/01\\\/fauvel_p025_feat.webp\",\"contentUrl\":\"https:\\\/\\\/ectp-ceu.eu\\\/wp-content\\\/uploads\\\/2025\\\/01\\\/fauvel_p025_feat.webp\",\"width\":1920,\"height\":1080},{\"@type\":\"BreadcrumbList\",\"@id\":\"https:\\\/\\\/ectp-ceu.eu\\\/news\\\/awards-2025-call-20250122\\\/#breadcrumb\",\"itemListElement\":[{\"@type\":\"ListItem\",\"position\":1,\"name\":\"HOME\",\"item\":\"https:\\\/\\\/ectp-ceu.eu\\\/\"},{\"@type\":\"ListItem\",\"position\":2,\"name\":\"News\",\"item\":\"https:\\\/\\\/ectp-ceu.eu\\\/category\\\/news\\\/\"},{\"@type\":\"ListItem\",\"position\":3,\"name\":\"13th European Urban and Regional Planning Awards 2025\"}]},{\"@type\":\"WebSite\",\"@id\":\"https:\\\/\\\/ectp-ceu.eu\\\/#website\",\"url\":\"https:\\\/\\\/ectp-ceu.eu\\\/\",\"name\":\"ECTP-CEU\",\"description\":\"European Council of Spatial Planners \u2013 Conseil Europ\u00e9en des Urbanistes\",\"publisher\":{\"@id\":\"https:\\\/\\\/ectp-ceu.eu\\\/#organization\"},\"potentialAction\":[{\"@type\":\"SearchAction\",\"target\":{\"@type\":\"EntryPoint\",\"urlTemplate\":\"https:\\\/\\\/ectp-ceu.eu\\\/?s={search_term_string}\"},\"query-input\":{\"@type\":\"PropertyValueSpecification\",\"valueRequired\":true,\"valueName\":\"search_term_string\"}}],\"inLanguage\":\"de\"},{\"@type\":\"Organization\",\"@id\":\"https:\\\/\\\/ectp-ceu.eu\\\/#organization\",\"name\":\"ECTP-CEU\",\"url\":\"https:\\\/\\\/ectp-ceu.eu\\\/\",\"logo\":{\"@type\":\"ImageObject\",\"inLanguage\":\"de\",\"@id\":\"https:\\\/\\\/ectp-ceu.eu\\\/#\\\/schema\\\/logo\\\/image\\\/\",\"url\":\"https:\\\/\\\/ectp-ceu.eu\\\/wp-content\\\/uploads\\\/2024\\\/07\\\/cropped-1392117979K7cUN6za2Hw29SX4.jpeg\",\"contentUrl\":\"https:\\\/\\\/ectp-ceu.eu\\\/wp-content\\\/uploads\\\/2024\\\/07\\\/cropped-1392117979K7cUN6za2Hw29SX4.jpeg\",\"width\":928,\"height\":328,\"caption\":\"ECTP-CEU\"},\"image\":{\"@id\":\"https:\\\/\\\/ectp-ceu.eu\\\/#\\\/schema\\\/logo\\\/image\\\/\"}},{\"@type\":\"Person\",\"@id\":\"https:\\\/\\\/ectp-ceu.eu\\\/#\\\/schema\\\/person\\\/8bf89ed875f5ab3f3b35e54d7c3f816f\",\"name\":\"dev\",\"image\":{\"@type\":\"ImageObject\",\"inLanguage\":\"de\",\"@id\":\"https:\\\/\\\/secure.gravatar.com\\\/avatar\\\/f1ffcac9ca2fa95ad3ec33e9be3ade82f752acb0cabe541e56c5889225afa88a?s=96&d=mm&r=g\",\"url\":\"https:\\\/\\\/secure.gravatar.com\\\/avatar\\\/f1ffcac9ca2fa95ad3ec33e9be3ade82f752acb0cabe541e56c5889225afa88a?s=96&d=mm&r=g\",\"contentUrl\":\"https:\\\/\\\/secure.gravatar.com\\\/avatar\\\/f1ffcac9ca2fa95ad3ec33e9be3ade82f752acb0cabe541e56c5889225afa88a?s=96&d=mm&r=g\",\"caption\":\"dev\"},\"sameAs\":[\"https:\\\/\\\/ectp-ceu.eu\"],\"url\":\"https:\\\/\\\/ectp-ceu.eu\\\/de\\\/author\\\/dev\\\/\"}]}<\/script>\n<!-- \/ Yoast SEO plugin. -->","yoast_head_json":{"title":"13th European Urban and Regional Planning Awards 2025 - ECTP-CEU","robots":{"index":"index","follow":"follow","max-snippet":"max-snippet:-1","max-image-preview":"max-image-preview:large","max-video-preview":"max-video-preview:-1"},"canonical":"https:\/\/ectp-ceu.eu\/de\/news\/awards-2025-call-20250122\/","og_locale":"de_DE","og_type":"article","og_title":"13th European Urban and Regional Planning Awards 2025 - ECTP-CEU","og_description":"ECTP-CEU is organising its 13th European Urban and Regional Planning\u00a0Awards this November, to coincide\u00a0with the 40th anniversary of ECTP-CEU. To take part, we suggest that you\u00a0identify outstanding projects that meet the requirements set out in the attached information brochure. This document and the template for Tier-one applications can be circulated widely to your members and [&hellip;]","og_url":"https:\/\/ectp-ceu.eu\/de\/news\/awards-2025-call-20250122\/","og_site_name":"ECTP-CEU","article_published_time":"2025-01-22T11:00:13+00:00","article_modified_time":"2025-08-27T10:18:57+00:00","og_image":[{"width":1920,"height":1080,"url":"https:\/\/ectp-ceu.eu\/wp-content\/uploads\/2025\/01\/fauvel_p025_feat.webp","type":"image\/webp"}],"author":"dev","twitter_card":"summary_large_image","twitter_misc":{"Verfasst von":"dev","Gesch\u00e4tzte Lesezeit":"2\u00a0Minuten"},"schema":{"@context":"https:\/\/schema.org","@graph":[{"@type":"Article","@id":"https:\/\/ectp-ceu.eu\/news\/awards-2025-call-20250122\/#article","isPartOf":{"@id":"https:\/\/ectp-ceu.eu\/news\/awards-2025-call-20250122\/"},"author":{"name":"dev","@id":"https:\/\/ectp-ceu.eu\/#\/schema\/person\/8bf89ed875f5ab3f3b35e54d7c3f816f"},"headline":"13th European Urban and Regional Planning Awards 2025","datePublished":"2025-01-22T11:00:13+00:00","dateModified":"2025-08-27T10:18:57+00:00","mainEntityOfPage":{"@id":"https:\/\/ectp-ceu.eu\/news\/awards-2025-call-20250122\/"},"wordCount":213,"publisher":{"@id":"https:\/\/ectp-ceu.eu\/#organization"},"image":{"@id":"https:\/\/ectp-ceu.eu\/news\/awards-2025-call-20250122\/#primaryimage"},"thumbnailUrl":"https:\/\/ectp-ceu.eu\/wp-content\/uploads\/2025\/01\/fauvel_p025_feat.webp","articleSection":["ECTP-CEU","News"],"inLanguage":"de"},{"@type":"WebPage","@id":"https:\/\/ectp-ceu.eu\/news\/awards-2025-call-20250122\/","url":"https:\/\/ectp-ceu.eu\/news\/awards-2025-call-20250122\/","name":"13th European Urban and Regional Planning Awards 2025 - ECTP-CEU","isPartOf":{"@id":"https:\/\/ectp-ceu.eu\/#website"},"primaryImageOfPage":{"@id":"https:\/\/ectp-ceu.eu\/news\/awards-2025-call-20250122\/#primaryimage"},"image":{"@id":"https:\/\/ectp-ceu.eu\/news\/awards-2025-call-20250122\/#primaryimage"},"thumbnailUrl":"https:\/\/ectp-ceu.eu\/wp-content\/uploads\/2025\/01\/fauvel_p025_feat.webp","datePublished":"2025-01-22T11:00:13+00:00","dateModified":"2025-08-27T10:18:57+00:00","breadcrumb":{"@id":"https:\/\/ectp-ceu.eu\/news\/awards-2025-call-20250122\/#breadcrumb"},"inLanguage":"de","potentialAction":[{"@type":"ReadAction","target":["https:\/\/ectp-ceu.eu\/news\/awards-2025-call-20250122\/"]}]},{"@type":"ImageObject","inLanguage":"de","@id":"https:\/\/ectp-ceu.eu\/news\/awards-2025-call-20250122\/#primaryimage","url":"https:\/\/ectp-ceu.eu\/wp-content\/uploads\/2025\/01\/fauvel_p025_feat.webp","contentUrl":"https:\/\/ectp-ceu.eu\/wp-content\/uploads\/2025\/01\/fauvel_p025_feat.webp","width":1920,"height":1080},{"@type":"BreadcrumbList","@id":"https:\/\/ectp-ceu.eu\/news\/awards-2025-call-20250122\/#breadcrumb","itemListElement":[{"@type":"ListItem","position":1,"name":"HOME","item":"https:\/\/ectp-ceu.eu\/"},{"@type":"ListItem","position":2,"name":"News","item":"https:\/\/ectp-ceu.eu\/category\/news\/"},{"@type":"ListItem","position":3,"name":"13th European Urban and Regional Planning Awards 2025"}]},{"@type":"WebSite","@id":"https:\/\/ectp-ceu.eu\/#website","url":"https:\/\/ectp-ceu.eu\/","name":"ECTP-CEU","description":"European Council of Spatial Planners \u2013 Conseil Europ\u00e9en des Urbanistes","publisher":{"@id":"https:\/\/ectp-ceu.eu\/#organization"},"potentialAction":[{"@type":"SearchAction","target":{"@type":"EntryPoint","urlTemplate":"https:\/\/ectp-ceu.eu\/?s={search_term_string}"},"query-input":{"@type":"PropertyValueSpecification","valueRequired":true,"valueName":"search_term_string"}}],"inLanguage":"de"},{"@type":"Organization","@id":"https:\/\/ectp-ceu.eu\/#organization","name":"ECTP-CEU","url":"https:\/\/ectp-ceu.eu\/","logo":{"@type":"ImageObject","inLanguage":"de","@id":"https:\/\/ectp-ceu.eu\/#\/schema\/logo\/image\/","url":"https:\/\/ectp-ceu.eu\/wp-content\/uploads\/2024\/07\/cropped-1392117979K7cUN6za2Hw29SX4.jpeg","contentUrl":"https:\/\/ectp-ceu.eu\/wp-content\/uploads\/2024\/07\/cropped-1392117979K7cUN6za2Hw29SX4.jpeg","width":928,"height":328,"caption":"ECTP-CEU"},"image":{"@id":"https:\/\/ectp-ceu.eu\/#\/schema\/logo\/image\/"}},{"@type":"Person","@id":"https:\/\/ectp-ceu.eu\/#\/schema\/person\/8bf89ed875f5ab3f3b35e54d7c3f816f","name":"dev","image":{"@type":"ImageObject","inLanguage":"de","@id":"https:\/\/secure.gravatar.com\/avatar\/f1ffcac9ca2fa95ad3ec33e9be3ade82f752acb0cabe541e56c5889225afa88a?s=96&d=mm&r=g","url":"https:\/\/secure.gravatar.com\/avatar\/f1ffcac9ca2fa95ad3ec33e9be3ade82f752acb0cabe541e56c5889225afa88a?s=96&d=mm&r=g","contentUrl":"https:\/\/secure.gravatar.com\/avatar\/f1ffcac9ca2fa95ad3ec33e9be3ade82f752acb0cabe541e56c5889225afa88a?s=96&d=mm&r=g","caption":"dev"},"sameAs":["https:\/\/ectp-ceu.eu"],"url":"https:\/\/ectp-ceu.eu\/de\/author\/dev\/"}]}},"_links":{"self":[{"href":"https:\/\/ectp-ceu.eu\/de\/wp-json\/wp\/v2\/posts\/5371","targetHints":{"allow":["GET"]}}],"collection":[{"href":"https:\/\/ectp-ceu.eu\/de\/wp-json\/wp\/v2\/posts"}],"about":[{"href":"https:\/\/ectp-ceu.eu\/de\/wp-json\/wp\/v2\/types\/post"}],"author":[{"embeddable":true,"href":"https:\/\/ectp-ceu.eu\/de\/wp-json\/wp\/v2\/users\/1"}],"replies":[{"embeddable":true,"href":"https:\/\/ectp-ceu.eu\/de\/wp-json\/wp\/v2\/comments?post=5371"}],"version-history":[{"count":71,"href":"https:\/\/ectp-ceu.eu\/de\/wp-json\/wp\/v2\/posts\/5371\/revisions"}],"predecessor-version":[{"id":6288,"href":"https:\/\/ectp-ceu.eu\/de\/wp-json\/wp\/v2\/posts\/5371\/revisions\/6288"}],"wp:featuredmedia":[{"embeddable":true,"href":"https:\/\/ectp-ceu.eu\/de\/wp-json\/wp\/v2\/media\/7662"}],"wp:attachment":[{"href":"https:\/\/ectp-ceu.eu\/de\/wp-json\/wp\/v2\/media?parent=5371"}],"wp:term":[{"taxonomy":"category","embeddable":true,"href":"https:\/\/ectp-ceu.eu\/de\/wp-json\/wp\/v2\/categories?post=5371"},{"taxonomy":"post_tag","embeddable":true,"href":"https:\/\/ectp-ceu.eu\/de\/wp-json\/wp\/v2\/tags?post=5371"}],"curies":[{"name":"wp","href":"https:\/\/api.w.org\/{rel}","templated":true}]}}