{"id":7742,"date":"2025-08-23T14:44:37","date_gmt":"2025-08-23T12:44:37","guid":{"rendered":"https:\/\/ectp-ceu.eu\/?p=7742"},"modified":"2025-08-29T01:20:07","modified_gmt":"2025-08-28T23:20:07","slug":"yp-2025-call","status":"publish","type":"post","link":"https:\/\/ectp-ceu.eu\/de\/news\/ectp-ceu\/yp-2025-call\/","title":{"rendered":"14<sup>th<\/sup> Young Planners Workshop 2025 - Aufruf zur Einreichung von Projekten"},"content":{"rendered":"<div data-elementor-type=\"wp-post\" data-elementor-id=\"7742\" class=\"elementor elementor-7742\" data-elementor-post-type=\"post\">\n\t\t\t\t<div class=\"elementor-element elementor-element-57c01153 e-flex e-con-boxed e-con e-parent\" data-id=\"57c01153\" data-element_type=\"container\" data-e-type=\"container\">\n\t\t\t\t\t<div class=\"e-con-inner\">\n\t\t\t\t<div class=\"elementor-element elementor-element-1999c8b elementor-widget elementor-widget-text-editor\" data-id=\"1999c8b\" data-element_type=\"widget\" data-e-type=\"widget\" data-widget_type=\"text-editor.default\">\n\t\t\t\t\t\t\t\t\t<h2 class=\"wp-block-heading\">Planung kleiner und mittelgro\u00dfer europ\u00e4ischer St\u00e4dte seit 2000<\/h2><p>Der Aufruf zur Einreichung von Projekten ist ver\u00f6ffentlicht! Sie k\u00f6nnen sie \u00fcber den unten stehenden Link herunterladen:<\/p><p><a href=\"https:\/\/ectp-ceu.eu\/de\/yp2025-call\/\"><strong>ypws2025-ENG-Aufruf.pdf<\/strong><\/a><\/p><p>Die Frist ist<br \/><strong>Montag, 14.<sup>th<\/sup> September 2025<\/strong><\/p><p>Sie werden eine Woche sp\u00e4ter benachrichtigt (22<sup>und<\/sup> September), abends, wenn Ihr Beitrag zur Pr\u00e4sentation auf der ECTP-CEU 40<sup>th<\/sup> Jahrestagskonferenz in Br\u00fcssel, Belgien am <strong>7<sup>th<\/sup> November 2025<\/strong>. Die ausgew\u00e4hlten Teilnehmer werden gebeten, an mindestens zwei Online-Sitzungen teilzunehmen: die erste zwischen 29<sup>th<\/sup> September und 4<sup>th<\/sup> Oktober und die zweite zwischen 20<sup>th<\/sup> und 25<sup>th<\/sup> Oktober, um zu besprechen, wie sie ihre Werke pr\u00e4sentieren k\u00f6nnen.<\/p><p><strong>Wer kann sich bewerben?<\/strong> Junge Planer - in diesem Jahr nur Praktiker (d. h. keine Studenten oder Doktoranden, keine Forscher und keine Akademiker) - im Alter von weniger als 35 Jahren oder mit weniger als 10 Jahren Erfahrung in der Planung nach Abschluss der Ausbildung (\"35-10-Jahre-Regel\"). Bewerbungen d\u00fcrfen nur von einzelnen jungen Planern eingereicht werden (dieses Jahr keine Gruppen). Ein weiterer Unterschied in diesem Jahr ist - aufgrund des vollen Programms der Jubil\u00e4umsfeierlichkeiten zusammen mit den 13<sup>th<\/sup> Europ\u00e4ische Preise f\u00fcr Stadt- und Regionalplanung und der 14.<sup>th<\/sup> Young Planners Workshop (ein volles Programm!) - dass nur 5 Beitr\u00e4ge statt der \u00fcblichen 10 Beitr\u00e4ge angenommen werden k\u00f6nnen.<\/p><p><strong>Sie k\u00f6nnen sich eine Reise nach Br\u00fcssel nicht leisten?<\/strong> Das ist kein Problem. Jeder Teilnehmer erh\u00e4lt von der ECTP-CEU einen Beitrag von <strong>400 Euro<\/strong>. Damit sollten alle oder zumindest die meisten Reise- und Hotelkosten gedeckt sein. Au\u00dferdem sind die Teilnehmer eingeladen, am offiziellen Jubil\u00e4umsdinner am Freitag, den 7.<sup>th<\/sup> Der Druck der Poster erfolgt auf Kosten der ECTP-CEU.<\/p><p><strong>Haben Sie eine Frage?<\/strong> Z\u00f6gern Sie nicht, den ECTP-CEU-Projektausschuss f\u00fcr junge Planer zu kontaktieren unter\u00a0<strong>secretariat@ectp-ceu.eu<\/strong>.<\/p><p>Wir freuen uns auf Bewerbungen von vielen jungen Planern aus ganz Europa.<\/p>\t\t\t\t\t\t\t\t<\/div>\n\t\t\t\t\t<\/div>\n\t\t\t\t<\/div>\n\t\t\t\t<\/div>","protected":false},"excerpt":{"rendered":"<p>Planning of Small and Medium-Sized European Towns since 2000 The call for projects is out! You can download it from the link here below: Deadline isMonday, 14th September 2025 You will be notified one week later (22nd September), in the evening, if your contribution will be admitted to be presented at the ECTP-CEU\u2019s 40th Anniversary [&hellip;]<\/p>\n","protected":false},"author":2,"featured_media":7569,"comment_status":"closed","ping_status":"open","sticky":false,"template":"","format":"standard","meta":{"_acf_changed":false,"inline_featured_image":false,"footnotes":""},"categories":[47,6],"tags":[],"class_list":["post-7742","post","type-post","status-publish","format-standard","has-post-thumbnail","hentry","category-ectp-ceu","category-news"],"acf":[],"yoast_head":"<!-- This site is optimized with the Yoast SEO plugin v27.5 - https:\/\/yoast.com\/product\/yoast-seo-wordpress\/ -->\n<title>14th Young Planners Workshop 2025 \u2013 Call for Projects - ECTP-CEU<\/title>\n<meta name=\"robots\" content=\"index, follow, max-snippet:-1, max-image-preview:large, max-video-preview:-1\" \/>\n<link rel=\"canonical\" href=\"https:\/\/ectp-ceu.eu\/de\/news\/yp-2025-call\/\" \/>\n<meta property=\"og:locale\" content=\"de_DE\" \/>\n<meta property=\"og:type\" content=\"article\" \/>\n<meta property=\"og:title\" content=\"14th Young Planners Workshop 2025 \u2013 Call for Projects - ECTP-CEU\" \/>\n<meta property=\"og:description\" content=\"Planning of Small and Medium-Sized European Towns since 2000 The call for projects is out! You can download it from the link here below: Deadline isMonday, 14th September 2025 You will be notified one week later (22nd September), in the evening, if your contribution will be admitted to be presented at the ECTP-CEU\u2019s 40th Anniversary [&hellip;]\" \/>\n<meta property=\"og:url\" content=\"https:\/\/ectp-ceu.eu\/de\/news\/yp-2025-call\/\" \/>\n<meta property=\"og:site_name\" content=\"ECTP-CEU\" \/>\n<meta property=\"article:published_time\" content=\"2025-08-23T12:44:37+00:00\" \/>\n<meta property=\"article:modified_time\" content=\"2025-08-28T23:20:07+00:00\" \/>\n<meta property=\"og:image\" content=\"https:\/\/ectp-ceu.eu\/wp-content\/uploads\/yp\/2025\/ypws2025-ENG-card-0823.png\" \/>\n\t<meta property=\"og:image:width\" content=\"1920\" \/>\n\t<meta property=\"og:image:height\" content=\"1080\" \/>\n\t<meta property=\"og:image:type\" content=\"image\/png\" \/>\n<meta name=\"author\" content=\"Markus Hedorfer\" \/>\n<meta name=\"twitter:card\" content=\"summary_large_image\" \/>\n<meta name=\"twitter:label1\" content=\"Verfasst von\" \/>\n\t<meta name=\"twitter:data1\" content=\"Markus Hedorfer\" \/>\n\t<meta name=\"twitter:label2\" content=\"Gesch\u00e4tzte Lesezeit\" \/>\n\t<meta name=\"twitter:data2\" content=\"2\u00a0Minuten\" \/>\n<script type=\"application\/ld+json\" class=\"yoast-schema-graph\">{\"@context\":\"https:\\\/\\\/schema.org\",\"@graph\":[{\"@type\":\"Article\",\"@id\":\"https:\\\/\\\/ectp-ceu.eu\\\/news\\\/yp-2025-call\\\/#article\",\"isPartOf\":{\"@id\":\"https:\\\/\\\/ectp-ceu.eu\\\/news\\\/yp-2025-call\\\/\"},\"author\":{\"name\":\"Markus Hedorfer\",\"@id\":\"https:\\\/\\\/ectp-ceu.eu\\\/#\\\/schema\\\/person\\\/d9214bcbc889cec98e49d069d552f5bd\"},\"headline\":\"14th Young Planners Workshop 2025 \u2013 Call for Projects\",\"datePublished\":\"2025-08-23T12:44:37+00:00\",\"dateModified\":\"2025-08-28T23:20:07+00:00\",\"mainEntityOfPage\":{\"@id\":\"https:\\\/\\\/ectp-ceu.eu\\\/news\\\/yp-2025-call\\\/\"},\"wordCount\":298,\"publisher\":{\"@id\":\"https:\\\/\\\/ectp-ceu.eu\\\/#organization\"},\"image\":{\"@id\":\"https:\\\/\\\/ectp-ceu.eu\\\/news\\\/yp-2025-call\\\/#primaryimage\"},\"thumbnailUrl\":\"https:\\\/\\\/ectp-ceu.eu\\\/wp-content\\\/uploads\\\/yp\\\/2025\\\/ypws2025-ENG-card-0823.png\",\"articleSection\":[\"ECTP-CEU\",\"News\"],\"inLanguage\":\"de\"},{\"@type\":\"WebPage\",\"@id\":\"https:\\\/\\\/ectp-ceu.eu\\\/news\\\/yp-2025-call\\\/\",\"url\":\"https:\\\/\\\/ectp-ceu.eu\\\/news\\\/yp-2025-call\\\/\",\"name\":\"14th Young Planners Workshop 2025 \u2013 Call for Projects - ECTP-CEU\",\"isPartOf\":{\"@id\":\"https:\\\/\\\/ectp-ceu.eu\\\/#website\"},\"primaryImageOfPage\":{\"@id\":\"https:\\\/\\\/ectp-ceu.eu\\\/news\\\/yp-2025-call\\\/#primaryimage\"},\"image\":{\"@id\":\"https:\\\/\\\/ectp-ceu.eu\\\/news\\\/yp-2025-call\\\/#primaryimage\"},\"thumbnailUrl\":\"https:\\\/\\\/ectp-ceu.eu\\\/wp-content\\\/uploads\\\/yp\\\/2025\\\/ypws2025-ENG-card-0823.png\",\"datePublished\":\"2025-08-23T12:44:37+00:00\",\"dateModified\":\"2025-08-28T23:20:07+00:00\",\"breadcrumb\":{\"@id\":\"https:\\\/\\\/ectp-ceu.eu\\\/news\\\/yp-2025-call\\\/#breadcrumb\"},\"inLanguage\":\"de\",\"potentialAction\":[{\"@type\":\"ReadAction\",\"target\":[\"https:\\\/\\\/ectp-ceu.eu\\\/news\\\/yp-2025-call\\\/\"]}]},{\"@type\":\"ImageObject\",\"inLanguage\":\"de\",\"@id\":\"https:\\\/\\\/ectp-ceu.eu\\\/news\\\/yp-2025-call\\\/#primaryimage\",\"url\":\"https:\\\/\\\/ectp-ceu.eu\\\/wp-content\\\/uploads\\\/yp\\\/2025\\\/ypws2025-ENG-card-0823.png\",\"contentUrl\":\"https:\\\/\\\/ectp-ceu.eu\\\/wp-content\\\/uploads\\\/yp\\\/2025\\\/ypws2025-ENG-card-0823.png\",\"width\":1920,\"height\":1080},{\"@type\":\"BreadcrumbList\",\"@id\":\"https:\\\/\\\/ectp-ceu.eu\\\/news\\\/yp-2025-call\\\/#breadcrumb\",\"itemListElement\":[{\"@type\":\"ListItem\",\"position\":1,\"name\":\"HOME\",\"item\":\"https:\\\/\\\/ectp-ceu.eu\\\/\"},{\"@type\":\"ListItem\",\"position\":2,\"name\":\"News\",\"item\":\"https:\\\/\\\/ectp-ceu.eu\\\/category\\\/news\\\/\"},{\"@type\":\"ListItem\",\"position\":3,\"name\":\"ECTP-CEU\",\"item\":\"https:\\\/\\\/ectp-ceu.eu\\\/category\\\/news\\\/ectp-ceu\\\/\"},{\"@type\":\"ListItem\",\"position\":4,\"name\":\"14th Young Planners Workshop 2025 \u2013 Call for Projects\"}]},{\"@type\":\"WebSite\",\"@id\":\"https:\\\/\\\/ectp-ceu.eu\\\/#website\",\"url\":\"https:\\\/\\\/ectp-ceu.eu\\\/\",\"name\":\"ECTP-CEU\",\"description\":\"European Council of Spatial Planners \u2013 Conseil Europ\u00e9en des Urbanistes\",\"publisher\":{\"@id\":\"https:\\\/\\\/ectp-ceu.eu\\\/#organization\"},\"potentialAction\":[{\"@type\":\"SearchAction\",\"target\":{\"@type\":\"EntryPoint\",\"urlTemplate\":\"https:\\\/\\\/ectp-ceu.eu\\\/?s={search_term_string}\"},\"query-input\":{\"@type\":\"PropertyValueSpecification\",\"valueRequired\":true,\"valueName\":\"search_term_string\"}}],\"inLanguage\":\"de\"},{\"@type\":\"Organization\",\"@id\":\"https:\\\/\\\/ectp-ceu.eu\\\/#organization\",\"name\":\"ECTP-CEU\",\"url\":\"https:\\\/\\\/ectp-ceu.eu\\\/\",\"logo\":{\"@type\":\"ImageObject\",\"inLanguage\":\"de\",\"@id\":\"https:\\\/\\\/ectp-ceu.eu\\\/#\\\/schema\\\/logo\\\/image\\\/\",\"url\":\"https:\\\/\\\/ectp-ceu.eu\\\/wp-content\\\/uploads\\\/2024\\\/07\\\/cropped-1392117979K7cUN6za2Hw29SX4.jpeg\",\"contentUrl\":\"https:\\\/\\\/ectp-ceu.eu\\\/wp-content\\\/uploads\\\/2024\\\/07\\\/cropped-1392117979K7cUN6za2Hw29SX4.jpeg\",\"width\":928,\"height\":328,\"caption\":\"ECTP-CEU\"},\"image\":{\"@id\":\"https:\\\/\\\/ectp-ceu.eu\\\/#\\\/schema\\\/logo\\\/image\\\/\"}},{\"@type\":\"Person\",\"@id\":\"https:\\\/\\\/ectp-ceu.eu\\\/#\\\/schema\\\/person\\\/d9214bcbc889cec98e49d069d552f5bd\",\"name\":\"Markus Hedorfer\",\"image\":{\"@type\":\"ImageObject\",\"inLanguage\":\"de\",\"@id\":\"https:\\\/\\\/secure.gravatar.com\\\/avatar\\\/4693ad6e69fd0e2aa1cf34159d317908096a34866b8006a1a053ed37056cf9cc?s=96&d=mm&r=g\",\"url\":\"https:\\\/\\\/secure.gravatar.com\\\/avatar\\\/4693ad6e69fd0e2aa1cf34159d317908096a34866b8006a1a053ed37056cf9cc?s=96&d=mm&r=g\",\"contentUrl\":\"https:\\\/\\\/secure.gravatar.com\\\/avatar\\\/4693ad6e69fd0e2aa1cf34159d317908096a34866b8006a1a053ed37056cf9cc?s=96&d=mm&r=g\",\"caption\":\"Markus Hedorfer\"},\"url\":\"https:\\\/\\\/ectp-ceu.eu\\\/de\\\/author\\\/markus-hedorferurbanisti-it\\\/\"}]}<\/script>\n<!-- \/ Yoast SEO plugin. -->","yoast_head_json":{"title":"14th Young Planners Workshop 2025 \u2013 Call for Projects - ECTP-CEU","robots":{"index":"index","follow":"follow","max-snippet":"max-snippet:-1","max-image-preview":"max-image-preview:large","max-video-preview":"max-video-preview:-1"},"canonical":"https:\/\/ectp-ceu.eu\/de\/news\/yp-2025-call\/","og_locale":"de_DE","og_type":"article","og_title":"14th Young Planners Workshop 2025 \u2013 Call for Projects - ECTP-CEU","og_description":"Planning of Small and Medium-Sized European Towns since 2000 The call for projects is out! You can download it from the link here below: Deadline isMonday, 14th September 2025 You will be notified one week later (22nd September), in the evening, if your contribution will be admitted to be presented at the ECTP-CEU\u2019s 40th Anniversary [&hellip;]","og_url":"https:\/\/ectp-ceu.eu\/de\/news\/yp-2025-call\/","og_site_name":"ECTP-CEU","article_published_time":"2025-08-23T12:44:37+00:00","article_modified_time":"2025-08-28T23:20:07+00:00","og_image":[{"width":1920,"height":1080,"url":"https:\/\/ectp-ceu.eu\/wp-content\/uploads\/yp\/2025\/ypws2025-ENG-card-0823.png","type":"image\/png"}],"author":"Markus Hedorfer","twitter_card":"summary_large_image","twitter_misc":{"Verfasst von":"Markus Hedorfer","Gesch\u00e4tzte Lesezeit":"2\u00a0Minuten"},"schema":{"@context":"https:\/\/schema.org","@graph":[{"@type":"Article","@id":"https:\/\/ectp-ceu.eu\/news\/yp-2025-call\/#article","isPartOf":{"@id":"https:\/\/ectp-ceu.eu\/news\/yp-2025-call\/"},"author":{"name":"Markus Hedorfer","@id":"https:\/\/ectp-ceu.eu\/#\/schema\/person\/d9214bcbc889cec98e49d069d552f5bd"},"headline":"14th Young Planners Workshop 2025 \u2013 Call for Projects","datePublished":"2025-08-23T12:44:37+00:00","dateModified":"2025-08-28T23:20:07+00:00","mainEntityOfPage":{"@id":"https:\/\/ectp-ceu.eu\/news\/yp-2025-call\/"},"wordCount":298,"publisher":{"@id":"https:\/\/ectp-ceu.eu\/#organization"},"image":{"@id":"https:\/\/ectp-ceu.eu\/news\/yp-2025-call\/#primaryimage"},"thumbnailUrl":"https:\/\/ectp-ceu.eu\/wp-content\/uploads\/yp\/2025\/ypws2025-ENG-card-0823.png","articleSection":["ECTP-CEU","News"],"inLanguage":"de"},{"@type":"WebPage","@id":"https:\/\/ectp-ceu.eu\/news\/yp-2025-call\/","url":"https:\/\/ectp-ceu.eu\/news\/yp-2025-call\/","name":"14th Young Planners Workshop 2025 \u2013 Call for Projects - ECTP-CEU","isPartOf":{"@id":"https:\/\/ectp-ceu.eu\/#website"},"primaryImageOfPage":{"@id":"https:\/\/ectp-ceu.eu\/news\/yp-2025-call\/#primaryimage"},"image":{"@id":"https:\/\/ectp-ceu.eu\/news\/yp-2025-call\/#primaryimage"},"thumbnailUrl":"https:\/\/ectp-ceu.eu\/wp-content\/uploads\/yp\/2025\/ypws2025-ENG-card-0823.png","datePublished":"2025-08-23T12:44:37+00:00","dateModified":"2025-08-28T23:20:07+00:00","breadcrumb":{"@id":"https:\/\/ectp-ceu.eu\/news\/yp-2025-call\/#breadcrumb"},"inLanguage":"de","potentialAction":[{"@type":"ReadAction","target":["https:\/\/ectp-ceu.eu\/news\/yp-2025-call\/"]}]},{"@type":"ImageObject","inLanguage":"de","@id":"https:\/\/ectp-ceu.eu\/news\/yp-2025-call\/#primaryimage","url":"https:\/\/ectp-ceu.eu\/wp-content\/uploads\/yp\/2025\/ypws2025-ENG-card-0823.png","contentUrl":"https:\/\/ectp-ceu.eu\/wp-content\/uploads\/yp\/2025\/ypws2025-ENG-card-0823.png","width":1920,"height":1080},{"@type":"BreadcrumbList","@id":"https:\/\/ectp-ceu.eu\/news\/yp-2025-call\/#breadcrumb","itemListElement":[{"@type":"ListItem","position":1,"name":"HOME","item":"https:\/\/ectp-ceu.eu\/"},{"@type":"ListItem","position":2,"name":"News","item":"https:\/\/ectp-ceu.eu\/category\/news\/"},{"@type":"ListItem","position":3,"name":"ECTP-CEU","item":"https:\/\/ectp-ceu.eu\/category\/news\/ectp-ceu\/"},{"@type":"ListItem","position":4,"name":"14th Young Planners Workshop 2025 \u2013 Call for Projects"}]},{"@type":"WebSite","@id":"https:\/\/ectp-ceu.eu\/#website","url":"https:\/\/ectp-ceu.eu\/","name":"ECTP-CEU","description":"European Council of Spatial Planners \u2013 Conseil Europ\u00e9en des Urbanistes","publisher":{"@id":"https:\/\/ectp-ceu.eu\/#organization"},"potentialAction":[{"@type":"SearchAction","target":{"@type":"EntryPoint","urlTemplate":"https:\/\/ectp-ceu.eu\/?s={search_term_string}"},"query-input":{"@type":"PropertyValueSpecification","valueRequired":true,"valueName":"search_term_string"}}],"inLanguage":"de"},{"@type":"Organization","@id":"https:\/\/ectp-ceu.eu\/#organization","name":"ECTP-CEU","url":"https:\/\/ectp-ceu.eu\/","logo":{"@type":"ImageObject","inLanguage":"de","@id":"https:\/\/ectp-ceu.eu\/#\/schema\/logo\/image\/","url":"https:\/\/ectp-ceu.eu\/wp-content\/uploads\/2024\/07\/cropped-1392117979K7cUN6za2Hw29SX4.jpeg","contentUrl":"https:\/\/ectp-ceu.eu\/wp-content\/uploads\/2024\/07\/cropped-1392117979K7cUN6za2Hw29SX4.jpeg","width":928,"height":328,"caption":"ECTP-CEU"},"image":{"@id":"https:\/\/ectp-ceu.eu\/#\/schema\/logo\/image\/"}},{"@type":"Person","@id":"https:\/\/ectp-ceu.eu\/#\/schema\/person\/d9214bcbc889cec98e49d069d552f5bd","name":"Markus Hedorfer","image":{"@type":"ImageObject","inLanguage":"de","@id":"https:\/\/secure.gravatar.com\/avatar\/4693ad6e69fd0e2aa1cf34159d317908096a34866b8006a1a053ed37056cf9cc?s=96&d=mm&r=g","url":"https:\/\/secure.gravatar.com\/avatar\/4693ad6e69fd0e2aa1cf34159d317908096a34866b8006a1a053ed37056cf9cc?s=96&d=mm&r=g","contentUrl":"https:\/\/secure.gravatar.com\/avatar\/4693ad6e69fd0e2aa1cf34159d317908096a34866b8006a1a053ed37056cf9cc?s=96&d=mm&r=g","caption":"Markus Hedorfer"},"url":"https:\/\/ectp-ceu.eu\/de\/author\/markus-hedorferurbanisti-it\/"}]}},"_links":{"self":[{"href":"https:\/\/ectp-ceu.eu\/de\/wp-json\/wp\/v2\/posts\/7742","targetHints":{"allow":["GET"]}}],"collection":[{"href":"https:\/\/ectp-ceu.eu\/de\/wp-json\/wp\/v2\/posts"}],"about":[{"href":"https:\/\/ectp-ceu.eu\/de\/wp-json\/wp\/v2\/types\/post"}],"author":[{"embeddable":true,"href":"https:\/\/ectp-ceu.eu\/de\/wp-json\/wp\/v2\/users\/2"}],"replies":[{"embeddable":true,"href":"https:\/\/ectp-ceu.eu\/de\/wp-json\/wp\/v2\/comments?post=7742"}],"version-history":[{"count":14,"href":"https:\/\/ectp-ceu.eu\/de\/wp-json\/wp\/v2\/posts\/7742\/revisions"}],"predecessor-version":[{"id":7803,"href":"https:\/\/ectp-ceu.eu\/de\/wp-json\/wp\/v2\/posts\/7742\/revisions\/7803"}],"wp:featuredmedia":[{"embeddable":true,"href":"https:\/\/ectp-ceu.eu\/de\/wp-json\/wp\/v2\/media\/7569"}],"wp:attachment":[{"href":"https:\/\/ectp-ceu.eu\/de\/wp-json\/wp\/v2\/media?parent=7742"}],"wp:term":[{"taxonomy":"category","embeddable":true,"href":"https:\/\/ectp-ceu.eu\/de\/wp-json\/wp\/v2\/categories?post=7742"},{"taxonomy":"post_tag","embeddable":true,"href":"https:\/\/ectp-ceu.eu\/de\/wp-json\/wp\/v2\/tags?post=7742"}],"curies":[{"name":"wp","href":"https:\/\/api.w.org\/{rel}","templated":true}]}}