{"id":131,"date":"2021-04-30T13:02:25","date_gmt":"2021-04-30T13:02:25","guid":{"rendered":"https:\/\/tempectp.cimalink.eu\/saepe-molestias-corrupti-dolor-quae-et\/"},"modified":"2025-07-21T19:10:43","modified_gmt":"2025-07-21T17:10:43","slug":"new-european-bauhaus-design-phase","status":"publish","type":"post","link":"https:\/\/ectp-ceu.eu\/fr\/news\/new-european-bauhaus-design-phase\/","title":{"rendered":"Nouveau Bauhaus europ\u00e9en : la Commission lance la phase de conception"},"content":{"rendered":"<p>La Commission a lanc\u00e9 le 18 janvier 2021 la phase de conception de l'initiative \"New European Bauhaus\", annonc\u00e9e par le pr\u00e9sident de la Commission europ\u00e9enne.<strong>\u00a0von der Leyen<\/strong>\u00a0dans son discours sur l'\u00e9tat de l'Union en 2020.<\/p>\n<p><a href=\"https:\/\/ec.europa.eu\/commission\/presscorner\/detail\/en\/ip_21_111\">https:\/\/ec.europa.eu\/commission\/presscorner\/detail\/en\/ip_21_111<\/a><\/p>\n<p><a href=\"https:\/\/ec.europa.eu\/commission\/presscorner\/detail\/fr\/ip_21_111\">https:\/\/ec.europa.eu\/commission\/presscorner\/detail\/fr\/ip_21_111<\/a><\/p>\n<p><a href=\"https:\/\/ec.europa.eu\/commission\/presscorner\/detail\/es\/ip_21_111\">https:\/\/ec.europa.eu\/commission\/presscorner\/detail\/es\/ip_21_111<\/a><\/p>\n<p><a href=\"https:\/\/ec.europa.eu\/commission\/presscorner\/detail\/de\/ip_21_111\">https:\/\/ec.europa.eu\/commission\/presscorner\/detail\/de\/ip_21_111<\/a><\/p>\n<p><a href=\"https:\/\/ec.europa.eu\/commission\/presscorner\/detail\/it\/ip_21_111\">https:\/\/ec.europa.eu\/commission\/presscorner\/detail\/it\/ip_21_111<\/a><\/p>\n<p><a href=\"https:\/\/ec.europa.eu\/commission\/presscorner\/detail\/nl\/ip_21_111\">https:\/\/ec.europa.eu\/commission\/presscorner\/detail\/nl\/ip_21_111<\/a><\/p>\n<p><a href=\"https:\/\/ec.europa.eu\/commission\/presscorner\/detail\/pt\/ip_21_111\">https:\/\/ec.europa.eu\/commission\/presscorner\/detail\/pt\/ip_21_111<\/a><\/p>","protected":false},"excerpt":{"rendered":"<p>La Commission a lanc\u00e9 le 18 janvier 2021 la phase de conception de la nouvelle initiative europ\u00e9enne du Bauhaus, annonc\u00e9e par la pr\u00e9sidente von der Leyen dans son discours sur l'\u00e9tat de l'Union en 2020.<\/p>\n<p>https:\/\/ec.europa.eu\/commission\/presscorner\/detail\/en\/ip_21_111<\/p>\n<p>La Commission a lanc\u00e9 le 18 janvier 2021, la phase de conception de l'initiative relative au nouveau Bauhaus europ\u00e9en, annonc\u00e9e par la pr\u00e9sidente von der Leyen dans son discours sur l'\u00e9tat de l'Union de 2020.<\/p>\n<p>https:\/\/ec.europa.eu\/commission\/presscorner\/detail\/fr\/ip_21_111<\/p>","protected":false},"author":1,"featured_media":419,"comment_status":"closed","ping_status":"closed","sticky":false,"template":"","format":"standard","meta":{"_acf_changed":false,"inline_featured_image":false,"footnotes":""},"categories":[47,6],"tags":[],"class_list":["post-131","post","type-post","status-publish","format-standard","has-post-thumbnail","hentry","category-ectp-ceu","category-news"],"acf":[],"yoast_head":"<!-- This site is optimized with the Yoast SEO plugin v27.5 - https:\/\/yoast.com\/product\/yoast-seo-wordpress\/ -->\n<title>New European Bauhaus : Commission Launches design phase - ECTP-CEU<\/title>\n<meta name=\"robots\" content=\"index, follow, max-snippet:-1, max-image-preview:large, max-video-preview:-1\" \/>\n<link rel=\"canonical\" href=\"https:\/\/ectp-ceu.eu\/fr\/news\/new-european-bauhaus-design-phase\/\" \/>\n<meta property=\"og:locale\" content=\"fr_FR\" \/>\n<meta property=\"og:type\" content=\"article\" \/>\n<meta property=\"og:title\" content=\"New European Bauhaus : Commission Launches design phase - ECTP-CEU\" \/>\n<meta property=\"og:description\" content=\"The Commission launched on 18 January 2021 the design phase of the New European Bauhaus initiative, announced by President von der Leyen in her 2020 State of the Union address. https:\/\/ec.europa.eu\/commission\/presscorner\/detail\/en\/ip_21_111 La Commission a lanc\u00e9 le 18 janvier 2021, la phase de conception de l&#039;initiative relative au nouveau Bauhaus europ\u00e9en, annonc\u00e9e par la pr\u00e9sidente von der Leyen dans son discours sur l&#039;\u00e9tat de l&#039;Union de 2020. https:\/\/ec.europa.eu\/commission\/presscorner\/detail\/fr\/ip_21_111\" \/>\n<meta property=\"og:url\" content=\"https:\/\/ectp-ceu.eu\/fr\/news\/new-european-bauhaus-design-phase\/\" \/>\n<meta property=\"og:site_name\" content=\"ECTP-CEU\" \/>\n<meta property=\"article:published_time\" content=\"2021-04-30T13:02:25+00:00\" \/>\n<meta property=\"article:modified_time\" content=\"2025-07-21T17:10:43+00:00\" \/>\n<meta name=\"author\" content=\"dev\" \/>\n<meta name=\"twitter:card\" content=\"summary_large_image\" \/>\n<meta name=\"twitter:label1\" content=\"\u00c9crit par\" \/>\n\t<meta name=\"twitter:data1\" content=\"dev\" \/>\n<script type=\"application\/ld+json\" class=\"yoast-schema-graph\">{\"@context\":\"https:\\\/\\\/schema.org\",\"@graph\":[{\"@type\":\"Article\",\"@id\":\"https:\\\/\\\/ectp-ceu.eu\\\/news\\\/new-european-bauhaus-design-phase\\\/#article\",\"isPartOf\":{\"@id\":\"https:\\\/\\\/ectp-ceu.eu\\\/news\\\/new-european-bauhaus-design-phase\\\/\"},\"author\":{\"name\":\"dev\",\"@id\":\"https:\\\/\\\/ectp-ceu.eu\\\/#\\\/schema\\\/person\\\/8bf89ed875f5ab3f3b35e54d7c3f816f\"},\"headline\":\"New European Bauhaus : Commission Launches design phase\",\"datePublished\":\"2021-04-30T13:02:25+00:00\",\"dateModified\":\"2025-07-21T17:10:43+00:00\",\"mainEntityOfPage\":{\"@id\":\"https:\\\/\\\/ectp-ceu.eu\\\/news\\\/new-european-bauhaus-design-phase\\\/\"},\"wordCount\":97,\"publisher\":{\"@id\":\"https:\\\/\\\/ectp-ceu.eu\\\/#organization\"},\"image\":{\"@id\":\"https:\\\/\\\/ectp-ceu.eu\\\/news\\\/new-european-bauhaus-design-phase\\\/#primaryimage\"},\"thumbnailUrl\":\"\",\"articleSection\":[\"ECTP-CEU\",\"News\"],\"inLanguage\":\"fr-FR\"},{\"@type\":\"WebPage\",\"@id\":\"https:\\\/\\\/ectp-ceu.eu\\\/news\\\/new-european-bauhaus-design-phase\\\/\",\"url\":\"https:\\\/\\\/ectp-ceu.eu\\\/news\\\/new-european-bauhaus-design-phase\\\/\",\"name\":\"New European Bauhaus : Commission Launches design phase - ECTP-CEU\",\"isPartOf\":{\"@id\":\"https:\\\/\\\/ectp-ceu.eu\\\/#website\"},\"primaryImageOfPage\":{\"@id\":\"https:\\\/\\\/ectp-ceu.eu\\\/news\\\/new-european-bauhaus-design-phase\\\/#primaryimage\"},\"image\":{\"@id\":\"https:\\\/\\\/ectp-ceu.eu\\\/news\\\/new-european-bauhaus-design-phase\\\/#primaryimage\"},\"thumbnailUrl\":\"\",\"datePublished\":\"2021-04-30T13:02:25+00:00\",\"dateModified\":\"2025-07-21T17:10:43+00:00\",\"breadcrumb\":{\"@id\":\"https:\\\/\\\/ectp-ceu.eu\\\/news\\\/new-european-bauhaus-design-phase\\\/#breadcrumb\"},\"inLanguage\":\"fr-FR\",\"potentialAction\":[{\"@type\":\"ReadAction\",\"target\":[\"https:\\\/\\\/ectp-ceu.eu\\\/news\\\/new-european-bauhaus-design-phase\\\/\"]}]},{\"@type\":\"ImageObject\",\"inLanguage\":\"fr-FR\",\"@id\":\"https:\\\/\\\/ectp-ceu.eu\\\/news\\\/new-european-bauhaus-design-phase\\\/#primaryimage\",\"url\":\"\",\"contentUrl\":\"\"},{\"@type\":\"BreadcrumbList\",\"@id\":\"https:\\\/\\\/ectp-ceu.eu\\\/news\\\/new-european-bauhaus-design-phase\\\/#breadcrumb\",\"itemListElement\":[{\"@type\":\"ListItem\",\"position\":1,\"name\":\"HOME\",\"item\":\"https:\\\/\\\/ectp-ceu.eu\\\/\"},{\"@type\":\"ListItem\",\"position\":2,\"name\":\"News\",\"item\":\"https:\\\/\\\/ectp-ceu.eu\\\/category\\\/news\\\/\"},{\"@type\":\"ListItem\",\"position\":3,\"name\":\"ECTP-CEU\",\"item\":\"https:\\\/\\\/ectp-ceu.eu\\\/category\\\/news\\\/ectp-ceu\\\/\"},{\"@type\":\"ListItem\",\"position\":4,\"name\":\"New European Bauhaus : Commission Launches design phase\"}]},{\"@type\":\"WebSite\",\"@id\":\"https:\\\/\\\/ectp-ceu.eu\\\/#website\",\"url\":\"https:\\\/\\\/ectp-ceu.eu\\\/\",\"name\":\"ECTP-CEU\",\"description\":\"European Council of Spatial Planners \u2013 Conseil Europ\u00e9en des Urbanistes\",\"publisher\":{\"@id\":\"https:\\\/\\\/ectp-ceu.eu\\\/#organization\"},\"potentialAction\":[{\"@type\":\"SearchAction\",\"target\":{\"@type\":\"EntryPoint\",\"urlTemplate\":\"https:\\\/\\\/ectp-ceu.eu\\\/?s={search_term_string}\"},\"query-input\":{\"@type\":\"PropertyValueSpecification\",\"valueRequired\":true,\"valueName\":\"search_term_string\"}}],\"inLanguage\":\"fr-FR\"},{\"@type\":\"Organization\",\"@id\":\"https:\\\/\\\/ectp-ceu.eu\\\/#organization\",\"name\":\"ECTP-CEU\",\"url\":\"https:\\\/\\\/ectp-ceu.eu\\\/\",\"logo\":{\"@type\":\"ImageObject\",\"inLanguage\":\"fr-FR\",\"@id\":\"https:\\\/\\\/ectp-ceu.eu\\\/#\\\/schema\\\/logo\\\/image\\\/\",\"url\":\"https:\\\/\\\/ectp-ceu.eu\\\/wp-content\\\/uploads\\\/2024\\\/07\\\/cropped-1392117979K7cUN6za2Hw29SX4.jpeg\",\"contentUrl\":\"https:\\\/\\\/ectp-ceu.eu\\\/wp-content\\\/uploads\\\/2024\\\/07\\\/cropped-1392117979K7cUN6za2Hw29SX4.jpeg\",\"width\":928,\"height\":328,\"caption\":\"ECTP-CEU\"},\"image\":{\"@id\":\"https:\\\/\\\/ectp-ceu.eu\\\/#\\\/schema\\\/logo\\\/image\\\/\"}},{\"@type\":\"Person\",\"@id\":\"https:\\\/\\\/ectp-ceu.eu\\\/#\\\/schema\\\/person\\\/8bf89ed875f5ab3f3b35e54d7c3f816f\",\"name\":\"dev\",\"image\":{\"@type\":\"ImageObject\",\"inLanguage\":\"fr-FR\",\"@id\":\"https:\\\/\\\/secure.gravatar.com\\\/avatar\\\/f1ffcac9ca2fa95ad3ec33e9be3ade82f752acb0cabe541e56c5889225afa88a?s=96&d=mm&r=g\",\"url\":\"https:\\\/\\\/secure.gravatar.com\\\/avatar\\\/f1ffcac9ca2fa95ad3ec33e9be3ade82f752acb0cabe541e56c5889225afa88a?s=96&d=mm&r=g\",\"contentUrl\":\"https:\\\/\\\/secure.gravatar.com\\\/avatar\\\/f1ffcac9ca2fa95ad3ec33e9be3ade82f752acb0cabe541e56c5889225afa88a?s=96&d=mm&r=g\",\"caption\":\"dev\"},\"sameAs\":[\"https:\\\/\\\/ectp-ceu.eu\"],\"url\":\"https:\\\/\\\/ectp-ceu.eu\\\/fr\\\/author\\\/dev\\\/\"}]}<\/script>\n<!-- \/ Yoast SEO plugin. -->","yoast_head_json":{"title":"New European Bauhaus : Commission Launches design phase - ECTP-CEU","robots":{"index":"index","follow":"follow","max-snippet":"max-snippet:-1","max-image-preview":"max-image-preview:large","max-video-preview":"max-video-preview:-1"},"canonical":"https:\/\/ectp-ceu.eu\/fr\/news\/new-european-bauhaus-design-phase\/","og_locale":"fr_FR","og_type":"article","og_title":"New European Bauhaus : Commission Launches design phase - ECTP-CEU","og_description":"The Commission launched on 18 January 2021 the design phase of the New European Bauhaus initiative, announced by President von der Leyen in her 2020 State of the Union address. https:\/\/ec.europa.eu\/commission\/presscorner\/detail\/en\/ip_21_111 La Commission a lanc\u00e9 le 18 janvier 2021, la phase de conception de l'initiative relative au nouveau Bauhaus europ\u00e9en, annonc\u00e9e par la pr\u00e9sidente von der Leyen dans son discours sur l'\u00e9tat de l'Union de 2020. https:\/\/ec.europa.eu\/commission\/presscorner\/detail\/fr\/ip_21_111","og_url":"https:\/\/ectp-ceu.eu\/fr\/news\/new-european-bauhaus-design-phase\/","og_site_name":"ECTP-CEU","article_published_time":"2021-04-30T13:02:25+00:00","article_modified_time":"2025-07-21T17:10:43+00:00","author":"dev","twitter_card":"summary_large_image","twitter_misc":{"\u00c9crit par":"dev"},"schema":{"@context":"https:\/\/schema.org","@graph":[{"@type":"Article","@id":"https:\/\/ectp-ceu.eu\/news\/new-european-bauhaus-design-phase\/#article","isPartOf":{"@id":"https:\/\/ectp-ceu.eu\/news\/new-european-bauhaus-design-phase\/"},"author":{"name":"dev","@id":"https:\/\/ectp-ceu.eu\/#\/schema\/person\/8bf89ed875f5ab3f3b35e54d7c3f816f"},"headline":"New European Bauhaus : Commission Launches design phase","datePublished":"2021-04-30T13:02:25+00:00","dateModified":"2025-07-21T17:10:43+00:00","mainEntityOfPage":{"@id":"https:\/\/ectp-ceu.eu\/news\/new-european-bauhaus-design-phase\/"},"wordCount":97,"publisher":{"@id":"https:\/\/ectp-ceu.eu\/#organization"},"image":{"@id":"https:\/\/ectp-ceu.eu\/news\/new-european-bauhaus-design-phase\/#primaryimage"},"thumbnailUrl":"","articleSection":["ECTP-CEU","News"],"inLanguage":"fr-FR"},{"@type":"WebPage","@id":"https:\/\/ectp-ceu.eu\/news\/new-european-bauhaus-design-phase\/","url":"https:\/\/ectp-ceu.eu\/news\/new-european-bauhaus-design-phase\/","name":"New European Bauhaus : Commission Launches design phase - ECTP-CEU","isPartOf":{"@id":"https:\/\/ectp-ceu.eu\/#website"},"primaryImageOfPage":{"@id":"https:\/\/ectp-ceu.eu\/news\/new-european-bauhaus-design-phase\/#primaryimage"},"image":{"@id":"https:\/\/ectp-ceu.eu\/news\/new-european-bauhaus-design-phase\/#primaryimage"},"thumbnailUrl":"","datePublished":"2021-04-30T13:02:25+00:00","dateModified":"2025-07-21T17:10:43+00:00","breadcrumb":{"@id":"https:\/\/ectp-ceu.eu\/news\/new-european-bauhaus-design-phase\/#breadcrumb"},"inLanguage":"fr-FR","potentialAction":[{"@type":"ReadAction","target":["https:\/\/ectp-ceu.eu\/news\/new-european-bauhaus-design-phase\/"]}]},{"@type":"ImageObject","inLanguage":"fr-FR","@id":"https:\/\/ectp-ceu.eu\/news\/new-european-bauhaus-design-phase\/#primaryimage","url":"","contentUrl":""},{"@type":"BreadcrumbList","@id":"https:\/\/ectp-ceu.eu\/news\/new-european-bauhaus-design-phase\/#breadcrumb","itemListElement":[{"@type":"ListItem","position":1,"name":"HOME","item":"https:\/\/ectp-ceu.eu\/"},{"@type":"ListItem","position":2,"name":"News","item":"https:\/\/ectp-ceu.eu\/category\/news\/"},{"@type":"ListItem","position":3,"name":"ECTP-CEU","item":"https:\/\/ectp-ceu.eu\/category\/news\/ectp-ceu\/"},{"@type":"ListItem","position":4,"name":"New European Bauhaus : Commission Launches design phase"}]},{"@type":"WebSite","@id":"https:\/\/ectp-ceu.eu\/#website","url":"https:\/\/ectp-ceu.eu\/","name":"ECTP-CEU","description":"European Council of Spatial Planners \u2013 Conseil Europ\u00e9en des Urbanistes","publisher":{"@id":"https:\/\/ectp-ceu.eu\/#organization"},"potentialAction":[{"@type":"SearchAction","target":{"@type":"EntryPoint","urlTemplate":"https:\/\/ectp-ceu.eu\/?s={search_term_string}"},"query-input":{"@type":"PropertyValueSpecification","valueRequired":true,"valueName":"search_term_string"}}],"inLanguage":"fr-FR"},{"@type":"Organization","@id":"https:\/\/ectp-ceu.eu\/#organization","name":"ECTP-CEU","url":"https:\/\/ectp-ceu.eu\/","logo":{"@type":"ImageObject","inLanguage":"fr-FR","@id":"https:\/\/ectp-ceu.eu\/#\/schema\/logo\/image\/","url":"https:\/\/ectp-ceu.eu\/wp-content\/uploads\/2024\/07\/cropped-1392117979K7cUN6za2Hw29SX4.jpeg","contentUrl":"https:\/\/ectp-ceu.eu\/wp-content\/uploads\/2024\/07\/cropped-1392117979K7cUN6za2Hw29SX4.jpeg","width":928,"height":328,"caption":"ECTP-CEU"},"image":{"@id":"https:\/\/ectp-ceu.eu\/#\/schema\/logo\/image\/"}},{"@type":"Person","@id":"https:\/\/ectp-ceu.eu\/#\/schema\/person\/8bf89ed875f5ab3f3b35e54d7c3f816f","name":"dev","image":{"@type":"ImageObject","inLanguage":"fr-FR","@id":"https:\/\/secure.gravatar.com\/avatar\/f1ffcac9ca2fa95ad3ec33e9be3ade82f752acb0cabe541e56c5889225afa88a?s=96&d=mm&r=g","url":"https:\/\/secure.gravatar.com\/avatar\/f1ffcac9ca2fa95ad3ec33e9be3ade82f752acb0cabe541e56c5889225afa88a?s=96&d=mm&r=g","contentUrl":"https:\/\/secure.gravatar.com\/avatar\/f1ffcac9ca2fa95ad3ec33e9be3ade82f752acb0cabe541e56c5889225afa88a?s=96&d=mm&r=g","caption":"dev"},"sameAs":["https:\/\/ectp-ceu.eu"],"url":"https:\/\/ectp-ceu.eu\/fr\/author\/dev\/"}]}},"_links":{"self":[{"href":"https:\/\/ectp-ceu.eu\/fr\/wp-json\/wp\/v2\/posts\/131","targetHints":{"allow":["GET"]}}],"collection":[{"href":"https:\/\/ectp-ceu.eu\/fr\/wp-json\/wp\/v2\/posts"}],"about":[{"href":"https:\/\/ectp-ceu.eu\/fr\/wp-json\/wp\/v2\/types\/post"}],"author":[{"embeddable":true,"href":"https:\/\/ectp-ceu.eu\/fr\/wp-json\/wp\/v2\/users\/1"}],"replies":[{"embeddable":true,"href":"https:\/\/ectp-ceu.eu\/fr\/wp-json\/wp\/v2\/comments?post=131"}],"version-history":[{"count":1,"href":"https:\/\/ectp-ceu.eu\/fr\/wp-json\/wp\/v2\/posts\/131\/revisions"}],"predecessor-version":[{"id":6683,"href":"https:\/\/ectp-ceu.eu\/fr\/wp-json\/wp\/v2\/posts\/131\/revisions\/6683"}],"wp:featuredmedia":[{"embeddable":true,"href":"https:\/\/ectp-ceu.eu\/fr\/wp-json\/"}],"wp:attachment":[{"href":"https:\/\/ectp-ceu.eu\/fr\/wp-json\/wp\/v2\/media?parent=131"}],"wp:term":[{"taxonomy":"category","embeddable":true,"href":"https:\/\/ectp-ceu.eu\/fr\/wp-json\/wp\/v2\/categories?post=131"},{"taxonomy":"post_tag","embeddable":true,"href":"https:\/\/ectp-ceu.eu\/fr\/wp-json\/wp\/v2\/tags?post=131"}],"curies":[{"name":"wp","href":"https:\/\/api.w.org\/{rel}","templated":true}]}}