{"id":134,"date":"2021-04-30T20:18:41","date_gmt":"2021-04-30T20:18:41","guid":{"rendered":"https:\/\/tempectp.cimalink.eu\/eligendi-dolores-ut-officiis-id-consequatur-et\/"},"modified":"2025-07-21T19:10:43","modified_gmt":"2025-07-21T17:10:43","slug":"the-new-leipzig-charter","status":"publish","type":"post","link":"https:\/\/ectp-ceu.eu\/fr\/news\/the-new-leipzig-charter\/","title":{"rendered":"La nouvelle charte de Leipzig"},"content":{"rendered":"<h2><strong>La nouvelle charte de Leipzig<\/strong><\/h2>\n<p>La nouvelle Charte de Leipzig : le pouvoir de transformation des villes pour le bien commun a \u00e9t\u00e9 adopt\u00e9e lors des r\u00e9unions minist\u00e9rielles informelles organis\u00e9es le 30 novembre 2020 sous la pr\u00e9sidence allemande.<\/p>\n<p>La nouvelle charte de Leipzig constitue un document-cadre essentiel pour le d\u00e9veloppement urbain durable en Europe. La charte souligne que les villes doivent \u00e9tablir des strat\u00e9gies de d\u00e9veloppement urbain int\u00e9gr\u00e9es et durables et veiller \u00e0 leur mise en \u0153uvre pour l'ensemble de la ville, de ses zones fonctionnelles \u00e0 ses quartiers. Le document s'inscrit dans le droit fil de la politique de coh\u00e9sion et de son cadre pour le d\u00e9veloppement urbain durable. Les \u00c9tats membres ont accept\u00e9 de mettre en \u0153uvre la Charte dans leurs politiques urbaines nationales ou r\u00e9gionales.<\/p>\n<p>Les principes communs sont des r\u00e9f\u00e9rences utiles pour la programmation de la politique de coh\u00e9sion (d\u00e9veloppement territorial int\u00e9gr\u00e9 et d\u00e9veloppement urbain durable). La charte permettrait aux \u00c9tats membres d'\u00e9laborer des politiques urbaines nationales de grande qualit\u00e9.<\/p>\n<p>La nouvelle charte de Leipzig est \u00e9galement accompagn\u00e9e d'un document de mise en \u0153uvre qui vise \u00e0 orienter la prochaine phase de l'agenda urbain de l'UE en fonction de param\u00e8tres renouvel\u00e9s.<\/p>\n<p>Documents disponibles en anglais uniquement<\/p>\n<p><a href=\"https:\/\/ec.europa.eu\/regional_policy\/sources\/docgener\/brochure\/new_leipzig_charter\/new_leipzig_charter_en.pdf\" target=\"_blank\" rel=\"noopener\">Charte de Leipzig 2020<\/a><\/p>\n<p><a href=\"https:\/\/ec.europa.eu\/regional_policy\/sources\/docgener\/brochure\/new_leipzig_charter\/new_leipzig_charter_implem_en.pdf\" target=\"_blank\" rel=\"noopener\">Mise en \u0153uvre de la nouvelle charte de Leipzig<\/a><\/p>","protected":false},"excerpt":{"rendered":"<p>La nouvelle charte de Leipzig<\/p>\n<p>La nouvelle charte de Leipzig - Le pouvoir de transformation des villes pour le bien commun a \u00e9t\u00e9 adopt\u00e9e lors des r\u00e9unions minist\u00e9rielles informelles organis\u00e9es le 30 novembre 2020 sous la pr\u00e9sidence allemande.<\/p>\n<p>La nouvelle charte de Leipzig constitue un document-cadre essentiel pour le d\u00e9veloppement urbain durable en Europe. La charte souligne que les villes doivent \u00e9tablir des strat\u00e9gies de d\u00e9veloppement urbain int\u00e9gr\u00e9es et durables et veiller \u00e0 leur mise en \u0153uvre pour l'ensemble de la ville, de ses zones fonctionnelles \u00e0 ses quartiers. Le document s'inscrit dans le droit fil de la politique de coh\u00e9sion et de son cadre pour le d\u00e9veloppement urbain durable. Les \u00c9tats membres ont accept\u00e9 de mettre en \u0153uvre la Charte dans leurs politiques urbaines nationales ou r\u00e9gionales.<\/p>\n<p>Les principes communs sont des r\u00e9f\u00e9rences utiles pour la programmation de la politique de coh\u00e9sion (d\u00e9veloppement territorial int\u00e9gr\u00e9 et d\u00e9veloppement urbain durable). La charte permettrait aux \u00c9tats membres d'\u00e9laborer des politiques urbaines nationales de grande qualit\u00e9.<\/p>\n<p>La nouvelle charte de Leipzig est \u00e9galement accompagn\u00e9e d'un document de mise en \u0153uvre qui vise \u00e0 orienter la prochaine phase de l'agenda urbain de l'UE en fonction de param\u00e8tres renouvel\u00e9s.<\/p>","protected":false},"author":1,"featured_media":414,"comment_status":"closed","ping_status":"closed","sticky":false,"template":"","format":"standard","meta":{"_acf_changed":false,"inline_featured_image":false,"footnotes":""},"categories":[47,6],"tags":[],"class_list":["post-134","post","type-post","status-publish","format-standard","has-post-thumbnail","hentry","category-ectp-ceu","category-news"],"acf":[],"yoast_head":"<!-- This site is optimized with the Yoast SEO plugin v27.5 - https:\/\/yoast.com\/product\/yoast-seo-wordpress\/ -->\n<title>The New Leipzig Charter - ECTP-CEU<\/title>\n<meta name=\"robots\" content=\"index, follow, max-snippet:-1, max-image-preview:large, max-video-preview:-1\" \/>\n<link rel=\"canonical\" href=\"https:\/\/ectp-ceu.eu\/fr\/news\/the-new-leipzig-charter\/\" \/>\n<meta property=\"og:locale\" content=\"fr_FR\" \/>\n<meta property=\"og:type\" content=\"article\" \/>\n<meta property=\"og:title\" content=\"The New Leipzig Charter - ECTP-CEU\" \/>\n<meta property=\"og:description\" content=\"The New Leipzig Charter The New Leipzig Charter- The transformative power of cities for the common good was adopted at the Informal Ministerial Meetings organised on 30 November 2020 under German Presidency. The New Leipzig Charter provides a key policy framework document for sustainable urban development in Europe. The Charter highlights that cities need to establish integrated and sustainable urban development strategies and ensure their implementation for the city as a whole, from its functional areas to its neighbourhoods. The document is strongly aligned with the Cohesion Policy and its framework for sustainable urban development. Member States agreed to implement the Charter in their national or regional urban policies. The common principles are useful references for programming Cohesion Policy (Integrated territorial development and sustainable urban development). The Charter would allow Member States to develop national urban policies of high quality. The New Leipzig Charter is also accompanied by an Implementing document which intends to guide the next phase of the Urban Agenda for the EU according to renewed parameters.\" \/>\n<meta property=\"og:url\" content=\"https:\/\/ectp-ceu.eu\/fr\/news\/the-new-leipzig-charter\/\" \/>\n<meta property=\"og:site_name\" content=\"ECTP-CEU\" \/>\n<meta property=\"article:published_time\" content=\"2021-04-30T20:18:41+00:00\" \/>\n<meta property=\"article:modified_time\" content=\"2025-07-21T17:10:43+00:00\" \/>\n<meta name=\"author\" content=\"dev\" \/>\n<meta name=\"twitter:card\" content=\"summary_large_image\" \/>\n<meta name=\"twitter:label1\" content=\"\u00c9crit par\" \/>\n\t<meta name=\"twitter:data1\" content=\"dev\" \/>\n\t<meta name=\"twitter:label2\" content=\"Dur\u00e9e de lecture estim\u00e9e\" \/>\n\t<meta name=\"twitter:data2\" content=\"1 minute\" \/>\n<script type=\"application\/ld+json\" class=\"yoast-schema-graph\">{\"@context\":\"https:\\\/\\\/schema.org\",\"@graph\":[{\"@type\":\"Article\",\"@id\":\"https:\\\/\\\/ectp-ceu.eu\\\/news\\\/the-new-leipzig-charter\\\/#article\",\"isPartOf\":{\"@id\":\"https:\\\/\\\/ectp-ceu.eu\\\/news\\\/the-new-leipzig-charter\\\/\"},\"author\":{\"name\":\"dev\",\"@id\":\"https:\\\/\\\/ectp-ceu.eu\\\/#\\\/schema\\\/person\\\/8bf89ed875f5ab3f3b35e54d7c3f816f\"},\"headline\":\"The New Leipzig Charter\",\"datePublished\":\"2021-04-30T20:18:41+00:00\",\"dateModified\":\"2025-07-21T17:10:43+00:00\",\"mainEntityOfPage\":{\"@id\":\"https:\\\/\\\/ectp-ceu.eu\\\/news\\\/the-new-leipzig-charter\\\/\"},\"wordCount\":183,\"publisher\":{\"@id\":\"https:\\\/\\\/ectp-ceu.eu\\\/#organization\"},\"image\":{\"@id\":\"https:\\\/\\\/ectp-ceu.eu\\\/news\\\/the-new-leipzig-charter\\\/#primaryimage\"},\"thumbnailUrl\":\"\",\"articleSection\":[\"ECTP-CEU\",\"News\"],\"inLanguage\":\"fr-FR\"},{\"@type\":\"WebPage\",\"@id\":\"https:\\\/\\\/ectp-ceu.eu\\\/news\\\/the-new-leipzig-charter\\\/\",\"url\":\"https:\\\/\\\/ectp-ceu.eu\\\/news\\\/the-new-leipzig-charter\\\/\",\"name\":\"The New Leipzig Charter - ECTP-CEU\",\"isPartOf\":{\"@id\":\"https:\\\/\\\/ectp-ceu.eu\\\/#website\"},\"primaryImageOfPage\":{\"@id\":\"https:\\\/\\\/ectp-ceu.eu\\\/news\\\/the-new-leipzig-charter\\\/#primaryimage\"},\"image\":{\"@id\":\"https:\\\/\\\/ectp-ceu.eu\\\/news\\\/the-new-leipzig-charter\\\/#primaryimage\"},\"thumbnailUrl\":\"\",\"datePublished\":\"2021-04-30T20:18:41+00:00\",\"dateModified\":\"2025-07-21T17:10:43+00:00\",\"breadcrumb\":{\"@id\":\"https:\\\/\\\/ectp-ceu.eu\\\/news\\\/the-new-leipzig-charter\\\/#breadcrumb\"},\"inLanguage\":\"fr-FR\",\"potentialAction\":[{\"@type\":\"ReadAction\",\"target\":[\"https:\\\/\\\/ectp-ceu.eu\\\/news\\\/the-new-leipzig-charter\\\/\"]}]},{\"@type\":\"ImageObject\",\"inLanguage\":\"fr-FR\",\"@id\":\"https:\\\/\\\/ectp-ceu.eu\\\/news\\\/the-new-leipzig-charter\\\/#primaryimage\",\"url\":\"\",\"contentUrl\":\"\"},{\"@type\":\"BreadcrumbList\",\"@id\":\"https:\\\/\\\/ectp-ceu.eu\\\/news\\\/the-new-leipzig-charter\\\/#breadcrumb\",\"itemListElement\":[{\"@type\":\"ListItem\",\"position\":1,\"name\":\"HOME\",\"item\":\"https:\\\/\\\/ectp-ceu.eu\\\/\"},{\"@type\":\"ListItem\",\"position\":2,\"name\":\"News\",\"item\":\"https:\\\/\\\/ectp-ceu.eu\\\/category\\\/news\\\/\"},{\"@type\":\"ListItem\",\"position\":3,\"name\":\"ECTP-CEU\",\"item\":\"https:\\\/\\\/ectp-ceu.eu\\\/category\\\/news\\\/ectp-ceu\\\/\"},{\"@type\":\"ListItem\",\"position\":4,\"name\":\"The New Leipzig Charter\"}]},{\"@type\":\"WebSite\",\"@id\":\"https:\\\/\\\/ectp-ceu.eu\\\/#website\",\"url\":\"https:\\\/\\\/ectp-ceu.eu\\\/\",\"name\":\"ECTP-CEU\",\"description\":\"European Council of Spatial Planners \u2013 Conseil Europ\u00e9en des Urbanistes\",\"publisher\":{\"@id\":\"https:\\\/\\\/ectp-ceu.eu\\\/#organization\"},\"potentialAction\":[{\"@type\":\"SearchAction\",\"target\":{\"@type\":\"EntryPoint\",\"urlTemplate\":\"https:\\\/\\\/ectp-ceu.eu\\\/?s={search_term_string}\"},\"query-input\":{\"@type\":\"PropertyValueSpecification\",\"valueRequired\":true,\"valueName\":\"search_term_string\"}}],\"inLanguage\":\"fr-FR\"},{\"@type\":\"Organization\",\"@id\":\"https:\\\/\\\/ectp-ceu.eu\\\/#organization\",\"name\":\"ECTP-CEU\",\"url\":\"https:\\\/\\\/ectp-ceu.eu\\\/\",\"logo\":{\"@type\":\"ImageObject\",\"inLanguage\":\"fr-FR\",\"@id\":\"https:\\\/\\\/ectp-ceu.eu\\\/#\\\/schema\\\/logo\\\/image\\\/\",\"url\":\"https:\\\/\\\/ectp-ceu.eu\\\/wp-content\\\/uploads\\\/2024\\\/07\\\/cropped-1392117979K7cUN6za2Hw29SX4.jpeg\",\"contentUrl\":\"https:\\\/\\\/ectp-ceu.eu\\\/wp-content\\\/uploads\\\/2024\\\/07\\\/cropped-1392117979K7cUN6za2Hw29SX4.jpeg\",\"width\":928,\"height\":328,\"caption\":\"ECTP-CEU\"},\"image\":{\"@id\":\"https:\\\/\\\/ectp-ceu.eu\\\/#\\\/schema\\\/logo\\\/image\\\/\"}},{\"@type\":\"Person\",\"@id\":\"https:\\\/\\\/ectp-ceu.eu\\\/#\\\/schema\\\/person\\\/8bf89ed875f5ab3f3b35e54d7c3f816f\",\"name\":\"dev\",\"image\":{\"@type\":\"ImageObject\",\"inLanguage\":\"fr-FR\",\"@id\":\"https:\\\/\\\/secure.gravatar.com\\\/avatar\\\/f1ffcac9ca2fa95ad3ec33e9be3ade82f752acb0cabe541e56c5889225afa88a?s=96&d=mm&r=g\",\"url\":\"https:\\\/\\\/secure.gravatar.com\\\/avatar\\\/f1ffcac9ca2fa95ad3ec33e9be3ade82f752acb0cabe541e56c5889225afa88a?s=96&d=mm&r=g\",\"contentUrl\":\"https:\\\/\\\/secure.gravatar.com\\\/avatar\\\/f1ffcac9ca2fa95ad3ec33e9be3ade82f752acb0cabe541e56c5889225afa88a?s=96&d=mm&r=g\",\"caption\":\"dev\"},\"sameAs\":[\"https:\\\/\\\/ectp-ceu.eu\"],\"url\":\"https:\\\/\\\/ectp-ceu.eu\\\/fr\\\/author\\\/dev\\\/\"}]}<\/script>\n<!-- \/ Yoast SEO plugin. -->","yoast_head_json":{"title":"The New Leipzig Charter - ECTP-CEU","robots":{"index":"index","follow":"follow","max-snippet":"max-snippet:-1","max-image-preview":"max-image-preview:large","max-video-preview":"max-video-preview:-1"},"canonical":"https:\/\/ectp-ceu.eu\/fr\/news\/the-new-leipzig-charter\/","og_locale":"fr_FR","og_type":"article","og_title":"The New Leipzig Charter - ECTP-CEU","og_description":"The New Leipzig Charter The New Leipzig Charter- The transformative power of cities for the common good was adopted at the Informal Ministerial Meetings organised on 30 November 2020 under German Presidency. The New Leipzig Charter provides a key policy framework document for sustainable urban development in Europe. The Charter highlights that cities need to establish integrated and sustainable urban development strategies and ensure their implementation for the city as a whole, from its functional areas to its neighbourhoods. The document is strongly aligned with the Cohesion Policy and its framework for sustainable urban development. Member States agreed to implement the Charter in their national or regional urban policies. The common principles are useful references for programming Cohesion Policy (Integrated territorial development and sustainable urban development). The Charter would allow Member States to develop national urban policies of high quality. The New Leipzig Charter is also accompanied by an Implementing document which intends to guide the next phase of the Urban Agenda for the EU according to renewed parameters.","og_url":"https:\/\/ectp-ceu.eu\/fr\/news\/the-new-leipzig-charter\/","og_site_name":"ECTP-CEU","article_published_time":"2021-04-30T20:18:41+00:00","article_modified_time":"2025-07-21T17:10:43+00:00","author":"dev","twitter_card":"summary_large_image","twitter_misc":{"\u00c9crit par":"dev","Dur\u00e9e de lecture estim\u00e9e":"1 minute"},"schema":{"@context":"https:\/\/schema.org","@graph":[{"@type":"Article","@id":"https:\/\/ectp-ceu.eu\/news\/the-new-leipzig-charter\/#article","isPartOf":{"@id":"https:\/\/ectp-ceu.eu\/news\/the-new-leipzig-charter\/"},"author":{"name":"dev","@id":"https:\/\/ectp-ceu.eu\/#\/schema\/person\/8bf89ed875f5ab3f3b35e54d7c3f816f"},"headline":"The New Leipzig Charter","datePublished":"2021-04-30T20:18:41+00:00","dateModified":"2025-07-21T17:10:43+00:00","mainEntityOfPage":{"@id":"https:\/\/ectp-ceu.eu\/news\/the-new-leipzig-charter\/"},"wordCount":183,"publisher":{"@id":"https:\/\/ectp-ceu.eu\/#organization"},"image":{"@id":"https:\/\/ectp-ceu.eu\/news\/the-new-leipzig-charter\/#primaryimage"},"thumbnailUrl":"","articleSection":["ECTP-CEU","News"],"inLanguage":"fr-FR"},{"@type":"WebPage","@id":"https:\/\/ectp-ceu.eu\/news\/the-new-leipzig-charter\/","url":"https:\/\/ectp-ceu.eu\/news\/the-new-leipzig-charter\/","name":"The New Leipzig Charter - ECTP-CEU","isPartOf":{"@id":"https:\/\/ectp-ceu.eu\/#website"},"primaryImageOfPage":{"@id":"https:\/\/ectp-ceu.eu\/news\/the-new-leipzig-charter\/#primaryimage"},"image":{"@id":"https:\/\/ectp-ceu.eu\/news\/the-new-leipzig-charter\/#primaryimage"},"thumbnailUrl":"","datePublished":"2021-04-30T20:18:41+00:00","dateModified":"2025-07-21T17:10:43+00:00","breadcrumb":{"@id":"https:\/\/ectp-ceu.eu\/news\/the-new-leipzig-charter\/#breadcrumb"},"inLanguage":"fr-FR","potentialAction":[{"@type":"ReadAction","target":["https:\/\/ectp-ceu.eu\/news\/the-new-leipzig-charter\/"]}]},{"@type":"ImageObject","inLanguage":"fr-FR","@id":"https:\/\/ectp-ceu.eu\/news\/the-new-leipzig-charter\/#primaryimage","url":"","contentUrl":""},{"@type":"BreadcrumbList","@id":"https:\/\/ectp-ceu.eu\/news\/the-new-leipzig-charter\/#breadcrumb","itemListElement":[{"@type":"ListItem","position":1,"name":"HOME","item":"https:\/\/ectp-ceu.eu\/"},{"@type":"ListItem","position":2,"name":"News","item":"https:\/\/ectp-ceu.eu\/category\/news\/"},{"@type":"ListItem","position":3,"name":"ECTP-CEU","item":"https:\/\/ectp-ceu.eu\/category\/news\/ectp-ceu\/"},{"@type":"ListItem","position":4,"name":"The New Leipzig Charter"}]},{"@type":"WebSite","@id":"https:\/\/ectp-ceu.eu\/#website","url":"https:\/\/ectp-ceu.eu\/","name":"ECTP-CEU","description":"European Council of Spatial Planners \u2013 Conseil Europ\u00e9en des Urbanistes","publisher":{"@id":"https:\/\/ectp-ceu.eu\/#organization"},"potentialAction":[{"@type":"SearchAction","target":{"@type":"EntryPoint","urlTemplate":"https:\/\/ectp-ceu.eu\/?s={search_term_string}"},"query-input":{"@type":"PropertyValueSpecification","valueRequired":true,"valueName":"search_term_string"}}],"inLanguage":"fr-FR"},{"@type":"Organization","@id":"https:\/\/ectp-ceu.eu\/#organization","name":"ECTP-CEU","url":"https:\/\/ectp-ceu.eu\/","logo":{"@type":"ImageObject","inLanguage":"fr-FR","@id":"https:\/\/ectp-ceu.eu\/#\/schema\/logo\/image\/","url":"https:\/\/ectp-ceu.eu\/wp-content\/uploads\/2024\/07\/cropped-1392117979K7cUN6za2Hw29SX4.jpeg","contentUrl":"https:\/\/ectp-ceu.eu\/wp-content\/uploads\/2024\/07\/cropped-1392117979K7cUN6za2Hw29SX4.jpeg","width":928,"height":328,"caption":"ECTP-CEU"},"image":{"@id":"https:\/\/ectp-ceu.eu\/#\/schema\/logo\/image\/"}},{"@type":"Person","@id":"https:\/\/ectp-ceu.eu\/#\/schema\/person\/8bf89ed875f5ab3f3b35e54d7c3f816f","name":"dev","image":{"@type":"ImageObject","inLanguage":"fr-FR","@id":"https:\/\/secure.gravatar.com\/avatar\/f1ffcac9ca2fa95ad3ec33e9be3ade82f752acb0cabe541e56c5889225afa88a?s=96&d=mm&r=g","url":"https:\/\/secure.gravatar.com\/avatar\/f1ffcac9ca2fa95ad3ec33e9be3ade82f752acb0cabe541e56c5889225afa88a?s=96&d=mm&r=g","contentUrl":"https:\/\/secure.gravatar.com\/avatar\/f1ffcac9ca2fa95ad3ec33e9be3ade82f752acb0cabe541e56c5889225afa88a?s=96&d=mm&r=g","caption":"dev"},"sameAs":["https:\/\/ectp-ceu.eu"],"url":"https:\/\/ectp-ceu.eu\/fr\/author\/dev\/"}]}},"_links":{"self":[{"href":"https:\/\/ectp-ceu.eu\/fr\/wp-json\/wp\/v2\/posts\/134","targetHints":{"allow":["GET"]}}],"collection":[{"href":"https:\/\/ectp-ceu.eu\/fr\/wp-json\/wp\/v2\/posts"}],"about":[{"href":"https:\/\/ectp-ceu.eu\/fr\/wp-json\/wp\/v2\/types\/post"}],"author":[{"embeddable":true,"href":"https:\/\/ectp-ceu.eu\/fr\/wp-json\/wp\/v2\/users\/1"}],"replies":[{"embeddable":true,"href":"https:\/\/ectp-ceu.eu\/fr\/wp-json\/wp\/v2\/comments?post=134"}],"version-history":[{"count":1,"href":"https:\/\/ectp-ceu.eu\/fr\/wp-json\/wp\/v2\/posts\/134\/revisions"}],"predecessor-version":[{"id":6681,"href":"https:\/\/ectp-ceu.eu\/fr\/wp-json\/wp\/v2\/posts\/134\/revisions\/6681"}],"wp:featuredmedia":[{"embeddable":true,"href":"https:\/\/ectp-ceu.eu\/fr\/wp-json\/"}],"wp:attachment":[{"href":"https:\/\/ectp-ceu.eu\/fr\/wp-json\/wp\/v2\/media?parent=134"}],"wp:term":[{"taxonomy":"category","embeddable":true,"href":"https:\/\/ectp-ceu.eu\/fr\/wp-json\/wp\/v2\/categories?post=134"},{"taxonomy":"post_tag","embeddable":true,"href":"https:\/\/ectp-ceu.eu\/fr\/wp-json\/wp\/v2\/tags?post=134"}],"curies":[{"name":"wp","href":"https:\/\/api.w.org\/{rel}","templated":true}]}}