{"id":2351,"date":"2020-05-06T13:39:00","date_gmt":"2020-05-06T13:39:00","guid":{"rendered":"https:\/\/tempectp.cimalink.eu\/?p=1293"},"modified":"2025-07-21T19:13:26","modified_gmt":"2025-07-21T17:13:26","slug":"about-the-ectp-ceu-european-urban-and-regional-planning-awards","status":"publish","type":"post","link":"https:\/\/ectp-ceu.eu\/fr\/news\/about-the-ectp-ceu-european-urban-and-regional-planning-awards\/","title":{"rendered":"A propos du Prix europ\u00e9en de l'urbanisme et de l'am\u00e9nagement du territoire ECTP-CEU"},"content":{"rendered":"<p>Les Prix europ\u00e9ens de l'urbanisme et de l'am\u00e9nagement du territoire, organis\u00e9s tous les deux ans par l'ECTP-CEU depuis 1990, fournissent un cadre commun pour la pratique de l'urbanisme et r\u00e9compensent des exemples de bonne planification dans toute l'Europe. Ils permettent au Conseil europ\u00e9en des urbanistes de promouvoir la mise en \u0153uvre concr\u00e8te de la Charte de l'urbanisme europ\u00e9en approuv\u00e9e en avril 2013 \u00e0 Barcelone.&nbsp;<\/p>\n\n\n\n<p>Depuis 2010, ces prix sont soutenus par le Comit\u00e9 des R\u00e9gions de l'Union europ\u00e9enne et sont en collaboration avec lui. Les projets prim\u00e9s ont \u00e9t\u00e9 pr\u00e9sent\u00e9s \u00e0 l'assembl\u00e9e des \u00e9lus locaux et r\u00e9gionaux de la COTER (Commission de la politique de coh\u00e9sion territoriale et du budget de l'UE).<\/p>","protected":false},"excerpt":{"rendered":"<p>The European Urban and Regional Planning Awards, organized every two years by the ECTP-CEU since 1990, provide a common framework for planning practice and rewards examples of good planning all over Europe and allow the European Council of Spatial Planners to promote the concrete implementation of the Charter of European Planning approved in April 2013 [&hellip;]<\/p>\n","protected":false},"author":1,"featured_media":0,"comment_status":"closed","ping_status":"closed","sticky":false,"template":"","format":"standard","meta":{"_acf_changed":false,"inline_featured_image":false,"footnotes":""},"categories":[47,6,68],"tags":[],"class_list":["post-2351","post","type-post","status-publish","format-standard","hentry","category-ectp-ceu","category-news","category-young-planners"],"acf":[],"yoast_head":"<!-- This site is optimized with the Yoast SEO plugin v27.5 - https:\/\/yoast.com\/product\/yoast-seo-wordpress\/ -->\n<title>About the ECTP-CEU European Urban and Regional Planning Awards - ECTP-CEU<\/title>\n<meta name=\"robots\" content=\"index, follow, max-snippet:-1, max-image-preview:large, max-video-preview:-1\" \/>\n<link rel=\"canonical\" href=\"https:\/\/ectp-ceu.eu\/fr\/news\/about-the-ectp-ceu-european-urban-and-regional-planning-awards\/\" \/>\n<meta property=\"og:locale\" content=\"fr_FR\" \/>\n<meta property=\"og:type\" content=\"article\" \/>\n<meta property=\"og:title\" content=\"About the ECTP-CEU European Urban and Regional Planning Awards - ECTP-CEU\" \/>\n<meta property=\"og:description\" content=\"The European Urban and Regional Planning Awards, organized every two years by the ECTP-CEU since 1990, provide a common framework for planning practice and rewards examples of good planning all over Europe and allow the European Council of Spatial Planners to promote the concrete implementation of the Charter of European Planning approved in April 2013 [&hellip;]\" \/>\n<meta property=\"og:url\" content=\"https:\/\/ectp-ceu.eu\/fr\/news\/about-the-ectp-ceu-european-urban-and-regional-planning-awards\/\" \/>\n<meta property=\"og:site_name\" content=\"ECTP-CEU\" \/>\n<meta property=\"article:published_time\" content=\"2020-05-06T13:39:00+00:00\" \/>\n<meta property=\"article:modified_time\" content=\"2025-07-21T17:13:26+00:00\" \/>\n<meta name=\"author\" content=\"dev\" \/>\n<meta name=\"twitter:card\" content=\"summary_large_image\" \/>\n<meta name=\"twitter:label1\" content=\"\u00c9crit par\" \/>\n\t<meta name=\"twitter:data1\" content=\"dev\" \/>\n\t<meta name=\"twitter:label2\" content=\"Dur\u00e9e de lecture estim\u00e9e\" \/>\n\t<meta name=\"twitter:data2\" content=\"1 minute\" \/>\n<script type=\"application\/ld+json\" class=\"yoast-schema-graph\">{\"@context\":\"https:\\\/\\\/schema.org\",\"@graph\":[{\"@type\":\"Article\",\"@id\":\"https:\\\/\\\/ectp-ceu.eu\\\/news\\\/about-the-ectp-ceu-european-urban-and-regional-planning-awards\\\/#article\",\"isPartOf\":{\"@id\":\"https:\\\/\\\/ectp-ceu.eu\\\/news\\\/about-the-ectp-ceu-european-urban-and-regional-planning-awards\\\/\"},\"author\":{\"name\":\"dev\",\"@id\":\"https:\\\/\\\/ectp-ceu.eu\\\/#\\\/schema\\\/person\\\/8bf89ed875f5ab3f3b35e54d7c3f816f\"},\"headline\":\"About the ECTP-CEU European Urban and Regional Planning Awards\",\"datePublished\":\"2020-05-06T13:39:00+00:00\",\"dateModified\":\"2025-07-21T17:13:26+00:00\",\"mainEntityOfPage\":{\"@id\":\"https:\\\/\\\/ectp-ceu.eu\\\/news\\\/about-the-ectp-ceu-european-urban-and-regional-planning-awards\\\/\"},\"wordCount\":112,\"publisher\":{\"@id\":\"https:\\\/\\\/ectp-ceu.eu\\\/#organization\"},\"articleSection\":[\"ECTP-CEU\",\"News\",\"Young Planners\"],\"inLanguage\":\"fr-FR\"},{\"@type\":\"WebPage\",\"@id\":\"https:\\\/\\\/ectp-ceu.eu\\\/news\\\/about-the-ectp-ceu-european-urban-and-regional-planning-awards\\\/\",\"url\":\"https:\\\/\\\/ectp-ceu.eu\\\/news\\\/about-the-ectp-ceu-european-urban-and-regional-planning-awards\\\/\",\"name\":\"About the ECTP-CEU European Urban and Regional Planning Awards - ECTP-CEU\",\"isPartOf\":{\"@id\":\"https:\\\/\\\/ectp-ceu.eu\\\/#website\"},\"datePublished\":\"2020-05-06T13:39:00+00:00\",\"dateModified\":\"2025-07-21T17:13:26+00:00\",\"breadcrumb\":{\"@id\":\"https:\\\/\\\/ectp-ceu.eu\\\/news\\\/about-the-ectp-ceu-european-urban-and-regional-planning-awards\\\/#breadcrumb\"},\"inLanguage\":\"fr-FR\",\"potentialAction\":[{\"@type\":\"ReadAction\",\"target\":[\"https:\\\/\\\/ectp-ceu.eu\\\/news\\\/about-the-ectp-ceu-european-urban-and-regional-planning-awards\\\/\"]}]},{\"@type\":\"BreadcrumbList\",\"@id\":\"https:\\\/\\\/ectp-ceu.eu\\\/news\\\/about-the-ectp-ceu-european-urban-and-regional-planning-awards\\\/#breadcrumb\",\"itemListElement\":[{\"@type\":\"ListItem\",\"position\":1,\"name\":\"HOME\",\"item\":\"https:\\\/\\\/ectp-ceu.eu\\\/\"},{\"@type\":\"ListItem\",\"position\":2,\"name\":\"News\",\"item\":\"https:\\\/\\\/ectp-ceu.eu\\\/category\\\/news\\\/\"},{\"@type\":\"ListItem\",\"position\":3,\"name\":\"ECTP-CEU\",\"item\":\"https:\\\/\\\/ectp-ceu.eu\\\/category\\\/news\\\/ectp-ceu\\\/\"},{\"@type\":\"ListItem\",\"position\":4,\"name\":\"About the ECTP-CEU European Urban and Regional Planning Awards\"}]},{\"@type\":\"WebSite\",\"@id\":\"https:\\\/\\\/ectp-ceu.eu\\\/#website\",\"url\":\"https:\\\/\\\/ectp-ceu.eu\\\/\",\"name\":\"ECTP-CEU\",\"description\":\"European Council of Spatial Planners \u2013 Conseil Europ\u00e9en des Urbanistes\",\"publisher\":{\"@id\":\"https:\\\/\\\/ectp-ceu.eu\\\/#organization\"},\"potentialAction\":[{\"@type\":\"SearchAction\",\"target\":{\"@type\":\"EntryPoint\",\"urlTemplate\":\"https:\\\/\\\/ectp-ceu.eu\\\/?s={search_term_string}\"},\"query-input\":{\"@type\":\"PropertyValueSpecification\",\"valueRequired\":true,\"valueName\":\"search_term_string\"}}],\"inLanguage\":\"fr-FR\"},{\"@type\":\"Organization\",\"@id\":\"https:\\\/\\\/ectp-ceu.eu\\\/#organization\",\"name\":\"ECTP-CEU\",\"url\":\"https:\\\/\\\/ectp-ceu.eu\\\/\",\"logo\":{\"@type\":\"ImageObject\",\"inLanguage\":\"fr-FR\",\"@id\":\"https:\\\/\\\/ectp-ceu.eu\\\/#\\\/schema\\\/logo\\\/image\\\/\",\"url\":\"https:\\\/\\\/ectp-ceu.eu\\\/wp-content\\\/uploads\\\/2024\\\/07\\\/cropped-1392117979K7cUN6za2Hw29SX4.jpeg\",\"contentUrl\":\"https:\\\/\\\/ectp-ceu.eu\\\/wp-content\\\/uploads\\\/2024\\\/07\\\/cropped-1392117979K7cUN6za2Hw29SX4.jpeg\",\"width\":928,\"height\":328,\"caption\":\"ECTP-CEU\"},\"image\":{\"@id\":\"https:\\\/\\\/ectp-ceu.eu\\\/#\\\/schema\\\/logo\\\/image\\\/\"}},{\"@type\":\"Person\",\"@id\":\"https:\\\/\\\/ectp-ceu.eu\\\/#\\\/schema\\\/person\\\/8bf89ed875f5ab3f3b35e54d7c3f816f\",\"name\":\"dev\",\"image\":{\"@type\":\"ImageObject\",\"inLanguage\":\"fr-FR\",\"@id\":\"https:\\\/\\\/secure.gravatar.com\\\/avatar\\\/f1ffcac9ca2fa95ad3ec33e9be3ade82f752acb0cabe541e56c5889225afa88a?s=96&d=mm&r=g\",\"url\":\"https:\\\/\\\/secure.gravatar.com\\\/avatar\\\/f1ffcac9ca2fa95ad3ec33e9be3ade82f752acb0cabe541e56c5889225afa88a?s=96&d=mm&r=g\",\"contentUrl\":\"https:\\\/\\\/secure.gravatar.com\\\/avatar\\\/f1ffcac9ca2fa95ad3ec33e9be3ade82f752acb0cabe541e56c5889225afa88a?s=96&d=mm&r=g\",\"caption\":\"dev\"},\"sameAs\":[\"https:\\\/\\\/ectp-ceu.eu\"],\"url\":\"https:\\\/\\\/ectp-ceu.eu\\\/fr\\\/author\\\/dev\\\/\"}]}<\/script>\n<!-- \/ Yoast SEO plugin. -->","yoast_head_json":{"title":"About the ECTP-CEU European Urban and Regional Planning Awards - ECTP-CEU","robots":{"index":"index","follow":"follow","max-snippet":"max-snippet:-1","max-image-preview":"max-image-preview:large","max-video-preview":"max-video-preview:-1"},"canonical":"https:\/\/ectp-ceu.eu\/fr\/news\/about-the-ectp-ceu-european-urban-and-regional-planning-awards\/","og_locale":"fr_FR","og_type":"article","og_title":"About the ECTP-CEU European Urban and Regional Planning Awards - ECTP-CEU","og_description":"The European Urban and Regional Planning Awards, organized every two years by the ECTP-CEU since 1990, provide a common framework for planning practice and rewards examples of good planning all over Europe and allow the European Council of Spatial Planners to promote the concrete implementation of the Charter of European Planning approved in April 2013 [&hellip;]","og_url":"https:\/\/ectp-ceu.eu\/fr\/news\/about-the-ectp-ceu-european-urban-and-regional-planning-awards\/","og_site_name":"ECTP-CEU","article_published_time":"2020-05-06T13:39:00+00:00","article_modified_time":"2025-07-21T17:13:26+00:00","author":"dev","twitter_card":"summary_large_image","twitter_misc":{"\u00c9crit par":"dev","Dur\u00e9e de lecture estim\u00e9e":"1 minute"},"schema":{"@context":"https:\/\/schema.org","@graph":[{"@type":"Article","@id":"https:\/\/ectp-ceu.eu\/news\/about-the-ectp-ceu-european-urban-and-regional-planning-awards\/#article","isPartOf":{"@id":"https:\/\/ectp-ceu.eu\/news\/about-the-ectp-ceu-european-urban-and-regional-planning-awards\/"},"author":{"name":"dev","@id":"https:\/\/ectp-ceu.eu\/#\/schema\/person\/8bf89ed875f5ab3f3b35e54d7c3f816f"},"headline":"About the ECTP-CEU European Urban and Regional Planning Awards","datePublished":"2020-05-06T13:39:00+00:00","dateModified":"2025-07-21T17:13:26+00:00","mainEntityOfPage":{"@id":"https:\/\/ectp-ceu.eu\/news\/about-the-ectp-ceu-european-urban-and-regional-planning-awards\/"},"wordCount":112,"publisher":{"@id":"https:\/\/ectp-ceu.eu\/#organization"},"articleSection":["ECTP-CEU","News","Young Planners"],"inLanguage":"fr-FR"},{"@type":"WebPage","@id":"https:\/\/ectp-ceu.eu\/news\/about-the-ectp-ceu-european-urban-and-regional-planning-awards\/","url":"https:\/\/ectp-ceu.eu\/news\/about-the-ectp-ceu-european-urban-and-regional-planning-awards\/","name":"About the ECTP-CEU European Urban and Regional Planning Awards - ECTP-CEU","isPartOf":{"@id":"https:\/\/ectp-ceu.eu\/#website"},"datePublished":"2020-05-06T13:39:00+00:00","dateModified":"2025-07-21T17:13:26+00:00","breadcrumb":{"@id":"https:\/\/ectp-ceu.eu\/news\/about-the-ectp-ceu-european-urban-and-regional-planning-awards\/#breadcrumb"},"inLanguage":"fr-FR","potentialAction":[{"@type":"ReadAction","target":["https:\/\/ectp-ceu.eu\/news\/about-the-ectp-ceu-european-urban-and-regional-planning-awards\/"]}]},{"@type":"BreadcrumbList","@id":"https:\/\/ectp-ceu.eu\/news\/about-the-ectp-ceu-european-urban-and-regional-planning-awards\/#breadcrumb","itemListElement":[{"@type":"ListItem","position":1,"name":"HOME","item":"https:\/\/ectp-ceu.eu\/"},{"@type":"ListItem","position":2,"name":"News","item":"https:\/\/ectp-ceu.eu\/category\/news\/"},{"@type":"ListItem","position":3,"name":"ECTP-CEU","item":"https:\/\/ectp-ceu.eu\/category\/news\/ectp-ceu\/"},{"@type":"ListItem","position":4,"name":"About the ECTP-CEU European Urban and Regional Planning Awards"}]},{"@type":"WebSite","@id":"https:\/\/ectp-ceu.eu\/#website","url":"https:\/\/ectp-ceu.eu\/","name":"ECTP-CEU","description":"European Council of Spatial Planners \u2013 Conseil Europ\u00e9en des Urbanistes","publisher":{"@id":"https:\/\/ectp-ceu.eu\/#organization"},"potentialAction":[{"@type":"SearchAction","target":{"@type":"EntryPoint","urlTemplate":"https:\/\/ectp-ceu.eu\/?s={search_term_string}"},"query-input":{"@type":"PropertyValueSpecification","valueRequired":true,"valueName":"search_term_string"}}],"inLanguage":"fr-FR"},{"@type":"Organization","@id":"https:\/\/ectp-ceu.eu\/#organization","name":"ECTP-CEU","url":"https:\/\/ectp-ceu.eu\/","logo":{"@type":"ImageObject","inLanguage":"fr-FR","@id":"https:\/\/ectp-ceu.eu\/#\/schema\/logo\/image\/","url":"https:\/\/ectp-ceu.eu\/wp-content\/uploads\/2024\/07\/cropped-1392117979K7cUN6za2Hw29SX4.jpeg","contentUrl":"https:\/\/ectp-ceu.eu\/wp-content\/uploads\/2024\/07\/cropped-1392117979K7cUN6za2Hw29SX4.jpeg","width":928,"height":328,"caption":"ECTP-CEU"},"image":{"@id":"https:\/\/ectp-ceu.eu\/#\/schema\/logo\/image\/"}},{"@type":"Person","@id":"https:\/\/ectp-ceu.eu\/#\/schema\/person\/8bf89ed875f5ab3f3b35e54d7c3f816f","name":"dev","image":{"@type":"ImageObject","inLanguage":"fr-FR","@id":"https:\/\/secure.gravatar.com\/avatar\/f1ffcac9ca2fa95ad3ec33e9be3ade82f752acb0cabe541e56c5889225afa88a?s=96&d=mm&r=g","url":"https:\/\/secure.gravatar.com\/avatar\/f1ffcac9ca2fa95ad3ec33e9be3ade82f752acb0cabe541e56c5889225afa88a?s=96&d=mm&r=g","contentUrl":"https:\/\/secure.gravatar.com\/avatar\/f1ffcac9ca2fa95ad3ec33e9be3ade82f752acb0cabe541e56c5889225afa88a?s=96&d=mm&r=g","caption":"dev"},"sameAs":["https:\/\/ectp-ceu.eu"],"url":"https:\/\/ectp-ceu.eu\/fr\/author\/dev\/"}]}},"_links":{"self":[{"href":"https:\/\/ectp-ceu.eu\/fr\/wp-json\/wp\/v2\/posts\/2351","targetHints":{"allow":["GET"]}}],"collection":[{"href":"https:\/\/ectp-ceu.eu\/fr\/wp-json\/wp\/v2\/posts"}],"about":[{"href":"https:\/\/ectp-ceu.eu\/fr\/wp-json\/wp\/v2\/types\/post"}],"author":[{"embeddable":true,"href":"https:\/\/ectp-ceu.eu\/fr\/wp-json\/wp\/v2\/users\/1"}],"replies":[{"embeddable":true,"href":"https:\/\/ectp-ceu.eu\/fr\/wp-json\/wp\/v2\/comments?post=2351"}],"version-history":[{"count":1,"href":"https:\/\/ectp-ceu.eu\/fr\/wp-json\/wp\/v2\/posts\/2351\/revisions"}],"predecessor-version":[{"id":3226,"href":"https:\/\/ectp-ceu.eu\/fr\/wp-json\/wp\/v2\/posts\/2351\/revisions\/3226"}],"wp:attachment":[{"href":"https:\/\/ectp-ceu.eu\/fr\/wp-json\/wp\/v2\/media?parent=2351"}],"wp:term":[{"taxonomy":"category","embeddable":true,"href":"https:\/\/ectp-ceu.eu\/fr\/wp-json\/wp\/v2\/categories?post=2351"},{"taxonomy":"post_tag","embeddable":true,"href":"https:\/\/ectp-ceu.eu\/fr\/wp-json\/wp\/v2\/tags?post=2351"}],"curies":[{"name":"wp","href":"https:\/\/api.w.org\/{rel}","templated":true}]}}