{"id":2360,"date":"2021-11-06T05:25:16","date_gmt":"2021-11-06T05:25:16","guid":{"rendered":"https:\/\/ectp-ceu.eu\/?p=2360"},"modified":"2025-07-21T19:09:03","modified_gmt":"2025-07-21T17:09:03","slug":"city-reboot-post-pandemic-planning-and-the-new-european-bauhaus-2","status":"publish","type":"post","link":"https:\/\/ectp-ceu.eu\/fr\/news\/city-reboot-post-pandemic-planning-and-the-new-european-bauhaus-2\/","title":{"rendered":"CITY REBOOT : Post-Pandemic Planning and the New European Bauhaus - eBook"},"content":{"rendered":"<p class=\"has-text-align-center\"><strong>Atelier des jeunes planificateurs ECTP-CEU 2021<\/strong><\/p>\n\n\n\n<p>Le sujet s'appuie sur la nouvelle initiative europ\u00e9enne Bauhaus lanc\u00e9e pour ouvrir la voie \u00e0 une approche plus holistique de notre environnement b\u00e2ti, en cherchant \u00e0 combiner la conception, la durabilit\u00e9, l'accessibilit\u00e9, l'abordabilit\u00e9 et l'investissement pour aider \u00e0 mettre en place le Green Deal europ\u00e9en et \u00e0 renforcer, en m\u00eame temps, les valeurs \u00e9conomiques, sociales, environnementales et culturelles. Cette initiative d\u00e9finit les valeurs partag\u00e9es en mati\u00e8re de durabilit\u00e9, d'esth\u00e9tique et d'inclusion.<\/p>\n\n\n\n<p>L'objectif principal de l'atelier 2021 des jeunes planificateurs est d'identifier et de collecter des exemples de meilleures pratiques et des projets et id\u00e9es innovants, \u00e0 la fois dans la pratique et dans l'\u00e9ducation. Ainsi, l'atelier devrait servir de plateforme d'information pour engager activement les jeunes professionnels et les universitaires \u00e0 repenser et \u00e0 discuter de la ville post-pand\u00e9mique et atteindre un large public via les organisations membres de l'ECTP.<\/p>\n\n\n\n<p>Le reboot de la ville fait r\u00e9f\u00e9rence \u00e0 l'acte ou \u00e0 l'instance de recommencer \u00e0 z\u00e9ro ou de prendre un nouveau d\u00e9part sur la base des id\u00e9es du Bauhaus.<\/p>\n\n\n\n<p>Covid-19, en utilisant des plans de relance \u00e9quitables dans toute l'Europe, soutenus par des programmes plus larges de r\u00e9silience, de renouvellement et de croissance, qui devraient \u00eatre consid\u00e9r\u00e9s comme un point de d\u00e9part pour l'atelier.<\/p>\n\n\n\n<p>Dans cet atelier, l'ECTP-CEU cherche \u00e0 contribuer au d\u00e9bat sur la capacit\u00e9 de la planification \u00e0 trouver des moyens innovants d'\u00e9quilibrer le d\u00e9veloppement spatial et urbain avec la durabilit\u00e9, l'esth\u00e9tique et l'inclusion dans le monde post-pand\u00e9mique. L'objectif essentiel de l'ECTP-CEU est de contribuer \u00e0 la phase de co-conception du nouveau Bauhaus europ\u00e9en en partageant des exemples r\u00e9ussis dans le domaine de la planification et en cr\u00e9ant un terrain d'essai pour le d\u00e9veloppement de nouvelles id\u00e9es qui pourraient \u00eatre soumises dans le cadre de projets pilotes du nouveau Bauhaus europ\u00e9en, soutenus par des appels \u00e0 propositions sp\u00e9cifiques.<\/p>\n\n\n\n<p>Cet atelier recherche des projets innovants dans les pays participants qui g\u00e8rent cette relation complexe, et nous demandons qu'ils soient pr\u00e9sent\u00e9s comme des exemples pour l'apprentissage entre les nations. Ces projets pourraient inclure<\/p>\n\n\n\n<ul class=\"wp-block-list\"><li>partager des exemples novateurs de pratiques, de th\u00e9ories et d'enseignements en mati\u00e8re d'urbanisme visant \u00e0 cr\u00e9er un cadre de vie beau, durable et inclusif<\/li><li>partager des id\u00e9es novatrices - \u00e9tudier et faire comprendre les th\u00e9ories, concepts, mod\u00e8les th\u00e9oriques et instruments de planification et de gouvernance pertinents qui peuvent redynamiser la ville et offrir un cadre de vie plus beau, plus durable et plus inclusif.<\/li><li>relever les d\u00e9fis qui nous emp\u00eachent de vivre ensemble en harmonie avec nous-m\u00eames et avec l'environnement dans le monde post-pand\u00e9mique.<\/li><\/ul>\n\n\n\n<p>Le travail dans l'Ebook sera pr\u00e9sent\u00e9 \u00e0 l'AG ECTP-CEU d'Ath\u00e8nes le 06\/11\/2021.<\/p>\n\n\n\n<p><a href=\"https:\/\/ectp-ceu.eu\/wp-content\/uploads\/2021\/11\/2021-Ebook-Young-planners_2_11_2021.pdf\">Le livre \u00e9lectronique<\/a><\/p>","protected":false},"excerpt":{"rendered":"<p>ECTP-CEU Young Planners Workshop 2021 The topic relies on the New European Bauhaus initiative launched in order to open the door to a more holistic approach to our built environment, seeking to combine design, sustainability, accessibility, affordability, and investment to help deliver the European Green Deal and to enhance, at the same time, economic, social, [&hellip;]<\/p>\n","protected":false},"author":1,"featured_media":0,"comment_status":"closed","ping_status":"open","sticky":false,"template":"","format":"standard","meta":{"_acf_changed":false,"inline_featured_image":false,"footnotes":""},"categories":[47,6,68],"tags":[],"class_list":["post-2360","post","type-post","status-publish","format-standard","hentry","category-ectp-ceu","category-news","category-young-planners"],"acf":[],"yoast_head":"<!-- This site is optimized with the Yoast SEO plugin v27.5 - https:\/\/yoast.com\/product\/yoast-seo-wordpress\/ -->\n<title>CITY REBOOT: Post-Pandemic Planning and the New European Bauhaus - eBook - ECTP-CEU<\/title>\n<meta name=\"robots\" content=\"index, follow, max-snippet:-1, max-image-preview:large, max-video-preview:-1\" \/>\n<link rel=\"canonical\" href=\"https:\/\/ectp-ceu.eu\/fr\/news\/city-reboot-post-pandemic-planning-and-the-new-european-bauhaus-2\/\" \/>\n<meta property=\"og:locale\" content=\"fr_FR\" \/>\n<meta property=\"og:type\" content=\"article\" \/>\n<meta property=\"og:title\" content=\"CITY REBOOT: Post-Pandemic Planning and the New European Bauhaus - eBook - ECTP-CEU\" \/>\n<meta property=\"og:description\" content=\"ECTP-CEU Young Planners Workshop 2021 The topic relies on the New European Bauhaus initiative launched in order to open the door to a more holistic approach to our built environment, seeking to combine design, sustainability, accessibility, affordability, and investment to help deliver the European Green Deal and to enhance, at the same time, economic, social, [&hellip;]\" \/>\n<meta property=\"og:url\" content=\"https:\/\/ectp-ceu.eu\/fr\/news\/city-reboot-post-pandemic-planning-and-the-new-european-bauhaus-2\/\" \/>\n<meta property=\"og:site_name\" content=\"ECTP-CEU\" \/>\n<meta property=\"article:published_time\" content=\"2021-11-06T05:25:16+00:00\" \/>\n<meta property=\"article:modified_time\" content=\"2025-07-21T17:09:03+00:00\" \/>\n<meta name=\"author\" content=\"dev\" \/>\n<meta name=\"twitter:card\" content=\"summary_large_image\" \/>\n<meta name=\"twitter:label1\" content=\"\u00c9crit par\" \/>\n\t<meta name=\"twitter:data1\" content=\"dev\" \/>\n\t<meta name=\"twitter:label2\" content=\"Dur\u00e9e de lecture estim\u00e9e\" \/>\n\t<meta name=\"twitter:data2\" content=\"2 minutes\" \/>\n<script type=\"application\/ld+json\" class=\"yoast-schema-graph\">{\"@context\":\"https:\\\/\\\/schema.org\",\"@graph\":[{\"@type\":\"Article\",\"@id\":\"https:\\\/\\\/ectp-ceu.eu\\\/news\\\/city-reboot-post-pandemic-planning-and-the-new-european-bauhaus-2\\\/#article\",\"isPartOf\":{\"@id\":\"https:\\\/\\\/ectp-ceu.eu\\\/news\\\/city-reboot-post-pandemic-planning-and-the-new-european-bauhaus-2\\\/\"},\"author\":{\"name\":\"dev\",\"@id\":\"https:\\\/\\\/ectp-ceu.eu\\\/#\\\/schema\\\/person\\\/8bf89ed875f5ab3f3b35e54d7c3f816f\"},\"headline\":\"CITY REBOOT: Post-Pandemic Planning and the New European Bauhaus &#8211; eBook\",\"datePublished\":\"2021-11-06T05:25:16+00:00\",\"dateModified\":\"2025-07-21T17:09:03+00:00\",\"mainEntityOfPage\":{\"@id\":\"https:\\\/\\\/ectp-ceu.eu\\\/news\\\/city-reboot-post-pandemic-planning-and-the-new-european-bauhaus-2\\\/\"},\"wordCount\":387,\"publisher\":{\"@id\":\"https:\\\/\\\/ectp-ceu.eu\\\/#organization\"},\"articleSection\":[\"ECTP-CEU\",\"News\",\"Young Planners\"],\"inLanguage\":\"fr-FR\"},{\"@type\":\"WebPage\",\"@id\":\"https:\\\/\\\/ectp-ceu.eu\\\/news\\\/city-reboot-post-pandemic-planning-and-the-new-european-bauhaus-2\\\/\",\"url\":\"https:\\\/\\\/ectp-ceu.eu\\\/news\\\/city-reboot-post-pandemic-planning-and-the-new-european-bauhaus-2\\\/\",\"name\":\"CITY REBOOT: Post-Pandemic Planning and the New European Bauhaus - eBook - ECTP-CEU\",\"isPartOf\":{\"@id\":\"https:\\\/\\\/ectp-ceu.eu\\\/#website\"},\"datePublished\":\"2021-11-06T05:25:16+00:00\",\"dateModified\":\"2025-07-21T17:09:03+00:00\",\"breadcrumb\":{\"@id\":\"https:\\\/\\\/ectp-ceu.eu\\\/news\\\/city-reboot-post-pandemic-planning-and-the-new-european-bauhaus-2\\\/#breadcrumb\"},\"inLanguage\":\"fr-FR\",\"potentialAction\":[{\"@type\":\"ReadAction\",\"target\":[\"https:\\\/\\\/ectp-ceu.eu\\\/news\\\/city-reboot-post-pandemic-planning-and-the-new-european-bauhaus-2\\\/\"]}]},{\"@type\":\"BreadcrumbList\",\"@id\":\"https:\\\/\\\/ectp-ceu.eu\\\/news\\\/city-reboot-post-pandemic-planning-and-the-new-european-bauhaus-2\\\/#breadcrumb\",\"itemListElement\":[{\"@type\":\"ListItem\",\"position\":1,\"name\":\"HOME\",\"item\":\"https:\\\/\\\/ectp-ceu.eu\\\/\"},{\"@type\":\"ListItem\",\"position\":2,\"name\":\"News\",\"item\":\"https:\\\/\\\/ectp-ceu.eu\\\/category\\\/news\\\/\"},{\"@type\":\"ListItem\",\"position\":3,\"name\":\"ECTP-CEU\",\"item\":\"https:\\\/\\\/ectp-ceu.eu\\\/category\\\/news\\\/ectp-ceu\\\/\"},{\"@type\":\"ListItem\",\"position\":4,\"name\":\"CITY REBOOT: Post-Pandemic Planning and the New European Bauhaus &#8211; eBook\"}]},{\"@type\":\"WebSite\",\"@id\":\"https:\\\/\\\/ectp-ceu.eu\\\/#website\",\"url\":\"https:\\\/\\\/ectp-ceu.eu\\\/\",\"name\":\"ECTP-CEU\",\"description\":\"European Council of Spatial Planners \u2013 Conseil Europ\u00e9en des Urbanistes\",\"publisher\":{\"@id\":\"https:\\\/\\\/ectp-ceu.eu\\\/#organization\"},\"potentialAction\":[{\"@type\":\"SearchAction\",\"target\":{\"@type\":\"EntryPoint\",\"urlTemplate\":\"https:\\\/\\\/ectp-ceu.eu\\\/?s={search_term_string}\"},\"query-input\":{\"@type\":\"PropertyValueSpecification\",\"valueRequired\":true,\"valueName\":\"search_term_string\"}}],\"inLanguage\":\"fr-FR\"},{\"@type\":\"Organization\",\"@id\":\"https:\\\/\\\/ectp-ceu.eu\\\/#organization\",\"name\":\"ECTP-CEU\",\"url\":\"https:\\\/\\\/ectp-ceu.eu\\\/\",\"logo\":{\"@type\":\"ImageObject\",\"inLanguage\":\"fr-FR\",\"@id\":\"https:\\\/\\\/ectp-ceu.eu\\\/#\\\/schema\\\/logo\\\/image\\\/\",\"url\":\"https:\\\/\\\/ectp-ceu.eu\\\/wp-content\\\/uploads\\\/2024\\\/07\\\/cropped-1392117979K7cUN6za2Hw29SX4.jpeg\",\"contentUrl\":\"https:\\\/\\\/ectp-ceu.eu\\\/wp-content\\\/uploads\\\/2024\\\/07\\\/cropped-1392117979K7cUN6za2Hw29SX4.jpeg\",\"width\":928,\"height\":328,\"caption\":\"ECTP-CEU\"},\"image\":{\"@id\":\"https:\\\/\\\/ectp-ceu.eu\\\/#\\\/schema\\\/logo\\\/image\\\/\"}},{\"@type\":\"Person\",\"@id\":\"https:\\\/\\\/ectp-ceu.eu\\\/#\\\/schema\\\/person\\\/8bf89ed875f5ab3f3b35e54d7c3f816f\",\"name\":\"dev\",\"image\":{\"@type\":\"ImageObject\",\"inLanguage\":\"fr-FR\",\"@id\":\"https:\\\/\\\/secure.gravatar.com\\\/avatar\\\/f1ffcac9ca2fa95ad3ec33e9be3ade82f752acb0cabe541e56c5889225afa88a?s=96&d=mm&r=g\",\"url\":\"https:\\\/\\\/secure.gravatar.com\\\/avatar\\\/f1ffcac9ca2fa95ad3ec33e9be3ade82f752acb0cabe541e56c5889225afa88a?s=96&d=mm&r=g\",\"contentUrl\":\"https:\\\/\\\/secure.gravatar.com\\\/avatar\\\/f1ffcac9ca2fa95ad3ec33e9be3ade82f752acb0cabe541e56c5889225afa88a?s=96&d=mm&r=g\",\"caption\":\"dev\"},\"sameAs\":[\"https:\\\/\\\/ectp-ceu.eu\"],\"url\":\"https:\\\/\\\/ectp-ceu.eu\\\/fr\\\/author\\\/dev\\\/\"}]}<\/script>\n<!-- \/ Yoast SEO plugin. -->","yoast_head_json":{"title":"CITY REBOOT: Post-Pandemic Planning and the New European Bauhaus - eBook - ECTP-CEU","robots":{"index":"index","follow":"follow","max-snippet":"max-snippet:-1","max-image-preview":"max-image-preview:large","max-video-preview":"max-video-preview:-1"},"canonical":"https:\/\/ectp-ceu.eu\/fr\/news\/city-reboot-post-pandemic-planning-and-the-new-european-bauhaus-2\/","og_locale":"fr_FR","og_type":"article","og_title":"CITY REBOOT: Post-Pandemic Planning and the New European Bauhaus - eBook - ECTP-CEU","og_description":"ECTP-CEU Young Planners Workshop 2021 The topic relies on the New European Bauhaus initiative launched in order to open the door to a more holistic approach to our built environment, seeking to combine design, sustainability, accessibility, affordability, and investment to help deliver the European Green Deal and to enhance, at the same time, economic, social, [&hellip;]","og_url":"https:\/\/ectp-ceu.eu\/fr\/news\/city-reboot-post-pandemic-planning-and-the-new-european-bauhaus-2\/","og_site_name":"ECTP-CEU","article_published_time":"2021-11-06T05:25:16+00:00","article_modified_time":"2025-07-21T17:09:03+00:00","author":"dev","twitter_card":"summary_large_image","twitter_misc":{"\u00c9crit par":"dev","Dur\u00e9e de lecture estim\u00e9e":"2 minutes"},"schema":{"@context":"https:\/\/schema.org","@graph":[{"@type":"Article","@id":"https:\/\/ectp-ceu.eu\/news\/city-reboot-post-pandemic-planning-and-the-new-european-bauhaus-2\/#article","isPartOf":{"@id":"https:\/\/ectp-ceu.eu\/news\/city-reboot-post-pandemic-planning-and-the-new-european-bauhaus-2\/"},"author":{"name":"dev","@id":"https:\/\/ectp-ceu.eu\/#\/schema\/person\/8bf89ed875f5ab3f3b35e54d7c3f816f"},"headline":"CITY REBOOT: Post-Pandemic Planning and the New European Bauhaus &#8211; eBook","datePublished":"2021-11-06T05:25:16+00:00","dateModified":"2025-07-21T17:09:03+00:00","mainEntityOfPage":{"@id":"https:\/\/ectp-ceu.eu\/news\/city-reboot-post-pandemic-planning-and-the-new-european-bauhaus-2\/"},"wordCount":387,"publisher":{"@id":"https:\/\/ectp-ceu.eu\/#organization"},"articleSection":["ECTP-CEU","News","Young Planners"],"inLanguage":"fr-FR"},{"@type":"WebPage","@id":"https:\/\/ectp-ceu.eu\/news\/city-reboot-post-pandemic-planning-and-the-new-european-bauhaus-2\/","url":"https:\/\/ectp-ceu.eu\/news\/city-reboot-post-pandemic-planning-and-the-new-european-bauhaus-2\/","name":"CITY REBOOT: Post-Pandemic Planning and the New European Bauhaus - eBook - ECTP-CEU","isPartOf":{"@id":"https:\/\/ectp-ceu.eu\/#website"},"datePublished":"2021-11-06T05:25:16+00:00","dateModified":"2025-07-21T17:09:03+00:00","breadcrumb":{"@id":"https:\/\/ectp-ceu.eu\/news\/city-reboot-post-pandemic-planning-and-the-new-european-bauhaus-2\/#breadcrumb"},"inLanguage":"fr-FR","potentialAction":[{"@type":"ReadAction","target":["https:\/\/ectp-ceu.eu\/news\/city-reboot-post-pandemic-planning-and-the-new-european-bauhaus-2\/"]}]},{"@type":"BreadcrumbList","@id":"https:\/\/ectp-ceu.eu\/news\/city-reboot-post-pandemic-planning-and-the-new-european-bauhaus-2\/#breadcrumb","itemListElement":[{"@type":"ListItem","position":1,"name":"HOME","item":"https:\/\/ectp-ceu.eu\/"},{"@type":"ListItem","position":2,"name":"News","item":"https:\/\/ectp-ceu.eu\/category\/news\/"},{"@type":"ListItem","position":3,"name":"ECTP-CEU","item":"https:\/\/ectp-ceu.eu\/category\/news\/ectp-ceu\/"},{"@type":"ListItem","position":4,"name":"CITY REBOOT: Post-Pandemic Planning and the New European Bauhaus &#8211; eBook"}]},{"@type":"WebSite","@id":"https:\/\/ectp-ceu.eu\/#website","url":"https:\/\/ectp-ceu.eu\/","name":"ECTP-CEU","description":"European Council of Spatial Planners \u2013 Conseil Europ\u00e9en des Urbanistes","publisher":{"@id":"https:\/\/ectp-ceu.eu\/#organization"},"potentialAction":[{"@type":"SearchAction","target":{"@type":"EntryPoint","urlTemplate":"https:\/\/ectp-ceu.eu\/?s={search_term_string}"},"query-input":{"@type":"PropertyValueSpecification","valueRequired":true,"valueName":"search_term_string"}}],"inLanguage":"fr-FR"},{"@type":"Organization","@id":"https:\/\/ectp-ceu.eu\/#organization","name":"ECTP-CEU","url":"https:\/\/ectp-ceu.eu\/","logo":{"@type":"ImageObject","inLanguage":"fr-FR","@id":"https:\/\/ectp-ceu.eu\/#\/schema\/logo\/image\/","url":"https:\/\/ectp-ceu.eu\/wp-content\/uploads\/2024\/07\/cropped-1392117979K7cUN6za2Hw29SX4.jpeg","contentUrl":"https:\/\/ectp-ceu.eu\/wp-content\/uploads\/2024\/07\/cropped-1392117979K7cUN6za2Hw29SX4.jpeg","width":928,"height":328,"caption":"ECTP-CEU"},"image":{"@id":"https:\/\/ectp-ceu.eu\/#\/schema\/logo\/image\/"}},{"@type":"Person","@id":"https:\/\/ectp-ceu.eu\/#\/schema\/person\/8bf89ed875f5ab3f3b35e54d7c3f816f","name":"dev","image":{"@type":"ImageObject","inLanguage":"fr-FR","@id":"https:\/\/secure.gravatar.com\/avatar\/f1ffcac9ca2fa95ad3ec33e9be3ade82f752acb0cabe541e56c5889225afa88a?s=96&d=mm&r=g","url":"https:\/\/secure.gravatar.com\/avatar\/f1ffcac9ca2fa95ad3ec33e9be3ade82f752acb0cabe541e56c5889225afa88a?s=96&d=mm&r=g","contentUrl":"https:\/\/secure.gravatar.com\/avatar\/f1ffcac9ca2fa95ad3ec33e9be3ade82f752acb0cabe541e56c5889225afa88a?s=96&d=mm&r=g","caption":"dev"},"sameAs":["https:\/\/ectp-ceu.eu"],"url":"https:\/\/ectp-ceu.eu\/fr\/author\/dev\/"}]}},"_links":{"self":[{"href":"https:\/\/ectp-ceu.eu\/fr\/wp-json\/wp\/v2\/posts\/2360","targetHints":{"allow":["GET"]}}],"collection":[{"href":"https:\/\/ectp-ceu.eu\/fr\/wp-json\/wp\/v2\/posts"}],"about":[{"href":"https:\/\/ectp-ceu.eu\/fr\/wp-json\/wp\/v2\/types\/post"}],"author":[{"embeddable":true,"href":"https:\/\/ectp-ceu.eu\/fr\/wp-json\/wp\/v2\/users\/1"}],"replies":[{"embeddable":true,"href":"https:\/\/ectp-ceu.eu\/fr\/wp-json\/wp\/v2\/comments?post=2360"}],"version-history":[{"count":1,"href":"https:\/\/ectp-ceu.eu\/fr\/wp-json\/wp\/v2\/posts\/2360\/revisions"}],"predecessor-version":[{"id":6679,"href":"https:\/\/ectp-ceu.eu\/fr\/wp-json\/wp\/v2\/posts\/2360\/revisions\/6679"}],"wp:attachment":[{"href":"https:\/\/ectp-ceu.eu\/fr\/wp-json\/wp\/v2\/media?parent=2360"}],"wp:term":[{"taxonomy":"category","embeddable":true,"href":"https:\/\/ectp-ceu.eu\/fr\/wp-json\/wp\/v2\/categories?post=2360"},{"taxonomy":"post_tag","embeddable":true,"href":"https:\/\/ectp-ceu.eu\/fr\/wp-json\/wp\/v2\/tags?post=2360"}],"curies":[{"name":"wp","href":"https:\/\/api.w.org\/{rel}","templated":true}]}}