{"id":2388,"date":"2021-11-26T13:26:34","date_gmt":"2021-11-26T13:26:34","guid":{"rendered":"https:\/\/ectp-ceu.eu\/?p=2388"},"modified":"2021-11-26T13:26:34","modified_gmt":"2021-11-26T13:26:34","slug":"european-urban-agenda-ljubljana-agreement-officially-adopted","status":"publish","type":"post","link":"https:\/\/ectp-ceu.eu\/fr\/news\/european-urban-agenda-ljubljana-agreement-officially-adopted\/","title":{"rendered":"Agenda urbain europ\u00e9en : L'accord de Ljubljana officiellement adopt\u00e9 !"},"content":{"rendered":"<p>L'ECTP a \u00e9t\u00e9 activement impliqu\u00e9 en tant que partie prenante europ\u00e9enne dans cet accord de Ljubljana. Ces deux derni\u00e8res ann\u00e9es, nous avons particip\u00e9 aux diff\u00e9rentes r\u00e9unions de la pr\u00e9sidence de l'UE et avons soulign\u00e9 l'importance de l'urbanisme int\u00e9gr\u00e9 et de l'int\u00e9gration des professionnels de l'urbanisme dans les projets d'agenda urbain.&nbsp;&nbsp;&nbsp;<\/p>\n\n\n\n<p>Pour plus d'informations, voir :&nbsp;<\/p>\n\n\n\n<p><a href=\"https:\/\/slovenian-presidency.consilium.europa.eu\/en\/events\/informal-meeting-of-ministers-for-urban-matters\/?__cf_chl_jschl_tk__=MsgoELAOZSEu6PKI4GmRHaq2nes1pAggEIIh7TinbMI-1637833543-0-gaNycGzNCj0\">R\u00e9union informelle des ministres en charge des questions urbaines<\/a><\/p>\n\n\n\n<p><a href=\"https:\/\/www.gov.si\/en\/news\/2021-11-23-informal-meeting-of-ministers-responsible-for-urban-matters-on-urban-development-and-green-measures\/\">R\u00e9union informelle des ministres en charge de la ville sur le d\u00e9veloppement urbain et les mesures vertes<\/a><\/p>\n\n\n\n<p><a href=\"https:\/\/ectp-ceu.eu\/wp-content\/uploads\/2021\/11\/Urban-Agenda-for-the-EU-Multi-level-governance-in-action-2021-Update.pdf\">Agenda urbain pour l'UE - Mise \u00e0 jour 2021<\/a><\/p>\n\n\n\n<figure class=\"wp-block-gallery columns-0 is-cropped wp-block-gallery-2 is-layout-flex wp-block-gallery-is-layout-flex\"><ul class=\"blocks-gallery-grid\"><\/ul><\/figure>\n\n\n\n<p>Joris Scheers<\/p>\n\n\n\n<p>ECTP - Chaire de politique europ\u00e9enne&nbsp;<\/p>\n\n\n\n<p><\/p>","protected":false},"excerpt":{"rendered":"<p>ECTP was&nbsp;actively involved as European stakeholder in this Ljubljana agreement. For the past two years, we participated at&nbsp;the various&nbsp;EU- presidency&nbsp;meetings and highlighted the importance of integrated urban planning and&nbsp;incorporating planning professionals in the urban agenda projects.&nbsp;&nbsp;&nbsp; For more info, see:&nbsp; Informal meeting of Ministers for Urban Matters Informal meeting of ministers responsible for urban matters [&hellip;]<\/p>\n","protected":false},"author":1,"featured_media":0,"comment_status":"closed","ping_status":"open","sticky":false,"template":"","format":"standard","meta":{"_acf_changed":false,"inline_featured_image":false,"footnotes":""},"categories":[6,70],"tags":[],"class_list":["post-2388","post","type-post","status-publish","format-standard","hentry","category-news","category-working-groups"],"acf":[],"yoast_head":"<!-- This site is optimized with the Yoast SEO plugin v27.5 - https:\/\/yoast.com\/product\/yoast-seo-wordpress\/ -->\n<title>European Urban Agenda: Ljubljana agreement officially adopted ! - ECTP-CEU<\/title>\n<meta name=\"robots\" content=\"index, follow, max-snippet:-1, max-image-preview:large, max-video-preview:-1\" \/>\n<link rel=\"canonical\" href=\"https:\/\/ectp-ceu.eu\/fr\/news\/european-urban-agenda-ljubljana-agreement-officially-adopted\/\" \/>\n<meta property=\"og:locale\" content=\"fr_FR\" \/>\n<meta property=\"og:type\" content=\"article\" \/>\n<meta property=\"og:title\" content=\"European Urban Agenda: Ljubljana agreement officially adopted ! - ECTP-CEU\" \/>\n<meta property=\"og:description\" content=\"ECTP was&nbsp;actively involved as European stakeholder in this Ljubljana agreement. For the past two years, we participated at&nbsp;the various&nbsp;EU- presidency&nbsp;meetings and highlighted the importance of integrated urban planning and&nbsp;incorporating planning professionals in the urban agenda projects.&nbsp;&nbsp;&nbsp; For more info, see:&nbsp; Informal meeting of Ministers for Urban Matters Informal meeting of ministers responsible for urban matters [&hellip;]\" \/>\n<meta property=\"og:url\" content=\"https:\/\/ectp-ceu.eu\/fr\/news\/european-urban-agenda-ljubljana-agreement-officially-adopted\/\" \/>\n<meta property=\"og:site_name\" content=\"ECTP-CEU\" \/>\n<meta property=\"article:published_time\" content=\"2021-11-26T13:26:34+00:00\" \/>\n<meta name=\"author\" content=\"dev\" \/>\n<meta name=\"twitter:card\" content=\"summary_large_image\" \/>\n<meta name=\"twitter:label1\" content=\"\u00c9crit par\" \/>\n\t<meta name=\"twitter:data1\" content=\"dev\" \/>\n<script type=\"application\/ld+json\" class=\"yoast-schema-graph\">{\"@context\":\"https:\\\/\\\/schema.org\",\"@graph\":[{\"@type\":\"Article\",\"@id\":\"https:\\\/\\\/ectp-ceu.eu\\\/news\\\/european-urban-agenda-ljubljana-agreement-officially-adopted\\\/#article\",\"isPartOf\":{\"@id\":\"https:\\\/\\\/ectp-ceu.eu\\\/news\\\/european-urban-agenda-ljubljana-agreement-officially-adopted\\\/\"},\"author\":{\"name\":\"dev\",\"@id\":\"https:\\\/\\\/ectp-ceu.eu\\\/#\\\/schema\\\/person\\\/8bf89ed875f5ab3f3b35e54d7c3f816f\"},\"headline\":\"European Urban Agenda: Ljubljana agreement officially adopted !\",\"datePublished\":\"2021-11-26T13:26:34+00:00\",\"mainEntityOfPage\":{\"@id\":\"https:\\\/\\\/ectp-ceu.eu\\\/news\\\/european-urban-agenda-ljubljana-agreement-officially-adopted\\\/\"},\"wordCount\":98,\"publisher\":{\"@id\":\"https:\\\/\\\/ectp-ceu.eu\\\/#organization\"},\"articleSection\":[\"News\",\"Working Groups\"],\"inLanguage\":\"fr-FR\"},{\"@type\":\"WebPage\",\"@id\":\"https:\\\/\\\/ectp-ceu.eu\\\/news\\\/european-urban-agenda-ljubljana-agreement-officially-adopted\\\/\",\"url\":\"https:\\\/\\\/ectp-ceu.eu\\\/news\\\/european-urban-agenda-ljubljana-agreement-officially-adopted\\\/\",\"name\":\"European Urban Agenda: Ljubljana agreement officially adopted ! - ECTP-CEU\",\"isPartOf\":{\"@id\":\"https:\\\/\\\/ectp-ceu.eu\\\/#website\"},\"datePublished\":\"2021-11-26T13:26:34+00:00\",\"breadcrumb\":{\"@id\":\"https:\\\/\\\/ectp-ceu.eu\\\/news\\\/european-urban-agenda-ljubljana-agreement-officially-adopted\\\/#breadcrumb\"},\"inLanguage\":\"fr-FR\",\"potentialAction\":[{\"@type\":\"ReadAction\",\"target\":[\"https:\\\/\\\/ectp-ceu.eu\\\/news\\\/european-urban-agenda-ljubljana-agreement-officially-adopted\\\/\"]}]},{\"@type\":\"BreadcrumbList\",\"@id\":\"https:\\\/\\\/ectp-ceu.eu\\\/news\\\/european-urban-agenda-ljubljana-agreement-officially-adopted\\\/#breadcrumb\",\"itemListElement\":[{\"@type\":\"ListItem\",\"position\":1,\"name\":\"HOME\",\"item\":\"https:\\\/\\\/ectp-ceu.eu\\\/\"},{\"@type\":\"ListItem\",\"position\":2,\"name\":\"News\",\"item\":\"https:\\\/\\\/ectp-ceu.eu\\\/category\\\/news\\\/\"},{\"@type\":\"ListItem\",\"position\":3,\"name\":\"European Urban Agenda: Ljubljana agreement officially adopted !\"}]},{\"@type\":\"WebSite\",\"@id\":\"https:\\\/\\\/ectp-ceu.eu\\\/#website\",\"url\":\"https:\\\/\\\/ectp-ceu.eu\\\/\",\"name\":\"ECTP-CEU\",\"description\":\"European Council of Spatial Planners \u2013 Conseil Europ\u00e9en des Urbanistes\",\"publisher\":{\"@id\":\"https:\\\/\\\/ectp-ceu.eu\\\/#organization\"},\"potentialAction\":[{\"@type\":\"SearchAction\",\"target\":{\"@type\":\"EntryPoint\",\"urlTemplate\":\"https:\\\/\\\/ectp-ceu.eu\\\/?s={search_term_string}\"},\"query-input\":{\"@type\":\"PropertyValueSpecification\",\"valueRequired\":true,\"valueName\":\"search_term_string\"}}],\"inLanguage\":\"fr-FR\"},{\"@type\":\"Organization\",\"@id\":\"https:\\\/\\\/ectp-ceu.eu\\\/#organization\",\"name\":\"ECTP-CEU\",\"url\":\"https:\\\/\\\/ectp-ceu.eu\\\/\",\"logo\":{\"@type\":\"ImageObject\",\"inLanguage\":\"fr-FR\",\"@id\":\"https:\\\/\\\/ectp-ceu.eu\\\/#\\\/schema\\\/logo\\\/image\\\/\",\"url\":\"https:\\\/\\\/ectp-ceu.eu\\\/wp-content\\\/uploads\\\/2024\\\/07\\\/cropped-1392117979K7cUN6za2Hw29SX4.jpeg\",\"contentUrl\":\"https:\\\/\\\/ectp-ceu.eu\\\/wp-content\\\/uploads\\\/2024\\\/07\\\/cropped-1392117979K7cUN6za2Hw29SX4.jpeg\",\"width\":928,\"height\":328,\"caption\":\"ECTP-CEU\"},\"image\":{\"@id\":\"https:\\\/\\\/ectp-ceu.eu\\\/#\\\/schema\\\/logo\\\/image\\\/\"}},{\"@type\":\"Person\",\"@id\":\"https:\\\/\\\/ectp-ceu.eu\\\/#\\\/schema\\\/person\\\/8bf89ed875f5ab3f3b35e54d7c3f816f\",\"name\":\"dev\",\"image\":{\"@type\":\"ImageObject\",\"inLanguage\":\"fr-FR\",\"@id\":\"https:\\\/\\\/secure.gravatar.com\\\/avatar\\\/f1ffcac9ca2fa95ad3ec33e9be3ade82f752acb0cabe541e56c5889225afa88a?s=96&d=mm&r=g\",\"url\":\"https:\\\/\\\/secure.gravatar.com\\\/avatar\\\/f1ffcac9ca2fa95ad3ec33e9be3ade82f752acb0cabe541e56c5889225afa88a?s=96&d=mm&r=g\",\"contentUrl\":\"https:\\\/\\\/secure.gravatar.com\\\/avatar\\\/f1ffcac9ca2fa95ad3ec33e9be3ade82f752acb0cabe541e56c5889225afa88a?s=96&d=mm&r=g\",\"caption\":\"dev\"},\"sameAs\":[\"https:\\\/\\\/ectp-ceu.eu\"],\"url\":\"https:\\\/\\\/ectp-ceu.eu\\\/fr\\\/author\\\/dev\\\/\"}]}<\/script>\n<!-- \/ Yoast SEO plugin. -->","yoast_head_json":{"title":"European Urban Agenda: Ljubljana agreement officially adopted ! - ECTP-CEU","robots":{"index":"index","follow":"follow","max-snippet":"max-snippet:-1","max-image-preview":"max-image-preview:large","max-video-preview":"max-video-preview:-1"},"canonical":"https:\/\/ectp-ceu.eu\/fr\/news\/european-urban-agenda-ljubljana-agreement-officially-adopted\/","og_locale":"fr_FR","og_type":"article","og_title":"European Urban Agenda: Ljubljana agreement officially adopted ! - ECTP-CEU","og_description":"ECTP was&nbsp;actively involved as European stakeholder in this Ljubljana agreement. For the past two years, we participated at&nbsp;the various&nbsp;EU- presidency&nbsp;meetings and highlighted the importance of integrated urban planning and&nbsp;incorporating planning professionals in the urban agenda projects.&nbsp;&nbsp;&nbsp; For more info, see:&nbsp; Informal meeting of Ministers for Urban Matters Informal meeting of ministers responsible for urban matters [&hellip;]","og_url":"https:\/\/ectp-ceu.eu\/fr\/news\/european-urban-agenda-ljubljana-agreement-officially-adopted\/","og_site_name":"ECTP-CEU","article_published_time":"2021-11-26T13:26:34+00:00","author":"dev","twitter_card":"summary_large_image","twitter_misc":{"\u00c9crit par":"dev"},"schema":{"@context":"https:\/\/schema.org","@graph":[{"@type":"Article","@id":"https:\/\/ectp-ceu.eu\/news\/european-urban-agenda-ljubljana-agreement-officially-adopted\/#article","isPartOf":{"@id":"https:\/\/ectp-ceu.eu\/news\/european-urban-agenda-ljubljana-agreement-officially-adopted\/"},"author":{"name":"dev","@id":"https:\/\/ectp-ceu.eu\/#\/schema\/person\/8bf89ed875f5ab3f3b35e54d7c3f816f"},"headline":"European Urban Agenda: Ljubljana agreement officially adopted !","datePublished":"2021-11-26T13:26:34+00:00","mainEntityOfPage":{"@id":"https:\/\/ectp-ceu.eu\/news\/european-urban-agenda-ljubljana-agreement-officially-adopted\/"},"wordCount":98,"publisher":{"@id":"https:\/\/ectp-ceu.eu\/#organization"},"articleSection":["News","Working Groups"],"inLanguage":"fr-FR"},{"@type":"WebPage","@id":"https:\/\/ectp-ceu.eu\/news\/european-urban-agenda-ljubljana-agreement-officially-adopted\/","url":"https:\/\/ectp-ceu.eu\/news\/european-urban-agenda-ljubljana-agreement-officially-adopted\/","name":"European Urban Agenda: Ljubljana agreement officially adopted ! - ECTP-CEU","isPartOf":{"@id":"https:\/\/ectp-ceu.eu\/#website"},"datePublished":"2021-11-26T13:26:34+00:00","breadcrumb":{"@id":"https:\/\/ectp-ceu.eu\/news\/european-urban-agenda-ljubljana-agreement-officially-adopted\/#breadcrumb"},"inLanguage":"fr-FR","potentialAction":[{"@type":"ReadAction","target":["https:\/\/ectp-ceu.eu\/news\/european-urban-agenda-ljubljana-agreement-officially-adopted\/"]}]},{"@type":"BreadcrumbList","@id":"https:\/\/ectp-ceu.eu\/news\/european-urban-agenda-ljubljana-agreement-officially-adopted\/#breadcrumb","itemListElement":[{"@type":"ListItem","position":1,"name":"HOME","item":"https:\/\/ectp-ceu.eu\/"},{"@type":"ListItem","position":2,"name":"News","item":"https:\/\/ectp-ceu.eu\/category\/news\/"},{"@type":"ListItem","position":3,"name":"European Urban Agenda: Ljubljana agreement officially adopted !"}]},{"@type":"WebSite","@id":"https:\/\/ectp-ceu.eu\/#website","url":"https:\/\/ectp-ceu.eu\/","name":"ECTP-CEU","description":"European Council of Spatial Planners \u2013 Conseil Europ\u00e9en des Urbanistes","publisher":{"@id":"https:\/\/ectp-ceu.eu\/#organization"},"potentialAction":[{"@type":"SearchAction","target":{"@type":"EntryPoint","urlTemplate":"https:\/\/ectp-ceu.eu\/?s={search_term_string}"},"query-input":{"@type":"PropertyValueSpecification","valueRequired":true,"valueName":"search_term_string"}}],"inLanguage":"fr-FR"},{"@type":"Organization","@id":"https:\/\/ectp-ceu.eu\/#organization","name":"ECTP-CEU","url":"https:\/\/ectp-ceu.eu\/","logo":{"@type":"ImageObject","inLanguage":"fr-FR","@id":"https:\/\/ectp-ceu.eu\/#\/schema\/logo\/image\/","url":"https:\/\/ectp-ceu.eu\/wp-content\/uploads\/2024\/07\/cropped-1392117979K7cUN6za2Hw29SX4.jpeg","contentUrl":"https:\/\/ectp-ceu.eu\/wp-content\/uploads\/2024\/07\/cropped-1392117979K7cUN6za2Hw29SX4.jpeg","width":928,"height":328,"caption":"ECTP-CEU"},"image":{"@id":"https:\/\/ectp-ceu.eu\/#\/schema\/logo\/image\/"}},{"@type":"Person","@id":"https:\/\/ectp-ceu.eu\/#\/schema\/person\/8bf89ed875f5ab3f3b35e54d7c3f816f","name":"dev","image":{"@type":"ImageObject","inLanguage":"fr-FR","@id":"https:\/\/secure.gravatar.com\/avatar\/f1ffcac9ca2fa95ad3ec33e9be3ade82f752acb0cabe541e56c5889225afa88a?s=96&d=mm&r=g","url":"https:\/\/secure.gravatar.com\/avatar\/f1ffcac9ca2fa95ad3ec33e9be3ade82f752acb0cabe541e56c5889225afa88a?s=96&d=mm&r=g","contentUrl":"https:\/\/secure.gravatar.com\/avatar\/f1ffcac9ca2fa95ad3ec33e9be3ade82f752acb0cabe541e56c5889225afa88a?s=96&d=mm&r=g","caption":"dev"},"sameAs":["https:\/\/ectp-ceu.eu"],"url":"https:\/\/ectp-ceu.eu\/fr\/author\/dev\/"}]}},"_links":{"self":[{"href":"https:\/\/ectp-ceu.eu\/fr\/wp-json\/wp\/v2\/posts\/2388","targetHints":{"allow":["GET"]}}],"collection":[{"href":"https:\/\/ectp-ceu.eu\/fr\/wp-json\/wp\/v2\/posts"}],"about":[{"href":"https:\/\/ectp-ceu.eu\/fr\/wp-json\/wp\/v2\/types\/post"}],"author":[{"embeddable":true,"href":"https:\/\/ectp-ceu.eu\/fr\/wp-json\/wp\/v2\/users\/1"}],"replies":[{"embeddable":true,"href":"https:\/\/ectp-ceu.eu\/fr\/wp-json\/wp\/v2\/comments?post=2388"}],"version-history":[{"count":0,"href":"https:\/\/ectp-ceu.eu\/fr\/wp-json\/wp\/v2\/posts\/2388\/revisions"}],"wp:attachment":[{"href":"https:\/\/ectp-ceu.eu\/fr\/wp-json\/wp\/v2\/media?parent=2388"}],"wp:term":[{"taxonomy":"category","embeddable":true,"href":"https:\/\/ectp-ceu.eu\/fr\/wp-json\/wp\/v2\/categories?post=2388"},{"taxonomy":"post_tag","embeddable":true,"href":"https:\/\/ectp-ceu.eu\/fr\/wp-json\/wp\/v2\/tags?post=2388"}],"curies":[{"name":"wp","href":"https:\/\/api.w.org\/{rel}","templated":true}]}}