{"id":2511,"date":"2019-04-05T09:25:00","date_gmt":"2019-04-05T09:25:00","guid":{"rendered":"https:\/\/ectp-ceu.eu\/?p=2511"},"modified":"2019-04-05T09:25:00","modified_gmt":"2019-04-05T09:25:00","slug":"2019-ectp-ceu-manifesto-on-airports-and-cities","status":"publish","type":"post","link":"https:\/\/ectp-ceu.eu\/fr\/publication\/2019-ectp-ceu-manifesto-on-airports-and-cities\/","title":{"rendered":"2019 - Manifeste ECTP-CEU sur les a\u00e9roports et les villes"},"content":{"rendered":"<p>Ce Manifeste sur les a\u00e9roports et les villes en Europe a \u00e9t\u00e9 approuv\u00e9 par l'Assembl\u00e9e g\u00e9n\u00e9rale 2019 de l'ECTP-CEU lors de sa r\u00e9union de printemps \u00e0 Madrid.<br>Il a \u00e9t\u00e9 pr\u00e9par\u00e9 apr\u00e8s des recherches men\u00e9es par Dominique Lancrenon et Joris Scheers, membres du groupe de travail ECTP-CEU, par les membres du jury des Prix europ\u00e9ens de l'urbanisme et de l'am\u00e9nagement du territoire et par le comit\u00e9 ex\u00e9cutif de l'ECTP-CEU.<br>Ce Manifeste est \u00e9labor\u00e9 avec l'aimable soutien du Groupe ADP.<br>ECTP-CEU Mai 2019<\/p>\n\n\n\n<figure class=\"wp-block-image size-large\"><img decoding=\"async\" src=\"https:\/\/ectp-ceu.eu\/images\/stories\/article-images\/ECTP-CEU_Airports_Manifesto-s.jpg\" alt=\"\"\/><\/figure>\n\n\n\n<p>Cliquez sur <a href=\"https:\/\/ectp-ceu.eu\/fr\/images\/stories\/PDF-docs\/ECTP-CEU%20Airports%20Manifesto.pdf\/\">T\u00e9l\u00e9charger<\/a><\/p>","protected":false},"excerpt":{"rendered":"<p>This Manifesto on Airports and Cities in Europe was approved by the 2019 General Assembly of the ECTP-CEU at its Spring meeting in Madrid.It was prepared after research by the ECTP-CEU Working Group members Dominique Lancrenon and Joris Scheers, the European Urban and Regional Planning Awards jury members and the ECTP-CEU Executive Committee.This Manifesto is [&hellip;]<\/p>\n","protected":false},"author":1,"featured_media":0,"comment_status":"closed","ping_status":"open","sticky":false,"template":"","format":"standard","meta":{"_acf_changed":false,"inline_featured_image":false,"footnotes":""},"categories":[69],"tags":[],"class_list":["post-2511","post","type-post","status-publish","format-standard","hentry","category-publication"],"acf":[],"yoast_head":"<!-- This site is optimized with the Yoast SEO plugin v27.5 - https:\/\/yoast.com\/product\/yoast-seo-wordpress\/ -->\n<title>2019 - ECTP-CEU Manifesto on Airports and Cities - ECTP-CEU<\/title>\n<meta name=\"robots\" content=\"index, follow, max-snippet:-1, max-image-preview:large, max-video-preview:-1\" \/>\n<link rel=\"canonical\" href=\"https:\/\/ectp-ceu.eu\/fr\/publication\/2019-ectp-ceu-manifesto-on-airports-and-cities\/\" \/>\n<meta property=\"og:locale\" content=\"fr_FR\" \/>\n<meta property=\"og:type\" content=\"article\" \/>\n<meta property=\"og:title\" content=\"2019 - ECTP-CEU Manifesto on Airports and Cities - ECTP-CEU\" \/>\n<meta property=\"og:description\" content=\"This Manifesto on Airports and Cities in Europe was approved by the 2019 General Assembly of the ECTP-CEU at its Spring meeting in Madrid.It was prepared after research by the ECTP-CEU Working Group members Dominique Lancrenon and Joris Scheers, the European Urban and Regional Planning Awards jury members and the ECTP-CEU Executive Committee.This Manifesto is [&hellip;]\" \/>\n<meta property=\"og:url\" content=\"https:\/\/ectp-ceu.eu\/fr\/publication\/2019-ectp-ceu-manifesto-on-airports-and-cities\/\" \/>\n<meta property=\"og:site_name\" content=\"ECTP-CEU\" \/>\n<meta property=\"article:published_time\" content=\"2019-04-05T09:25:00+00:00\" \/>\n<meta property=\"og:image\" content=\"https:\/\/ectp-ceu.eu\/images\/stories\/article-images\/ECTP-CEU_Airports_Manifesto-s.jpg\" \/>\n<meta name=\"author\" content=\"dev\" \/>\n<meta name=\"twitter:card\" content=\"summary_large_image\" \/>\n<meta name=\"twitter:label1\" content=\"\u00c9crit par\" \/>\n\t<meta name=\"twitter:data1\" content=\"dev\" \/>\n<script type=\"application\/ld+json\" class=\"yoast-schema-graph\">{\"@context\":\"https:\\\/\\\/schema.org\",\"@graph\":[{\"@type\":\"Article\",\"@id\":\"https:\\\/\\\/ectp-ceu.eu\\\/publication\\\/2019-ectp-ceu-manifesto-on-airports-and-cities\\\/#article\",\"isPartOf\":{\"@id\":\"https:\\\/\\\/ectp-ceu.eu\\\/publication\\\/2019-ectp-ceu-manifesto-on-airports-and-cities\\\/\"},\"author\":{\"name\":\"dev\",\"@id\":\"https:\\\/\\\/ectp-ceu.eu\\\/#\\\/schema\\\/person\\\/8bf89ed875f5ab3f3b35e54d7c3f816f\"},\"headline\":\"2019 &#8211; ECTP-CEU Manifesto on Airports and Cities\",\"datePublished\":\"2019-04-05T09:25:00+00:00\",\"mainEntityOfPage\":{\"@id\":\"https:\\\/\\\/ectp-ceu.eu\\\/publication\\\/2019-ectp-ceu-manifesto-on-airports-and-cities\\\/\"},\"wordCount\":76,\"publisher\":{\"@id\":\"https:\\\/\\\/ectp-ceu.eu\\\/#organization\"},\"image\":{\"@id\":\"https:\\\/\\\/ectp-ceu.eu\\\/publication\\\/2019-ectp-ceu-manifesto-on-airports-and-cities\\\/#primaryimage\"},\"thumbnailUrl\":\"https:\\\/\\\/ectp-ceu.eu\\\/images\\\/stories\\\/article-images\\\/ECTP-CEU_Airports_Manifesto-s.jpg\",\"articleSection\":[\"Publications\"],\"inLanguage\":\"fr-FR\"},{\"@type\":\"WebPage\",\"@id\":\"https:\\\/\\\/ectp-ceu.eu\\\/publication\\\/2019-ectp-ceu-manifesto-on-airports-and-cities\\\/\",\"url\":\"https:\\\/\\\/ectp-ceu.eu\\\/publication\\\/2019-ectp-ceu-manifesto-on-airports-and-cities\\\/\",\"name\":\"2019 - ECTP-CEU Manifesto on Airports and Cities - ECTP-CEU\",\"isPartOf\":{\"@id\":\"https:\\\/\\\/ectp-ceu.eu\\\/#website\"},\"primaryImageOfPage\":{\"@id\":\"https:\\\/\\\/ectp-ceu.eu\\\/publication\\\/2019-ectp-ceu-manifesto-on-airports-and-cities\\\/#primaryimage\"},\"image\":{\"@id\":\"https:\\\/\\\/ectp-ceu.eu\\\/publication\\\/2019-ectp-ceu-manifesto-on-airports-and-cities\\\/#primaryimage\"},\"thumbnailUrl\":\"https:\\\/\\\/ectp-ceu.eu\\\/images\\\/stories\\\/article-images\\\/ECTP-CEU_Airports_Manifesto-s.jpg\",\"datePublished\":\"2019-04-05T09:25:00+00:00\",\"breadcrumb\":{\"@id\":\"https:\\\/\\\/ectp-ceu.eu\\\/publication\\\/2019-ectp-ceu-manifesto-on-airports-and-cities\\\/#breadcrumb\"},\"inLanguage\":\"fr-FR\",\"potentialAction\":[{\"@type\":\"ReadAction\",\"target\":[\"https:\\\/\\\/ectp-ceu.eu\\\/publication\\\/2019-ectp-ceu-manifesto-on-airports-and-cities\\\/\"]}]},{\"@type\":\"ImageObject\",\"inLanguage\":\"fr-FR\",\"@id\":\"https:\\\/\\\/ectp-ceu.eu\\\/publication\\\/2019-ectp-ceu-manifesto-on-airports-and-cities\\\/#primaryimage\",\"url\":\"https:\\\/\\\/ectp-ceu.eu\\\/images\\\/stories\\\/article-images\\\/ECTP-CEU_Airports_Manifesto-s.jpg\",\"contentUrl\":\"https:\\\/\\\/ectp-ceu.eu\\\/images\\\/stories\\\/article-images\\\/ECTP-CEU_Airports_Manifesto-s.jpg\"},{\"@type\":\"BreadcrumbList\",\"@id\":\"https:\\\/\\\/ectp-ceu.eu\\\/publication\\\/2019-ectp-ceu-manifesto-on-airports-and-cities\\\/#breadcrumb\",\"itemListElement\":[{\"@type\":\"ListItem\",\"position\":1,\"name\":\"HOME\",\"item\":\"https:\\\/\\\/ectp-ceu.eu\\\/\"},{\"@type\":\"ListItem\",\"position\":2,\"name\":\"Publications\",\"item\":\"https:\\\/\\\/ectp-ceu.eu\\\/category\\\/publication\\\/\"},{\"@type\":\"ListItem\",\"position\":3,\"name\":\"2019 &#8211; ECTP-CEU Manifesto on Airports and Cities\"}]},{\"@type\":\"WebSite\",\"@id\":\"https:\\\/\\\/ectp-ceu.eu\\\/#website\",\"url\":\"https:\\\/\\\/ectp-ceu.eu\\\/\",\"name\":\"ECTP-CEU\",\"description\":\"European Council of Spatial Planners \u2013 Conseil Europ\u00e9en des Urbanistes\",\"publisher\":{\"@id\":\"https:\\\/\\\/ectp-ceu.eu\\\/#organization\"},\"potentialAction\":[{\"@type\":\"SearchAction\",\"target\":{\"@type\":\"EntryPoint\",\"urlTemplate\":\"https:\\\/\\\/ectp-ceu.eu\\\/?s={search_term_string}\"},\"query-input\":{\"@type\":\"PropertyValueSpecification\",\"valueRequired\":true,\"valueName\":\"search_term_string\"}}],\"inLanguage\":\"fr-FR\"},{\"@type\":\"Organization\",\"@id\":\"https:\\\/\\\/ectp-ceu.eu\\\/#organization\",\"name\":\"ECTP-CEU\",\"url\":\"https:\\\/\\\/ectp-ceu.eu\\\/\",\"logo\":{\"@type\":\"ImageObject\",\"inLanguage\":\"fr-FR\",\"@id\":\"https:\\\/\\\/ectp-ceu.eu\\\/#\\\/schema\\\/logo\\\/image\\\/\",\"url\":\"https:\\\/\\\/ectp-ceu.eu\\\/wp-content\\\/uploads\\\/2024\\\/07\\\/cropped-1392117979K7cUN6za2Hw29SX4.jpeg\",\"contentUrl\":\"https:\\\/\\\/ectp-ceu.eu\\\/wp-content\\\/uploads\\\/2024\\\/07\\\/cropped-1392117979K7cUN6za2Hw29SX4.jpeg\",\"width\":928,\"height\":328,\"caption\":\"ECTP-CEU\"},\"image\":{\"@id\":\"https:\\\/\\\/ectp-ceu.eu\\\/#\\\/schema\\\/logo\\\/image\\\/\"}},{\"@type\":\"Person\",\"@id\":\"https:\\\/\\\/ectp-ceu.eu\\\/#\\\/schema\\\/person\\\/8bf89ed875f5ab3f3b35e54d7c3f816f\",\"name\":\"dev\",\"image\":{\"@type\":\"ImageObject\",\"inLanguage\":\"fr-FR\",\"@id\":\"https:\\\/\\\/secure.gravatar.com\\\/avatar\\\/f1ffcac9ca2fa95ad3ec33e9be3ade82f752acb0cabe541e56c5889225afa88a?s=96&d=mm&r=g\",\"url\":\"https:\\\/\\\/secure.gravatar.com\\\/avatar\\\/f1ffcac9ca2fa95ad3ec33e9be3ade82f752acb0cabe541e56c5889225afa88a?s=96&d=mm&r=g\",\"contentUrl\":\"https:\\\/\\\/secure.gravatar.com\\\/avatar\\\/f1ffcac9ca2fa95ad3ec33e9be3ade82f752acb0cabe541e56c5889225afa88a?s=96&d=mm&r=g\",\"caption\":\"dev\"},\"sameAs\":[\"https:\\\/\\\/ectp-ceu.eu\"],\"url\":\"https:\\\/\\\/ectp-ceu.eu\\\/fr\\\/author\\\/dev\\\/\"}]}<\/script>\n<!-- \/ Yoast SEO plugin. -->","yoast_head_json":{"title":"2019 - ECTP-CEU Manifesto on Airports and Cities - ECTP-CEU","robots":{"index":"index","follow":"follow","max-snippet":"max-snippet:-1","max-image-preview":"max-image-preview:large","max-video-preview":"max-video-preview:-1"},"canonical":"https:\/\/ectp-ceu.eu\/fr\/publication\/2019-ectp-ceu-manifesto-on-airports-and-cities\/","og_locale":"fr_FR","og_type":"article","og_title":"2019 - ECTP-CEU Manifesto on Airports and Cities - ECTP-CEU","og_description":"This Manifesto on Airports and Cities in Europe was approved by the 2019 General Assembly of the ECTP-CEU at its Spring meeting in Madrid.It was prepared after research by the ECTP-CEU Working Group members Dominique Lancrenon and Joris Scheers, the European Urban and Regional Planning Awards jury members and the ECTP-CEU Executive Committee.This Manifesto is [&hellip;]","og_url":"https:\/\/ectp-ceu.eu\/fr\/publication\/2019-ectp-ceu-manifesto-on-airports-and-cities\/","og_site_name":"ECTP-CEU","article_published_time":"2019-04-05T09:25:00+00:00","og_image":[{"url":"https:\/\/ectp-ceu.eu\/images\/stories\/article-images\/ECTP-CEU_Airports_Manifesto-s.jpg","type":"","width":"","height":""}],"author":"dev","twitter_card":"summary_large_image","twitter_misc":{"\u00c9crit par":"dev"},"schema":{"@context":"https:\/\/schema.org","@graph":[{"@type":"Article","@id":"https:\/\/ectp-ceu.eu\/publication\/2019-ectp-ceu-manifesto-on-airports-and-cities\/#article","isPartOf":{"@id":"https:\/\/ectp-ceu.eu\/publication\/2019-ectp-ceu-manifesto-on-airports-and-cities\/"},"author":{"name":"dev","@id":"https:\/\/ectp-ceu.eu\/#\/schema\/person\/8bf89ed875f5ab3f3b35e54d7c3f816f"},"headline":"2019 &#8211; ECTP-CEU Manifesto on Airports and Cities","datePublished":"2019-04-05T09:25:00+00:00","mainEntityOfPage":{"@id":"https:\/\/ectp-ceu.eu\/publication\/2019-ectp-ceu-manifesto-on-airports-and-cities\/"},"wordCount":76,"publisher":{"@id":"https:\/\/ectp-ceu.eu\/#organization"},"image":{"@id":"https:\/\/ectp-ceu.eu\/publication\/2019-ectp-ceu-manifesto-on-airports-and-cities\/#primaryimage"},"thumbnailUrl":"https:\/\/ectp-ceu.eu\/images\/stories\/article-images\/ECTP-CEU_Airports_Manifesto-s.jpg","articleSection":["Publications"],"inLanguage":"fr-FR"},{"@type":"WebPage","@id":"https:\/\/ectp-ceu.eu\/publication\/2019-ectp-ceu-manifesto-on-airports-and-cities\/","url":"https:\/\/ectp-ceu.eu\/publication\/2019-ectp-ceu-manifesto-on-airports-and-cities\/","name":"2019 - ECTP-CEU Manifesto on Airports and Cities - ECTP-CEU","isPartOf":{"@id":"https:\/\/ectp-ceu.eu\/#website"},"primaryImageOfPage":{"@id":"https:\/\/ectp-ceu.eu\/publication\/2019-ectp-ceu-manifesto-on-airports-and-cities\/#primaryimage"},"image":{"@id":"https:\/\/ectp-ceu.eu\/publication\/2019-ectp-ceu-manifesto-on-airports-and-cities\/#primaryimage"},"thumbnailUrl":"https:\/\/ectp-ceu.eu\/images\/stories\/article-images\/ECTP-CEU_Airports_Manifesto-s.jpg","datePublished":"2019-04-05T09:25:00+00:00","breadcrumb":{"@id":"https:\/\/ectp-ceu.eu\/publication\/2019-ectp-ceu-manifesto-on-airports-and-cities\/#breadcrumb"},"inLanguage":"fr-FR","potentialAction":[{"@type":"ReadAction","target":["https:\/\/ectp-ceu.eu\/publication\/2019-ectp-ceu-manifesto-on-airports-and-cities\/"]}]},{"@type":"ImageObject","inLanguage":"fr-FR","@id":"https:\/\/ectp-ceu.eu\/publication\/2019-ectp-ceu-manifesto-on-airports-and-cities\/#primaryimage","url":"https:\/\/ectp-ceu.eu\/images\/stories\/article-images\/ECTP-CEU_Airports_Manifesto-s.jpg","contentUrl":"https:\/\/ectp-ceu.eu\/images\/stories\/article-images\/ECTP-CEU_Airports_Manifesto-s.jpg"},{"@type":"BreadcrumbList","@id":"https:\/\/ectp-ceu.eu\/publication\/2019-ectp-ceu-manifesto-on-airports-and-cities\/#breadcrumb","itemListElement":[{"@type":"ListItem","position":1,"name":"HOME","item":"https:\/\/ectp-ceu.eu\/"},{"@type":"ListItem","position":2,"name":"Publications","item":"https:\/\/ectp-ceu.eu\/category\/publication\/"},{"@type":"ListItem","position":3,"name":"2019 &#8211; ECTP-CEU Manifesto on Airports and Cities"}]},{"@type":"WebSite","@id":"https:\/\/ectp-ceu.eu\/#website","url":"https:\/\/ectp-ceu.eu\/","name":"ECTP-CEU","description":"European Council of Spatial Planners \u2013 Conseil Europ\u00e9en des Urbanistes","publisher":{"@id":"https:\/\/ectp-ceu.eu\/#organization"},"potentialAction":[{"@type":"SearchAction","target":{"@type":"EntryPoint","urlTemplate":"https:\/\/ectp-ceu.eu\/?s={search_term_string}"},"query-input":{"@type":"PropertyValueSpecification","valueRequired":true,"valueName":"search_term_string"}}],"inLanguage":"fr-FR"},{"@type":"Organization","@id":"https:\/\/ectp-ceu.eu\/#organization","name":"ECTP-CEU","url":"https:\/\/ectp-ceu.eu\/","logo":{"@type":"ImageObject","inLanguage":"fr-FR","@id":"https:\/\/ectp-ceu.eu\/#\/schema\/logo\/image\/","url":"https:\/\/ectp-ceu.eu\/wp-content\/uploads\/2024\/07\/cropped-1392117979K7cUN6za2Hw29SX4.jpeg","contentUrl":"https:\/\/ectp-ceu.eu\/wp-content\/uploads\/2024\/07\/cropped-1392117979K7cUN6za2Hw29SX4.jpeg","width":928,"height":328,"caption":"ECTP-CEU"},"image":{"@id":"https:\/\/ectp-ceu.eu\/#\/schema\/logo\/image\/"}},{"@type":"Person","@id":"https:\/\/ectp-ceu.eu\/#\/schema\/person\/8bf89ed875f5ab3f3b35e54d7c3f816f","name":"dev","image":{"@type":"ImageObject","inLanguage":"fr-FR","@id":"https:\/\/secure.gravatar.com\/avatar\/f1ffcac9ca2fa95ad3ec33e9be3ade82f752acb0cabe541e56c5889225afa88a?s=96&d=mm&r=g","url":"https:\/\/secure.gravatar.com\/avatar\/f1ffcac9ca2fa95ad3ec33e9be3ade82f752acb0cabe541e56c5889225afa88a?s=96&d=mm&r=g","contentUrl":"https:\/\/secure.gravatar.com\/avatar\/f1ffcac9ca2fa95ad3ec33e9be3ade82f752acb0cabe541e56c5889225afa88a?s=96&d=mm&r=g","caption":"dev"},"sameAs":["https:\/\/ectp-ceu.eu"],"url":"https:\/\/ectp-ceu.eu\/fr\/author\/dev\/"}]}},"_links":{"self":[{"href":"https:\/\/ectp-ceu.eu\/fr\/wp-json\/wp\/v2\/posts\/2511","targetHints":{"allow":["GET"]}}],"collection":[{"href":"https:\/\/ectp-ceu.eu\/fr\/wp-json\/wp\/v2\/posts"}],"about":[{"href":"https:\/\/ectp-ceu.eu\/fr\/wp-json\/wp\/v2\/types\/post"}],"author":[{"embeddable":true,"href":"https:\/\/ectp-ceu.eu\/fr\/wp-json\/wp\/v2\/users\/1"}],"replies":[{"embeddable":true,"href":"https:\/\/ectp-ceu.eu\/fr\/wp-json\/wp\/v2\/comments?post=2511"}],"version-history":[{"count":0,"href":"https:\/\/ectp-ceu.eu\/fr\/wp-json\/wp\/v2\/posts\/2511\/revisions"}],"wp:attachment":[{"href":"https:\/\/ectp-ceu.eu\/fr\/wp-json\/wp\/v2\/media?parent=2511"}],"wp:term":[{"taxonomy":"category","embeddable":true,"href":"https:\/\/ectp-ceu.eu\/fr\/wp-json\/wp\/v2\/categories?post=2511"},{"taxonomy":"post_tag","embeddable":true,"href":"https:\/\/ectp-ceu.eu\/fr\/wp-json\/wp\/v2\/tags?post=2511"}],"curies":[{"name":"wp","href":"https:\/\/api.w.org\/{rel}","templated":true}]}}