{"id":2513,"date":"2017-04-05T10:02:00","date_gmt":"2017-04-05T10:02:00","guid":{"rendered":"https:\/\/ectp-ceu.eu\/?p=2513"},"modified":"2017-04-05T10:02:00","modified_gmt":"2017-04-05T10:02:00","slug":"2017-guidelines-on-professional-competences-in-spatial-planning","status":"publish","type":"post","link":"https:\/\/ectp-ceu.eu\/fr\/publication\/2017-guidelines-on-professional-competences-in-spatial-planning\/","title":{"rendered":"2017 - Lignes directrices sur les comp\u00e9tences professionnelles en am\u00e9nagement du territoire"},"content":{"rendered":"<p>Lignes directrices sur les comp\u00e9tences professionnelles en mati\u00e8re d'am\u00e9nagement du territoire<br>y compris<br>les principes de conduite professionnelle<\/p>\n\n\n\n<p>Ces lignes directrices sur les comp\u00e9tences professionnelles et le code de conduite ont \u00e9t\u00e9 approuv\u00e9es par l'assembl\u00e9e g\u00e9n\u00e9rale 2017 de l'ECTP-CEU lors de sa r\u00e9union d'automne \u00e0 Louvain. Ces lignes directrices ont \u00e9t\u00e9 pr\u00e9par\u00e9es apr\u00e8s des recherches men\u00e9es par les membres du groupe de travail ECTP-CEU Dominique Lancrenon, Philippe Doucet, Noel Riordan, Paulo Correia, et Henk van der Kamp (pr\u00e9sident).<\/p>\n\n\n\n<p>Une vaste consultation des associations membres et de l'AESOP a \u00e9t\u00e9 organis\u00e9e au cours du processus.<\/p>\n\n\n\n<p>ECTP-CEU Octobre 2017<\/p>\n\n\n\n<figure class=\"wp-block-image size-large\"><img decoding=\"async\" src=\"https:\/\/ectp-ceu.eu\/images\/stories\/article-images\/ECTP-CEU-Guidelines-on-Professional-Competences-1.jpg\" alt=\"\"\/><\/figure>\n\n\n\n<p><a href=\"https:\/\/ectp-ceu.eu\/fr\/images\/stories\/PDF-docs\/ECTP-CEU%20Guidelines%20on%20Professional%20Competences.pdf\/\">Version anglaise<\/a><\/p>\n\n\n\n<figure class=\"wp-block-image size-large\"><img decoding=\"async\" src=\"https:\/\/ectp-ceu.eu\/images\/stories\/article-images\/ECTP-CEU-Guidelines-on-Professional-Competences-ES-1.jpg\" alt=\"\"\/><\/figure>\n\n\n\n<p><a href=\"https:\/\/ectp-ceu.eu\/fr\/images\/stories\/PDF-docs\/ECTP-CEU%20Guidelines%20on%20Professional%20Competences-ES.pdf\/\">Version espagnole<br><\/a><\/p>\n\n\n\n<figure class=\"wp-block-image size-large is-resized\"><img fetchpriority=\"high\" decoding=\"async\" src=\"https:\/\/ectp-ceu.eu\/images\/stories\/article-images\/ECTP-CEU_Guide_Europeen_qualification_FR.jpg\" alt=\"\" width=\"351\" height=\"351\"\/><\/figure>\n\n\n\n<p><a href=\"https:\/\/ectp-ceu.eu\/fr\/images\/stories\/PDF-docs\/ECTP-CEU%20Guide%20Europeen%20de%20la%20qualification%20des%20urbanistes.pdf\/\">Version fran\u00e7aise<\/a><\/p>","protected":false},"excerpt":{"rendered":"<p>Guidelines on professional competences in Spatial Planningincludingthe Principles of Professional Conduct These Guidelines on Professional Competencies and the Code of Conduct were approved by the 2017 General Assembly of the ECTP-CEU at its Autumn meeting in Leuven. These Guidelines were prepared after research by the ECTP-CEU Working Group members Dominique Lancrenon, Philippe Doucet, Noel Riordan, [&hellip;]<\/p>\n","protected":false},"author":1,"featured_media":0,"comment_status":"closed","ping_status":"open","sticky":false,"template":"","format":"standard","meta":{"_acf_changed":false,"inline_featured_image":false,"footnotes":""},"categories":[69],"tags":[],"class_list":["post-2513","post","type-post","status-publish","format-standard","hentry","category-publication"],"acf":[],"yoast_head":"<!-- This site is optimized with the Yoast SEO plugin v27.5 - https:\/\/yoast.com\/product\/yoast-seo-wordpress\/ -->\n<title>2017 - Guidelines on professional competences in Spatial Planning - ECTP-CEU<\/title>\n<meta name=\"robots\" content=\"index, follow, max-snippet:-1, max-image-preview:large, max-video-preview:-1\" \/>\n<link rel=\"canonical\" href=\"https:\/\/ectp-ceu.eu\/fr\/publication\/2017-guidelines-on-professional-competences-in-spatial-planning\/\" \/>\n<meta property=\"og:locale\" content=\"fr_FR\" \/>\n<meta property=\"og:type\" content=\"article\" \/>\n<meta property=\"og:title\" content=\"2017 - Guidelines on professional competences in Spatial Planning - ECTP-CEU\" \/>\n<meta property=\"og:description\" content=\"Guidelines on professional competences in Spatial Planningincludingthe Principles of Professional Conduct These Guidelines on Professional Competencies and the Code of Conduct were approved by the 2017 General Assembly of the ECTP-CEU at its Autumn meeting in Leuven. These Guidelines were prepared after research by the ECTP-CEU Working Group members Dominique Lancrenon, Philippe Doucet, Noel Riordan, [&hellip;]\" \/>\n<meta property=\"og:url\" content=\"https:\/\/ectp-ceu.eu\/fr\/publication\/2017-guidelines-on-professional-competences-in-spatial-planning\/\" \/>\n<meta property=\"og:site_name\" content=\"ECTP-CEU\" \/>\n<meta property=\"article:published_time\" content=\"2017-04-05T10:02:00+00:00\" \/>\n<meta property=\"og:image\" content=\"https:\/\/ectp-ceu.eu\/images\/stories\/article-images\/ECTP-CEU-Guidelines-on-Professional-Competences-1.jpg\" \/>\n<meta name=\"author\" content=\"dev\" \/>\n<meta name=\"twitter:card\" content=\"summary_large_image\" \/>\n<meta name=\"twitter:label1\" content=\"\u00c9crit par\" \/>\n\t<meta name=\"twitter:data1\" content=\"dev\" \/>\n<script type=\"application\/ld+json\" class=\"yoast-schema-graph\">{\"@context\":\"https:\\\/\\\/schema.org\",\"@graph\":[{\"@type\":\"Article\",\"@id\":\"https:\\\/\\\/ectp-ceu.eu\\\/publication\\\/2017-guidelines-on-professional-competences-in-spatial-planning\\\/#article\",\"isPartOf\":{\"@id\":\"https:\\\/\\\/ectp-ceu.eu\\\/publication\\\/2017-guidelines-on-professional-competences-in-spatial-planning\\\/\"},\"author\":{\"name\":\"dev\",\"@id\":\"https:\\\/\\\/ectp-ceu.eu\\\/#\\\/schema\\\/person\\\/8bf89ed875f5ab3f3b35e54d7c3f816f\"},\"headline\":\"2017 &#8211; Guidelines on professional competences in Spatial Planning\",\"datePublished\":\"2017-04-05T10:02:00+00:00\",\"mainEntityOfPage\":{\"@id\":\"https:\\\/\\\/ectp-ceu.eu\\\/publication\\\/2017-guidelines-on-professional-competences-in-spatial-planning\\\/\"},\"wordCount\":94,\"publisher\":{\"@id\":\"https:\\\/\\\/ectp-ceu.eu\\\/#organization\"},\"image\":{\"@id\":\"https:\\\/\\\/ectp-ceu.eu\\\/publication\\\/2017-guidelines-on-professional-competences-in-spatial-planning\\\/#primaryimage\"},\"thumbnailUrl\":\"https:\\\/\\\/ectp-ceu.eu\\\/images\\\/stories\\\/article-images\\\/ECTP-CEU-Guidelines-on-Professional-Competences-1.jpg\",\"articleSection\":[\"Publications\"],\"inLanguage\":\"fr-FR\"},{\"@type\":\"WebPage\",\"@id\":\"https:\\\/\\\/ectp-ceu.eu\\\/publication\\\/2017-guidelines-on-professional-competences-in-spatial-planning\\\/\",\"url\":\"https:\\\/\\\/ectp-ceu.eu\\\/publication\\\/2017-guidelines-on-professional-competences-in-spatial-planning\\\/\",\"name\":\"2017 - Guidelines on professional competences in Spatial Planning - ECTP-CEU\",\"isPartOf\":{\"@id\":\"https:\\\/\\\/ectp-ceu.eu\\\/#website\"},\"primaryImageOfPage\":{\"@id\":\"https:\\\/\\\/ectp-ceu.eu\\\/publication\\\/2017-guidelines-on-professional-competences-in-spatial-planning\\\/#primaryimage\"},\"image\":{\"@id\":\"https:\\\/\\\/ectp-ceu.eu\\\/publication\\\/2017-guidelines-on-professional-competences-in-spatial-planning\\\/#primaryimage\"},\"thumbnailUrl\":\"https:\\\/\\\/ectp-ceu.eu\\\/images\\\/stories\\\/article-images\\\/ECTP-CEU-Guidelines-on-Professional-Competences-1.jpg\",\"datePublished\":\"2017-04-05T10:02:00+00:00\",\"breadcrumb\":{\"@id\":\"https:\\\/\\\/ectp-ceu.eu\\\/publication\\\/2017-guidelines-on-professional-competences-in-spatial-planning\\\/#breadcrumb\"},\"inLanguage\":\"fr-FR\",\"potentialAction\":[{\"@type\":\"ReadAction\",\"target\":[\"https:\\\/\\\/ectp-ceu.eu\\\/publication\\\/2017-guidelines-on-professional-competences-in-spatial-planning\\\/\"]}]},{\"@type\":\"ImageObject\",\"inLanguage\":\"fr-FR\",\"@id\":\"https:\\\/\\\/ectp-ceu.eu\\\/publication\\\/2017-guidelines-on-professional-competences-in-spatial-planning\\\/#primaryimage\",\"url\":\"https:\\\/\\\/ectp-ceu.eu\\\/images\\\/stories\\\/article-images\\\/ECTP-CEU-Guidelines-on-Professional-Competences-1.jpg\",\"contentUrl\":\"https:\\\/\\\/ectp-ceu.eu\\\/images\\\/stories\\\/article-images\\\/ECTP-CEU-Guidelines-on-Professional-Competences-1.jpg\"},{\"@type\":\"BreadcrumbList\",\"@id\":\"https:\\\/\\\/ectp-ceu.eu\\\/publication\\\/2017-guidelines-on-professional-competences-in-spatial-planning\\\/#breadcrumb\",\"itemListElement\":[{\"@type\":\"ListItem\",\"position\":1,\"name\":\"HOME\",\"item\":\"https:\\\/\\\/ectp-ceu.eu\\\/\"},{\"@type\":\"ListItem\",\"position\":2,\"name\":\"Publications\",\"item\":\"https:\\\/\\\/ectp-ceu.eu\\\/category\\\/publication\\\/\"},{\"@type\":\"ListItem\",\"position\":3,\"name\":\"2017 &#8211; Guidelines on professional competences in Spatial Planning\"}]},{\"@type\":\"WebSite\",\"@id\":\"https:\\\/\\\/ectp-ceu.eu\\\/#website\",\"url\":\"https:\\\/\\\/ectp-ceu.eu\\\/\",\"name\":\"ECTP-CEU\",\"description\":\"European Council of Spatial Planners \u2013 Conseil Europ\u00e9en des Urbanistes\",\"publisher\":{\"@id\":\"https:\\\/\\\/ectp-ceu.eu\\\/#organization\"},\"potentialAction\":[{\"@type\":\"SearchAction\",\"target\":{\"@type\":\"EntryPoint\",\"urlTemplate\":\"https:\\\/\\\/ectp-ceu.eu\\\/?s={search_term_string}\"},\"query-input\":{\"@type\":\"PropertyValueSpecification\",\"valueRequired\":true,\"valueName\":\"search_term_string\"}}],\"inLanguage\":\"fr-FR\"},{\"@type\":\"Organization\",\"@id\":\"https:\\\/\\\/ectp-ceu.eu\\\/#organization\",\"name\":\"ECTP-CEU\",\"url\":\"https:\\\/\\\/ectp-ceu.eu\\\/\",\"logo\":{\"@type\":\"ImageObject\",\"inLanguage\":\"fr-FR\",\"@id\":\"https:\\\/\\\/ectp-ceu.eu\\\/#\\\/schema\\\/logo\\\/image\\\/\",\"url\":\"https:\\\/\\\/ectp-ceu.eu\\\/wp-content\\\/uploads\\\/2024\\\/07\\\/cropped-1392117979K7cUN6za2Hw29SX4.jpeg\",\"contentUrl\":\"https:\\\/\\\/ectp-ceu.eu\\\/wp-content\\\/uploads\\\/2024\\\/07\\\/cropped-1392117979K7cUN6za2Hw29SX4.jpeg\",\"width\":928,\"height\":328,\"caption\":\"ECTP-CEU\"},\"image\":{\"@id\":\"https:\\\/\\\/ectp-ceu.eu\\\/#\\\/schema\\\/logo\\\/image\\\/\"}},{\"@type\":\"Person\",\"@id\":\"https:\\\/\\\/ectp-ceu.eu\\\/#\\\/schema\\\/person\\\/8bf89ed875f5ab3f3b35e54d7c3f816f\",\"name\":\"dev\",\"image\":{\"@type\":\"ImageObject\",\"inLanguage\":\"fr-FR\",\"@id\":\"https:\\\/\\\/secure.gravatar.com\\\/avatar\\\/f1ffcac9ca2fa95ad3ec33e9be3ade82f752acb0cabe541e56c5889225afa88a?s=96&d=mm&r=g\",\"url\":\"https:\\\/\\\/secure.gravatar.com\\\/avatar\\\/f1ffcac9ca2fa95ad3ec33e9be3ade82f752acb0cabe541e56c5889225afa88a?s=96&d=mm&r=g\",\"contentUrl\":\"https:\\\/\\\/secure.gravatar.com\\\/avatar\\\/f1ffcac9ca2fa95ad3ec33e9be3ade82f752acb0cabe541e56c5889225afa88a?s=96&d=mm&r=g\",\"caption\":\"dev\"},\"sameAs\":[\"https:\\\/\\\/ectp-ceu.eu\"],\"url\":\"https:\\\/\\\/ectp-ceu.eu\\\/fr\\\/author\\\/dev\\\/\"}]}<\/script>\n<!-- \/ Yoast SEO plugin. -->","yoast_head_json":{"title":"2017 - Guidelines on professional competences in Spatial Planning - ECTP-CEU","robots":{"index":"index","follow":"follow","max-snippet":"max-snippet:-1","max-image-preview":"max-image-preview:large","max-video-preview":"max-video-preview:-1"},"canonical":"https:\/\/ectp-ceu.eu\/fr\/publication\/2017-guidelines-on-professional-competences-in-spatial-planning\/","og_locale":"fr_FR","og_type":"article","og_title":"2017 - Guidelines on professional competences in Spatial Planning - ECTP-CEU","og_description":"Guidelines on professional competences in Spatial Planningincludingthe Principles of Professional Conduct These Guidelines on Professional Competencies and the Code of Conduct were approved by the 2017 General Assembly of the ECTP-CEU at its Autumn meeting in Leuven. These Guidelines were prepared after research by the ECTP-CEU Working Group members Dominique Lancrenon, Philippe Doucet, Noel Riordan, [&hellip;]","og_url":"https:\/\/ectp-ceu.eu\/fr\/publication\/2017-guidelines-on-professional-competences-in-spatial-planning\/","og_site_name":"ECTP-CEU","article_published_time":"2017-04-05T10:02:00+00:00","og_image":[{"url":"https:\/\/ectp-ceu.eu\/images\/stories\/article-images\/ECTP-CEU-Guidelines-on-Professional-Competences-1.jpg","type":"","width":"","height":""}],"author":"dev","twitter_card":"summary_large_image","twitter_misc":{"\u00c9crit par":"dev"},"schema":{"@context":"https:\/\/schema.org","@graph":[{"@type":"Article","@id":"https:\/\/ectp-ceu.eu\/publication\/2017-guidelines-on-professional-competences-in-spatial-planning\/#article","isPartOf":{"@id":"https:\/\/ectp-ceu.eu\/publication\/2017-guidelines-on-professional-competences-in-spatial-planning\/"},"author":{"name":"dev","@id":"https:\/\/ectp-ceu.eu\/#\/schema\/person\/8bf89ed875f5ab3f3b35e54d7c3f816f"},"headline":"2017 &#8211; Guidelines on professional competences in Spatial Planning","datePublished":"2017-04-05T10:02:00+00:00","mainEntityOfPage":{"@id":"https:\/\/ectp-ceu.eu\/publication\/2017-guidelines-on-professional-competences-in-spatial-planning\/"},"wordCount":94,"publisher":{"@id":"https:\/\/ectp-ceu.eu\/#organization"},"image":{"@id":"https:\/\/ectp-ceu.eu\/publication\/2017-guidelines-on-professional-competences-in-spatial-planning\/#primaryimage"},"thumbnailUrl":"https:\/\/ectp-ceu.eu\/images\/stories\/article-images\/ECTP-CEU-Guidelines-on-Professional-Competences-1.jpg","articleSection":["Publications"],"inLanguage":"fr-FR"},{"@type":"WebPage","@id":"https:\/\/ectp-ceu.eu\/publication\/2017-guidelines-on-professional-competences-in-spatial-planning\/","url":"https:\/\/ectp-ceu.eu\/publication\/2017-guidelines-on-professional-competences-in-spatial-planning\/","name":"2017 - Guidelines on professional competences in Spatial Planning - ECTP-CEU","isPartOf":{"@id":"https:\/\/ectp-ceu.eu\/#website"},"primaryImageOfPage":{"@id":"https:\/\/ectp-ceu.eu\/publication\/2017-guidelines-on-professional-competences-in-spatial-planning\/#primaryimage"},"image":{"@id":"https:\/\/ectp-ceu.eu\/publication\/2017-guidelines-on-professional-competences-in-spatial-planning\/#primaryimage"},"thumbnailUrl":"https:\/\/ectp-ceu.eu\/images\/stories\/article-images\/ECTP-CEU-Guidelines-on-Professional-Competences-1.jpg","datePublished":"2017-04-05T10:02:00+00:00","breadcrumb":{"@id":"https:\/\/ectp-ceu.eu\/publication\/2017-guidelines-on-professional-competences-in-spatial-planning\/#breadcrumb"},"inLanguage":"fr-FR","potentialAction":[{"@type":"ReadAction","target":["https:\/\/ectp-ceu.eu\/publication\/2017-guidelines-on-professional-competences-in-spatial-planning\/"]}]},{"@type":"ImageObject","inLanguage":"fr-FR","@id":"https:\/\/ectp-ceu.eu\/publication\/2017-guidelines-on-professional-competences-in-spatial-planning\/#primaryimage","url":"https:\/\/ectp-ceu.eu\/images\/stories\/article-images\/ECTP-CEU-Guidelines-on-Professional-Competences-1.jpg","contentUrl":"https:\/\/ectp-ceu.eu\/images\/stories\/article-images\/ECTP-CEU-Guidelines-on-Professional-Competences-1.jpg"},{"@type":"BreadcrumbList","@id":"https:\/\/ectp-ceu.eu\/publication\/2017-guidelines-on-professional-competences-in-spatial-planning\/#breadcrumb","itemListElement":[{"@type":"ListItem","position":1,"name":"HOME","item":"https:\/\/ectp-ceu.eu\/"},{"@type":"ListItem","position":2,"name":"Publications","item":"https:\/\/ectp-ceu.eu\/category\/publication\/"},{"@type":"ListItem","position":3,"name":"2017 &#8211; Guidelines on professional competences in Spatial Planning"}]},{"@type":"WebSite","@id":"https:\/\/ectp-ceu.eu\/#website","url":"https:\/\/ectp-ceu.eu\/","name":"ECTP-CEU","description":"European Council of Spatial Planners \u2013 Conseil Europ\u00e9en des Urbanistes","publisher":{"@id":"https:\/\/ectp-ceu.eu\/#organization"},"potentialAction":[{"@type":"SearchAction","target":{"@type":"EntryPoint","urlTemplate":"https:\/\/ectp-ceu.eu\/?s={search_term_string}"},"query-input":{"@type":"PropertyValueSpecification","valueRequired":true,"valueName":"search_term_string"}}],"inLanguage":"fr-FR"},{"@type":"Organization","@id":"https:\/\/ectp-ceu.eu\/#organization","name":"ECTP-CEU","url":"https:\/\/ectp-ceu.eu\/","logo":{"@type":"ImageObject","inLanguage":"fr-FR","@id":"https:\/\/ectp-ceu.eu\/#\/schema\/logo\/image\/","url":"https:\/\/ectp-ceu.eu\/wp-content\/uploads\/2024\/07\/cropped-1392117979K7cUN6za2Hw29SX4.jpeg","contentUrl":"https:\/\/ectp-ceu.eu\/wp-content\/uploads\/2024\/07\/cropped-1392117979K7cUN6za2Hw29SX4.jpeg","width":928,"height":328,"caption":"ECTP-CEU"},"image":{"@id":"https:\/\/ectp-ceu.eu\/#\/schema\/logo\/image\/"}},{"@type":"Person","@id":"https:\/\/ectp-ceu.eu\/#\/schema\/person\/8bf89ed875f5ab3f3b35e54d7c3f816f","name":"dev","image":{"@type":"ImageObject","inLanguage":"fr-FR","@id":"https:\/\/secure.gravatar.com\/avatar\/f1ffcac9ca2fa95ad3ec33e9be3ade82f752acb0cabe541e56c5889225afa88a?s=96&d=mm&r=g","url":"https:\/\/secure.gravatar.com\/avatar\/f1ffcac9ca2fa95ad3ec33e9be3ade82f752acb0cabe541e56c5889225afa88a?s=96&d=mm&r=g","contentUrl":"https:\/\/secure.gravatar.com\/avatar\/f1ffcac9ca2fa95ad3ec33e9be3ade82f752acb0cabe541e56c5889225afa88a?s=96&d=mm&r=g","caption":"dev"},"sameAs":["https:\/\/ectp-ceu.eu"],"url":"https:\/\/ectp-ceu.eu\/fr\/author\/dev\/"}]}},"_links":{"self":[{"href":"https:\/\/ectp-ceu.eu\/fr\/wp-json\/wp\/v2\/posts\/2513","targetHints":{"allow":["GET"]}}],"collection":[{"href":"https:\/\/ectp-ceu.eu\/fr\/wp-json\/wp\/v2\/posts"}],"about":[{"href":"https:\/\/ectp-ceu.eu\/fr\/wp-json\/wp\/v2\/types\/post"}],"author":[{"embeddable":true,"href":"https:\/\/ectp-ceu.eu\/fr\/wp-json\/wp\/v2\/users\/1"}],"replies":[{"embeddable":true,"href":"https:\/\/ectp-ceu.eu\/fr\/wp-json\/wp\/v2\/comments?post=2513"}],"version-history":[{"count":0,"href":"https:\/\/ectp-ceu.eu\/fr\/wp-json\/wp\/v2\/posts\/2513\/revisions"}],"wp:attachment":[{"href":"https:\/\/ectp-ceu.eu\/fr\/wp-json\/wp\/v2\/media?parent=2513"}],"wp:term":[{"taxonomy":"category","embeddable":true,"href":"https:\/\/ectp-ceu.eu\/fr\/wp-json\/wp\/v2\/categories?post=2513"},{"taxonomy":"post_tag","embeddable":true,"href":"https:\/\/ectp-ceu.eu\/fr\/wp-json\/wp\/v2\/tags?post=2513"}],"curies":[{"name":"wp","href":"https:\/\/api.w.org\/{rel}","templated":true}]}}