{"id":2518,"date":"2015-04-05T10:12:00","date_gmt":"2015-04-05T10:12:00","guid":{"rendered":"https:\/\/ectp-ceu.eu\/?p=2518"},"modified":"2015-04-05T10:12:00","modified_gmt":"2015-04-05T10:12:00","slug":"2015-european-charter-on-participatory-democracy","status":"publish","type":"post","link":"https:\/\/ectp-ceu.eu\/fr\/publication\/2015-european-charter-on-participatory-democracy\/","title":{"rendered":"2015 - Charte europ\u00e9enne de la d\u00e9mocratie participative"},"content":{"rendered":"<p><strong>La Charte europ\u00e9enne de la d\u00e9mocratie participative dans les processus d'am\u00e9nagement du territoire<\/strong><\/p>\n\n\n\n<p>La Charte de la d\u00e9mocratie participative a \u00e9t\u00e9 approuv\u00e9e lors de l'Assembl\u00e9e g\u00e9n\u00e9rale de l'ECTP-CEU, \u00e0 Dublin, le 17 octobre 2015.<br>La vocation premi\u00e8re de ce texte est d'inviter tous les acteurs des processus de planification - y compris les responsables politiques et les citoyens - \u00e0 partager les valeurs \u00e9nonc\u00e9es dans cet appel \u00e0 l'action.<\/p>\n\n\n\n<p>En gardant \u00e0 l'esprit que :<\/p>\n\n\n\n<ul class=\"wp-block-list\"><li>Toutes les d\u00e9cisions politiques ont un impact direct ou indirect sur l'am\u00e9nagement du territoire.<\/li><li>Toute action de planification est fondamentalement une action culturelle.<\/li><li>Chaque action de planification a un impact sur la qualit\u00e9 de vie.<\/li><li>L'am\u00e9nagement du territoire est important pour garantir l'acc\u00e8s aux services essentiels et l'exercice des droits.<\/li><\/ul>\n\n\n\n<p>La d\u00e9mocratie participative doit \u00eatre utilis\u00e9e dans les processus d'am\u00e9nagement du territoire en tant que valeur fondamentale pour une d\u00e9mocratie avanc\u00e9e et saine. L'implication des individus et des communaut\u00e9s dans la d\u00e9finition de leurs espaces de vie est essentielle.<\/p>\n\n\n\n<p>La d\u00e9mocratie participative doit \u00eatre consid\u00e9r\u00e9e comme compl\u00e9mentaire de la d\u00e9mocratie repr\u00e9sentative et non comme oppos\u00e9e \u00e0 celle-ci afin de garantir que chaque individu est concern\u00e9, surtout s'il ne se sent pas repr\u00e9sent\u00e9.<\/p>\n\n\n\n<p>Thomas Jefferson, l'auteur de la Constitution am\u00e9ricaine, a d\u00e9clar\u00e9 que l'\u00e9cart entre une d\u00e9mocratie repr\u00e9sentative et la tyrannie est toujours infime : \"Une d\u00e9mocratie n'est rien d'autre que la loi du plus grand nombre, o\u00f9 cinquante et un pour cent du peuple peut supprimer les droits des quarante-neuf autres.<\/p>\n\n\n\n<p>Plus que jamais, dans un monde en mutation et m\u00eame au c\u0153ur de l'Europe, nous devons \u00eatre conscients du manque de d\u00e9mocratie locale qui peut cr\u00e9er de forts sentiments de frustration. Il est crucial pour l'avenir de nos soci\u00e9t\u00e9s europ\u00e9ennes fond\u00e9es sur la libert\u00e9, les droits de l'homme et le respect de la diversit\u00e9 culturelle, de veiller \u00e0 ce que les processus de planification soient \u00e9quitables et respectueux de la diversit\u00e9 des opinions et des besoins.<\/p>\n\n\n\n<p>Luc-Emile BOUCHE-FLORIN<br>Pr\u00e9sident d'honneur de l'ECTP-CEU<br>Pr\u00e9sident du groupe de travail sur la d\u00e9mocratie participative<\/p>\n\n\n\n<div class=\"wp-block-columns is-layout-flex wp-container-core-columns-is-layout-28f84493 wp-block-columns-is-layout-flex\">\n<div class=\"wp-block-column is-layout-flow wp-block-column-is-layout-flow\" style=\"flex-basis:100%\">\n<figure class=\"wp-block-image size-large\"><img decoding=\"async\" src=\"https:\/\/ectp-ceu.eu\/images\/stories\/article-images\/DemoCharter-EN-s.jpg\" alt=\"\"\/><figcaption><a href=\"https:\/\/ectp-ceu.eu\/fr\/images\/stories\/PDF-docs\/Final-English-CharterParticipatoryDemocracy-s.pdf\/\">T\u00e9l\u00e9charger la version anglaise<\/a><\/figcaption><\/figure>\n<\/div>\n<\/div>\n\n\n\n<figure class=\"wp-block-image size-large\"><img decoding=\"async\" src=\"https:\/\/ectp-ceu.eu\/images\/stories\/article-images\/Charte-Demo-Fr-s.jpg\" alt=\"\"\/><figcaption><a href=\"https:\/\/ectp-ceu.eu\/fr\/images\/stories\/PDF-docs\/Charte%20sur%20la%20Democratie%20Participative%20Francais.pdf\/\">T\u00e9l\u00e9charger la version fran\u00e7aise<\/a><\/figcaption><\/figure>\n\n\n\n<figure class=\"wp-block-image size-large is-resized\"><img fetchpriority=\"high\" decoding=\"async\" src=\"https:\/\/ectp-ceu.eu\/images\/stories\/article-images\/Romanian-CharterParticipatoryDemocracy-1.jpg\" alt=\"\" width=\"403\" height=\"403\"\/><figcaption><a rel=\"noreferrer noopener\" href=\"https:\/\/ectp-ceu.eu\/fr\/images\/stories\/PDF-docs\/Romanian-CharterParticipatoryDemocracy.pdf\/\" target=\"_blank\">Versions romaines de l'application<\/a><\/figcaption><\/figure>\n\n\n\n<figure class=\"wp-block-image size-large is-resized\"><img decoding=\"async\" src=\"https:\/\/ectp-ceu.eu\/images\/stories\/article-images\/Spanish-CharterParticipatoryDemocracy-1.jpg\" alt=\"\" width=\"404\" height=\"404\"\/><figcaption><a rel=\"noreferrer noopener\" href=\"https:\/\/ectp-ceu.eu\/fr\/images\/stories\/PDF-docs\/Spanish-CharterParticipatoryDemocracy.pdf\/\" target=\"_blank\">T\u00e9l\u00e9charger la version en espagnol<\/a><\/figcaption><\/figure>\n\n\n\n<figure class=\"wp-block-image size-large is-resized\"><img decoding=\"async\" src=\"https:\/\/ectp-ceu.eu\/images\/stories\/article-images\/Dutch-CharterParticipatoryDemocracy-1.jpg\" alt=\"\" width=\"403\" height=\"403\"\/><figcaption><a rel=\"noreferrer noopener\" href=\"https:\/\/ectp-ceu.eu\/fr\/images\/stories\/PDF-docs\/Dutch-CharterParticipatoryDemocracyV2.pdf\/\" target=\"_blank\">T\u00e9l\u00e9charger la version n\u00e9erlandaise\u00a0<\/a><\/figcaption><\/figure>\n\n\n\n<figure class=\"wp-block-image size-large is-resized\"><img loading=\"lazy\" decoding=\"async\" src=\"https:\/\/ectp-ceu.eu\/images\/stories\/article-images\/CharteParticipatoryDemocracy_Portuguese-1.jpg\" alt=\"\" width=\"409\" height=\"409\"\/><figcaption><a rel=\"noreferrer noopener\" href=\"https:\/\/ectp-ceu.eu\/fr\/images\/stories\/PDF-docs\/CharteParticipatoryDemocracy_Portuguese.pdf\/\" target=\"_blank\">T\u00e9l\u00e9charger la version portugaise<\/a><\/figcaption><\/figure>","protected":false},"excerpt":{"rendered":"<p>The European Charter on Participatory Democracy in Spatial Planning Processes The Charter of participatory Democracy was approved at the ECTP-CEU General Assembly, Dublin, October 17th 2015.This primary vocation of this text is to invite all the actors of the planning processes &#8211; including politicians and citizens &#8211; to share the values stated in this call [&hellip;]<\/p>\n","protected":false},"author":1,"featured_media":0,"comment_status":"closed","ping_status":"open","sticky":false,"template":"","format":"standard","meta":{"_acf_changed":false,"inline_featured_image":false,"footnotes":""},"categories":[69],"tags":[],"class_list":["post-2518","post","type-post","status-publish","format-standard","hentry","category-publication"],"acf":[],"yoast_head":"<!-- This site is optimized with the Yoast SEO plugin v27.5 - https:\/\/yoast.com\/product\/yoast-seo-wordpress\/ -->\n<title>2015 - European Charter on Participatory Democracy - ECTP-CEU<\/title>\n<meta name=\"robots\" content=\"index, follow, max-snippet:-1, max-image-preview:large, max-video-preview:-1\" \/>\n<link rel=\"canonical\" href=\"https:\/\/ectp-ceu.eu\/fr\/publication\/2015-european-charter-on-participatory-democracy\/\" \/>\n<meta property=\"og:locale\" content=\"fr_FR\" \/>\n<meta property=\"og:type\" content=\"article\" \/>\n<meta property=\"og:title\" content=\"2015 - European Charter on Participatory Democracy - ECTP-CEU\" \/>\n<meta property=\"og:description\" content=\"The European Charter on Participatory Democracy in Spatial Planning Processes The Charter of participatory Democracy was approved at the ECTP-CEU General Assembly, Dublin, October 17th 2015.This primary vocation of this text is to invite all the actors of the planning processes &#8211; including politicians and citizens &#8211; to share the values stated in this call [&hellip;]\" \/>\n<meta property=\"og:url\" content=\"https:\/\/ectp-ceu.eu\/fr\/publication\/2015-european-charter-on-participatory-democracy\/\" \/>\n<meta property=\"og:site_name\" content=\"ECTP-CEU\" \/>\n<meta property=\"article:published_time\" content=\"2015-04-05T10:12:00+00:00\" \/>\n<meta property=\"og:image\" content=\"https:\/\/ectp-ceu.eu\/images\/stories\/article-images\/DemoCharter-EN-s.jpg\" \/>\n<meta name=\"author\" content=\"dev\" \/>\n<meta name=\"twitter:card\" content=\"summary_large_image\" \/>\n<meta name=\"twitter:label1\" content=\"\u00c9crit par\" \/>\n\t<meta name=\"twitter:data1\" content=\"dev\" \/>\n\t<meta name=\"twitter:label2\" content=\"Dur\u00e9e de lecture estim\u00e9e\" \/>\n\t<meta name=\"twitter:data2\" content=\"2 minutes\" \/>\n<script type=\"application\/ld+json\" class=\"yoast-schema-graph\">{\"@context\":\"https:\\\/\\\/schema.org\",\"@graph\":[{\"@type\":\"Article\",\"@id\":\"https:\\\/\\\/ectp-ceu.eu\\\/publication\\\/2015-european-charter-on-participatory-democracy\\\/#article\",\"isPartOf\":{\"@id\":\"https:\\\/\\\/ectp-ceu.eu\\\/publication\\\/2015-european-charter-on-participatory-democracy\\\/\"},\"author\":{\"name\":\"dev\",\"@id\":\"https:\\\/\\\/ectp-ceu.eu\\\/#\\\/schema\\\/person\\\/8bf89ed875f5ab3f3b35e54d7c3f816f\"},\"headline\":\"2015 &#8211; European Charter on Participatory Democracy\",\"datePublished\":\"2015-04-05T10:12:00+00:00\",\"mainEntityOfPage\":{\"@id\":\"https:\\\/\\\/ectp-ceu.eu\\\/publication\\\/2015-european-charter-on-participatory-democracy\\\/\"},\"wordCount\":334,\"publisher\":{\"@id\":\"https:\\\/\\\/ectp-ceu.eu\\\/#organization\"},\"image\":{\"@id\":\"https:\\\/\\\/ectp-ceu.eu\\\/publication\\\/2015-european-charter-on-participatory-democracy\\\/#primaryimage\"},\"thumbnailUrl\":\"https:\\\/\\\/ectp-ceu.eu\\\/images\\\/stories\\\/article-images\\\/DemoCharter-EN-s.jpg\",\"articleSection\":[\"Publications\"],\"inLanguage\":\"fr-FR\"},{\"@type\":\"WebPage\",\"@id\":\"https:\\\/\\\/ectp-ceu.eu\\\/publication\\\/2015-european-charter-on-participatory-democracy\\\/\",\"url\":\"https:\\\/\\\/ectp-ceu.eu\\\/publication\\\/2015-european-charter-on-participatory-democracy\\\/\",\"name\":\"2015 - European Charter on Participatory Democracy - ECTP-CEU\",\"isPartOf\":{\"@id\":\"https:\\\/\\\/ectp-ceu.eu\\\/#website\"},\"primaryImageOfPage\":{\"@id\":\"https:\\\/\\\/ectp-ceu.eu\\\/publication\\\/2015-european-charter-on-participatory-democracy\\\/#primaryimage\"},\"image\":{\"@id\":\"https:\\\/\\\/ectp-ceu.eu\\\/publication\\\/2015-european-charter-on-participatory-democracy\\\/#primaryimage\"},\"thumbnailUrl\":\"https:\\\/\\\/ectp-ceu.eu\\\/images\\\/stories\\\/article-images\\\/DemoCharter-EN-s.jpg\",\"datePublished\":\"2015-04-05T10:12:00+00:00\",\"breadcrumb\":{\"@id\":\"https:\\\/\\\/ectp-ceu.eu\\\/publication\\\/2015-european-charter-on-participatory-democracy\\\/#breadcrumb\"},\"inLanguage\":\"fr-FR\",\"potentialAction\":[{\"@type\":\"ReadAction\",\"target\":[\"https:\\\/\\\/ectp-ceu.eu\\\/publication\\\/2015-european-charter-on-participatory-democracy\\\/\"]}]},{\"@type\":\"ImageObject\",\"inLanguage\":\"fr-FR\",\"@id\":\"https:\\\/\\\/ectp-ceu.eu\\\/publication\\\/2015-european-charter-on-participatory-democracy\\\/#primaryimage\",\"url\":\"https:\\\/\\\/ectp-ceu.eu\\\/images\\\/stories\\\/article-images\\\/DemoCharter-EN-s.jpg\",\"contentUrl\":\"https:\\\/\\\/ectp-ceu.eu\\\/images\\\/stories\\\/article-images\\\/DemoCharter-EN-s.jpg\"},{\"@type\":\"BreadcrumbList\",\"@id\":\"https:\\\/\\\/ectp-ceu.eu\\\/publication\\\/2015-european-charter-on-participatory-democracy\\\/#breadcrumb\",\"itemListElement\":[{\"@type\":\"ListItem\",\"position\":1,\"name\":\"HOME\",\"item\":\"https:\\\/\\\/ectp-ceu.eu\\\/\"},{\"@type\":\"ListItem\",\"position\":2,\"name\":\"Publications\",\"item\":\"https:\\\/\\\/ectp-ceu.eu\\\/category\\\/publication\\\/\"},{\"@type\":\"ListItem\",\"position\":3,\"name\":\"2015 &#8211; European Charter on Participatory Democracy\"}]},{\"@type\":\"WebSite\",\"@id\":\"https:\\\/\\\/ectp-ceu.eu\\\/#website\",\"url\":\"https:\\\/\\\/ectp-ceu.eu\\\/\",\"name\":\"ECTP-CEU\",\"description\":\"European Council of Spatial Planners \u2013 Conseil Europ\u00e9en des Urbanistes\",\"publisher\":{\"@id\":\"https:\\\/\\\/ectp-ceu.eu\\\/#organization\"},\"potentialAction\":[{\"@type\":\"SearchAction\",\"target\":{\"@type\":\"EntryPoint\",\"urlTemplate\":\"https:\\\/\\\/ectp-ceu.eu\\\/?s={search_term_string}\"},\"query-input\":{\"@type\":\"PropertyValueSpecification\",\"valueRequired\":true,\"valueName\":\"search_term_string\"}}],\"inLanguage\":\"fr-FR\"},{\"@type\":\"Organization\",\"@id\":\"https:\\\/\\\/ectp-ceu.eu\\\/#organization\",\"name\":\"ECTP-CEU\",\"url\":\"https:\\\/\\\/ectp-ceu.eu\\\/\",\"logo\":{\"@type\":\"ImageObject\",\"inLanguage\":\"fr-FR\",\"@id\":\"https:\\\/\\\/ectp-ceu.eu\\\/#\\\/schema\\\/logo\\\/image\\\/\",\"url\":\"https:\\\/\\\/ectp-ceu.eu\\\/wp-content\\\/uploads\\\/2024\\\/07\\\/cropped-1392117979K7cUN6za2Hw29SX4.jpeg\",\"contentUrl\":\"https:\\\/\\\/ectp-ceu.eu\\\/wp-content\\\/uploads\\\/2024\\\/07\\\/cropped-1392117979K7cUN6za2Hw29SX4.jpeg\",\"width\":928,\"height\":328,\"caption\":\"ECTP-CEU\"},\"image\":{\"@id\":\"https:\\\/\\\/ectp-ceu.eu\\\/#\\\/schema\\\/logo\\\/image\\\/\"}},{\"@type\":\"Person\",\"@id\":\"https:\\\/\\\/ectp-ceu.eu\\\/#\\\/schema\\\/person\\\/8bf89ed875f5ab3f3b35e54d7c3f816f\",\"name\":\"dev\",\"image\":{\"@type\":\"ImageObject\",\"inLanguage\":\"fr-FR\",\"@id\":\"https:\\\/\\\/secure.gravatar.com\\\/avatar\\\/f1ffcac9ca2fa95ad3ec33e9be3ade82f752acb0cabe541e56c5889225afa88a?s=96&d=mm&r=g\",\"url\":\"https:\\\/\\\/secure.gravatar.com\\\/avatar\\\/f1ffcac9ca2fa95ad3ec33e9be3ade82f752acb0cabe541e56c5889225afa88a?s=96&d=mm&r=g\",\"contentUrl\":\"https:\\\/\\\/secure.gravatar.com\\\/avatar\\\/f1ffcac9ca2fa95ad3ec33e9be3ade82f752acb0cabe541e56c5889225afa88a?s=96&d=mm&r=g\",\"caption\":\"dev\"},\"sameAs\":[\"https:\\\/\\\/ectp-ceu.eu\"],\"url\":\"https:\\\/\\\/ectp-ceu.eu\\\/fr\\\/author\\\/dev\\\/\"}]}<\/script>\n<!-- \/ Yoast SEO plugin. -->","yoast_head_json":{"title":"2015 - European Charter on Participatory Democracy - ECTP-CEU","robots":{"index":"index","follow":"follow","max-snippet":"max-snippet:-1","max-image-preview":"max-image-preview:large","max-video-preview":"max-video-preview:-1"},"canonical":"https:\/\/ectp-ceu.eu\/fr\/publication\/2015-european-charter-on-participatory-democracy\/","og_locale":"fr_FR","og_type":"article","og_title":"2015 - European Charter on Participatory Democracy - ECTP-CEU","og_description":"The European Charter on Participatory Democracy in Spatial Planning Processes The Charter of participatory Democracy was approved at the ECTP-CEU General Assembly, Dublin, October 17th 2015.This primary vocation of this text is to invite all the actors of the planning processes &#8211; including politicians and citizens &#8211; to share the values stated in this call [&hellip;]","og_url":"https:\/\/ectp-ceu.eu\/fr\/publication\/2015-european-charter-on-participatory-democracy\/","og_site_name":"ECTP-CEU","article_published_time":"2015-04-05T10:12:00+00:00","og_image":[{"url":"https:\/\/ectp-ceu.eu\/images\/stories\/article-images\/DemoCharter-EN-s.jpg","type":"","width":"","height":""}],"author":"dev","twitter_card":"summary_large_image","twitter_misc":{"\u00c9crit par":"dev","Dur\u00e9e de lecture estim\u00e9e":"2 minutes"},"schema":{"@context":"https:\/\/schema.org","@graph":[{"@type":"Article","@id":"https:\/\/ectp-ceu.eu\/publication\/2015-european-charter-on-participatory-democracy\/#article","isPartOf":{"@id":"https:\/\/ectp-ceu.eu\/publication\/2015-european-charter-on-participatory-democracy\/"},"author":{"name":"dev","@id":"https:\/\/ectp-ceu.eu\/#\/schema\/person\/8bf89ed875f5ab3f3b35e54d7c3f816f"},"headline":"2015 &#8211; European Charter on Participatory Democracy","datePublished":"2015-04-05T10:12:00+00:00","mainEntityOfPage":{"@id":"https:\/\/ectp-ceu.eu\/publication\/2015-european-charter-on-participatory-democracy\/"},"wordCount":334,"publisher":{"@id":"https:\/\/ectp-ceu.eu\/#organization"},"image":{"@id":"https:\/\/ectp-ceu.eu\/publication\/2015-european-charter-on-participatory-democracy\/#primaryimage"},"thumbnailUrl":"https:\/\/ectp-ceu.eu\/images\/stories\/article-images\/DemoCharter-EN-s.jpg","articleSection":["Publications"],"inLanguage":"fr-FR"},{"@type":"WebPage","@id":"https:\/\/ectp-ceu.eu\/publication\/2015-european-charter-on-participatory-democracy\/","url":"https:\/\/ectp-ceu.eu\/publication\/2015-european-charter-on-participatory-democracy\/","name":"2015 - European Charter on Participatory Democracy - ECTP-CEU","isPartOf":{"@id":"https:\/\/ectp-ceu.eu\/#website"},"primaryImageOfPage":{"@id":"https:\/\/ectp-ceu.eu\/publication\/2015-european-charter-on-participatory-democracy\/#primaryimage"},"image":{"@id":"https:\/\/ectp-ceu.eu\/publication\/2015-european-charter-on-participatory-democracy\/#primaryimage"},"thumbnailUrl":"https:\/\/ectp-ceu.eu\/images\/stories\/article-images\/DemoCharter-EN-s.jpg","datePublished":"2015-04-05T10:12:00+00:00","breadcrumb":{"@id":"https:\/\/ectp-ceu.eu\/publication\/2015-european-charter-on-participatory-democracy\/#breadcrumb"},"inLanguage":"fr-FR","potentialAction":[{"@type":"ReadAction","target":["https:\/\/ectp-ceu.eu\/publication\/2015-european-charter-on-participatory-democracy\/"]}]},{"@type":"ImageObject","inLanguage":"fr-FR","@id":"https:\/\/ectp-ceu.eu\/publication\/2015-european-charter-on-participatory-democracy\/#primaryimage","url":"https:\/\/ectp-ceu.eu\/images\/stories\/article-images\/DemoCharter-EN-s.jpg","contentUrl":"https:\/\/ectp-ceu.eu\/images\/stories\/article-images\/DemoCharter-EN-s.jpg"},{"@type":"BreadcrumbList","@id":"https:\/\/ectp-ceu.eu\/publication\/2015-european-charter-on-participatory-democracy\/#breadcrumb","itemListElement":[{"@type":"ListItem","position":1,"name":"HOME","item":"https:\/\/ectp-ceu.eu\/"},{"@type":"ListItem","position":2,"name":"Publications","item":"https:\/\/ectp-ceu.eu\/category\/publication\/"},{"@type":"ListItem","position":3,"name":"2015 &#8211; European Charter on Participatory Democracy"}]},{"@type":"WebSite","@id":"https:\/\/ectp-ceu.eu\/#website","url":"https:\/\/ectp-ceu.eu\/","name":"ECTP-CEU","description":"European Council of Spatial Planners \u2013 Conseil Europ\u00e9en des Urbanistes","publisher":{"@id":"https:\/\/ectp-ceu.eu\/#organization"},"potentialAction":[{"@type":"SearchAction","target":{"@type":"EntryPoint","urlTemplate":"https:\/\/ectp-ceu.eu\/?s={search_term_string}"},"query-input":{"@type":"PropertyValueSpecification","valueRequired":true,"valueName":"search_term_string"}}],"inLanguage":"fr-FR"},{"@type":"Organization","@id":"https:\/\/ectp-ceu.eu\/#organization","name":"ECTP-CEU","url":"https:\/\/ectp-ceu.eu\/","logo":{"@type":"ImageObject","inLanguage":"fr-FR","@id":"https:\/\/ectp-ceu.eu\/#\/schema\/logo\/image\/","url":"https:\/\/ectp-ceu.eu\/wp-content\/uploads\/2024\/07\/cropped-1392117979K7cUN6za2Hw29SX4.jpeg","contentUrl":"https:\/\/ectp-ceu.eu\/wp-content\/uploads\/2024\/07\/cropped-1392117979K7cUN6za2Hw29SX4.jpeg","width":928,"height":328,"caption":"ECTP-CEU"},"image":{"@id":"https:\/\/ectp-ceu.eu\/#\/schema\/logo\/image\/"}},{"@type":"Person","@id":"https:\/\/ectp-ceu.eu\/#\/schema\/person\/8bf89ed875f5ab3f3b35e54d7c3f816f","name":"dev","image":{"@type":"ImageObject","inLanguage":"fr-FR","@id":"https:\/\/secure.gravatar.com\/avatar\/f1ffcac9ca2fa95ad3ec33e9be3ade82f752acb0cabe541e56c5889225afa88a?s=96&d=mm&r=g","url":"https:\/\/secure.gravatar.com\/avatar\/f1ffcac9ca2fa95ad3ec33e9be3ade82f752acb0cabe541e56c5889225afa88a?s=96&d=mm&r=g","contentUrl":"https:\/\/secure.gravatar.com\/avatar\/f1ffcac9ca2fa95ad3ec33e9be3ade82f752acb0cabe541e56c5889225afa88a?s=96&d=mm&r=g","caption":"dev"},"sameAs":["https:\/\/ectp-ceu.eu"],"url":"https:\/\/ectp-ceu.eu\/fr\/author\/dev\/"}]}},"_links":{"self":[{"href":"https:\/\/ectp-ceu.eu\/fr\/wp-json\/wp\/v2\/posts\/2518","targetHints":{"allow":["GET"]}}],"collection":[{"href":"https:\/\/ectp-ceu.eu\/fr\/wp-json\/wp\/v2\/posts"}],"about":[{"href":"https:\/\/ectp-ceu.eu\/fr\/wp-json\/wp\/v2\/types\/post"}],"author":[{"embeddable":true,"href":"https:\/\/ectp-ceu.eu\/fr\/wp-json\/wp\/v2\/users\/1"}],"replies":[{"embeddable":true,"href":"https:\/\/ectp-ceu.eu\/fr\/wp-json\/wp\/v2\/comments?post=2518"}],"version-history":[{"count":0,"href":"https:\/\/ectp-ceu.eu\/fr\/wp-json\/wp\/v2\/posts\/2518\/revisions"}],"wp:attachment":[{"href":"https:\/\/ectp-ceu.eu\/fr\/wp-json\/wp\/v2\/media?parent=2518"}],"wp:term":[{"taxonomy":"category","embeddable":true,"href":"https:\/\/ectp-ceu.eu\/fr\/wp-json\/wp\/v2\/categories?post=2518"},{"taxonomy":"post_tag","embeddable":true,"href":"https:\/\/ectp-ceu.eu\/fr\/wp-json\/wp\/v2\/tags?post=2518"}],"curies":[{"name":"wp","href":"https:\/\/api.w.org\/{rel}","templated":true}]}}