{"id":2530,"date":"2010-04-05T10:25:00","date_gmt":"2010-04-05T10:25:00","guid":{"rendered":"https:\/\/ectp-ceu.eu\/?p=2530"},"modified":"2024-08-02T11:49:14","modified_gmt":"2024-08-02T09:49:14","slug":"2010-15-steps-towards-territorial-cohesion","status":"publish","type":"post","link":"https:\/\/ectp-ceu.eu\/fr\/publication\/2010-15-steps-towards-territorial-cohesion\/","title":{"rendered":"2010 - 15 \u00c9tapes vers la coh\u00e9sion territoriale"},"content":{"rendered":"<p><strong>Orientations en mati\u00e8re d'am\u00e9nagement du territoire<\/strong><\/p>\n\n\n\n<p><strong>Ce livre fournit des informations, des messages principaux et des recommandations qui aident les responsables de l'am\u00e9nagement du territoire dans leurs activit\u00e9s strat\u00e9giques r\u00e9gionales.<\/strong><\/p>\n\n\n\n<p><strong>Elle fait suite aux publications ECTP-CEU Try it this Way, sur la planification du d\u00e9veloppement urbain durable, et \u00e0 la Nouvelle Charte d'Ath\u00e8nes 2003, qui mettait l'accent sur le niveau local.<\/strong><\/p>\n\n\n\n<figure class=\"wp-block-table\"><table><tbody><tr><td><img fetchpriority=\"high\" decoding=\"async\" src=\"https:\/\/ectp-ceu.eu\/images\/stories\/15steps.jpg\" alt=\"15steps\" width=\"300\" height=\"300\"><\/td><td><strong>Quinze \u00e9tapes vers la coh\u00e9sion territoriale<\/strong>Par Jan VogelijA propos de l'auteur :<br>Jan Vogelij is educated as a town planner at Delft University of Technology.&nbsp;Since 1971 he worked as a consultant on spatial planning on local, regional, European level and abroad, outside Europe.<br>Il a \u00e9t\u00e9 pr\u00e9sident de l'association n\u00e9erlandaise des planificateurs BNS(P) et pr\u00e9sident de l'ECTP-CEU.<br>Jan a \u00e9t\u00e9 co-auteur des publications ECTP-CEU&nbsp;<em>Essayez-le de cette fa\u00e7on<\/em>&nbsp;et&nbsp;<em>la nouvelle charte d'Ath\u00e8nes 2003<\/em>.&nbsp;<img decoding=\"async\" src=\"https:\/\/ectp-ceu.eu\/images\/stories\/experts\/3131_Vogelij.jpg\" alt=\"3131_Vogelij\" width=\"60\" height=\"65\">&nbsp;<\/td><\/tr><\/tbody><\/table><\/figure>\n\n\n\n<p>Commandez votre exemplaire chez Unibook.com pour \u20ac 23,60<\/p>\n\n\n\n<p>Pour commander un exemplaire, cliquez&nbsp;<a href=\"http:\/\/www.unibook.com\/en\/Jan-Vogelij\/Fifteen-steps-towards-territorial-cohesion\" target=\"_blank\" rel=\"noreferrer noopener\">ici<\/a>.<\/p>","protected":false},"excerpt":{"rendered":"<p>Spatial Planning Guidance This book conveys information, main messages and recommendations which support spatial planners in their regional strategic activities. It follows respectively the ECTP-CEU publications Try it this Way, on planning for sustainable urban development, and the New Charter of Athens 2003, which focused both on the local level. Fifteen Steps towards Territorial CohesionBy [&hellip;]<\/p>\n","protected":false},"author":1,"featured_media":0,"comment_status":"closed","ping_status":"open","sticky":false,"template":"","format":"standard","meta":{"_acf_changed":false,"inline_featured_image":false,"footnotes":""},"categories":[69],"tags":[],"class_list":["post-2530","post","type-post","status-publish","format-standard","hentry","category-publication"],"acf":[],"yoast_head":"<!-- This site is optimized with the Yoast SEO plugin v27.5 - https:\/\/yoast.com\/product\/yoast-seo-wordpress\/ -->\n<title>2010 - 15 Steps towards territorial cohesion - ECTP-CEU<\/title>\n<meta name=\"robots\" content=\"index, follow, max-snippet:-1, max-image-preview:large, max-video-preview:-1\" \/>\n<link rel=\"canonical\" href=\"https:\/\/ectp-ceu.eu\/fr\/publication\/2010-15-steps-towards-territorial-cohesion\/\" \/>\n<meta property=\"og:locale\" content=\"fr_FR\" \/>\n<meta property=\"og:type\" content=\"article\" \/>\n<meta property=\"og:title\" content=\"2010 - 15 Steps towards territorial cohesion - ECTP-CEU\" \/>\n<meta property=\"og:description\" content=\"Spatial Planning Guidance This book conveys information, main messages and recommendations which support spatial planners in their regional strategic activities. It follows respectively the ECTP-CEU publications Try it this Way, on planning for sustainable urban development, and the New Charter of Athens 2003, which focused both on the local level. Fifteen Steps towards Territorial CohesionBy [&hellip;]\" \/>\n<meta property=\"og:url\" content=\"https:\/\/ectp-ceu.eu\/fr\/publication\/2010-15-steps-towards-territorial-cohesion\/\" \/>\n<meta property=\"og:site_name\" content=\"ECTP-CEU\" \/>\n<meta property=\"article:published_time\" content=\"2010-04-05T10:25:00+00:00\" \/>\n<meta property=\"article:modified_time\" content=\"2024-08-02T09:49:14+00:00\" \/>\n<meta property=\"og:image\" content=\"https:\/\/ectp-ceu.eu\/images\/stories\/15steps.jpg\" \/>\n<meta name=\"author\" content=\"dev\" \/>\n<meta name=\"twitter:card\" content=\"summary_large_image\" \/>\n<meta name=\"twitter:label1\" content=\"\u00c9crit par\" \/>\n\t<meta name=\"twitter:data1\" content=\"dev\" \/>\n\t<meta name=\"twitter:label2\" content=\"Dur\u00e9e de lecture estim\u00e9e\" \/>\n\t<meta name=\"twitter:data2\" content=\"1 minute\" \/>\n<script type=\"application\/ld+json\" class=\"yoast-schema-graph\">{\"@context\":\"https:\\\/\\\/schema.org\",\"@graph\":[{\"@type\":\"Article\",\"@id\":\"https:\\\/\\\/ectp-ceu.eu\\\/publication\\\/2010-15-steps-towards-territorial-cohesion\\\/#article\",\"isPartOf\":{\"@id\":\"https:\\\/\\\/ectp-ceu.eu\\\/publication\\\/2010-15-steps-towards-territorial-cohesion\\\/\"},\"author\":{\"name\":\"dev\",\"@id\":\"https:\\\/\\\/ectp-ceu.eu\\\/#\\\/schema\\\/person\\\/8bf89ed875f5ab3f3b35e54d7c3f816f\"},\"headline\":\"2010 &#8211; 15 Steps towards territorial cohesion\",\"datePublished\":\"2010-04-05T10:25:00+00:00\",\"dateModified\":\"2024-08-02T09:49:14+00:00\",\"mainEntityOfPage\":{\"@id\":\"https:\\\/\\\/ectp-ceu.eu\\\/publication\\\/2010-15-steps-towards-territorial-cohesion\\\/\"},\"wordCount\":146,\"publisher\":{\"@id\":\"https:\\\/\\\/ectp-ceu.eu\\\/#organization\"},\"image\":{\"@id\":\"https:\\\/\\\/ectp-ceu.eu\\\/publication\\\/2010-15-steps-towards-territorial-cohesion\\\/#primaryimage\"},\"thumbnailUrl\":\"https:\\\/\\\/ectp-ceu.eu\\\/images\\\/stories\\\/15steps.jpg\",\"articleSection\":[\"Publications\"],\"inLanguage\":\"fr-FR\"},{\"@type\":\"WebPage\",\"@id\":\"https:\\\/\\\/ectp-ceu.eu\\\/publication\\\/2010-15-steps-towards-territorial-cohesion\\\/\",\"url\":\"https:\\\/\\\/ectp-ceu.eu\\\/publication\\\/2010-15-steps-towards-territorial-cohesion\\\/\",\"name\":\"2010 - 15 Steps towards territorial cohesion - ECTP-CEU\",\"isPartOf\":{\"@id\":\"https:\\\/\\\/ectp-ceu.eu\\\/#website\"},\"primaryImageOfPage\":{\"@id\":\"https:\\\/\\\/ectp-ceu.eu\\\/publication\\\/2010-15-steps-towards-territorial-cohesion\\\/#primaryimage\"},\"image\":{\"@id\":\"https:\\\/\\\/ectp-ceu.eu\\\/publication\\\/2010-15-steps-towards-territorial-cohesion\\\/#primaryimage\"},\"thumbnailUrl\":\"https:\\\/\\\/ectp-ceu.eu\\\/images\\\/stories\\\/15steps.jpg\",\"datePublished\":\"2010-04-05T10:25:00+00:00\",\"dateModified\":\"2024-08-02T09:49:14+00:00\",\"breadcrumb\":{\"@id\":\"https:\\\/\\\/ectp-ceu.eu\\\/publication\\\/2010-15-steps-towards-territorial-cohesion\\\/#breadcrumb\"},\"inLanguage\":\"fr-FR\",\"potentialAction\":[{\"@type\":\"ReadAction\",\"target\":[\"https:\\\/\\\/ectp-ceu.eu\\\/publication\\\/2010-15-steps-towards-territorial-cohesion\\\/\"]}]},{\"@type\":\"ImageObject\",\"inLanguage\":\"fr-FR\",\"@id\":\"https:\\\/\\\/ectp-ceu.eu\\\/publication\\\/2010-15-steps-towards-territorial-cohesion\\\/#primaryimage\",\"url\":\"https:\\\/\\\/ectp-ceu.eu\\\/images\\\/stories\\\/15steps.jpg\",\"contentUrl\":\"https:\\\/\\\/ectp-ceu.eu\\\/images\\\/stories\\\/15steps.jpg\"},{\"@type\":\"BreadcrumbList\",\"@id\":\"https:\\\/\\\/ectp-ceu.eu\\\/publication\\\/2010-15-steps-towards-territorial-cohesion\\\/#breadcrumb\",\"itemListElement\":[{\"@type\":\"ListItem\",\"position\":1,\"name\":\"HOME\",\"item\":\"https:\\\/\\\/ectp-ceu.eu\\\/\"},{\"@type\":\"ListItem\",\"position\":2,\"name\":\"Publications\",\"item\":\"https:\\\/\\\/ectp-ceu.eu\\\/category\\\/publication\\\/\"},{\"@type\":\"ListItem\",\"position\":3,\"name\":\"2010 &#8211; 15 Steps towards territorial cohesion\"}]},{\"@type\":\"WebSite\",\"@id\":\"https:\\\/\\\/ectp-ceu.eu\\\/#website\",\"url\":\"https:\\\/\\\/ectp-ceu.eu\\\/\",\"name\":\"ECTP-CEU\",\"description\":\"European Council of Spatial Planners \u2013 Conseil Europ\u00e9en des Urbanistes\",\"publisher\":{\"@id\":\"https:\\\/\\\/ectp-ceu.eu\\\/#organization\"},\"potentialAction\":[{\"@type\":\"SearchAction\",\"target\":{\"@type\":\"EntryPoint\",\"urlTemplate\":\"https:\\\/\\\/ectp-ceu.eu\\\/?s={search_term_string}\"},\"query-input\":{\"@type\":\"PropertyValueSpecification\",\"valueRequired\":true,\"valueName\":\"search_term_string\"}}],\"inLanguage\":\"fr-FR\"},{\"@type\":\"Organization\",\"@id\":\"https:\\\/\\\/ectp-ceu.eu\\\/#organization\",\"name\":\"ECTP-CEU\",\"url\":\"https:\\\/\\\/ectp-ceu.eu\\\/\",\"logo\":{\"@type\":\"ImageObject\",\"inLanguage\":\"fr-FR\",\"@id\":\"https:\\\/\\\/ectp-ceu.eu\\\/#\\\/schema\\\/logo\\\/image\\\/\",\"url\":\"https:\\\/\\\/ectp-ceu.eu\\\/wp-content\\\/uploads\\\/2024\\\/07\\\/cropped-1392117979K7cUN6za2Hw29SX4.jpeg\",\"contentUrl\":\"https:\\\/\\\/ectp-ceu.eu\\\/wp-content\\\/uploads\\\/2024\\\/07\\\/cropped-1392117979K7cUN6za2Hw29SX4.jpeg\",\"width\":928,\"height\":328,\"caption\":\"ECTP-CEU\"},\"image\":{\"@id\":\"https:\\\/\\\/ectp-ceu.eu\\\/#\\\/schema\\\/logo\\\/image\\\/\"}},{\"@type\":\"Person\",\"@id\":\"https:\\\/\\\/ectp-ceu.eu\\\/#\\\/schema\\\/person\\\/8bf89ed875f5ab3f3b35e54d7c3f816f\",\"name\":\"dev\",\"image\":{\"@type\":\"ImageObject\",\"inLanguage\":\"fr-FR\",\"@id\":\"https:\\\/\\\/secure.gravatar.com\\\/avatar\\\/f1ffcac9ca2fa95ad3ec33e9be3ade82f752acb0cabe541e56c5889225afa88a?s=96&d=mm&r=g\",\"url\":\"https:\\\/\\\/secure.gravatar.com\\\/avatar\\\/f1ffcac9ca2fa95ad3ec33e9be3ade82f752acb0cabe541e56c5889225afa88a?s=96&d=mm&r=g\",\"contentUrl\":\"https:\\\/\\\/secure.gravatar.com\\\/avatar\\\/f1ffcac9ca2fa95ad3ec33e9be3ade82f752acb0cabe541e56c5889225afa88a?s=96&d=mm&r=g\",\"caption\":\"dev\"},\"sameAs\":[\"https:\\\/\\\/ectp-ceu.eu\"],\"url\":\"https:\\\/\\\/ectp-ceu.eu\\\/fr\\\/author\\\/dev\\\/\"}]}<\/script>\n<!-- \/ Yoast SEO plugin. -->","yoast_head_json":{"title":"2010 - 15 Steps towards territorial cohesion - ECTP-CEU","robots":{"index":"index","follow":"follow","max-snippet":"max-snippet:-1","max-image-preview":"max-image-preview:large","max-video-preview":"max-video-preview:-1"},"canonical":"https:\/\/ectp-ceu.eu\/fr\/publication\/2010-15-steps-towards-territorial-cohesion\/","og_locale":"fr_FR","og_type":"article","og_title":"2010 - 15 Steps towards territorial cohesion - ECTP-CEU","og_description":"Spatial Planning Guidance This book conveys information, main messages and recommendations which support spatial planners in their regional strategic activities. It follows respectively the ECTP-CEU publications Try it this Way, on planning for sustainable urban development, and the New Charter of Athens 2003, which focused both on the local level. Fifteen Steps towards Territorial CohesionBy [&hellip;]","og_url":"https:\/\/ectp-ceu.eu\/fr\/publication\/2010-15-steps-towards-territorial-cohesion\/","og_site_name":"ECTP-CEU","article_published_time":"2010-04-05T10:25:00+00:00","article_modified_time":"2024-08-02T09:49:14+00:00","og_image":[{"url":"https:\/\/ectp-ceu.eu\/images\/stories\/15steps.jpg","type":"","width":"","height":""}],"author":"dev","twitter_card":"summary_large_image","twitter_misc":{"\u00c9crit par":"dev","Dur\u00e9e de lecture estim\u00e9e":"1 minute"},"schema":{"@context":"https:\/\/schema.org","@graph":[{"@type":"Article","@id":"https:\/\/ectp-ceu.eu\/publication\/2010-15-steps-towards-territorial-cohesion\/#article","isPartOf":{"@id":"https:\/\/ectp-ceu.eu\/publication\/2010-15-steps-towards-territorial-cohesion\/"},"author":{"name":"dev","@id":"https:\/\/ectp-ceu.eu\/#\/schema\/person\/8bf89ed875f5ab3f3b35e54d7c3f816f"},"headline":"2010 &#8211; 15 Steps towards territorial cohesion","datePublished":"2010-04-05T10:25:00+00:00","dateModified":"2024-08-02T09:49:14+00:00","mainEntityOfPage":{"@id":"https:\/\/ectp-ceu.eu\/publication\/2010-15-steps-towards-territorial-cohesion\/"},"wordCount":146,"publisher":{"@id":"https:\/\/ectp-ceu.eu\/#organization"},"image":{"@id":"https:\/\/ectp-ceu.eu\/publication\/2010-15-steps-towards-territorial-cohesion\/#primaryimage"},"thumbnailUrl":"https:\/\/ectp-ceu.eu\/images\/stories\/15steps.jpg","articleSection":["Publications"],"inLanguage":"fr-FR"},{"@type":"WebPage","@id":"https:\/\/ectp-ceu.eu\/publication\/2010-15-steps-towards-territorial-cohesion\/","url":"https:\/\/ectp-ceu.eu\/publication\/2010-15-steps-towards-territorial-cohesion\/","name":"2010 - 15 Steps towards territorial cohesion - ECTP-CEU","isPartOf":{"@id":"https:\/\/ectp-ceu.eu\/#website"},"primaryImageOfPage":{"@id":"https:\/\/ectp-ceu.eu\/publication\/2010-15-steps-towards-territorial-cohesion\/#primaryimage"},"image":{"@id":"https:\/\/ectp-ceu.eu\/publication\/2010-15-steps-towards-territorial-cohesion\/#primaryimage"},"thumbnailUrl":"https:\/\/ectp-ceu.eu\/images\/stories\/15steps.jpg","datePublished":"2010-04-05T10:25:00+00:00","dateModified":"2024-08-02T09:49:14+00:00","breadcrumb":{"@id":"https:\/\/ectp-ceu.eu\/publication\/2010-15-steps-towards-territorial-cohesion\/#breadcrumb"},"inLanguage":"fr-FR","potentialAction":[{"@type":"ReadAction","target":["https:\/\/ectp-ceu.eu\/publication\/2010-15-steps-towards-territorial-cohesion\/"]}]},{"@type":"ImageObject","inLanguage":"fr-FR","@id":"https:\/\/ectp-ceu.eu\/publication\/2010-15-steps-towards-territorial-cohesion\/#primaryimage","url":"https:\/\/ectp-ceu.eu\/images\/stories\/15steps.jpg","contentUrl":"https:\/\/ectp-ceu.eu\/images\/stories\/15steps.jpg"},{"@type":"BreadcrumbList","@id":"https:\/\/ectp-ceu.eu\/publication\/2010-15-steps-towards-territorial-cohesion\/#breadcrumb","itemListElement":[{"@type":"ListItem","position":1,"name":"HOME","item":"https:\/\/ectp-ceu.eu\/"},{"@type":"ListItem","position":2,"name":"Publications","item":"https:\/\/ectp-ceu.eu\/category\/publication\/"},{"@type":"ListItem","position":3,"name":"2010 &#8211; 15 Steps towards territorial cohesion"}]},{"@type":"WebSite","@id":"https:\/\/ectp-ceu.eu\/#website","url":"https:\/\/ectp-ceu.eu\/","name":"ECTP-CEU","description":"European Council of Spatial Planners \u2013 Conseil Europ\u00e9en des Urbanistes","publisher":{"@id":"https:\/\/ectp-ceu.eu\/#organization"},"potentialAction":[{"@type":"SearchAction","target":{"@type":"EntryPoint","urlTemplate":"https:\/\/ectp-ceu.eu\/?s={search_term_string}"},"query-input":{"@type":"PropertyValueSpecification","valueRequired":true,"valueName":"search_term_string"}}],"inLanguage":"fr-FR"},{"@type":"Organization","@id":"https:\/\/ectp-ceu.eu\/#organization","name":"ECTP-CEU","url":"https:\/\/ectp-ceu.eu\/","logo":{"@type":"ImageObject","inLanguage":"fr-FR","@id":"https:\/\/ectp-ceu.eu\/#\/schema\/logo\/image\/","url":"https:\/\/ectp-ceu.eu\/wp-content\/uploads\/2024\/07\/cropped-1392117979K7cUN6za2Hw29SX4.jpeg","contentUrl":"https:\/\/ectp-ceu.eu\/wp-content\/uploads\/2024\/07\/cropped-1392117979K7cUN6za2Hw29SX4.jpeg","width":928,"height":328,"caption":"ECTP-CEU"},"image":{"@id":"https:\/\/ectp-ceu.eu\/#\/schema\/logo\/image\/"}},{"@type":"Person","@id":"https:\/\/ectp-ceu.eu\/#\/schema\/person\/8bf89ed875f5ab3f3b35e54d7c3f816f","name":"dev","image":{"@type":"ImageObject","inLanguage":"fr-FR","@id":"https:\/\/secure.gravatar.com\/avatar\/f1ffcac9ca2fa95ad3ec33e9be3ade82f752acb0cabe541e56c5889225afa88a?s=96&d=mm&r=g","url":"https:\/\/secure.gravatar.com\/avatar\/f1ffcac9ca2fa95ad3ec33e9be3ade82f752acb0cabe541e56c5889225afa88a?s=96&d=mm&r=g","contentUrl":"https:\/\/secure.gravatar.com\/avatar\/f1ffcac9ca2fa95ad3ec33e9be3ade82f752acb0cabe541e56c5889225afa88a?s=96&d=mm&r=g","caption":"dev"},"sameAs":["https:\/\/ectp-ceu.eu"],"url":"https:\/\/ectp-ceu.eu\/fr\/author\/dev\/"}]}},"_links":{"self":[{"href":"https:\/\/ectp-ceu.eu\/fr\/wp-json\/wp\/v2\/posts\/2530","targetHints":{"allow":["GET"]}}],"collection":[{"href":"https:\/\/ectp-ceu.eu\/fr\/wp-json\/wp\/v2\/posts"}],"about":[{"href":"https:\/\/ectp-ceu.eu\/fr\/wp-json\/wp\/v2\/types\/post"}],"author":[{"embeddable":true,"href":"https:\/\/ectp-ceu.eu\/fr\/wp-json\/wp\/v2\/users\/1"}],"replies":[{"embeddable":true,"href":"https:\/\/ectp-ceu.eu\/fr\/wp-json\/wp\/v2\/comments?post=2530"}],"version-history":[{"count":1,"href":"https:\/\/ectp-ceu.eu\/fr\/wp-json\/wp\/v2\/posts\/2530\/revisions"}],"predecessor-version":[{"id":4732,"href":"https:\/\/ectp-ceu.eu\/fr\/wp-json\/wp\/v2\/posts\/2530\/revisions\/4732"}],"wp:attachment":[{"href":"https:\/\/ectp-ceu.eu\/fr\/wp-json\/wp\/v2\/media?parent=2530"}],"wp:term":[{"taxonomy":"category","embeddable":true,"href":"https:\/\/ectp-ceu.eu\/fr\/wp-json\/wp\/v2\/categories?post=2530"},{"taxonomy":"post_tag","embeddable":true,"href":"https:\/\/ectp-ceu.eu\/fr\/wp-json\/wp\/v2\/tags?post=2530"}],"curies":[{"name":"wp","href":"https:\/\/api.w.org\/{rel}","templated":true}]}}