{"id":2541,"date":"2021-05-18T17:36:34","date_gmt":"2021-05-18T17:36:34","guid":{"rendered":"https:\/\/ectp-ceu.eu\/?p=1798"},"modified":"2025-07-21T19:10:43","modified_gmt":"2025-07-21T17:10:43","slug":"city-reboot-post-pandemic-planning-and-the-new-european-bauhaus","status":"publish","type":"post","link":"https:\/\/ectp-ceu.eu\/fr\/news\/city-reboot-post-pandemic-planning-and-the-new-european-bauhaus\/","title":{"rendered":"CITY REBOOT : L'urbanisme post-pand\u00e9mique et le nouveau Bauhaus europ\u00e9en"},"content":{"rendered":"<div class=\"wp-block-image\"><figure class=\"aligncenter size-large is-resized\"><img fetchpriority=\"high\" decoding=\"async\" src=\"https:\/\/ectp-ceu.eu\/images\/YP-2021\/ECTP_Young_Planners_2021-_Page_de_garde_032021.jpg\" alt=\"\" width=\"395\" height=\"559\"\/><\/figure><\/div>\n\n\n\n<figure class=\"wp-block-table\"><table><tbody><tr><td><a href=\"https:\/\/ectp-ceu.eu\/fr\/images\/YP-2021\/ECTP_Young_Planners_2021-_Presentation_032021.pdf\/\">Jeunes planificateurs de l'ECTP 2021<\/a><br><br>Le th\u00e8me de cette ann\u00e9e s'appuie sur l'initiative lanc\u00e9e par Ursula von der Leyen (Pr\u00e9sidente de la Commission europ\u00e9enne) appel\u00e9e New European BAUHAUS (NEB) qui vise une approche holistique de notre environnement b\u00e2ti, cherchant \u00e0 combiner le design, la durabilit\u00e9, l'accessibilit\u00e9, l'abordabilit\u00e9 et l'investissement pour contribuer \u00e0 la mise en \u0153uvre du Green Deal europ\u00e9en et, en m\u00eame temps, pour renforcer les valeurs \u00e9conomiques, sociales, environnementales et culturelles.Cette initiative de l'ONE d\u00e9finit les valeurs partag\u00e9es de la durabilit\u00e9, de l'esth\u00e9tique et de l'inclusion, car - comme l'a d\u00e9clar\u00e9 le pr\u00e9sident de la Commission europ\u00e9enne - en ce qui concerne \"la vague de r\u00e9novation urbaine port\u00e9e par NextGenerationUE, il ne s'agit pas seulement d'un projet environnemental ou \u00e9conomique, mais aussi d'un nouveau projet culturel pour l'Europe\".Les projets \"Young Planners\" 2021 s\u00e9lectionn\u00e9s seront pr\u00e9sent\u00e9s lors de l'Assembl\u00e9e g\u00e9n\u00e9rale de l'ECTP-CEU en octobre 2021 \u00e0 Ath\u00e8nes (si les conditions sanitaires le permettent) et seront publi\u00e9s dans un e-book.<br><strong><em>! ! Les candidatures doivent \u00eatre envoy\u00e9es avant le 29 avril 2021 ! ! !<\/em><\/strong>\u00a0\u00a0<\/td><\/tr><\/tbody><\/table><\/figure>\n\n\n\n<h4 class=\"wp-block-heading\"><strong>Projet commun Lincoln Institute - ECTP.<\/strong><\/h4>\n\n\n\n<p>En mars dernier, l'Institut Lincoln et l'ECTP-CEU ont sign\u00e9 un contrat pour un projet commun.<br>L'objectif est de rassembler les meilleures pratiques, en exploitant le pouvoir de l'am\u00e9nagement du territoire pour une reprise juste \u00e0 travers l'Europe, soutenue par un programme plus large de r\u00e9silience, de renouvellement et de croissance.<br>Ce faisant, nous voulons mettre en \u0153uvre notre d\u00e9claration Re-START-Europe. En prenant cette derni\u00e8re comme point de d\u00e9part, nous voulons mettre en \u00e9vidence des r\u00e9ponses qualitatives \u00e0 Covid-19 qui acc\u00e9l\u00e8re les tendances et cr\u00e9e de nouvelles trajectoires qui redessinent nos villes. Un am\u00e9nagement du territoire revitalis\u00e9 est n\u00e9cessaire pour g\u00e9rer la nouvelle g\u00e9ographie \u00e9conomique de l'Europe cr\u00e9\u00e9e par les nouvelles pratiques commerciales, le travail \u00e0 domicile et des cha\u00eenes d'approvisionnement plus localis\u00e9es et diversifi\u00e9es. Un retour aux tendances et aux politiques du \"Business as Usual\" menacera les fondations des communaut\u00e9s dans toute l'Europe.<br>Gr\u00e2ce aux efforts d'Armando Carbonell (Lincoln Institute), de Vincent Goodstadt (pr\u00e9sident honoraire de l'ECTP) et de Joris Scheers (secr\u00e9taire g\u00e9n\u00e9ral de l'ECTP), nous avons r\u00e9ussi \u00e0 obtenir un budget pour ce projet. En collaboration avec nos organisations membres, nous d\u00e9velopperons ce projet dans les mois \u00e0 venir.<\/p>\n\n\n\n<p>Plus d'informations \u00e0 venir prochainement.<br>(Institut Lincoln -&nbsp;<a href=\"https:\/\/www.lincolninst.edu\/\">https:\/\/www.lincolninst.edu\/<\/a>&nbsp; )<\/p>","protected":false},"excerpt":{"rendered":"<p>ECTP Young Planners 2021 This year&#8217;s topic builds on the initiative launched by Ursula von der Leyen (President of the European Commission) called New European BAUHAUS (NEB) which aims at a holistic approach to our built environment, seeking to combine design, sustainability, accessibility, affordability and investment to contribute to the implementation of the European Green [&hellip;]<\/p>\n","protected":false},"author":1,"featured_media":0,"comment_status":"closed","ping_status":"open","sticky":false,"template":"","format":"standard","meta":{"_acf_changed":false,"inline_featured_image":false,"footnotes":""},"categories":[47,6,68],"tags":[],"class_list":["post-2541","post","type-post","status-publish","format-standard","hentry","category-ectp-ceu","category-news","category-young-planners"],"acf":[],"yoast_head":"<!-- This site is optimized with the Yoast SEO plugin v27.5 - https:\/\/yoast.com\/product\/yoast-seo-wordpress\/ -->\n<title>CITY REBOOT : Post-Pandemic Planning and the New European Bauhaus - ECTP-CEU<\/title>\n<meta name=\"robots\" content=\"index, follow, max-snippet:-1, max-image-preview:large, max-video-preview:-1\" \/>\n<link rel=\"canonical\" href=\"https:\/\/ectp-ceu.eu\/fr\/news\/city-reboot-post-pandemic-planning-and-the-new-european-bauhaus\/\" \/>\n<meta property=\"og:locale\" content=\"fr_FR\" \/>\n<meta property=\"og:type\" content=\"article\" \/>\n<meta property=\"og:title\" content=\"CITY REBOOT : Post-Pandemic Planning and the New European Bauhaus - ECTP-CEU\" \/>\n<meta property=\"og:description\" content=\"ECTP Young Planners 2021 This year&#8217;s topic builds on the initiative launched by Ursula von der Leyen (President of the European Commission) called New European BAUHAUS (NEB) which aims at a holistic approach to our built environment, seeking to combine design, sustainability, accessibility, affordability and investment to contribute to the implementation of the European Green [&hellip;]\" \/>\n<meta property=\"og:url\" content=\"https:\/\/ectp-ceu.eu\/fr\/news\/city-reboot-post-pandemic-planning-and-the-new-european-bauhaus\/\" \/>\n<meta property=\"og:site_name\" content=\"ECTP-CEU\" \/>\n<meta property=\"article:published_time\" content=\"2021-05-18T17:36:34+00:00\" \/>\n<meta property=\"article:modified_time\" content=\"2025-07-21T17:10:43+00:00\" \/>\n<meta property=\"og:image\" content=\"https:\/\/ectp-ceu.eu\/images\/YP-2021\/ECTP_Young_Planners_2021-_Page_de_garde_032021.jpg\" \/>\n<meta name=\"author\" content=\"dev\" \/>\n<meta name=\"twitter:card\" content=\"summary_large_image\" \/>\n<meta name=\"twitter:label1\" content=\"\u00c9crit par\" \/>\n\t<meta name=\"twitter:data1\" content=\"dev\" \/>\n\t<meta name=\"twitter:label2\" content=\"Dur\u00e9e de lecture estim\u00e9e\" \/>\n\t<meta name=\"twitter:data2\" content=\"2 minutes\" \/>\n<script type=\"application\/ld+json\" class=\"yoast-schema-graph\">{\"@context\":\"https:\\\/\\\/schema.org\",\"@graph\":[{\"@type\":\"Article\",\"@id\":\"https:\\\/\\\/ectp-ceu.eu\\\/news\\\/city-reboot-post-pandemic-planning-and-the-new-european-bauhaus\\\/#article\",\"isPartOf\":{\"@id\":\"https:\\\/\\\/ectp-ceu.eu\\\/news\\\/city-reboot-post-pandemic-planning-and-the-new-european-bauhaus\\\/\"},\"author\":{\"name\":\"dev\",\"@id\":\"https:\\\/\\\/ectp-ceu.eu\\\/#\\\/schema\\\/person\\\/8bf89ed875f5ab3f3b35e54d7c3f816f\"},\"headline\":\"CITY REBOOT : Post-Pandemic Planning and the New European Bauhaus\",\"datePublished\":\"2021-05-18T17:36:34+00:00\",\"dateModified\":\"2025-07-21T17:10:43+00:00\",\"mainEntityOfPage\":{\"@id\":\"https:\\\/\\\/ectp-ceu.eu\\\/news\\\/city-reboot-post-pandemic-planning-and-the-new-european-bauhaus\\\/\"},\"wordCount\":350,\"publisher\":{\"@id\":\"https:\\\/\\\/ectp-ceu.eu\\\/#organization\"},\"image\":{\"@id\":\"https:\\\/\\\/ectp-ceu.eu\\\/news\\\/city-reboot-post-pandemic-planning-and-the-new-european-bauhaus\\\/#primaryimage\"},\"thumbnailUrl\":\"https:\\\/\\\/ectp-ceu.eu\\\/images\\\/YP-2021\\\/ECTP_Young_Planners_2021-_Page_de_garde_032021.jpg\",\"articleSection\":[\"ECTP-CEU\",\"News\",\"Young Planners\"],\"inLanguage\":\"fr-FR\"},{\"@type\":\"WebPage\",\"@id\":\"https:\\\/\\\/ectp-ceu.eu\\\/news\\\/city-reboot-post-pandemic-planning-and-the-new-european-bauhaus\\\/\",\"url\":\"https:\\\/\\\/ectp-ceu.eu\\\/news\\\/city-reboot-post-pandemic-planning-and-the-new-european-bauhaus\\\/\",\"name\":\"CITY REBOOT : Post-Pandemic Planning and the New European Bauhaus - ECTP-CEU\",\"isPartOf\":{\"@id\":\"https:\\\/\\\/ectp-ceu.eu\\\/#website\"},\"primaryImageOfPage\":{\"@id\":\"https:\\\/\\\/ectp-ceu.eu\\\/news\\\/city-reboot-post-pandemic-planning-and-the-new-european-bauhaus\\\/#primaryimage\"},\"image\":{\"@id\":\"https:\\\/\\\/ectp-ceu.eu\\\/news\\\/city-reboot-post-pandemic-planning-and-the-new-european-bauhaus\\\/#primaryimage\"},\"thumbnailUrl\":\"https:\\\/\\\/ectp-ceu.eu\\\/images\\\/YP-2021\\\/ECTP_Young_Planners_2021-_Page_de_garde_032021.jpg\",\"datePublished\":\"2021-05-18T17:36:34+00:00\",\"dateModified\":\"2025-07-21T17:10:43+00:00\",\"breadcrumb\":{\"@id\":\"https:\\\/\\\/ectp-ceu.eu\\\/news\\\/city-reboot-post-pandemic-planning-and-the-new-european-bauhaus\\\/#breadcrumb\"},\"inLanguage\":\"fr-FR\",\"potentialAction\":[{\"@type\":\"ReadAction\",\"target\":[\"https:\\\/\\\/ectp-ceu.eu\\\/news\\\/city-reboot-post-pandemic-planning-and-the-new-european-bauhaus\\\/\"]}]},{\"@type\":\"ImageObject\",\"inLanguage\":\"fr-FR\",\"@id\":\"https:\\\/\\\/ectp-ceu.eu\\\/news\\\/city-reboot-post-pandemic-planning-and-the-new-european-bauhaus\\\/#primaryimage\",\"url\":\"https:\\\/\\\/ectp-ceu.eu\\\/images\\\/YP-2021\\\/ECTP_Young_Planners_2021-_Page_de_garde_032021.jpg\",\"contentUrl\":\"https:\\\/\\\/ectp-ceu.eu\\\/images\\\/YP-2021\\\/ECTP_Young_Planners_2021-_Page_de_garde_032021.jpg\"},{\"@type\":\"BreadcrumbList\",\"@id\":\"https:\\\/\\\/ectp-ceu.eu\\\/news\\\/city-reboot-post-pandemic-planning-and-the-new-european-bauhaus\\\/#breadcrumb\",\"itemListElement\":[{\"@type\":\"ListItem\",\"position\":1,\"name\":\"HOME\",\"item\":\"https:\\\/\\\/ectp-ceu.eu\\\/\"},{\"@type\":\"ListItem\",\"position\":2,\"name\":\"News\",\"item\":\"https:\\\/\\\/ectp-ceu.eu\\\/category\\\/news\\\/\"},{\"@type\":\"ListItem\",\"position\":3,\"name\":\"ECTP-CEU\",\"item\":\"https:\\\/\\\/ectp-ceu.eu\\\/category\\\/news\\\/ectp-ceu\\\/\"},{\"@type\":\"ListItem\",\"position\":4,\"name\":\"CITY REBOOT : Post-Pandemic Planning and the New European Bauhaus\"}]},{\"@type\":\"WebSite\",\"@id\":\"https:\\\/\\\/ectp-ceu.eu\\\/#website\",\"url\":\"https:\\\/\\\/ectp-ceu.eu\\\/\",\"name\":\"ECTP-CEU\",\"description\":\"European Council of Spatial Planners \u2013 Conseil Europ\u00e9en des Urbanistes\",\"publisher\":{\"@id\":\"https:\\\/\\\/ectp-ceu.eu\\\/#organization\"},\"potentialAction\":[{\"@type\":\"SearchAction\",\"target\":{\"@type\":\"EntryPoint\",\"urlTemplate\":\"https:\\\/\\\/ectp-ceu.eu\\\/?s={search_term_string}\"},\"query-input\":{\"@type\":\"PropertyValueSpecification\",\"valueRequired\":true,\"valueName\":\"search_term_string\"}}],\"inLanguage\":\"fr-FR\"},{\"@type\":\"Organization\",\"@id\":\"https:\\\/\\\/ectp-ceu.eu\\\/#organization\",\"name\":\"ECTP-CEU\",\"url\":\"https:\\\/\\\/ectp-ceu.eu\\\/\",\"logo\":{\"@type\":\"ImageObject\",\"inLanguage\":\"fr-FR\",\"@id\":\"https:\\\/\\\/ectp-ceu.eu\\\/#\\\/schema\\\/logo\\\/image\\\/\",\"url\":\"https:\\\/\\\/ectp-ceu.eu\\\/wp-content\\\/uploads\\\/2024\\\/07\\\/cropped-1392117979K7cUN6za2Hw29SX4.jpeg\",\"contentUrl\":\"https:\\\/\\\/ectp-ceu.eu\\\/wp-content\\\/uploads\\\/2024\\\/07\\\/cropped-1392117979K7cUN6za2Hw29SX4.jpeg\",\"width\":928,\"height\":328,\"caption\":\"ECTP-CEU\"},\"image\":{\"@id\":\"https:\\\/\\\/ectp-ceu.eu\\\/#\\\/schema\\\/logo\\\/image\\\/\"}},{\"@type\":\"Person\",\"@id\":\"https:\\\/\\\/ectp-ceu.eu\\\/#\\\/schema\\\/person\\\/8bf89ed875f5ab3f3b35e54d7c3f816f\",\"name\":\"dev\",\"image\":{\"@type\":\"ImageObject\",\"inLanguage\":\"fr-FR\",\"@id\":\"https:\\\/\\\/secure.gravatar.com\\\/avatar\\\/f1ffcac9ca2fa95ad3ec33e9be3ade82f752acb0cabe541e56c5889225afa88a?s=96&d=mm&r=g\",\"url\":\"https:\\\/\\\/secure.gravatar.com\\\/avatar\\\/f1ffcac9ca2fa95ad3ec33e9be3ade82f752acb0cabe541e56c5889225afa88a?s=96&d=mm&r=g\",\"contentUrl\":\"https:\\\/\\\/secure.gravatar.com\\\/avatar\\\/f1ffcac9ca2fa95ad3ec33e9be3ade82f752acb0cabe541e56c5889225afa88a?s=96&d=mm&r=g\",\"caption\":\"dev\"},\"sameAs\":[\"https:\\\/\\\/ectp-ceu.eu\"],\"url\":\"https:\\\/\\\/ectp-ceu.eu\\\/fr\\\/author\\\/dev\\\/\"}]}<\/script>\n<!-- \/ Yoast SEO plugin. -->","yoast_head_json":{"title":"CITY REBOOT : Post-Pandemic Planning and the New European Bauhaus - ECTP-CEU","robots":{"index":"index","follow":"follow","max-snippet":"max-snippet:-1","max-image-preview":"max-image-preview:large","max-video-preview":"max-video-preview:-1"},"canonical":"https:\/\/ectp-ceu.eu\/fr\/news\/city-reboot-post-pandemic-planning-and-the-new-european-bauhaus\/","og_locale":"fr_FR","og_type":"article","og_title":"CITY REBOOT : Post-Pandemic Planning and the New European Bauhaus - ECTP-CEU","og_description":"ECTP Young Planners 2021 This year&#8217;s topic builds on the initiative launched by Ursula von der Leyen (President of the European Commission) called New European BAUHAUS (NEB) which aims at a holistic approach to our built environment, seeking to combine design, sustainability, accessibility, affordability and investment to contribute to the implementation of the European Green [&hellip;]","og_url":"https:\/\/ectp-ceu.eu\/fr\/news\/city-reboot-post-pandemic-planning-and-the-new-european-bauhaus\/","og_site_name":"ECTP-CEU","article_published_time":"2021-05-18T17:36:34+00:00","article_modified_time":"2025-07-21T17:10:43+00:00","og_image":[{"url":"https:\/\/ectp-ceu.eu\/images\/YP-2021\/ECTP_Young_Planners_2021-_Page_de_garde_032021.jpg","type":"","width":"","height":""}],"author":"dev","twitter_card":"summary_large_image","twitter_misc":{"\u00c9crit par":"dev","Dur\u00e9e de lecture estim\u00e9e":"2 minutes"},"schema":{"@context":"https:\/\/schema.org","@graph":[{"@type":"Article","@id":"https:\/\/ectp-ceu.eu\/news\/city-reboot-post-pandemic-planning-and-the-new-european-bauhaus\/#article","isPartOf":{"@id":"https:\/\/ectp-ceu.eu\/news\/city-reboot-post-pandemic-planning-and-the-new-european-bauhaus\/"},"author":{"name":"dev","@id":"https:\/\/ectp-ceu.eu\/#\/schema\/person\/8bf89ed875f5ab3f3b35e54d7c3f816f"},"headline":"CITY REBOOT : Post-Pandemic Planning and the New European Bauhaus","datePublished":"2021-05-18T17:36:34+00:00","dateModified":"2025-07-21T17:10:43+00:00","mainEntityOfPage":{"@id":"https:\/\/ectp-ceu.eu\/news\/city-reboot-post-pandemic-planning-and-the-new-european-bauhaus\/"},"wordCount":350,"publisher":{"@id":"https:\/\/ectp-ceu.eu\/#organization"},"image":{"@id":"https:\/\/ectp-ceu.eu\/news\/city-reboot-post-pandemic-planning-and-the-new-european-bauhaus\/#primaryimage"},"thumbnailUrl":"https:\/\/ectp-ceu.eu\/images\/YP-2021\/ECTP_Young_Planners_2021-_Page_de_garde_032021.jpg","articleSection":["ECTP-CEU","News","Young Planners"],"inLanguage":"fr-FR"},{"@type":"WebPage","@id":"https:\/\/ectp-ceu.eu\/news\/city-reboot-post-pandemic-planning-and-the-new-european-bauhaus\/","url":"https:\/\/ectp-ceu.eu\/news\/city-reboot-post-pandemic-planning-and-the-new-european-bauhaus\/","name":"CITY REBOOT : Post-Pandemic Planning and the New European Bauhaus - ECTP-CEU","isPartOf":{"@id":"https:\/\/ectp-ceu.eu\/#website"},"primaryImageOfPage":{"@id":"https:\/\/ectp-ceu.eu\/news\/city-reboot-post-pandemic-planning-and-the-new-european-bauhaus\/#primaryimage"},"image":{"@id":"https:\/\/ectp-ceu.eu\/news\/city-reboot-post-pandemic-planning-and-the-new-european-bauhaus\/#primaryimage"},"thumbnailUrl":"https:\/\/ectp-ceu.eu\/images\/YP-2021\/ECTP_Young_Planners_2021-_Page_de_garde_032021.jpg","datePublished":"2021-05-18T17:36:34+00:00","dateModified":"2025-07-21T17:10:43+00:00","breadcrumb":{"@id":"https:\/\/ectp-ceu.eu\/news\/city-reboot-post-pandemic-planning-and-the-new-european-bauhaus\/#breadcrumb"},"inLanguage":"fr-FR","potentialAction":[{"@type":"ReadAction","target":["https:\/\/ectp-ceu.eu\/news\/city-reboot-post-pandemic-planning-and-the-new-european-bauhaus\/"]}]},{"@type":"ImageObject","inLanguage":"fr-FR","@id":"https:\/\/ectp-ceu.eu\/news\/city-reboot-post-pandemic-planning-and-the-new-european-bauhaus\/#primaryimage","url":"https:\/\/ectp-ceu.eu\/images\/YP-2021\/ECTP_Young_Planners_2021-_Page_de_garde_032021.jpg","contentUrl":"https:\/\/ectp-ceu.eu\/images\/YP-2021\/ECTP_Young_Planners_2021-_Page_de_garde_032021.jpg"},{"@type":"BreadcrumbList","@id":"https:\/\/ectp-ceu.eu\/news\/city-reboot-post-pandemic-planning-and-the-new-european-bauhaus\/#breadcrumb","itemListElement":[{"@type":"ListItem","position":1,"name":"HOME","item":"https:\/\/ectp-ceu.eu\/"},{"@type":"ListItem","position":2,"name":"News","item":"https:\/\/ectp-ceu.eu\/category\/news\/"},{"@type":"ListItem","position":3,"name":"ECTP-CEU","item":"https:\/\/ectp-ceu.eu\/category\/news\/ectp-ceu\/"},{"@type":"ListItem","position":4,"name":"CITY REBOOT : Post-Pandemic Planning and the New European Bauhaus"}]},{"@type":"WebSite","@id":"https:\/\/ectp-ceu.eu\/#website","url":"https:\/\/ectp-ceu.eu\/","name":"ECTP-CEU","description":"European Council of Spatial Planners \u2013 Conseil Europ\u00e9en des Urbanistes","publisher":{"@id":"https:\/\/ectp-ceu.eu\/#organization"},"potentialAction":[{"@type":"SearchAction","target":{"@type":"EntryPoint","urlTemplate":"https:\/\/ectp-ceu.eu\/?s={search_term_string}"},"query-input":{"@type":"PropertyValueSpecification","valueRequired":true,"valueName":"search_term_string"}}],"inLanguage":"fr-FR"},{"@type":"Organization","@id":"https:\/\/ectp-ceu.eu\/#organization","name":"ECTP-CEU","url":"https:\/\/ectp-ceu.eu\/","logo":{"@type":"ImageObject","inLanguage":"fr-FR","@id":"https:\/\/ectp-ceu.eu\/#\/schema\/logo\/image\/","url":"https:\/\/ectp-ceu.eu\/wp-content\/uploads\/2024\/07\/cropped-1392117979K7cUN6za2Hw29SX4.jpeg","contentUrl":"https:\/\/ectp-ceu.eu\/wp-content\/uploads\/2024\/07\/cropped-1392117979K7cUN6za2Hw29SX4.jpeg","width":928,"height":328,"caption":"ECTP-CEU"},"image":{"@id":"https:\/\/ectp-ceu.eu\/#\/schema\/logo\/image\/"}},{"@type":"Person","@id":"https:\/\/ectp-ceu.eu\/#\/schema\/person\/8bf89ed875f5ab3f3b35e54d7c3f816f","name":"dev","image":{"@type":"ImageObject","inLanguage":"fr-FR","@id":"https:\/\/secure.gravatar.com\/avatar\/f1ffcac9ca2fa95ad3ec33e9be3ade82f752acb0cabe541e56c5889225afa88a?s=96&d=mm&r=g","url":"https:\/\/secure.gravatar.com\/avatar\/f1ffcac9ca2fa95ad3ec33e9be3ade82f752acb0cabe541e56c5889225afa88a?s=96&d=mm&r=g","contentUrl":"https:\/\/secure.gravatar.com\/avatar\/f1ffcac9ca2fa95ad3ec33e9be3ade82f752acb0cabe541e56c5889225afa88a?s=96&d=mm&r=g","caption":"dev"},"sameAs":["https:\/\/ectp-ceu.eu"],"url":"https:\/\/ectp-ceu.eu\/fr\/author\/dev\/"}]}},"_links":{"self":[{"href":"https:\/\/ectp-ceu.eu\/fr\/wp-json\/wp\/v2\/posts\/2541","targetHints":{"allow":["GET"]}}],"collection":[{"href":"https:\/\/ectp-ceu.eu\/fr\/wp-json\/wp\/v2\/posts"}],"about":[{"href":"https:\/\/ectp-ceu.eu\/fr\/wp-json\/wp\/v2\/types\/post"}],"author":[{"embeddable":true,"href":"https:\/\/ectp-ceu.eu\/fr\/wp-json\/wp\/v2\/users\/1"}],"replies":[{"embeddable":true,"href":"https:\/\/ectp-ceu.eu\/fr\/wp-json\/wp\/v2\/comments?post=2541"}],"version-history":[{"count":2,"href":"https:\/\/ectp-ceu.eu\/fr\/wp-json\/wp\/v2\/posts\/2541\/revisions"}],"predecessor-version":[{"id":4758,"href":"https:\/\/ectp-ceu.eu\/fr\/wp-json\/wp\/v2\/posts\/2541\/revisions\/4758"}],"wp:attachment":[{"href":"https:\/\/ectp-ceu.eu\/fr\/wp-json\/wp\/v2\/media?parent=2541"}],"wp:term":[{"taxonomy":"category","embeddable":true,"href":"https:\/\/ectp-ceu.eu\/fr\/wp-json\/wp\/v2\/categories?post=2541"},{"taxonomy":"post_tag","embeddable":true,"href":"https:\/\/ectp-ceu.eu\/fr\/wp-json\/wp\/v2\/tags?post=2541"}],"curies":[{"name":"wp","href":"https:\/\/api.w.org\/{rel}","templated":true}]}}