{"id":2542,"date":"2021-05-19T13:17:35","date_gmt":"2021-05-19T13:17:35","guid":{"rendered":"https:\/\/ectp-ceu.eu\/?p=1891"},"modified":"2025-07-21T19:10:43","modified_gmt":"2025-07-21T17:10:43","slug":"a-joint-project-lincoln-institute-ectp-ceu","status":"publish","type":"post","link":"https:\/\/ectp-ceu.eu\/fr\/news\/a-joint-project-lincoln-institute-ectp-ceu\/","title":{"rendered":"Mise en \u0153uvre de la d\u00e9claration Re-START Europe de l'ECTP-CEU : un projet commun Institut LINCOLN - ECTP-CEU"},"content":{"rendered":"<p><strong><u>Appel \u00e0 \u00e9tudes de cas europ\u00e9ennes<\/u><\/strong><\/p>\n\n\n\n<p><strong>Mise \u00e0 jour de l'appel aux membres de l'ECTP-CEU pour des \u00e9tudes de cas de plans de redressement post-COVID s'appuyant sur la d\u00e9claration Re-Start Europe<\/strong>  &#8211; <strong>Plus d'informations sur l'appel<\/strong> : <\/p>\n\n\n\n<p>L'ECTP-CEU (European Council of Spatial Planners - Conseil Europ\u00e9en des Urbanistes) a ressenti le besoin de r\u00e9fl\u00e9chir aux effets de la crise actuelle sur notre futur environnement de vie et de travail.  C'est pourquoi l'Assembl\u00e9e g\u00e9n\u00e9rale a approuv\u00e9 en octobre 2020 la d\u00e9claration susmentionn\u00e9e.<\/p>\n\n\n\n<p>Cette d\u00e9claration vise \u00e0 exploiter le pouvoir cr\u00e9atif et l'expertise technique des responsables de l'am\u00e9nagement du territoire pour faire face \u00e0 la crise sociale et \u00e9conomique engendr\u00e9e par la pand\u00e9mie de Covid-19.  Celle-ci a amplifi\u00e9 les in\u00e9galit\u00e9s et mis en \u00e9vidence les fragilit\u00e9s des soci\u00e9t\u00e9s europ\u00e9ennes, ce qui a un impact \u00e0 court terme, mais menace le bien-\u00eatre \u00e0 moyen et long terme des communaut\u00e9s en Europe.<\/p>\n\n\n\n<p>Afin de mettre en \u0153uvre cette d\u00e9claration et de la rendre tangible et concr\u00e8te, l'Institut Lincoln et l'ECTP-CEU ont sign\u00e9, le 1er avril, la d\u00e9claration suivante<sup>st<\/sup> 2021 un contrat pour un projet commun.  L'objectif est de recueillir les meilleures pratiques, en exploitant le pouvoir de l'am\u00e9nagement du territoire pour une reprise juste \u00e0 travers l'Europe, soutenue par un programme plus large de r\u00e9silience, de renouvellement et de croissance.<\/p>\n\n\n\n<p>Nous souhaitons mettre en \u00e9vidence des r\u00e9ponses qualitatives \u00e0 Covid-19 qui acc\u00e9l\u00e8re les tendances et cr\u00e9e de nouvelles trajectoires qui redessinent nos villes.  Un am\u00e9nagement du territoire revitalis\u00e9 est n\u00e9cessaire pour g\u00e9rer la nouvelle g\u00e9ographie \u00e9conomique de l'Europe cr\u00e9\u00e9e par les nouvelles pratiques commerciales, le travail \u00e0 domicile et des cha\u00eenes d'approvisionnement plus localis\u00e9es et diversifi\u00e9es. <\/p>\n\n\n\n<p><strong>Prolongation du d\u00e9lai (phase 1) jusqu'au 10 juillet<sup>th<\/sup> 2021<\/strong><\/p>\n\n\n\n<div class=\"wp-block-file\"><a href=\"https:\/\/ectp-ceu.eu\/wp-content\/uploads\/2021\/05\/Update-call-LINCOLN-Institute-june-2021.pdf\">Appel de mise \u00e0 jour Institut LINCOLN juin 2021<\/a><a href=\"https:\/\/ectp-ceu.eu\/wp-content\/uploads\/2021\/05\/Update-call-LINCOLN-Institute-june-2021.pdf\" class=\"wp-block-file__button\" download>T\u00e9l\u00e9charger<\/a><\/div>\n\n\n\n<p><\/p>","protected":false},"excerpt":{"rendered":"<p>Call for European case studies Update on the call to members of ECTP-CEU for case studies of Post-COVID recovery plans building on the Re-Start Europe declaration &#8211; More info on the call : ECTP-CEU (European Council of Spatial Planners &#8211; Conseil Europ\u00e9en des Urbanistes) felt the need to reflect on the effects of the current [&hellip;]<\/p>\n","protected":false},"author":1,"featured_media":2106,"comment_status":"closed","ping_status":"open","sticky":false,"template":"","format":"standard","meta":{"_acf_changed":false,"inline_featured_image":false,"footnotes":""},"categories":[47,6],"tags":[],"class_list":["post-2542","post","type-post","status-publish","format-standard","has-post-thumbnail","hentry","category-ectp-ceu","category-news"],"acf":[],"yoast_head":"<!-- This site is optimized with the Yoast SEO plugin v27.5 - https:\/\/yoast.com\/product\/yoast-seo-wordpress\/ -->\n<title>Implementing ECTP-CEU\u2019s Re-START Europe Declaration : A joint project LINCOLN Institute - ECTP-CEU - ECTP-CEU<\/title>\n<meta name=\"robots\" content=\"index, follow, max-snippet:-1, max-image-preview:large, max-video-preview:-1\" \/>\n<link rel=\"canonical\" href=\"https:\/\/ectp-ceu.eu\/fr\/news\/a-joint-project-lincoln-institute-ectp-ceu\/\" \/>\n<meta property=\"og:locale\" content=\"fr_FR\" \/>\n<meta property=\"og:type\" content=\"article\" \/>\n<meta property=\"og:title\" content=\"Implementing ECTP-CEU\u2019s Re-START Europe Declaration : A joint project LINCOLN Institute - ECTP-CEU - ECTP-CEU\" \/>\n<meta property=\"og:description\" content=\"Call for European case studies Update on the call to members of ECTP-CEU for case studies of Post-COVID recovery plans building on the Re-Start Europe declaration &#8211; More info on the call : ECTP-CEU (European Council of Spatial Planners &#8211; Conseil Europ\u00e9en des Urbanistes) felt the need to reflect on the effects of the current [&hellip;]\" \/>\n<meta property=\"og:url\" content=\"https:\/\/ectp-ceu.eu\/fr\/news\/a-joint-project-lincoln-institute-ectp-ceu\/\" \/>\n<meta property=\"og:site_name\" content=\"ECTP-CEU\" \/>\n<meta property=\"article:published_time\" content=\"2021-05-19T13:17:35+00:00\" \/>\n<meta property=\"article:modified_time\" content=\"2025-07-21T17:10:43+00:00\" \/>\n<meta name=\"author\" content=\"dev\" \/>\n<meta name=\"twitter:card\" content=\"summary_large_image\" \/>\n<meta name=\"twitter:label1\" content=\"\u00c9crit par\" \/>\n\t<meta name=\"twitter:data1\" content=\"dev\" \/>\n\t<meta name=\"twitter:label2\" content=\"Dur\u00e9e de lecture estim\u00e9e\" \/>\n\t<meta name=\"twitter:data2\" content=\"1 minute\" \/>\n<script type=\"application\/ld+json\" class=\"yoast-schema-graph\">{\"@context\":\"https:\\\/\\\/schema.org\",\"@graph\":[{\"@type\":\"Article\",\"@id\":\"https:\\\/\\\/ectp-ceu.eu\\\/news\\\/a-joint-project-lincoln-institute-ectp-ceu\\\/#article\",\"isPartOf\":{\"@id\":\"https:\\\/\\\/ectp-ceu.eu\\\/news\\\/a-joint-project-lincoln-institute-ectp-ceu\\\/\"},\"author\":{\"name\":\"dev\",\"@id\":\"https:\\\/\\\/ectp-ceu.eu\\\/#\\\/schema\\\/person\\\/8bf89ed875f5ab3f3b35e54d7c3f816f\"},\"headline\":\"Implementing ECTP-CEU\u2019s Re-START Europe Declaration : A joint project LINCOLN Institute &#8211; ECTP-CEU\",\"datePublished\":\"2021-05-19T13:17:35+00:00\",\"dateModified\":\"2025-07-21T17:10:43+00:00\",\"mainEntityOfPage\":{\"@id\":\"https:\\\/\\\/ectp-ceu.eu\\\/news\\\/a-joint-project-lincoln-institute-ectp-ceu\\\/\"},\"wordCount\":264,\"publisher\":{\"@id\":\"https:\\\/\\\/ectp-ceu.eu\\\/#organization\"},\"image\":{\"@id\":\"https:\\\/\\\/ectp-ceu.eu\\\/news\\\/a-joint-project-lincoln-institute-ectp-ceu\\\/#primaryimage\"},\"thumbnailUrl\":\"\",\"articleSection\":[\"ECTP-CEU\",\"News\"],\"inLanguage\":\"fr-FR\"},{\"@type\":\"WebPage\",\"@id\":\"https:\\\/\\\/ectp-ceu.eu\\\/news\\\/a-joint-project-lincoln-institute-ectp-ceu\\\/\",\"url\":\"https:\\\/\\\/ectp-ceu.eu\\\/news\\\/a-joint-project-lincoln-institute-ectp-ceu\\\/\",\"name\":\"Implementing ECTP-CEU\u2019s Re-START Europe Declaration : A joint project LINCOLN Institute - ECTP-CEU - ECTP-CEU\",\"isPartOf\":{\"@id\":\"https:\\\/\\\/ectp-ceu.eu\\\/#website\"},\"primaryImageOfPage\":{\"@id\":\"https:\\\/\\\/ectp-ceu.eu\\\/news\\\/a-joint-project-lincoln-institute-ectp-ceu\\\/#primaryimage\"},\"image\":{\"@id\":\"https:\\\/\\\/ectp-ceu.eu\\\/news\\\/a-joint-project-lincoln-institute-ectp-ceu\\\/#primaryimage\"},\"thumbnailUrl\":\"\",\"datePublished\":\"2021-05-19T13:17:35+00:00\",\"dateModified\":\"2025-07-21T17:10:43+00:00\",\"breadcrumb\":{\"@id\":\"https:\\\/\\\/ectp-ceu.eu\\\/news\\\/a-joint-project-lincoln-institute-ectp-ceu\\\/#breadcrumb\"},\"inLanguage\":\"fr-FR\",\"potentialAction\":[{\"@type\":\"ReadAction\",\"target\":[\"https:\\\/\\\/ectp-ceu.eu\\\/news\\\/a-joint-project-lincoln-institute-ectp-ceu\\\/\"]}]},{\"@type\":\"ImageObject\",\"inLanguage\":\"fr-FR\",\"@id\":\"https:\\\/\\\/ectp-ceu.eu\\\/news\\\/a-joint-project-lincoln-institute-ectp-ceu\\\/#primaryimage\",\"url\":\"\",\"contentUrl\":\"\"},{\"@type\":\"BreadcrumbList\",\"@id\":\"https:\\\/\\\/ectp-ceu.eu\\\/news\\\/a-joint-project-lincoln-institute-ectp-ceu\\\/#breadcrumb\",\"itemListElement\":[{\"@type\":\"ListItem\",\"position\":1,\"name\":\"HOME\",\"item\":\"https:\\\/\\\/ectp-ceu.eu\\\/\"},{\"@type\":\"ListItem\",\"position\":2,\"name\":\"News\",\"item\":\"https:\\\/\\\/ectp-ceu.eu\\\/category\\\/news\\\/\"},{\"@type\":\"ListItem\",\"position\":3,\"name\":\"ECTP-CEU\",\"item\":\"https:\\\/\\\/ectp-ceu.eu\\\/category\\\/news\\\/ectp-ceu\\\/\"},{\"@type\":\"ListItem\",\"position\":4,\"name\":\"Implementing ECTP-CEU\u2019s Re-START Europe Declaration : A joint project LINCOLN Institute &#8211; ECTP-CEU\"}]},{\"@type\":\"WebSite\",\"@id\":\"https:\\\/\\\/ectp-ceu.eu\\\/#website\",\"url\":\"https:\\\/\\\/ectp-ceu.eu\\\/\",\"name\":\"ECTP-CEU\",\"description\":\"European Council of Spatial Planners \u2013 Conseil Europ\u00e9en des Urbanistes\",\"publisher\":{\"@id\":\"https:\\\/\\\/ectp-ceu.eu\\\/#organization\"},\"potentialAction\":[{\"@type\":\"SearchAction\",\"target\":{\"@type\":\"EntryPoint\",\"urlTemplate\":\"https:\\\/\\\/ectp-ceu.eu\\\/?s={search_term_string}\"},\"query-input\":{\"@type\":\"PropertyValueSpecification\",\"valueRequired\":true,\"valueName\":\"search_term_string\"}}],\"inLanguage\":\"fr-FR\"},{\"@type\":\"Organization\",\"@id\":\"https:\\\/\\\/ectp-ceu.eu\\\/#organization\",\"name\":\"ECTP-CEU\",\"url\":\"https:\\\/\\\/ectp-ceu.eu\\\/\",\"logo\":{\"@type\":\"ImageObject\",\"inLanguage\":\"fr-FR\",\"@id\":\"https:\\\/\\\/ectp-ceu.eu\\\/#\\\/schema\\\/logo\\\/image\\\/\",\"url\":\"https:\\\/\\\/ectp-ceu.eu\\\/wp-content\\\/uploads\\\/2024\\\/07\\\/cropped-1392117979K7cUN6za2Hw29SX4.jpeg\",\"contentUrl\":\"https:\\\/\\\/ectp-ceu.eu\\\/wp-content\\\/uploads\\\/2024\\\/07\\\/cropped-1392117979K7cUN6za2Hw29SX4.jpeg\",\"width\":928,\"height\":328,\"caption\":\"ECTP-CEU\"},\"image\":{\"@id\":\"https:\\\/\\\/ectp-ceu.eu\\\/#\\\/schema\\\/logo\\\/image\\\/\"}},{\"@type\":\"Person\",\"@id\":\"https:\\\/\\\/ectp-ceu.eu\\\/#\\\/schema\\\/person\\\/8bf89ed875f5ab3f3b35e54d7c3f816f\",\"name\":\"dev\",\"image\":{\"@type\":\"ImageObject\",\"inLanguage\":\"fr-FR\",\"@id\":\"https:\\\/\\\/secure.gravatar.com\\\/avatar\\\/f1ffcac9ca2fa95ad3ec33e9be3ade82f752acb0cabe541e56c5889225afa88a?s=96&d=mm&r=g\",\"url\":\"https:\\\/\\\/secure.gravatar.com\\\/avatar\\\/f1ffcac9ca2fa95ad3ec33e9be3ade82f752acb0cabe541e56c5889225afa88a?s=96&d=mm&r=g\",\"contentUrl\":\"https:\\\/\\\/secure.gravatar.com\\\/avatar\\\/f1ffcac9ca2fa95ad3ec33e9be3ade82f752acb0cabe541e56c5889225afa88a?s=96&d=mm&r=g\",\"caption\":\"dev\"},\"sameAs\":[\"https:\\\/\\\/ectp-ceu.eu\"],\"url\":\"https:\\\/\\\/ectp-ceu.eu\\\/fr\\\/author\\\/dev\\\/\"}]}<\/script>\n<!-- \/ Yoast SEO plugin. -->","yoast_head_json":{"title":"Implementing ECTP-CEU\u2019s Re-START Europe Declaration : A joint project LINCOLN Institute - ECTP-CEU - ECTP-CEU","robots":{"index":"index","follow":"follow","max-snippet":"max-snippet:-1","max-image-preview":"max-image-preview:large","max-video-preview":"max-video-preview:-1"},"canonical":"https:\/\/ectp-ceu.eu\/fr\/news\/a-joint-project-lincoln-institute-ectp-ceu\/","og_locale":"fr_FR","og_type":"article","og_title":"Implementing ECTP-CEU\u2019s Re-START Europe Declaration : A joint project LINCOLN Institute - ECTP-CEU - ECTP-CEU","og_description":"Call for European case studies Update on the call to members of ECTP-CEU for case studies of Post-COVID recovery plans building on the Re-Start Europe declaration &#8211; More info on the call : ECTP-CEU (European Council of Spatial Planners &#8211; Conseil Europ\u00e9en des Urbanistes) felt the need to reflect on the effects of the current [&hellip;]","og_url":"https:\/\/ectp-ceu.eu\/fr\/news\/a-joint-project-lincoln-institute-ectp-ceu\/","og_site_name":"ECTP-CEU","article_published_time":"2021-05-19T13:17:35+00:00","article_modified_time":"2025-07-21T17:10:43+00:00","author":"dev","twitter_card":"summary_large_image","twitter_misc":{"\u00c9crit par":"dev","Dur\u00e9e de lecture estim\u00e9e":"1 minute"},"schema":{"@context":"https:\/\/schema.org","@graph":[{"@type":"Article","@id":"https:\/\/ectp-ceu.eu\/news\/a-joint-project-lincoln-institute-ectp-ceu\/#article","isPartOf":{"@id":"https:\/\/ectp-ceu.eu\/news\/a-joint-project-lincoln-institute-ectp-ceu\/"},"author":{"name":"dev","@id":"https:\/\/ectp-ceu.eu\/#\/schema\/person\/8bf89ed875f5ab3f3b35e54d7c3f816f"},"headline":"Implementing ECTP-CEU\u2019s Re-START Europe Declaration : A joint project LINCOLN Institute &#8211; ECTP-CEU","datePublished":"2021-05-19T13:17:35+00:00","dateModified":"2025-07-21T17:10:43+00:00","mainEntityOfPage":{"@id":"https:\/\/ectp-ceu.eu\/news\/a-joint-project-lincoln-institute-ectp-ceu\/"},"wordCount":264,"publisher":{"@id":"https:\/\/ectp-ceu.eu\/#organization"},"image":{"@id":"https:\/\/ectp-ceu.eu\/news\/a-joint-project-lincoln-institute-ectp-ceu\/#primaryimage"},"thumbnailUrl":"","articleSection":["ECTP-CEU","News"],"inLanguage":"fr-FR"},{"@type":"WebPage","@id":"https:\/\/ectp-ceu.eu\/news\/a-joint-project-lincoln-institute-ectp-ceu\/","url":"https:\/\/ectp-ceu.eu\/news\/a-joint-project-lincoln-institute-ectp-ceu\/","name":"Implementing ECTP-CEU\u2019s Re-START Europe Declaration : A joint project LINCOLN Institute - ECTP-CEU - ECTP-CEU","isPartOf":{"@id":"https:\/\/ectp-ceu.eu\/#website"},"primaryImageOfPage":{"@id":"https:\/\/ectp-ceu.eu\/news\/a-joint-project-lincoln-institute-ectp-ceu\/#primaryimage"},"image":{"@id":"https:\/\/ectp-ceu.eu\/news\/a-joint-project-lincoln-institute-ectp-ceu\/#primaryimage"},"thumbnailUrl":"","datePublished":"2021-05-19T13:17:35+00:00","dateModified":"2025-07-21T17:10:43+00:00","breadcrumb":{"@id":"https:\/\/ectp-ceu.eu\/news\/a-joint-project-lincoln-institute-ectp-ceu\/#breadcrumb"},"inLanguage":"fr-FR","potentialAction":[{"@type":"ReadAction","target":["https:\/\/ectp-ceu.eu\/news\/a-joint-project-lincoln-institute-ectp-ceu\/"]}]},{"@type":"ImageObject","inLanguage":"fr-FR","@id":"https:\/\/ectp-ceu.eu\/news\/a-joint-project-lincoln-institute-ectp-ceu\/#primaryimage","url":"","contentUrl":""},{"@type":"BreadcrumbList","@id":"https:\/\/ectp-ceu.eu\/news\/a-joint-project-lincoln-institute-ectp-ceu\/#breadcrumb","itemListElement":[{"@type":"ListItem","position":1,"name":"HOME","item":"https:\/\/ectp-ceu.eu\/"},{"@type":"ListItem","position":2,"name":"News","item":"https:\/\/ectp-ceu.eu\/category\/news\/"},{"@type":"ListItem","position":3,"name":"ECTP-CEU","item":"https:\/\/ectp-ceu.eu\/category\/news\/ectp-ceu\/"},{"@type":"ListItem","position":4,"name":"Implementing ECTP-CEU\u2019s Re-START Europe Declaration : A joint project LINCOLN Institute &#8211; ECTP-CEU"}]},{"@type":"WebSite","@id":"https:\/\/ectp-ceu.eu\/#website","url":"https:\/\/ectp-ceu.eu\/","name":"ECTP-CEU","description":"European Council of Spatial Planners \u2013 Conseil Europ\u00e9en des Urbanistes","publisher":{"@id":"https:\/\/ectp-ceu.eu\/#organization"},"potentialAction":[{"@type":"SearchAction","target":{"@type":"EntryPoint","urlTemplate":"https:\/\/ectp-ceu.eu\/?s={search_term_string}"},"query-input":{"@type":"PropertyValueSpecification","valueRequired":true,"valueName":"search_term_string"}}],"inLanguage":"fr-FR"},{"@type":"Organization","@id":"https:\/\/ectp-ceu.eu\/#organization","name":"ECTP-CEU","url":"https:\/\/ectp-ceu.eu\/","logo":{"@type":"ImageObject","inLanguage":"fr-FR","@id":"https:\/\/ectp-ceu.eu\/#\/schema\/logo\/image\/","url":"https:\/\/ectp-ceu.eu\/wp-content\/uploads\/2024\/07\/cropped-1392117979K7cUN6za2Hw29SX4.jpeg","contentUrl":"https:\/\/ectp-ceu.eu\/wp-content\/uploads\/2024\/07\/cropped-1392117979K7cUN6za2Hw29SX4.jpeg","width":928,"height":328,"caption":"ECTP-CEU"},"image":{"@id":"https:\/\/ectp-ceu.eu\/#\/schema\/logo\/image\/"}},{"@type":"Person","@id":"https:\/\/ectp-ceu.eu\/#\/schema\/person\/8bf89ed875f5ab3f3b35e54d7c3f816f","name":"dev","image":{"@type":"ImageObject","inLanguage":"fr-FR","@id":"https:\/\/secure.gravatar.com\/avatar\/f1ffcac9ca2fa95ad3ec33e9be3ade82f752acb0cabe541e56c5889225afa88a?s=96&d=mm&r=g","url":"https:\/\/secure.gravatar.com\/avatar\/f1ffcac9ca2fa95ad3ec33e9be3ade82f752acb0cabe541e56c5889225afa88a?s=96&d=mm&r=g","contentUrl":"https:\/\/secure.gravatar.com\/avatar\/f1ffcac9ca2fa95ad3ec33e9be3ade82f752acb0cabe541e56c5889225afa88a?s=96&d=mm&r=g","caption":"dev"},"sameAs":["https:\/\/ectp-ceu.eu"],"url":"https:\/\/ectp-ceu.eu\/fr\/author\/dev\/"}]}},"_links":{"self":[{"href":"https:\/\/ectp-ceu.eu\/fr\/wp-json\/wp\/v2\/posts\/2542","targetHints":{"allow":["GET"]}}],"collection":[{"href":"https:\/\/ectp-ceu.eu\/fr\/wp-json\/wp\/v2\/posts"}],"about":[{"href":"https:\/\/ectp-ceu.eu\/fr\/wp-json\/wp\/v2\/types\/post"}],"author":[{"embeddable":true,"href":"https:\/\/ectp-ceu.eu\/fr\/wp-json\/wp\/v2\/users\/1"}],"replies":[{"embeddable":true,"href":"https:\/\/ectp-ceu.eu\/fr\/wp-json\/wp\/v2\/comments?post=2542"}],"version-history":[{"count":1,"href":"https:\/\/ectp-ceu.eu\/fr\/wp-json\/wp\/v2\/posts\/2542\/revisions"}],"predecessor-version":[{"id":3216,"href":"https:\/\/ectp-ceu.eu\/fr\/wp-json\/wp\/v2\/posts\/2542\/revisions\/3216"}],"wp:featuredmedia":[{"embeddable":true,"href":"https:\/\/ectp-ceu.eu\/fr\/wp-json\/"}],"wp:attachment":[{"href":"https:\/\/ectp-ceu.eu\/fr\/wp-json\/wp\/v2\/media?parent=2542"}],"wp:term":[{"taxonomy":"category","embeddable":true,"href":"https:\/\/ectp-ceu.eu\/fr\/wp-json\/wp\/v2\/categories?post=2542"},{"taxonomy":"post_tag","embeddable":true,"href":"https:\/\/ectp-ceu.eu\/fr\/wp-json\/wp\/v2\/tags?post=2542"}],"curies":[{"name":"wp","href":"https:\/\/api.w.org\/{rel}","templated":true}]}}