{"id":277,"date":"2024-03-15T17:08:00","date_gmt":"2024-03-15T16:08:00","guid":{"rendered":"https:\/\/ectp-ceu.eu\/?p=277"},"modified":"2025-07-20T13:05:02","modified_gmt":"2025-07-20T11:05:02","slug":"aivp-prize-antoine-rufenacht","status":"publish","type":"post","link":"https:\/\/ectp-ceu.eu\/fr\/news\/aivp-prize-antoine-rufenacht\/","title":{"rendered":"Prix AIVP Antoine Rufenacht"},"content":{"rendered":"<div data-elementor-type=\"wp-post\" data-elementor-id=\"277\" class=\"elementor elementor-277\" data-elementor-post-type=\"post\">\n\t\t\t\t<div class=\"elementor-element elementor-element-2984d3c6 e-flex e-con-boxed e-con e-parent\" data-id=\"2984d3c6\" data-element_type=\"container\" data-e-type=\"container\">\n\t\t\t\t\t<div class=\"e-con-inner\">\n\t\t\t\t<div class=\"elementor-element elementor-element-6b3a12d9 elementor-widget elementor-widget-text-editor\" data-id=\"6b3a12d9\" data-element_type=\"widget\" data-e-type=\"widget\" data-widget_type=\"text-editor.default\">\n\t\t\t\t\t\t\t\t\t<p><strong>RECONNA\u00ceTRE LA CONCEPTION D'UNE VILLE PORTUAIRE DURABLE<\/strong><\/p>\n<p>Le prix AIVP Antoine Rufenacht<strong>&nbsp;est la seule reconnaissance internationale d\u00e9di\u00e9e aux villes portuaires qui ont r\u00e9alis\u00e9 un projet de d\u00e9veloppement exceptionnel&nbsp;<\/strong>qui contribue \u00e0 am\u00e9liorer les relations entre les villes portuaires<\/p>\n<p><strong><u>Qui peut poser sa candidature ?<\/u><\/strong>&nbsp;?<\/p>\n<p>Le prix AIVP Antoine Rufenacht est ouvert \u00e0&nbsp;<strong>les autorit\u00e9s portuaires et\/ou les autorit\u00e9s locales ou r\u00e9gionales<\/strong>&nbsp;des villes portuaires maritimes et fluviales, pour les membres et les non-membres de l'AIVP.<\/p>\n<p><strong><u>Pour \u00eatre \u00e9ligibles, les candidats doivent r\u00e9pondre aux crit\u00e8res suivants :<\/u><\/strong><\/p>\n<ol>\n<li><strong>Interface ville-port<\/strong><strong>:&nbsp;<\/strong>Le projet doit \u00eatre situ\u00e9 dans une zone d'interface ville-port et\/ou sur un ancien site portuaire.<\/li>\n<li><strong>Ach\u00e8vement :<\/strong><strong>&nbsp;<\/strong>Le projet doit avoir \u00e9t\u00e9 r\u00e9alis\u00e9 au cours des trois derni\u00e8res ann\u00e9es.<\/li>\n<li><strong>Promouvoir le d\u00e9veloppement mondial<\/strong><strong>:&nbsp;<\/strong>Le projet doit promouvoir une strat\u00e9gie globale de d\u00e9veloppement de la ville portuaire.<\/li>\n<li><strong>Le d\u00e9veloppement durable : <\/strong>Le projet doit s'inscrire dans le cadre des objectifs de d\u00e9veloppement durable d\u00e9finis par la Commission europ\u00e9enne.&nbsp;<a href=\"https:\/\/www.aivp.org\/en\/home\/acting-sustainably\/agenda-2030\/\" target=\"_blank\" rel=\"noreferrer noopener\">Agenda 2030 par l'AIVP.<\/a><\/li>\n<\/ol>\n<p><strong><u>Dates cl\u00e9s<\/u><\/strong><u><\/u><\/p>\n<ul>\n<li><strong>Du 11 mars au 23 juin 2024<\/strong>: Pr\u00e9paration et soumission des demandes ;<\/li>\n<li><strong>5 et 6 septembre 2024<\/strong>: R\u00e9union en personne du panel d'experts pour s\u00e9lectionner les projets finalistes ;<\/li>\n<li><strong>10 et 11 octobre 2024<\/strong>: R\u00e9union en personne du Grand Jury au Havre (France), entretien avec les finalistes, s\u00e9lection du laur\u00e9at ;<\/li>\n<li><strong>27, 28 et 29 novembre 2024<\/strong>: Annonce du laur\u00e9at et c\u00e9r\u00e9monie officielle de remise des prix lors de la Conf\u00e9rence mondiale de l'AIVP \u00e0 Lisbonne (Portugal)<\/li>\n<\/ul>\n<p><a href=\"https:\/\/aivp-rufenacht-prize.org\/en\/\">Pour plus d'informations&nbsp;<\/a><a href=\"https:\/\/aivp-rufenacht-prize.org\/en\/\" target=\"_blank\" rel=\"noreferrer noopener\">l'information<\/a><\/p>\n<p><a href=\"https:\/\/ectp-ceu.eu\/wp-content\/uploads\/2024\/03\/AIVPPrizeAntoineRufenacht_application_form_2024.pdf\" target=\"_blank\" rel=\"noreferrer noopener\">Prix AIVP Antoine Rufenacht Formulaire de candidature 2024<\/a><\/p>\n<p><a href=\"https:\/\/ectp-ceu.eu\/wp-content\/uploads\/2024\/03\/AIVP_PrizeAntoineRufenacht_TechnicalDocument_en.pdf\" target=\"_blank\" rel=\"noreferrer noopener\">Prix AIVP Antoine Rufenacht document technique<\/a><\/p>\n<p><\/p>\n<p><strong>Antoine Rufenacht,&nbsp;<\/strong>homme d'affaires et homme politique fran\u00e7ais tr\u00e8s respect\u00e9, a \u00e9t\u00e9 maire de la ville du Havre de 1995 \u00e0 2010. Il a \u00e9galement \u00e9t\u00e9 le pr\u00e9sident fondateur de l'AIVP de 1988 \u00e0 2002.&nbsp;<\/p><p>Il \u00e9tait avant tout un Havrais, un citoyen d\u00e9vou\u00e9 de cette ville portuaire fran\u00e7aise qui a connu d'\u00e9normes difficult\u00e9s pendant la Seconde Guerre mondiale.&nbsp;<\/p><p>Il a rapidement reconnu les liens entre l'influence d'une ville et l'attrait d'un port et a compris qu'il \u00e9tait mutuellement b\u00e9n\u00e9fique de transcender les fronti\u00e8res qui s\u00e9parent la ville et le port.&nbsp;<\/p><p>Tout ce qu'il a fait a \u00e9t\u00e9 guid\u00e9 par son approche visionnaire du d\u00e9veloppement, r\u00e9sultant d'une s\u00e9rie d'\u00e9tapes entrelac\u00e9es formant un ensemble coh\u00e9rent et indissociable, qui combine sa compr\u00e9hension de la mondialisation et du r\u00f4le des villes portuaires dans le monde, son ouverture d'esprit et ses ambitions pour Le Havre.&nbsp;<\/p><p>Ses efforts ont radicalement transform\u00e9 l'image et l'identit\u00e9 de sa ville.<\/p>\t\t\t\t\t\t\t\t<\/div>\n\t\t\t\t\t<\/div>\n\t\t\t\t<\/div>\n\t\t\t\t<\/div>","protected":false},"excerpt":{"rendered":"<p>RECOGNIZING SUSTAINABLE PORT CITY DESIGN The AIVP Prize Antoine Rufenacht\u00a0is the only international recognition dedicated to port cities that have carried out an outstanding development project\u00a0which contributes to improving port city relations Who can apply\u00a0? The AIVP Prize Antoine Rufenacht is open to\u00a0port authorities and\/or local or regional authorities\u00a0from maritime and river ports cities, for [&hellip;]<\/p>\n","protected":false},"author":1,"featured_media":777,"comment_status":"closed","ping_status":"closed","sticky":false,"template":"","format":"standard","meta":{"_acf_changed":false,"inline_featured_image":false,"footnotes":""},"categories":[6,77],"tags":[],"class_list":["post-277","post","type-post","status-publish","format-standard","has-post-thumbnail","hentry","category-news","category-partners"],"acf":[],"yoast_head":"<!-- This site is optimized with the Yoast SEO plugin v27.5 - https:\/\/yoast.com\/product\/yoast-seo-wordpress\/ -->\n<title>AIVP Prize Antoine Rufenacht - ECTP-CEU<\/title>\n<meta name=\"robots\" content=\"index, follow, max-snippet:-1, max-image-preview:large, max-video-preview:-1\" \/>\n<link rel=\"canonical\" href=\"https:\/\/ectp-ceu.eu\/fr\/news\/aivp-prize-antoine-rufenacht\/\" \/>\n<meta property=\"og:locale\" content=\"fr_FR\" \/>\n<meta property=\"og:type\" content=\"article\" \/>\n<meta property=\"og:title\" content=\"AIVP Prize Antoine Rufenacht - ECTP-CEU\" \/>\n<meta property=\"og:description\" content=\"RECOGNIZING SUSTAINABLE PORT CITY DESIGN The AIVP Prize Antoine Rufenacht\u00a0is the only international recognition dedicated to port cities that have carried out an outstanding development project\u00a0which contributes to improving port city relations Who can apply\u00a0? The AIVP Prize Antoine Rufenacht is open to\u00a0port authorities and\/or local or regional authorities\u00a0from maritime and river ports cities, for [&hellip;]\" \/>\n<meta property=\"og:url\" content=\"https:\/\/ectp-ceu.eu\/fr\/news\/aivp-prize-antoine-rufenacht\/\" \/>\n<meta property=\"og:site_name\" content=\"ECTP-CEU\" \/>\n<meta property=\"article:published_time\" content=\"2024-03-15T16:08:00+00:00\" \/>\n<meta property=\"article:modified_time\" content=\"2025-07-20T11:05:02+00:00\" \/>\n<meta property=\"og:image\" content=\"https:\/\/ectp-ceu.eu\/wp-content\/uploads\/2024\/07\/3.png\" \/>\n\t<meta property=\"og:image:width\" content=\"500\" \/>\n\t<meta property=\"og:image:height\" content=\"376\" \/>\n\t<meta property=\"og:image:type\" content=\"image\/png\" \/>\n<meta name=\"author\" content=\"dev\" \/>\n<meta name=\"twitter:card\" content=\"summary_large_image\" \/>\n<meta name=\"twitter:label1\" content=\"\u00c9crit par\" \/>\n\t<meta name=\"twitter:data1\" content=\"dev\" \/>\n\t<meta name=\"twitter:label2\" content=\"Dur\u00e9e de lecture estim\u00e9e\" \/>\n\t<meta name=\"twitter:data2\" content=\"2 minutes\" \/>\n<script type=\"application\/ld+json\" class=\"yoast-schema-graph\">{\"@context\":\"https:\\\/\\\/schema.org\",\"@graph\":[{\"@type\":\"Article\",\"@id\":\"https:\\\/\\\/ectp-ceu.eu\\\/news\\\/aivp-prize-antoine-rufenacht\\\/#article\",\"isPartOf\":{\"@id\":\"https:\\\/\\\/ectp-ceu.eu\\\/news\\\/aivp-prize-antoine-rufenacht\\\/\"},\"author\":{\"name\":\"dev\",\"@id\":\"https:\\\/\\\/ectp-ceu.eu\\\/#\\\/schema\\\/person\\\/8bf89ed875f5ab3f3b35e54d7c3f816f\"},\"headline\":\"AIVP Prize Antoine Rufenacht\",\"datePublished\":\"2024-03-15T16:08:00+00:00\",\"dateModified\":\"2025-07-20T11:05:02+00:00\",\"mainEntityOfPage\":{\"@id\":\"https:\\\/\\\/ectp-ceu.eu\\\/news\\\/aivp-prize-antoine-rufenacht\\\/\"},\"wordCount\":387,\"publisher\":{\"@id\":\"https:\\\/\\\/ectp-ceu.eu\\\/#organization\"},\"image\":{\"@id\":\"https:\\\/\\\/ectp-ceu.eu\\\/news\\\/aivp-prize-antoine-rufenacht\\\/#primaryimage\"},\"thumbnailUrl\":\"https:\\\/\\\/ectp-ceu.eu\\\/wp-content\\\/uploads\\\/2024\\\/07\\\/3.png\",\"articleSection\":[\"News\",\"Partners\"],\"inLanguage\":\"fr-FR\"},{\"@type\":\"WebPage\",\"@id\":\"https:\\\/\\\/ectp-ceu.eu\\\/news\\\/aivp-prize-antoine-rufenacht\\\/\",\"url\":\"https:\\\/\\\/ectp-ceu.eu\\\/news\\\/aivp-prize-antoine-rufenacht\\\/\",\"name\":\"AIVP Prize Antoine Rufenacht - ECTP-CEU\",\"isPartOf\":{\"@id\":\"https:\\\/\\\/ectp-ceu.eu\\\/#website\"},\"primaryImageOfPage\":{\"@id\":\"https:\\\/\\\/ectp-ceu.eu\\\/news\\\/aivp-prize-antoine-rufenacht\\\/#primaryimage\"},\"image\":{\"@id\":\"https:\\\/\\\/ectp-ceu.eu\\\/news\\\/aivp-prize-antoine-rufenacht\\\/#primaryimage\"},\"thumbnailUrl\":\"https:\\\/\\\/ectp-ceu.eu\\\/wp-content\\\/uploads\\\/2024\\\/07\\\/3.png\",\"datePublished\":\"2024-03-15T16:08:00+00:00\",\"dateModified\":\"2025-07-20T11:05:02+00:00\",\"breadcrumb\":{\"@id\":\"https:\\\/\\\/ectp-ceu.eu\\\/news\\\/aivp-prize-antoine-rufenacht\\\/#breadcrumb\"},\"inLanguage\":\"fr-FR\",\"potentialAction\":[{\"@type\":\"ReadAction\",\"target\":[\"https:\\\/\\\/ectp-ceu.eu\\\/news\\\/aivp-prize-antoine-rufenacht\\\/\"]}]},{\"@type\":\"ImageObject\",\"inLanguage\":\"fr-FR\",\"@id\":\"https:\\\/\\\/ectp-ceu.eu\\\/news\\\/aivp-prize-antoine-rufenacht\\\/#primaryimage\",\"url\":\"https:\\\/\\\/ectp-ceu.eu\\\/wp-content\\\/uploads\\\/2024\\\/07\\\/3.png\",\"contentUrl\":\"https:\\\/\\\/ectp-ceu.eu\\\/wp-content\\\/uploads\\\/2024\\\/07\\\/3.png\",\"width\":500,\"height\":376},{\"@type\":\"BreadcrumbList\",\"@id\":\"https:\\\/\\\/ectp-ceu.eu\\\/news\\\/aivp-prize-antoine-rufenacht\\\/#breadcrumb\",\"itemListElement\":[{\"@type\":\"ListItem\",\"position\":1,\"name\":\"HOME\",\"item\":\"https:\\\/\\\/ectp-ceu.eu\\\/\"},{\"@type\":\"ListItem\",\"position\":2,\"name\":\"News\",\"item\":\"https:\\\/\\\/ectp-ceu.eu\\\/category\\\/news\\\/\"},{\"@type\":\"ListItem\",\"position\":3,\"name\":\"Partners\",\"item\":\"https:\\\/\\\/ectp-ceu.eu\\\/category\\\/news\\\/partners\\\/\"},{\"@type\":\"ListItem\",\"position\":4,\"name\":\"AIVP Prize Antoine Rufenacht\"}]},{\"@type\":\"WebSite\",\"@id\":\"https:\\\/\\\/ectp-ceu.eu\\\/#website\",\"url\":\"https:\\\/\\\/ectp-ceu.eu\\\/\",\"name\":\"ECTP-CEU\",\"description\":\"European Council of Spatial Planners \u2013 Conseil Europ\u00e9en des Urbanistes\",\"publisher\":{\"@id\":\"https:\\\/\\\/ectp-ceu.eu\\\/#organization\"},\"potentialAction\":[{\"@type\":\"SearchAction\",\"target\":{\"@type\":\"EntryPoint\",\"urlTemplate\":\"https:\\\/\\\/ectp-ceu.eu\\\/?s={search_term_string}\"},\"query-input\":{\"@type\":\"PropertyValueSpecification\",\"valueRequired\":true,\"valueName\":\"search_term_string\"}}],\"inLanguage\":\"fr-FR\"},{\"@type\":\"Organization\",\"@id\":\"https:\\\/\\\/ectp-ceu.eu\\\/#organization\",\"name\":\"ECTP-CEU\",\"url\":\"https:\\\/\\\/ectp-ceu.eu\\\/\",\"logo\":{\"@type\":\"ImageObject\",\"inLanguage\":\"fr-FR\",\"@id\":\"https:\\\/\\\/ectp-ceu.eu\\\/#\\\/schema\\\/logo\\\/image\\\/\",\"url\":\"https:\\\/\\\/ectp-ceu.eu\\\/wp-content\\\/uploads\\\/2024\\\/07\\\/cropped-1392117979K7cUN6za2Hw29SX4.jpeg\",\"contentUrl\":\"https:\\\/\\\/ectp-ceu.eu\\\/wp-content\\\/uploads\\\/2024\\\/07\\\/cropped-1392117979K7cUN6za2Hw29SX4.jpeg\",\"width\":928,\"height\":328,\"caption\":\"ECTP-CEU\"},\"image\":{\"@id\":\"https:\\\/\\\/ectp-ceu.eu\\\/#\\\/schema\\\/logo\\\/image\\\/\"}},{\"@type\":\"Person\",\"@id\":\"https:\\\/\\\/ectp-ceu.eu\\\/#\\\/schema\\\/person\\\/8bf89ed875f5ab3f3b35e54d7c3f816f\",\"name\":\"dev\",\"image\":{\"@type\":\"ImageObject\",\"inLanguage\":\"fr-FR\",\"@id\":\"https:\\\/\\\/secure.gravatar.com\\\/avatar\\\/f1ffcac9ca2fa95ad3ec33e9be3ade82f752acb0cabe541e56c5889225afa88a?s=96&d=mm&r=g\",\"url\":\"https:\\\/\\\/secure.gravatar.com\\\/avatar\\\/f1ffcac9ca2fa95ad3ec33e9be3ade82f752acb0cabe541e56c5889225afa88a?s=96&d=mm&r=g\",\"contentUrl\":\"https:\\\/\\\/secure.gravatar.com\\\/avatar\\\/f1ffcac9ca2fa95ad3ec33e9be3ade82f752acb0cabe541e56c5889225afa88a?s=96&d=mm&r=g\",\"caption\":\"dev\"},\"sameAs\":[\"https:\\\/\\\/ectp-ceu.eu\"],\"url\":\"https:\\\/\\\/ectp-ceu.eu\\\/fr\\\/author\\\/dev\\\/\"}]}<\/script>\n<!-- \/ Yoast SEO plugin. -->","yoast_head_json":{"title":"AIVP Prize Antoine Rufenacht - ECTP-CEU","robots":{"index":"index","follow":"follow","max-snippet":"max-snippet:-1","max-image-preview":"max-image-preview:large","max-video-preview":"max-video-preview:-1"},"canonical":"https:\/\/ectp-ceu.eu\/fr\/news\/aivp-prize-antoine-rufenacht\/","og_locale":"fr_FR","og_type":"article","og_title":"AIVP Prize Antoine Rufenacht - ECTP-CEU","og_description":"RECOGNIZING SUSTAINABLE PORT CITY DESIGN The AIVP Prize Antoine Rufenacht\u00a0is the only international recognition dedicated to port cities that have carried out an outstanding development project\u00a0which contributes to improving port city relations Who can apply\u00a0? The AIVP Prize Antoine Rufenacht is open to\u00a0port authorities and\/or local or regional authorities\u00a0from maritime and river ports cities, for [&hellip;]","og_url":"https:\/\/ectp-ceu.eu\/fr\/news\/aivp-prize-antoine-rufenacht\/","og_site_name":"ECTP-CEU","article_published_time":"2024-03-15T16:08:00+00:00","article_modified_time":"2025-07-20T11:05:02+00:00","og_image":[{"width":500,"height":376,"url":"https:\/\/ectp-ceu.eu\/wp-content\/uploads\/2024\/07\/3.png","type":"image\/png"}],"author":"dev","twitter_card":"summary_large_image","twitter_misc":{"\u00c9crit par":"dev","Dur\u00e9e de lecture estim\u00e9e":"2 minutes"},"schema":{"@context":"https:\/\/schema.org","@graph":[{"@type":"Article","@id":"https:\/\/ectp-ceu.eu\/news\/aivp-prize-antoine-rufenacht\/#article","isPartOf":{"@id":"https:\/\/ectp-ceu.eu\/news\/aivp-prize-antoine-rufenacht\/"},"author":{"name":"dev","@id":"https:\/\/ectp-ceu.eu\/#\/schema\/person\/8bf89ed875f5ab3f3b35e54d7c3f816f"},"headline":"AIVP Prize Antoine Rufenacht","datePublished":"2024-03-15T16:08:00+00:00","dateModified":"2025-07-20T11:05:02+00:00","mainEntityOfPage":{"@id":"https:\/\/ectp-ceu.eu\/news\/aivp-prize-antoine-rufenacht\/"},"wordCount":387,"publisher":{"@id":"https:\/\/ectp-ceu.eu\/#organization"},"image":{"@id":"https:\/\/ectp-ceu.eu\/news\/aivp-prize-antoine-rufenacht\/#primaryimage"},"thumbnailUrl":"https:\/\/ectp-ceu.eu\/wp-content\/uploads\/2024\/07\/3.png","articleSection":["News","Partners"],"inLanguage":"fr-FR"},{"@type":"WebPage","@id":"https:\/\/ectp-ceu.eu\/news\/aivp-prize-antoine-rufenacht\/","url":"https:\/\/ectp-ceu.eu\/news\/aivp-prize-antoine-rufenacht\/","name":"AIVP Prize Antoine Rufenacht - ECTP-CEU","isPartOf":{"@id":"https:\/\/ectp-ceu.eu\/#website"},"primaryImageOfPage":{"@id":"https:\/\/ectp-ceu.eu\/news\/aivp-prize-antoine-rufenacht\/#primaryimage"},"image":{"@id":"https:\/\/ectp-ceu.eu\/news\/aivp-prize-antoine-rufenacht\/#primaryimage"},"thumbnailUrl":"https:\/\/ectp-ceu.eu\/wp-content\/uploads\/2024\/07\/3.png","datePublished":"2024-03-15T16:08:00+00:00","dateModified":"2025-07-20T11:05:02+00:00","breadcrumb":{"@id":"https:\/\/ectp-ceu.eu\/news\/aivp-prize-antoine-rufenacht\/#breadcrumb"},"inLanguage":"fr-FR","potentialAction":[{"@type":"ReadAction","target":["https:\/\/ectp-ceu.eu\/news\/aivp-prize-antoine-rufenacht\/"]}]},{"@type":"ImageObject","inLanguage":"fr-FR","@id":"https:\/\/ectp-ceu.eu\/news\/aivp-prize-antoine-rufenacht\/#primaryimage","url":"https:\/\/ectp-ceu.eu\/wp-content\/uploads\/2024\/07\/3.png","contentUrl":"https:\/\/ectp-ceu.eu\/wp-content\/uploads\/2024\/07\/3.png","width":500,"height":376},{"@type":"BreadcrumbList","@id":"https:\/\/ectp-ceu.eu\/news\/aivp-prize-antoine-rufenacht\/#breadcrumb","itemListElement":[{"@type":"ListItem","position":1,"name":"HOME","item":"https:\/\/ectp-ceu.eu\/"},{"@type":"ListItem","position":2,"name":"News","item":"https:\/\/ectp-ceu.eu\/category\/news\/"},{"@type":"ListItem","position":3,"name":"Partners","item":"https:\/\/ectp-ceu.eu\/category\/news\/partners\/"},{"@type":"ListItem","position":4,"name":"AIVP Prize Antoine Rufenacht"}]},{"@type":"WebSite","@id":"https:\/\/ectp-ceu.eu\/#website","url":"https:\/\/ectp-ceu.eu\/","name":"ECTP-CEU","description":"European Council of Spatial Planners \u2013 Conseil Europ\u00e9en des Urbanistes","publisher":{"@id":"https:\/\/ectp-ceu.eu\/#organization"},"potentialAction":[{"@type":"SearchAction","target":{"@type":"EntryPoint","urlTemplate":"https:\/\/ectp-ceu.eu\/?s={search_term_string}"},"query-input":{"@type":"PropertyValueSpecification","valueRequired":true,"valueName":"search_term_string"}}],"inLanguage":"fr-FR"},{"@type":"Organization","@id":"https:\/\/ectp-ceu.eu\/#organization","name":"ECTP-CEU","url":"https:\/\/ectp-ceu.eu\/","logo":{"@type":"ImageObject","inLanguage":"fr-FR","@id":"https:\/\/ectp-ceu.eu\/#\/schema\/logo\/image\/","url":"https:\/\/ectp-ceu.eu\/wp-content\/uploads\/2024\/07\/cropped-1392117979K7cUN6za2Hw29SX4.jpeg","contentUrl":"https:\/\/ectp-ceu.eu\/wp-content\/uploads\/2024\/07\/cropped-1392117979K7cUN6za2Hw29SX4.jpeg","width":928,"height":328,"caption":"ECTP-CEU"},"image":{"@id":"https:\/\/ectp-ceu.eu\/#\/schema\/logo\/image\/"}},{"@type":"Person","@id":"https:\/\/ectp-ceu.eu\/#\/schema\/person\/8bf89ed875f5ab3f3b35e54d7c3f816f","name":"dev","image":{"@type":"ImageObject","inLanguage":"fr-FR","@id":"https:\/\/secure.gravatar.com\/avatar\/f1ffcac9ca2fa95ad3ec33e9be3ade82f752acb0cabe541e56c5889225afa88a?s=96&d=mm&r=g","url":"https:\/\/secure.gravatar.com\/avatar\/f1ffcac9ca2fa95ad3ec33e9be3ade82f752acb0cabe541e56c5889225afa88a?s=96&d=mm&r=g","contentUrl":"https:\/\/secure.gravatar.com\/avatar\/f1ffcac9ca2fa95ad3ec33e9be3ade82f752acb0cabe541e56c5889225afa88a?s=96&d=mm&r=g","caption":"dev"},"sameAs":["https:\/\/ectp-ceu.eu"],"url":"https:\/\/ectp-ceu.eu\/fr\/author\/dev\/"}]}},"_links":{"self":[{"href":"https:\/\/ectp-ceu.eu\/fr\/wp-json\/wp\/v2\/posts\/277","targetHints":{"allow":["GET"]}}],"collection":[{"href":"https:\/\/ectp-ceu.eu\/fr\/wp-json\/wp\/v2\/posts"}],"about":[{"href":"https:\/\/ectp-ceu.eu\/fr\/wp-json\/wp\/v2\/types\/post"}],"author":[{"embeddable":true,"href":"https:\/\/ectp-ceu.eu\/fr\/wp-json\/wp\/v2\/users\/1"}],"replies":[{"embeddable":true,"href":"https:\/\/ectp-ceu.eu\/fr\/wp-json\/wp\/v2\/comments?post=277"}],"version-history":[{"count":5,"href":"https:\/\/ectp-ceu.eu\/fr\/wp-json\/wp\/v2\/posts\/277\/revisions"}],"predecessor-version":[{"id":2140,"href":"https:\/\/ectp-ceu.eu\/fr\/wp-json\/wp\/v2\/posts\/277\/revisions\/2140"}],"wp:featuredmedia":[{"embeddable":true,"href":"https:\/\/ectp-ceu.eu\/fr\/wp-json\/wp\/v2\/media\/777"}],"wp:attachment":[{"href":"https:\/\/ectp-ceu.eu\/fr\/wp-json\/wp\/v2\/media?parent=277"}],"wp:term":[{"taxonomy":"category","embeddable":true,"href":"https:\/\/ectp-ceu.eu\/fr\/wp-json\/wp\/v2\/categories?post=277"},{"taxonomy":"post_tag","embeddable":true,"href":"https:\/\/ectp-ceu.eu\/fr\/wp-json\/wp\/v2\/tags?post=277"}],"curies":[{"name":"wp","href":"https:\/\/api.w.org\/{rel}","templated":true}]}}