{"id":2990,"date":"2023-11-04T09:10:17","date_gmt":"2023-11-04T09:10:17","guid":{"rendered":"https:\/\/ectp-ceu.eu\/?p=2990"},"modified":"2025-07-20T13:07:51","modified_gmt":"2025-07-20T11:07:51","slug":"74th-world-town-planning-day-statement","status":"publish","type":"post","link":"https:\/\/ectp-ceu.eu\/fr\/news\/74th-world-town-planning-day-statement\/","title":{"rendered":"74\u00e8me journ\u00e9e mondiale de l'urbanisme D\u00e9claration"},"content":{"rendered":"<figure class=\"wp-block-image size-full is-resized\"><img fetchpriority=\"high\" decoding=\"async\" width=\"648\" height=\"141\" class=\"wp-image-3002\" style=\"aspect-ratio: 4.595744680851064; width: 836px; height: auto;\" src=\"https:\/\/ectp-ceu.eu\/wp-content\/uploads\/2023\/11\/Selection_007.png\" alt=\"\" srcset=\"https:\/\/ectp-ceu.eu\/wp-content\/uploads\/2023\/11\/Selection_007.png 648w, https:\/\/ectp-ceu.eu\/wp-content\/uploads\/2023\/11\/Selection_007-300x65.png 300w, https:\/\/ectp-ceu.eu\/wp-content\/uploads\/2023\/11\/Selection_007-18x4.png 18w\" sizes=\"(max-width: 648px) 100vw, 648px\" \/><\/figure>\r\n\r\n\r\n\r\n<p>&nbsp;<\/p>\r\n\r\n\r\n\r\n<p>74\u00e8me journ\u00e9e mondiale de l'urbanisme D\u00e9claration<\/p>\r\n\r\n\r\n\r\n<figure class=\"wp-block-table\">\r\n<table>\r\n<tbody>\r\n<tr>\r\n<td><strong>PLANIFIER L'ACTION POUR UNE<br \/>TRANSITION VERS UN ENVIRONNEMENT NET-Z\u00c9RO<br \/>UN MONDE R\u00c9SILIENT AU CHANGEMENT CLIMATIQUE<\/strong><br \/><br \/>Chaque personne et chaque communaut\u00e9 dans le monde<br \/>est aujourd'hui menac\u00e9e par l'aggravation du climat<br \/>et de la biodiversit\u00e9, aggrav\u00e9e par<br \/>conflits, les pressions d\u00e9mographiques et<br \/>d'autres changements soci\u00e9taux, et la poursuite de la<br \/>l'h\u00e9ritage de la pand\u00e9mie.<br \/><br \/><strong>Le r\u00e9seau mondial des planificateurs (GPN)<\/strong>-Le<br \/>le plus grand rassemblement d'experts nationaux et internationaux<br \/>associations de planification - appel a l'action urgente<br \/>d'arr\u00eater toute nouvelle d\u00e9gradation irr\u00e9versible de l'environnement<br \/>le monde naturel et les effets n\u00e9fastes sur<br \/><strong>communaut\u00e9s<\/strong> globalement avant la fen\u00eatre pour les<br \/>l'action se termine.<br \/><br \/>Suite \u00e0 notre d\u00e9claration de Katowice en juin<br \/>2022, nous r\u00e9affirmons qu'il ne peut pas y avoir de<br \/>le d\u00e9veloppement durable sans<br \/><strong>l'urbanisation durable <\/strong>et non<br \/>l'urbanisation durable sans <strong>efficace<\/strong><br \/><strong>planification<\/strong>. Une planification efficace, cependant,<br \/>n\u00e9cessite un soutien politique, financier et<br \/>l'investissement dans les ressources humaines et l'authenticit\u00e9<br \/>l'autonomisation et l'engagement des communaut\u00e9s.<br \/><br \/>En tant que planificateurs, nous appelons les nations et les villes \u00e0<br \/>mettre en \u0153uvre de toute urgence des mesures ambitieuses et inclusives en faveur de l'emploi<br \/>des mesures climatiques pour renforcer <strong>r\u00e9silience<\/strong>,<br \/>soutenir un <strong>une simple transition<\/strong> \u00e0 un <strong>z\u00e9ro net<br \/>\u00e9conomie<\/strong>et de r\u00e9pondre plus rapidement aux besoins de l'entreprise.<br \/><strong>Accord de Paris<\/strong>. Les plans doivent \u00eatre bas\u00e9s sur<br \/>des syst\u00e8mes de transport plus durables,<br \/>une meilleure qualit\u00e9 de l'air, une plus grande protection de nos<br \/>des environnements naturels, moins de pauvret\u00e9 et<br \/>r\u00e9duction de la consommation de ressources, d'\u00e9nergie<br \/>et des produits et aliments non biologiques.<br \/><br \/>Pour ce faire, nous plaidons en faveur d'une meilleure<br \/>humaines et techniques <strong>des ressources pour<br \/>planification<\/strong> institutions et fonctions et pour <br \/>des gouvernements infranationaux plus forts pour g\u00e9rer<br \/>l'am\u00e9nagement du territoire afin que les autorit\u00e9s locales et nationales<br \/>peuvent \u00eatre rapidement align\u00e9s sur les objectifs de l'Union europ\u00e9enne.<br \/>Les nations <strong>Objectifs de d\u00e9veloppement durable<\/strong><br \/>et le <strong>Nouvel agenda urbain.<\/strong><br \/><br \/><\/td>\r\n<td>Il s'agit de repenser la planification de mani\u00e8re \u00e0 ce que les<br \/>le\u00e7ons tir\u00e9es sur les limites de la croissance sur un<br \/>La plan\u00e8te aux ressources limit\u00e9es peut \u00eatre partag\u00e9e par<br \/>soci\u00e9t\u00e9. L'adoption d'un <strong>nature<\/strong> et <strong>bas\u00e9 sur le lieu<\/strong><br \/><strong>approche<\/strong> \u00e0 l'urgence climatique et<br \/>la lutte contre les in\u00e9galit\u00e9s n\u00e9cessite <strong>collaboration<\/strong><br \/>dans le domaine de la planification et des professions connexes, de l'\u00e9ducation civique et de la formation professionnelle.<br \/>la soci\u00e9t\u00e9 et le secteur priv\u00e9. Il s'agit \u00e9galement de<br \/>n\u00e9cessite une approche flexible pour favoriser<br \/><strong>l'innovation, l'apprentissage et l'adaptation.<\/strong><br \/><br \/>Pour ce faire, il sera essentiel de cr\u00e9er <strong>capacit\u00e9<\/strong> pour permettre<br \/>pour \u00eatre efficace, <strong>strat\u00e9gique et participative<br \/>planification<\/strong> aux niveaux r\u00e9gional et national.<br \/>Il sera \u00e9galement important d'aborder les questions suivantes<br \/>in\u00e9galit\u00e9s et inclure les voix de ceux qui<br \/>les plus menac\u00e9s par l'urgence climatique en<br \/>nos plans. La planification peut \u00e9galement coordonner<br \/>des investissements dans les infrastructures afin d'aider \u00e0 orienter les investissements de l'UE vers les pays en voie de d\u00e9veloppement.<br \/>o\u00f9 et quoi nous construisons, comment nous le faisons, et<br \/>la fa\u00e7on dont nous nous d\u00e9pla\u00e7ons.<br \/><br \/><strong>Villes-r\u00e9gions<\/strong> se situent \u00e0 l'avant-garde de l'actualit\u00e9<br \/>urgences. Utiliser une planification efficace<br \/>Les approches qui les traversent peuvent jouer un r\u00f4le important dans la mise en \u0153uvre de la politique de l'UE en la mati\u00e8re.<br \/>un r\u00f4le important dans la r\u00e9solution des probl\u00e8mes<br \/>du changement climatique. Les gouvernements locaux, en<br \/>en raison de leurs relations \u00e9troites avec<br \/>les entreprises, les r\u00e9sidents et les institutions, ainsi que<br \/>de nouvelles politiques \u00e0 mettre en \u0153uvre.<br \/>rapidement en r\u00e9ponse \u00e0 des demandes pressantes<br \/>sociale, environnementale et \u00e9conomique<br \/>les d\u00e9fis. Travailler ensemble dans des domaines plus vastes,<br \/>ils peuvent apporter une action suppl\u00e9mentaire puissante \u00e0<br \/>de relever efficacement ces d\u00e9fis.<br \/><br \/><strong>Fonctions de planification locale<\/strong> sont essentiels pour<br \/>mobilisation des ressources, redistribution des terres<br \/>et de la valeur ajout\u00e9e, et d'offrir des services v\u00e9ritablement inclusifs \u00e0 la population.<br \/><strong>des solutions adapt\u00e9es au lieu<\/strong> pour le climat<br \/><strong>adaptation<\/strong> et <strong>att\u00e9nuation<\/strong> qui<br \/>les communaut\u00e9s peuvent influencer, coproduire et s'approprier. <br \/>C'est \u00e9galement essentiel pour un d\u00e9veloppement durable de l'\u00e9conomie.<br \/><strong>rural<\/strong> d\u00e9veloppement.<br \/><br \/>Les responsables de la planification globale sont fermement convaincus que<br \/>R\u00e9seau de planificateurs dans le monde entier<br \/>ont les comp\u00e9tences, le talent, le d\u00e9sir et la volont\u00e9 uniques<br \/>l'engagement de s'attaquer \u00e0 la crise mondiale que nous connaissons aujourd'hui<br \/>face. Les planificateurs sont pr\u00eats \u00e0 jouer leur r\u00f4le<br \/>pour exploiter les changements transformateurs en vue d'une<br \/>un avenir meilleur, plus \u00e9quitable et plus durable.<\/td>\r\n<\/tr>\r\n<\/tbody>\r\n<\/table>\r\n<\/figure>\r\n\r\n\r\n\r\n<p>&nbsp;<\/p>\r\n\r\n\r\n\r\n<figure class=\"wp-block-pullquote\">\r\n<blockquote>\r\n<p><strong>Planification urbaine mondiale <\/strong>La journ\u00e9e a lieu tous les 8 novembre et rassemble les planificateurs et les communaut\u00e9s.<br \/>c\u00e9l\u00e9brer la fa\u00e7on dont une bonne planification am\u00e9liore la vie des gens et profite \u00e0 la soci\u00e9t\u00e9 dans son ensemble, en cr\u00e9ant des lieux<br \/>pour vivre, travailler et se divertir. Le professeur argentin Carlos Mar\u00eda della Paolera a lanc\u00e9 la Journ\u00e9e mondiale de l'urbanisme.<br \/>\u00e0 Buenos Aires en 1949, et aujourd'hui, des planificateurs de plus de 30 pays c\u00e9l\u00e8brent l'\u00e9v\u00e9nement en organisant des conf\u00e9rences,<br \/>les concours scolaires, les collectes de fonds, les \u00e9v\u00e9nements caritatifs, les prix de planification et les festivals de rue.<\/p>\r\n<\/blockquote>\r\n<\/figure>\r\n\r\n\r\n\r\n<p>&nbsp;<\/p>\r\n\r\n\r\n\r\n<p>&nbsp;<\/p>\r\n\r\n\r\n\r\n<p>&nbsp;<\/p>","protected":false},"excerpt":{"rendered":"<p>&nbsp; 74th World Town Planning Day Statement PLANNING ACTION FOR A JUSTTRANSITION TO A NET-ZEROCLIMATE RESILIENT WORLD Every person and community in the worldtoday is threatened by a deepening climateand biodiversity emergency, compounded byconflicts, the pressures of demographic andother societal change, and the continuinglegacy of the pandemic. The Global Planners Network (GPN)\u2013thelargest gathering of national [&hellip;]<\/p>\n","protected":false},"author":1,"featured_media":3836,"comment_status":"closed","ping_status":"open","sticky":false,"template":"","format":"standard","meta":{"_acf_changed":false,"inline_featured_image":false,"footnotes":""},"categories":[6,77],"tags":[],"class_list":["post-2990","post","type-post","status-publish","format-standard","has-post-thumbnail","hentry","category-news","category-partners"],"acf":[],"yoast_head":"<!-- This site is optimized with the Yoast SEO plugin v27.5 - https:\/\/yoast.com\/product\/yoast-seo-wordpress\/ -->\n<title>74th World Town Planning Day Statement - ECTP-CEU<\/title>\n<meta name=\"robots\" content=\"index, follow, max-snippet:-1, max-image-preview:large, max-video-preview:-1\" \/>\n<link rel=\"canonical\" href=\"https:\/\/ectp-ceu.eu\/fr\/news\/74th-world-town-planning-day-statement\/\" \/>\n<meta property=\"og:locale\" content=\"fr_FR\" \/>\n<meta property=\"og:type\" content=\"article\" \/>\n<meta property=\"og:title\" content=\"74th World Town Planning Day Statement - ECTP-CEU\" \/>\n<meta property=\"og:description\" content=\"&nbsp; 74th World Town Planning Day Statement PLANNING ACTION FOR A JUSTTRANSITION TO A NET-ZEROCLIMATE RESILIENT WORLD Every person and community in the worldtoday is threatened by a deepening climateand biodiversity emergency, compounded byconflicts, the pressures of demographic andother societal change, and the continuinglegacy of the pandemic. The Global Planners Network (GPN)\u2013thelargest gathering of national [&hellip;]\" \/>\n<meta property=\"og:url\" content=\"https:\/\/ectp-ceu.eu\/fr\/news\/74th-world-town-planning-day-statement\/\" \/>\n<meta property=\"og:site_name\" content=\"ECTP-CEU\" \/>\n<meta property=\"article:published_time\" content=\"2023-11-04T09:10:17+00:00\" \/>\n<meta property=\"article:modified_time\" content=\"2025-07-20T11:07:51+00:00\" \/>\n<meta property=\"og:image\" content=\"https:\/\/ectp-ceu.eu\/wp-content\/uploads\/2023\/11\/Logos-2.png\" \/>\n\t<meta property=\"og:image:width\" content=\"330\" \/>\n\t<meta property=\"og:image:height\" content=\"170\" \/>\n\t<meta property=\"og:image:type\" content=\"image\/png\" \/>\n<meta name=\"author\" content=\"dev\" \/>\n<meta name=\"twitter:card\" content=\"summary_large_image\" \/>\n<meta name=\"twitter:label1\" content=\"\u00c9crit par\" \/>\n\t<meta name=\"twitter:data1\" content=\"dev\" \/>\n\t<meta name=\"twitter:label2\" content=\"Dur\u00e9e de lecture estim\u00e9e\" \/>\n\t<meta name=\"twitter:data2\" content=\"3 minutes\" \/>\n<script type=\"application\/ld+json\" class=\"yoast-schema-graph\">{\"@context\":\"https:\\\/\\\/schema.org\",\"@graph\":[{\"@type\":\"Article\",\"@id\":\"https:\\\/\\\/ectp-ceu.eu\\\/news\\\/74th-world-town-planning-day-statement\\\/#article\",\"isPartOf\":{\"@id\":\"https:\\\/\\\/ectp-ceu.eu\\\/news\\\/74th-world-town-planning-day-statement\\\/\"},\"author\":{\"name\":\"dev\",\"@id\":\"https:\\\/\\\/ectp-ceu.eu\\\/#\\\/schema\\\/person\\\/8bf89ed875f5ab3f3b35e54d7c3f816f\"},\"headline\":\"74th World Town Planning Day Statement\",\"datePublished\":\"2023-11-04T09:10:17+00:00\",\"dateModified\":\"2025-07-20T11:07:51+00:00\",\"mainEntityOfPage\":{\"@id\":\"https:\\\/\\\/ectp-ceu.eu\\\/news\\\/74th-world-town-planning-day-statement\\\/\"},\"wordCount\":560,\"publisher\":{\"@id\":\"https:\\\/\\\/ectp-ceu.eu\\\/#organization\"},\"image\":{\"@id\":\"https:\\\/\\\/ectp-ceu.eu\\\/news\\\/74th-world-town-planning-day-statement\\\/#primaryimage\"},\"thumbnailUrl\":\"https:\\\/\\\/ectp-ceu.eu\\\/wp-content\\\/uploads\\\/2023\\\/11\\\/Logos-2.png\",\"articleSection\":[\"News\",\"Partners\"],\"inLanguage\":\"fr-FR\"},{\"@type\":\"WebPage\",\"@id\":\"https:\\\/\\\/ectp-ceu.eu\\\/news\\\/74th-world-town-planning-day-statement\\\/\",\"url\":\"https:\\\/\\\/ectp-ceu.eu\\\/news\\\/74th-world-town-planning-day-statement\\\/\",\"name\":\"74th World Town Planning Day Statement - ECTP-CEU\",\"isPartOf\":{\"@id\":\"https:\\\/\\\/ectp-ceu.eu\\\/#website\"},\"primaryImageOfPage\":{\"@id\":\"https:\\\/\\\/ectp-ceu.eu\\\/news\\\/74th-world-town-planning-day-statement\\\/#primaryimage\"},\"image\":{\"@id\":\"https:\\\/\\\/ectp-ceu.eu\\\/news\\\/74th-world-town-planning-day-statement\\\/#primaryimage\"},\"thumbnailUrl\":\"https:\\\/\\\/ectp-ceu.eu\\\/wp-content\\\/uploads\\\/2023\\\/11\\\/Logos-2.png\",\"datePublished\":\"2023-11-04T09:10:17+00:00\",\"dateModified\":\"2025-07-20T11:07:51+00:00\",\"breadcrumb\":{\"@id\":\"https:\\\/\\\/ectp-ceu.eu\\\/news\\\/74th-world-town-planning-day-statement\\\/#breadcrumb\"},\"inLanguage\":\"fr-FR\",\"potentialAction\":[{\"@type\":\"ReadAction\",\"target\":[\"https:\\\/\\\/ectp-ceu.eu\\\/news\\\/74th-world-town-planning-day-statement\\\/\"]}]},{\"@type\":\"ImageObject\",\"inLanguage\":\"fr-FR\",\"@id\":\"https:\\\/\\\/ectp-ceu.eu\\\/news\\\/74th-world-town-planning-day-statement\\\/#primaryimage\",\"url\":\"https:\\\/\\\/ectp-ceu.eu\\\/wp-content\\\/uploads\\\/2023\\\/11\\\/Logos-2.png\",\"contentUrl\":\"https:\\\/\\\/ectp-ceu.eu\\\/wp-content\\\/uploads\\\/2023\\\/11\\\/Logos-2.png\",\"width\":330,\"height\":170},{\"@type\":\"BreadcrumbList\",\"@id\":\"https:\\\/\\\/ectp-ceu.eu\\\/news\\\/74th-world-town-planning-day-statement\\\/#breadcrumb\",\"itemListElement\":[{\"@type\":\"ListItem\",\"position\":1,\"name\":\"HOME\",\"item\":\"https:\\\/\\\/ectp-ceu.eu\\\/\"},{\"@type\":\"ListItem\",\"position\":2,\"name\":\"News\",\"item\":\"https:\\\/\\\/ectp-ceu.eu\\\/category\\\/news\\\/\"},{\"@type\":\"ListItem\",\"position\":3,\"name\":\"Partners\",\"item\":\"https:\\\/\\\/ectp-ceu.eu\\\/category\\\/news\\\/partners\\\/\"},{\"@type\":\"ListItem\",\"position\":4,\"name\":\"74th World Town Planning Day Statement\"}]},{\"@type\":\"WebSite\",\"@id\":\"https:\\\/\\\/ectp-ceu.eu\\\/#website\",\"url\":\"https:\\\/\\\/ectp-ceu.eu\\\/\",\"name\":\"ECTP-CEU\",\"description\":\"European Council of Spatial Planners \u2013 Conseil Europ\u00e9en des Urbanistes\",\"publisher\":{\"@id\":\"https:\\\/\\\/ectp-ceu.eu\\\/#organization\"},\"potentialAction\":[{\"@type\":\"SearchAction\",\"target\":{\"@type\":\"EntryPoint\",\"urlTemplate\":\"https:\\\/\\\/ectp-ceu.eu\\\/?s={search_term_string}\"},\"query-input\":{\"@type\":\"PropertyValueSpecification\",\"valueRequired\":true,\"valueName\":\"search_term_string\"}}],\"inLanguage\":\"fr-FR\"},{\"@type\":\"Organization\",\"@id\":\"https:\\\/\\\/ectp-ceu.eu\\\/#organization\",\"name\":\"ECTP-CEU\",\"url\":\"https:\\\/\\\/ectp-ceu.eu\\\/\",\"logo\":{\"@type\":\"ImageObject\",\"inLanguage\":\"fr-FR\",\"@id\":\"https:\\\/\\\/ectp-ceu.eu\\\/#\\\/schema\\\/logo\\\/image\\\/\",\"url\":\"https:\\\/\\\/ectp-ceu.eu\\\/wp-content\\\/uploads\\\/2024\\\/07\\\/cropped-1392117979K7cUN6za2Hw29SX4.jpeg\",\"contentUrl\":\"https:\\\/\\\/ectp-ceu.eu\\\/wp-content\\\/uploads\\\/2024\\\/07\\\/cropped-1392117979K7cUN6za2Hw29SX4.jpeg\",\"width\":928,\"height\":328,\"caption\":\"ECTP-CEU\"},\"image\":{\"@id\":\"https:\\\/\\\/ectp-ceu.eu\\\/#\\\/schema\\\/logo\\\/image\\\/\"}},{\"@type\":\"Person\",\"@id\":\"https:\\\/\\\/ectp-ceu.eu\\\/#\\\/schema\\\/person\\\/8bf89ed875f5ab3f3b35e54d7c3f816f\",\"name\":\"dev\",\"image\":{\"@type\":\"ImageObject\",\"inLanguage\":\"fr-FR\",\"@id\":\"https:\\\/\\\/secure.gravatar.com\\\/avatar\\\/f1ffcac9ca2fa95ad3ec33e9be3ade82f752acb0cabe541e56c5889225afa88a?s=96&d=mm&r=g\",\"url\":\"https:\\\/\\\/secure.gravatar.com\\\/avatar\\\/f1ffcac9ca2fa95ad3ec33e9be3ade82f752acb0cabe541e56c5889225afa88a?s=96&d=mm&r=g\",\"contentUrl\":\"https:\\\/\\\/secure.gravatar.com\\\/avatar\\\/f1ffcac9ca2fa95ad3ec33e9be3ade82f752acb0cabe541e56c5889225afa88a?s=96&d=mm&r=g\",\"caption\":\"dev\"},\"sameAs\":[\"https:\\\/\\\/ectp-ceu.eu\"],\"url\":\"https:\\\/\\\/ectp-ceu.eu\\\/fr\\\/author\\\/dev\\\/\"}]}<\/script>\n<!-- \/ Yoast SEO plugin. -->","yoast_head_json":{"title":"74th World Town Planning Day Statement - ECTP-CEU","robots":{"index":"index","follow":"follow","max-snippet":"max-snippet:-1","max-image-preview":"max-image-preview:large","max-video-preview":"max-video-preview:-1"},"canonical":"https:\/\/ectp-ceu.eu\/fr\/news\/74th-world-town-planning-day-statement\/","og_locale":"fr_FR","og_type":"article","og_title":"74th World Town Planning Day Statement - ECTP-CEU","og_description":"&nbsp; 74th World Town Planning Day Statement PLANNING ACTION FOR A JUSTTRANSITION TO A NET-ZEROCLIMATE RESILIENT WORLD Every person and community in the worldtoday is threatened by a deepening climateand biodiversity emergency, compounded byconflicts, the pressures of demographic andother societal change, and the continuinglegacy of the pandemic. The Global Planners Network (GPN)\u2013thelargest gathering of national [&hellip;]","og_url":"https:\/\/ectp-ceu.eu\/fr\/news\/74th-world-town-planning-day-statement\/","og_site_name":"ECTP-CEU","article_published_time":"2023-11-04T09:10:17+00:00","article_modified_time":"2025-07-20T11:07:51+00:00","og_image":[{"width":330,"height":170,"url":"https:\/\/ectp-ceu.eu\/wp-content\/uploads\/2023\/11\/Logos-2.png","type":"image\/png"}],"author":"dev","twitter_card":"summary_large_image","twitter_misc":{"\u00c9crit par":"dev","Dur\u00e9e de lecture estim\u00e9e":"3 minutes"},"schema":{"@context":"https:\/\/schema.org","@graph":[{"@type":"Article","@id":"https:\/\/ectp-ceu.eu\/news\/74th-world-town-planning-day-statement\/#article","isPartOf":{"@id":"https:\/\/ectp-ceu.eu\/news\/74th-world-town-planning-day-statement\/"},"author":{"name":"dev","@id":"https:\/\/ectp-ceu.eu\/#\/schema\/person\/8bf89ed875f5ab3f3b35e54d7c3f816f"},"headline":"74th World Town Planning Day Statement","datePublished":"2023-11-04T09:10:17+00:00","dateModified":"2025-07-20T11:07:51+00:00","mainEntityOfPage":{"@id":"https:\/\/ectp-ceu.eu\/news\/74th-world-town-planning-day-statement\/"},"wordCount":560,"publisher":{"@id":"https:\/\/ectp-ceu.eu\/#organization"},"image":{"@id":"https:\/\/ectp-ceu.eu\/news\/74th-world-town-planning-day-statement\/#primaryimage"},"thumbnailUrl":"https:\/\/ectp-ceu.eu\/wp-content\/uploads\/2023\/11\/Logos-2.png","articleSection":["News","Partners"],"inLanguage":"fr-FR"},{"@type":"WebPage","@id":"https:\/\/ectp-ceu.eu\/news\/74th-world-town-planning-day-statement\/","url":"https:\/\/ectp-ceu.eu\/news\/74th-world-town-planning-day-statement\/","name":"74th World Town Planning Day Statement - ECTP-CEU","isPartOf":{"@id":"https:\/\/ectp-ceu.eu\/#website"},"primaryImageOfPage":{"@id":"https:\/\/ectp-ceu.eu\/news\/74th-world-town-planning-day-statement\/#primaryimage"},"image":{"@id":"https:\/\/ectp-ceu.eu\/news\/74th-world-town-planning-day-statement\/#primaryimage"},"thumbnailUrl":"https:\/\/ectp-ceu.eu\/wp-content\/uploads\/2023\/11\/Logos-2.png","datePublished":"2023-11-04T09:10:17+00:00","dateModified":"2025-07-20T11:07:51+00:00","breadcrumb":{"@id":"https:\/\/ectp-ceu.eu\/news\/74th-world-town-planning-day-statement\/#breadcrumb"},"inLanguage":"fr-FR","potentialAction":[{"@type":"ReadAction","target":["https:\/\/ectp-ceu.eu\/news\/74th-world-town-planning-day-statement\/"]}]},{"@type":"ImageObject","inLanguage":"fr-FR","@id":"https:\/\/ectp-ceu.eu\/news\/74th-world-town-planning-day-statement\/#primaryimage","url":"https:\/\/ectp-ceu.eu\/wp-content\/uploads\/2023\/11\/Logos-2.png","contentUrl":"https:\/\/ectp-ceu.eu\/wp-content\/uploads\/2023\/11\/Logos-2.png","width":330,"height":170},{"@type":"BreadcrumbList","@id":"https:\/\/ectp-ceu.eu\/news\/74th-world-town-planning-day-statement\/#breadcrumb","itemListElement":[{"@type":"ListItem","position":1,"name":"HOME","item":"https:\/\/ectp-ceu.eu\/"},{"@type":"ListItem","position":2,"name":"News","item":"https:\/\/ectp-ceu.eu\/category\/news\/"},{"@type":"ListItem","position":3,"name":"Partners","item":"https:\/\/ectp-ceu.eu\/category\/news\/partners\/"},{"@type":"ListItem","position":4,"name":"74th World Town Planning Day Statement"}]},{"@type":"WebSite","@id":"https:\/\/ectp-ceu.eu\/#website","url":"https:\/\/ectp-ceu.eu\/","name":"ECTP-CEU","description":"European Council of Spatial Planners \u2013 Conseil Europ\u00e9en des Urbanistes","publisher":{"@id":"https:\/\/ectp-ceu.eu\/#organization"},"potentialAction":[{"@type":"SearchAction","target":{"@type":"EntryPoint","urlTemplate":"https:\/\/ectp-ceu.eu\/?s={search_term_string}"},"query-input":{"@type":"PropertyValueSpecification","valueRequired":true,"valueName":"search_term_string"}}],"inLanguage":"fr-FR"},{"@type":"Organization","@id":"https:\/\/ectp-ceu.eu\/#organization","name":"ECTP-CEU","url":"https:\/\/ectp-ceu.eu\/","logo":{"@type":"ImageObject","inLanguage":"fr-FR","@id":"https:\/\/ectp-ceu.eu\/#\/schema\/logo\/image\/","url":"https:\/\/ectp-ceu.eu\/wp-content\/uploads\/2024\/07\/cropped-1392117979K7cUN6za2Hw29SX4.jpeg","contentUrl":"https:\/\/ectp-ceu.eu\/wp-content\/uploads\/2024\/07\/cropped-1392117979K7cUN6za2Hw29SX4.jpeg","width":928,"height":328,"caption":"ECTP-CEU"},"image":{"@id":"https:\/\/ectp-ceu.eu\/#\/schema\/logo\/image\/"}},{"@type":"Person","@id":"https:\/\/ectp-ceu.eu\/#\/schema\/person\/8bf89ed875f5ab3f3b35e54d7c3f816f","name":"dev","image":{"@type":"ImageObject","inLanguage":"fr-FR","@id":"https:\/\/secure.gravatar.com\/avatar\/f1ffcac9ca2fa95ad3ec33e9be3ade82f752acb0cabe541e56c5889225afa88a?s=96&d=mm&r=g","url":"https:\/\/secure.gravatar.com\/avatar\/f1ffcac9ca2fa95ad3ec33e9be3ade82f752acb0cabe541e56c5889225afa88a?s=96&d=mm&r=g","contentUrl":"https:\/\/secure.gravatar.com\/avatar\/f1ffcac9ca2fa95ad3ec33e9be3ade82f752acb0cabe541e56c5889225afa88a?s=96&d=mm&r=g","caption":"dev"},"sameAs":["https:\/\/ectp-ceu.eu"],"url":"https:\/\/ectp-ceu.eu\/fr\/author\/dev\/"}]}},"_links":{"self":[{"href":"https:\/\/ectp-ceu.eu\/fr\/wp-json\/wp\/v2\/posts\/2990","targetHints":{"allow":["GET"]}}],"collection":[{"href":"https:\/\/ectp-ceu.eu\/fr\/wp-json\/wp\/v2\/posts"}],"about":[{"href":"https:\/\/ectp-ceu.eu\/fr\/wp-json\/wp\/v2\/types\/post"}],"author":[{"embeddable":true,"href":"https:\/\/ectp-ceu.eu\/fr\/wp-json\/wp\/v2\/users\/1"}],"replies":[{"embeddable":true,"href":"https:\/\/ectp-ceu.eu\/fr\/wp-json\/wp\/v2\/comments?post=2990"}],"version-history":[{"count":1,"href":"https:\/\/ectp-ceu.eu\/fr\/wp-json\/wp\/v2\/posts\/2990\/revisions"}],"predecessor-version":[{"id":3803,"href":"https:\/\/ectp-ceu.eu\/fr\/wp-json\/wp\/v2\/posts\/2990\/revisions\/3803"}],"wp:featuredmedia":[{"embeddable":true,"href":"https:\/\/ectp-ceu.eu\/fr\/wp-json\/wp\/v2\/media\/3836"}],"wp:attachment":[{"href":"https:\/\/ectp-ceu.eu\/fr\/wp-json\/wp\/v2\/media?parent=2990"}],"wp:term":[{"taxonomy":"category","embeddable":true,"href":"https:\/\/ectp-ceu.eu\/fr\/wp-json\/wp\/v2\/categories?post=2990"},{"taxonomy":"post_tag","embeddable":true,"href":"https:\/\/ectp-ceu.eu\/fr\/wp-json\/wp\/v2\/tags?post=2990"}],"curies":[{"name":"wp","href":"https:\/\/api.w.org\/{rel}","templated":true}]}}