{"id":3070,"date":"2024-04-22T18:18:28","date_gmt":"2024-04-22T16:18:28","guid":{"rendered":"https:\/\/ectp-ceu.eu\/?p=3070"},"modified":"2024-07-26T11:09:02","modified_gmt":"2024-07-26T09:09:02","slug":"biennale-2024-call-1130","status":"publish","type":"post","link":"https:\/\/ectp-ceu.eu\/fr\/news\/biennale-2024-call-1130\/","title":{"rendered":"Villes et r\u00e9gions inclusives - Territoires inclusifs - 22-24 avril 2024"},"content":{"rendered":"<h2 class=\"wp-block-heading\">14<sup>th<\/sup> Biennale des villes et des urbanistes europ\u00e9ens \u00e0 Naples, Italie<\/h2>\n\n\n\n<p>Le <strong>Appel \u00e0 projets<\/strong> et le <strong>projet de programme<\/strong> ont \u00e9t\u00e9 publi\u00e9s par l'INU (Institut national italien d'urbanisme), membre de l'ECTP-CEU et principal coorganisateur de l'\u00e9dition de cette ann\u00e9e de la Biennale, qui est aussi la premi\u00e8re apr\u00e8s la pand\u00e9mie. La pr\u00e9c\u00e9dente biennale s'est tenue \u00e0 Plymouth, en Angleterre, en 2019.<\/p>\n\n\n\n<p>La Biennale aura lieu \u00e0 Naples, en Italie, du lundi 22 au mercredi 24 avril 2024. Les deux premiers jours seront consacr\u00e9s \u00e0 la conf\u00e9rence - discours de bienvenue, discours d'ouverture, pr\u00e9sentations de projets de planification et de recherche et ateliers - tandis que le troisi\u00e8me jour sera l'occasion de participer \u00e0 des visites guid\u00e9es de la ville de Naples et de la r\u00e9gion de la Campanie. Un riche programme d'\u00e9v\u00e9nements sociaux est \u00e9galement pr\u00e9vu en soir\u00e9e, du dimanche 21 au mercredi 23.<\/p>\n\n\n\n<h3 class=\"wp-block-heading\">D\u00e9lais<\/h3>\n\n\n\n<ul class=\"wp-block-list\">\n<li>18 d\u00e9cembre 2023 : soumission des r\u00e9sum\u00e9s<\/li>\n\n\n\n<li>15 janvier 2024 : communication de l'acceptation<\/li>\n\n\n\n<li>15 f\u00e9vrier 2024 : soumission des r\u00e9sum\u00e9s d\u00e9taill\u00e9s<\/li>\n<\/ul>\n\n\n\n<h3 class=\"wp-block-heading\">Frais de dossier<\/h3>\n\n\n\n<ul class=\"wp-block-list\">\n<li>200 euros d'honoraires complets<\/li>\n\n\n\n<li>150 euros pour les membres individuels des associations membres de l'ECTP-CEU (voir liste ci-dessous)<\/li>\n\n\n\n<li>50 euros pour les doctorants<\/li>\n<\/ul>\n\n\n\n<p>Pour plus de d\u00e9tails et pour la soumission de r\u00e9sum\u00e9s, veuillez consulter le site web de l'\u00e9v\u00e9nement \u00e0 l'adresse suivante <a href=\"https:\/\/www.ectpceu-inubiennalenaples.com\" target=\"_blank\" rel=\"noreferrer noopener\">https:\/\/www.ectpceu-inubiennalenaples.com<\/a> ou adressez vos questions \u00e0 biennale@ectp-ceu.eu.<\/p>\n\n\n\n<hr class=\"wp-block-separator has-alpha-channel-opacity\"\/>\n\n\n\n<p>Liste des associations membres de l'ECTP-CEU dont les membres individuels peuvent b\u00e9n\u00e9ficier d'une r\u00e9duction des frais de soumission.<\/p>\n\n\n\n<ul class=\"wp-block-list\">\n<li>Autriche\n<ul class=\"wp-block-list\">\n<li>zt-BFG RLG - Bundeskammer der ZiviltechnikerInnen - Bundesfachgruppe Raumplanung, Landschaftsplanung und Geographie<\/li>\n<\/ul>\n<\/li>\n\n\n\n<li>Belgique\n<ul class=\"wp-block-list\">\n<li>CUB - Chambre des Urbanistes de Belgique<\/li>\n\n\n\n<li>VRP - Vlaamse Vereniging voor Ruimte en Planning (Association flamande pour l'urbanisme et la planification)<\/li>\n<\/ul>\n<\/li>\n\n\n\n<li>Bulgarie\n<ul class=\"wp-block-list\">\n<li>\u0421\u0423\u0411 - \u0421\u044a\u044e\u0437 \u043d\u0430 \u0443\u0440\u0431\u0430\u043d\u0438\u0441\u0442\u0438\u0442\u0435 \u0432 \u0411\u044a\u043b\u0433\u0430\u0440\u0438\u044f<\/li>\n<\/ul>\n<\/li>\n\n\n\n<li>Croatie\n<ul class=\"wp-block-list\">\n<li>UHU - Udruga hrvatskih urbanista<\/li>\n<\/ul>\n<\/li>\n\n\n\n<li>Chypre\n<ul class=\"wp-block-list\">\n<li>\u03a3\u03a5\u03a0\u039f\u039a - \u03a3\u03cd\u03bd\u03b4\u03b5\u03c3\u03bc\u03bf\u03c2 \u03a0\u03bf\u03bb\u03b5\u03bf\u03b4\u03cc\u03bc\u03c9\u03bd \u039a\u03cd\u03c0\u03c1\u03bf\u03c5<\/li>\n<\/ul>\n<\/li>\n\n\n\n<li>Tch\u00e9coslovaquie\n<ul class=\"wp-block-list\">\n<li>AU\u00daP \u010cR - Asociace pro urbanismus a \u00fazemn\u00ed pl\u00e1nov\u00e1n\u00ed \u010cesk\u00e9 republiky<\/li>\n<\/ul>\n<\/li>\n\n\n\n<li>Estonie\n<ul class=\"wp-block-list\">\n<li>EP\u00dc - Eesti Planeerijate \u00dching<\/li>\n<\/ul>\n<\/li>\n\n\n\n<li>France\n<ul class=\"wp-block-list\">\n<li>SFU - Soci\u00e9t\u00e9 Fran\u00e7aise des Urbanistes<\/li>\n<\/ul>\n<\/li>\n\n\n\n<li>Allemagne\n<ul class=\"wp-block-list\">\n<li>BAK - Bundesarchitektenkammer - Stadtplanerlisten der L\u00e4nderkammern<\/li>\n\n\n\n<li>SRL - Vereinigung f\u00fcr Stadt-, Regional- und Landesplanung * (Association pour l'am\u00e9nagement du territoire)<\/li>\n<\/ul>\n<\/li>\n\n\n\n<li>Gr\u00e8ce\n<ul class=\"wp-block-list\">\n<li>\u03a3\u0395\u03a0\u039f\u03a7 - \u03a3\u03cd\u03bb\u03bb\u03bf\u03b3\u03bf\u03c2 \u0395\u03bb\u03bb\u03ae\u03bd\u03c9\u03bd \u03a0\u03bf\u03bb\u03b5\u03bf\u03b4\u03cc\u00b5\u03c9\u03bd \u03ba\u03b1\u03b9 \u03a7\u03c9\u03c1\u03bf\u03c4\u03b1\u03ba\u03c4\u03ce\u03bd<\/li>\n<\/ul>\n<\/li>\n\n\n\n<li>Hongrie\n<ul class=\"wp-block-list\">\n<li>MUT - Magyar Urbanisztikai T\u00e1rsas\u00e1g<\/li>\n<\/ul>\n<\/li>\n\n\n\n<li>Islande\n<ul class=\"wp-block-list\">\n<li>SFF\u00cd - Skipulagsfr\u00e6\u00f0ingaf\u00e9lag \u00cdslands *<\/li>\n<\/ul>\n<\/li>\n\n\n\n<li>Irlande\n<ul class=\"wp-block-list\">\n<li>IPI - Institut irlandais de planification<\/li>\n<\/ul>\n<\/li>\n\n\n\n<li>Italie\n<ul class=\"wp-block-list\">\n<li>ASSURB - Associazione nazionale degli urbanisti e dei pianificatori territoriali e ambientali<\/li>\n\n\n\n<li>INU - Istituto Nazionale di Urbanistica (Institut national d'urbanisme)<\/li>\n<\/ul>\n<\/li>\n\n\n\n<li>Malte\n<ul class=\"wp-block-list\">\n<li>KMaP - Kamra Maltija g\u0127all-Ippjanar<\/li>\n<\/ul>\n<\/li>\n\n\n\n<li>Norv\u00e8ge\n<ul class=\"wp-block-list\">\n<li>FKP - Forum for Kommunal Planlegging (Forum pour la planification communale)<\/li>\n<\/ul>\n<\/li>\n\n\n\n<li>Pologne\n<ul class=\"wp-block-list\">\n<li>TUP - Towarzystwo Urbanist\u00f3w Polskich (en anglais)<\/li>\n<\/ul>\n<\/li>\n\n\n\n<li>Portugal\n<ul class=\"wp-block-list\">\n<li>APU - Associa\u00e7\u00e3o Portuguesa de Urbanistas<\/li>\n<\/ul>\n<\/li>\n\n\n\n<li>Roumanie\n<ul class=\"wp-block-list\">\n<li>RUR - Registrul Urbani\u0219tilor din Rom\u00e2nia (Registre des villes de Roumanie)<\/li>\n<\/ul>\n<\/li>\n\n\n\n<li>Serbie\n<ul class=\"wp-block-list\">\n<li>UUS - Udru\u017eenje urbanista Srbije (en anglais)<\/li>\n<\/ul>\n<\/li>\n\n\n\n<li>Slovaquie\n<ul class=\"wp-block-list\">\n<li>ZUUPS - Zdru\u017eenie pre urbanizmus a \u00fazemn\u00e9 pl\u00e1novanie na Slovensku<\/li>\n<\/ul>\n<\/li>\n\n\n\n<li>Slov\u00e9nie\n<ul class=\"wp-block-list\">\n<li>DUPPS - Dru\u0161tvo urbanistov in prostorskih planerjev Slovenije<\/li>\n<\/ul>\n<\/li>\n\n\n\n<li>Espagne\n<ul class=\"wp-block-list\">\n<li>AETU - Asociaci\u00f3n Espa\u00f1ola de T\u00e9cnicos Urbanistas<\/li>\n\n\n\n<li>UAAU - Uni\u00f3n de Agrupaciones de Arquitectos Urbanistas de Espa\u00f1a * (Union des associations d'architectes urbanistes d'Espagne)<\/li>\n<\/ul>\n<\/li>\n\n\n\n<li>Ukraine\n<ul class=\"wp-block-list\">\n<li>\u0410\u041f\u041f-\u0420\u0423 - \u0410\u0441\u043e\u0446\u0456\u0430\u0446\u0456\u044f \u043f\u0440\u043e\u0441\u0442\u043e\u0440\u043e\u0432\u0438\u0445 \u043f\u043b\u0430\u043d\u0443\u0432\u0430\u043b\u044c\u043d\u0438\u043a\u0456\u0432 \u0423\u043a\u0440\u0430\u0457\u043d\u0438 - \u0420\u0430\u0434\u0430 \u0443\u0440\u0431\u0430\u043d\u0456\u0441\u0442\u0456\u0432 \u041d\u0421\u0410\u0423<\/li>\n<\/ul>\n<\/li>\n\n\n\n<li>Royaume-Uni\n<ul class=\"wp-block-list\">\n<li>RTPI - Institut royal d'urbanisme<\/li>\n<\/ul>\n<\/li>\n<\/ul>\n\n\n\n<p>Les organisations marqu\u00e9es d'un ast\u00e9risque (*) sont des membres correspondants avec des membres individuels. Toutes les autres organisations list\u00e9es sont des membres \u00e0 part enti\u00e8re avec des membres individuels. Les membres correspondants qui n'ont pas de structure de membres individuels ne peuvent pas b\u00e9n\u00e9ficier de r\u00e9ductions.<\/p>","protected":false},"excerpt":{"rendered":"<p>14th Biennale of European Towns and Town Planners in Naples, Italy The Call for Projects and the draft programme have been published by INU (Italian National Institute of Urbanistics), an ECTP-CEU member and main co-organiser of this year&#8217;s edition of the Biennale, which is also the first one after the pandemic. The previous Biennale was [&hellip;]<\/p>\n","protected":false},"author":1,"featured_media":3022,"comment_status":"closed","ping_status":"open","sticky":false,"template":"","format":"standard","meta":{"_acf_changed":false,"inline_featured_image":false,"footnotes":"[]"},"categories":[6,68],"tags":[],"class_list":["post-3070","post","type-post","status-publish","format-standard","has-post-thumbnail","hentry","category-news","category-young-planners"],"acf":[],"yoast_head":"<!-- This site is optimized with the Yoast SEO plugin v27.5 - https:\/\/yoast.com\/product\/yoast-seo-wordpress\/ -->\n<title>Inclusive Cities and Regions \u2013 Territoires inclusifs \u2013 22-24 April 2024 - ECTP-CEU<\/title>\n<meta name=\"robots\" content=\"index, follow, max-snippet:-1, max-image-preview:large, max-video-preview:-1\" \/>\n<link rel=\"canonical\" href=\"https:\/\/ectp-ceu.eu\/fr\/news\/biennale-2024-call-1130\/\" \/>\n<meta property=\"og:locale\" content=\"fr_FR\" \/>\n<meta property=\"og:type\" content=\"article\" \/>\n<meta property=\"og:title\" content=\"Inclusive Cities and Regions \u2013 Territoires inclusifs \u2013 22-24 April 2024 - ECTP-CEU\" \/>\n<meta property=\"og:description\" content=\"14th Biennale of European Towns and Town Planners in Naples, Italy The Call for Projects and the draft programme have been published by INU (Italian National Institute of Urbanistics), an ECTP-CEU member and main co-organiser of this year&#8217;s edition of the Biennale, which is also the first one after the pandemic. The previous Biennale was [&hellip;]\" \/>\n<meta property=\"og:url\" content=\"https:\/\/ectp-ceu.eu\/fr\/news\/biennale-2024-call-1130\/\" \/>\n<meta property=\"og:site_name\" content=\"ECTP-CEU\" \/>\n<meta property=\"article:published_time\" content=\"2024-04-22T16:18:28+00:00\" \/>\n<meta property=\"article:modified_time\" content=\"2024-07-26T09:09:02+00:00\" \/>\n<meta property=\"og:image\" content=\"https:\/\/ectp-ceu.eu\/wp-content\/uploads\/2023\/11\/biennale_2024_logo_resh-1024x829.png\" \/>\n\t<meta property=\"og:image:width\" content=\"1024\" \/>\n\t<meta property=\"og:image:height\" content=\"829\" \/>\n\t<meta property=\"og:image:type\" content=\"image\/png\" \/>\n<meta name=\"author\" content=\"dev\" \/>\n<meta name=\"twitter:card\" content=\"summary_large_image\" \/>\n<meta name=\"twitter:label1\" content=\"\u00c9crit par\" \/>\n\t<meta name=\"twitter:data1\" content=\"dev\" \/>\n\t<meta name=\"twitter:label2\" content=\"Dur\u00e9e de lecture estim\u00e9e\" \/>\n\t<meta name=\"twitter:data2\" content=\"2 minutes\" \/>\n<script type=\"application\/ld+json\" class=\"yoast-schema-graph\">{\"@context\":\"https:\\\/\\\/schema.org\",\"@graph\":[{\"@type\":\"Article\",\"@id\":\"https:\\\/\\\/ectp-ceu.eu\\\/news\\\/biennale-2024-call-1130\\\/#article\",\"isPartOf\":{\"@id\":\"https:\\\/\\\/ectp-ceu.eu\\\/news\\\/biennale-2024-call-1130\\\/\"},\"author\":{\"name\":\"dev\",\"@id\":\"https:\\\/\\\/ectp-ceu.eu\\\/#\\\/schema\\\/person\\\/8bf89ed875f5ab3f3b35e54d7c3f816f\"},\"headline\":\"Inclusive Cities and Regions \u2013 Territoires inclusifs \u2013 22-24 April 2024\",\"datePublished\":\"2024-04-22T16:18:28+00:00\",\"dateModified\":\"2024-07-26T09:09:02+00:00\",\"mainEntityOfPage\":{\"@id\":\"https:\\\/\\\/ectp-ceu.eu\\\/news\\\/biennale-2024-call-1130\\\/\"},\"wordCount\":477,\"publisher\":{\"@id\":\"https:\\\/\\\/ectp-ceu.eu\\\/#organization\"},\"image\":{\"@id\":\"https:\\\/\\\/ectp-ceu.eu\\\/news\\\/biennale-2024-call-1130\\\/#primaryimage\"},\"thumbnailUrl\":\"https:\\\/\\\/ectp-ceu.eu\\\/wp-content\\\/uploads\\\/2023\\\/11\\\/biennale_2024_logo_resh-scaled.png\",\"articleSection\":[\"News\",\"Young Planners\"],\"inLanguage\":\"fr-FR\"},{\"@type\":\"WebPage\",\"@id\":\"https:\\\/\\\/ectp-ceu.eu\\\/news\\\/biennale-2024-call-1130\\\/\",\"url\":\"https:\\\/\\\/ectp-ceu.eu\\\/news\\\/biennale-2024-call-1130\\\/\",\"name\":\"Inclusive Cities and Regions \u2013 Territoires inclusifs \u2013 22-24 April 2024 - ECTP-CEU\",\"isPartOf\":{\"@id\":\"https:\\\/\\\/ectp-ceu.eu\\\/#website\"},\"primaryImageOfPage\":{\"@id\":\"https:\\\/\\\/ectp-ceu.eu\\\/news\\\/biennale-2024-call-1130\\\/#primaryimage\"},\"image\":{\"@id\":\"https:\\\/\\\/ectp-ceu.eu\\\/news\\\/biennale-2024-call-1130\\\/#primaryimage\"},\"thumbnailUrl\":\"https:\\\/\\\/ectp-ceu.eu\\\/wp-content\\\/uploads\\\/2023\\\/11\\\/biennale_2024_logo_resh-scaled.png\",\"datePublished\":\"2024-04-22T16:18:28+00:00\",\"dateModified\":\"2024-07-26T09:09:02+00:00\",\"breadcrumb\":{\"@id\":\"https:\\\/\\\/ectp-ceu.eu\\\/news\\\/biennale-2024-call-1130\\\/#breadcrumb\"},\"inLanguage\":\"fr-FR\",\"potentialAction\":[{\"@type\":\"ReadAction\",\"target\":[\"https:\\\/\\\/ectp-ceu.eu\\\/news\\\/biennale-2024-call-1130\\\/\"]}]},{\"@type\":\"ImageObject\",\"inLanguage\":\"fr-FR\",\"@id\":\"https:\\\/\\\/ectp-ceu.eu\\\/news\\\/biennale-2024-call-1130\\\/#primaryimage\",\"url\":\"https:\\\/\\\/ectp-ceu.eu\\\/wp-content\\\/uploads\\\/2023\\\/11\\\/biennale_2024_logo_resh-scaled.png\",\"contentUrl\":\"https:\\\/\\\/ectp-ceu.eu\\\/wp-content\\\/uploads\\\/2023\\\/11\\\/biennale_2024_logo_resh-scaled.png\",\"width\":2560,\"height\":2073,\"caption\":\"Logo of the 2024 Biennale\"},{\"@type\":\"BreadcrumbList\",\"@id\":\"https:\\\/\\\/ectp-ceu.eu\\\/news\\\/biennale-2024-call-1130\\\/#breadcrumb\",\"itemListElement\":[{\"@type\":\"ListItem\",\"position\":1,\"name\":\"HOME\",\"item\":\"https:\\\/\\\/ectp-ceu.eu\\\/\"},{\"@type\":\"ListItem\",\"position\":2,\"name\":\"News\",\"item\":\"https:\\\/\\\/ectp-ceu.eu\\\/category\\\/news\\\/\"},{\"@type\":\"ListItem\",\"position\":3,\"name\":\"Inclusive Cities and Regions \u2013 Territoires inclusifs \u2013 22-24 April 2024\"}]},{\"@type\":\"WebSite\",\"@id\":\"https:\\\/\\\/ectp-ceu.eu\\\/#website\",\"url\":\"https:\\\/\\\/ectp-ceu.eu\\\/\",\"name\":\"ECTP-CEU\",\"description\":\"European Council of Spatial Planners \u2013 Conseil Europ\u00e9en des Urbanistes\",\"publisher\":{\"@id\":\"https:\\\/\\\/ectp-ceu.eu\\\/#organization\"},\"potentialAction\":[{\"@type\":\"SearchAction\",\"target\":{\"@type\":\"EntryPoint\",\"urlTemplate\":\"https:\\\/\\\/ectp-ceu.eu\\\/?s={search_term_string}\"},\"query-input\":{\"@type\":\"PropertyValueSpecification\",\"valueRequired\":true,\"valueName\":\"search_term_string\"}}],\"inLanguage\":\"fr-FR\"},{\"@type\":\"Organization\",\"@id\":\"https:\\\/\\\/ectp-ceu.eu\\\/#organization\",\"name\":\"ECTP-CEU\",\"url\":\"https:\\\/\\\/ectp-ceu.eu\\\/\",\"logo\":{\"@type\":\"ImageObject\",\"inLanguage\":\"fr-FR\",\"@id\":\"https:\\\/\\\/ectp-ceu.eu\\\/#\\\/schema\\\/logo\\\/image\\\/\",\"url\":\"https:\\\/\\\/ectp-ceu.eu\\\/wp-content\\\/uploads\\\/2024\\\/07\\\/cropped-1392117979K7cUN6za2Hw29SX4.jpeg\",\"contentUrl\":\"https:\\\/\\\/ectp-ceu.eu\\\/wp-content\\\/uploads\\\/2024\\\/07\\\/cropped-1392117979K7cUN6za2Hw29SX4.jpeg\",\"width\":928,\"height\":328,\"caption\":\"ECTP-CEU\"},\"image\":{\"@id\":\"https:\\\/\\\/ectp-ceu.eu\\\/#\\\/schema\\\/logo\\\/image\\\/\"}},{\"@type\":\"Person\",\"@id\":\"https:\\\/\\\/ectp-ceu.eu\\\/#\\\/schema\\\/person\\\/8bf89ed875f5ab3f3b35e54d7c3f816f\",\"name\":\"dev\",\"image\":{\"@type\":\"ImageObject\",\"inLanguage\":\"fr-FR\",\"@id\":\"https:\\\/\\\/secure.gravatar.com\\\/avatar\\\/f1ffcac9ca2fa95ad3ec33e9be3ade82f752acb0cabe541e56c5889225afa88a?s=96&d=mm&r=g\",\"url\":\"https:\\\/\\\/secure.gravatar.com\\\/avatar\\\/f1ffcac9ca2fa95ad3ec33e9be3ade82f752acb0cabe541e56c5889225afa88a?s=96&d=mm&r=g\",\"contentUrl\":\"https:\\\/\\\/secure.gravatar.com\\\/avatar\\\/f1ffcac9ca2fa95ad3ec33e9be3ade82f752acb0cabe541e56c5889225afa88a?s=96&d=mm&r=g\",\"caption\":\"dev\"},\"sameAs\":[\"https:\\\/\\\/ectp-ceu.eu\"],\"url\":\"https:\\\/\\\/ectp-ceu.eu\\\/fr\\\/author\\\/dev\\\/\"}]}<\/script>\n<!-- \/ Yoast SEO plugin. -->","yoast_head_json":{"title":"Inclusive Cities and Regions \u2013 Territoires inclusifs \u2013 22-24 April 2024 - ECTP-CEU","robots":{"index":"index","follow":"follow","max-snippet":"max-snippet:-1","max-image-preview":"max-image-preview:large","max-video-preview":"max-video-preview:-1"},"canonical":"https:\/\/ectp-ceu.eu\/fr\/news\/biennale-2024-call-1130\/","og_locale":"fr_FR","og_type":"article","og_title":"Inclusive Cities and Regions \u2013 Territoires inclusifs \u2013 22-24 April 2024 - ECTP-CEU","og_description":"14th Biennale of European Towns and Town Planners in Naples, Italy The Call for Projects and the draft programme have been published by INU (Italian National Institute of Urbanistics), an ECTP-CEU member and main co-organiser of this year&#8217;s edition of the Biennale, which is also the first one after the pandemic. The previous Biennale was [&hellip;]","og_url":"https:\/\/ectp-ceu.eu\/fr\/news\/biennale-2024-call-1130\/","og_site_name":"ECTP-CEU","article_published_time":"2024-04-22T16:18:28+00:00","article_modified_time":"2024-07-26T09:09:02+00:00","og_image":[{"width":1024,"height":829,"url":"https:\/\/ectp-ceu.eu\/wp-content\/uploads\/2023\/11\/biennale_2024_logo_resh-1024x829.png","type":"image\/png"}],"author":"dev","twitter_card":"summary_large_image","twitter_misc":{"\u00c9crit par":"dev","Dur\u00e9e de lecture estim\u00e9e":"2 minutes"},"schema":{"@context":"https:\/\/schema.org","@graph":[{"@type":"Article","@id":"https:\/\/ectp-ceu.eu\/news\/biennale-2024-call-1130\/#article","isPartOf":{"@id":"https:\/\/ectp-ceu.eu\/news\/biennale-2024-call-1130\/"},"author":{"name":"dev","@id":"https:\/\/ectp-ceu.eu\/#\/schema\/person\/8bf89ed875f5ab3f3b35e54d7c3f816f"},"headline":"Inclusive Cities and Regions \u2013 Territoires inclusifs \u2013 22-24 April 2024","datePublished":"2024-04-22T16:18:28+00:00","dateModified":"2024-07-26T09:09:02+00:00","mainEntityOfPage":{"@id":"https:\/\/ectp-ceu.eu\/news\/biennale-2024-call-1130\/"},"wordCount":477,"publisher":{"@id":"https:\/\/ectp-ceu.eu\/#organization"},"image":{"@id":"https:\/\/ectp-ceu.eu\/news\/biennale-2024-call-1130\/#primaryimage"},"thumbnailUrl":"https:\/\/ectp-ceu.eu\/wp-content\/uploads\/2023\/11\/biennale_2024_logo_resh-scaled.png","articleSection":["News","Young Planners"],"inLanguage":"fr-FR"},{"@type":"WebPage","@id":"https:\/\/ectp-ceu.eu\/news\/biennale-2024-call-1130\/","url":"https:\/\/ectp-ceu.eu\/news\/biennale-2024-call-1130\/","name":"Inclusive Cities and Regions \u2013 Territoires inclusifs \u2013 22-24 April 2024 - ECTP-CEU","isPartOf":{"@id":"https:\/\/ectp-ceu.eu\/#website"},"primaryImageOfPage":{"@id":"https:\/\/ectp-ceu.eu\/news\/biennale-2024-call-1130\/#primaryimage"},"image":{"@id":"https:\/\/ectp-ceu.eu\/news\/biennale-2024-call-1130\/#primaryimage"},"thumbnailUrl":"https:\/\/ectp-ceu.eu\/wp-content\/uploads\/2023\/11\/biennale_2024_logo_resh-scaled.png","datePublished":"2024-04-22T16:18:28+00:00","dateModified":"2024-07-26T09:09:02+00:00","breadcrumb":{"@id":"https:\/\/ectp-ceu.eu\/news\/biennale-2024-call-1130\/#breadcrumb"},"inLanguage":"fr-FR","potentialAction":[{"@type":"ReadAction","target":["https:\/\/ectp-ceu.eu\/news\/biennale-2024-call-1130\/"]}]},{"@type":"ImageObject","inLanguage":"fr-FR","@id":"https:\/\/ectp-ceu.eu\/news\/biennale-2024-call-1130\/#primaryimage","url":"https:\/\/ectp-ceu.eu\/wp-content\/uploads\/2023\/11\/biennale_2024_logo_resh-scaled.png","contentUrl":"https:\/\/ectp-ceu.eu\/wp-content\/uploads\/2023\/11\/biennale_2024_logo_resh-scaled.png","width":2560,"height":2073,"caption":"Logo of the 2024 Biennale"},{"@type":"BreadcrumbList","@id":"https:\/\/ectp-ceu.eu\/news\/biennale-2024-call-1130\/#breadcrumb","itemListElement":[{"@type":"ListItem","position":1,"name":"HOME","item":"https:\/\/ectp-ceu.eu\/"},{"@type":"ListItem","position":2,"name":"News","item":"https:\/\/ectp-ceu.eu\/category\/news\/"},{"@type":"ListItem","position":3,"name":"Inclusive Cities and Regions \u2013 Territoires inclusifs \u2013 22-24 April 2024"}]},{"@type":"WebSite","@id":"https:\/\/ectp-ceu.eu\/#website","url":"https:\/\/ectp-ceu.eu\/","name":"ECTP-CEU","description":"European Council of Spatial Planners \u2013 Conseil Europ\u00e9en des Urbanistes","publisher":{"@id":"https:\/\/ectp-ceu.eu\/#organization"},"potentialAction":[{"@type":"SearchAction","target":{"@type":"EntryPoint","urlTemplate":"https:\/\/ectp-ceu.eu\/?s={search_term_string}"},"query-input":{"@type":"PropertyValueSpecification","valueRequired":true,"valueName":"search_term_string"}}],"inLanguage":"fr-FR"},{"@type":"Organization","@id":"https:\/\/ectp-ceu.eu\/#organization","name":"ECTP-CEU","url":"https:\/\/ectp-ceu.eu\/","logo":{"@type":"ImageObject","inLanguage":"fr-FR","@id":"https:\/\/ectp-ceu.eu\/#\/schema\/logo\/image\/","url":"https:\/\/ectp-ceu.eu\/wp-content\/uploads\/2024\/07\/cropped-1392117979K7cUN6za2Hw29SX4.jpeg","contentUrl":"https:\/\/ectp-ceu.eu\/wp-content\/uploads\/2024\/07\/cropped-1392117979K7cUN6za2Hw29SX4.jpeg","width":928,"height":328,"caption":"ECTP-CEU"},"image":{"@id":"https:\/\/ectp-ceu.eu\/#\/schema\/logo\/image\/"}},{"@type":"Person","@id":"https:\/\/ectp-ceu.eu\/#\/schema\/person\/8bf89ed875f5ab3f3b35e54d7c3f816f","name":"dev","image":{"@type":"ImageObject","inLanguage":"fr-FR","@id":"https:\/\/secure.gravatar.com\/avatar\/f1ffcac9ca2fa95ad3ec33e9be3ade82f752acb0cabe541e56c5889225afa88a?s=96&d=mm&r=g","url":"https:\/\/secure.gravatar.com\/avatar\/f1ffcac9ca2fa95ad3ec33e9be3ade82f752acb0cabe541e56c5889225afa88a?s=96&d=mm&r=g","contentUrl":"https:\/\/secure.gravatar.com\/avatar\/f1ffcac9ca2fa95ad3ec33e9be3ade82f752acb0cabe541e56c5889225afa88a?s=96&d=mm&r=g","caption":"dev"},"sameAs":["https:\/\/ectp-ceu.eu"],"url":"https:\/\/ectp-ceu.eu\/fr\/author\/dev\/"}]}},"_links":{"self":[{"href":"https:\/\/ectp-ceu.eu\/fr\/wp-json\/wp\/v2\/posts\/3070","targetHints":{"allow":["GET"]}}],"collection":[{"href":"https:\/\/ectp-ceu.eu\/fr\/wp-json\/wp\/v2\/posts"}],"about":[{"href":"https:\/\/ectp-ceu.eu\/fr\/wp-json\/wp\/v2\/types\/post"}],"author":[{"embeddable":true,"href":"https:\/\/ectp-ceu.eu\/fr\/wp-json\/wp\/v2\/users\/1"}],"replies":[{"embeddable":true,"href":"https:\/\/ectp-ceu.eu\/fr\/wp-json\/wp\/v2\/comments?post=3070"}],"version-history":[{"count":1,"href":"https:\/\/ectp-ceu.eu\/fr\/wp-json\/wp\/v2\/posts\/3070\/revisions"}],"predecessor-version":[{"id":3229,"href":"https:\/\/ectp-ceu.eu\/fr\/wp-json\/wp\/v2\/posts\/3070\/revisions\/3229"}],"wp:featuredmedia":[{"embeddable":true,"href":"https:\/\/ectp-ceu.eu\/fr\/wp-json\/wp\/v2\/media\/3022"}],"wp:attachment":[{"href":"https:\/\/ectp-ceu.eu\/fr\/wp-json\/wp\/v2\/media?parent=3070"}],"wp:term":[{"taxonomy":"category","embeddable":true,"href":"https:\/\/ectp-ceu.eu\/fr\/wp-json\/wp\/v2\/categories?post=3070"},{"taxonomy":"post_tag","embeddable":true,"href":"https:\/\/ectp-ceu.eu\/fr\/wp-json\/wp\/v2\/tags?post=3070"}],"curies":[{"name":"wp","href":"https:\/\/api.w.org\/{rel}","templated":true}]}}