{"id":3601,"date":"2017-07-25T15:14:57","date_gmt":"2017-07-25T13:14:57","guid":{"rendered":"https:\/\/ectp-ceu.eu\/?p=3601"},"modified":"2025-07-21T19:22:58","modified_gmt":"2025-07-21T17:22:58","slug":"thinking-spatially-why-places-need-to-be-at-the-heart-of-policy-making-in-the-twenty-first-century","status":"publish","type":"post","link":"https:\/\/ectp-ceu.eu\/fr\/news\/thinking-spatially-why-places-need-to-be-at-the-heart-of-policy-making-in-the-twenty-first-century\/","title":{"rendered":"Penser l'espace : Pourquoi les lieux doivent \u00eatre au c\u0153ur de l'\u00e9laboration des politiques au XXIe si\u00e8cle"},"content":{"rendered":"<p><span data-mce-mark=\"1\">Just out: The first of the Royal Town Planning Institute\u2019s centenary papers in the Planning Horizons series.\u00a0<em>Thinking Spatially: Why places need to be at the heart of policy-making in the twenty-first century<\/em>. Illustrated, closely-argued and fully referenced, the paper shows that\u00a0<\/span><span data-mce-mark=\"1\">by thinking spatially the connections and the solutions to the challenges become more apparent. The central message \u2013 a call to action for everyone involved in public policy \u2013 is that policy needs to be more integrated and strategic through a better understanding of the differences between places.<\/span><\/p>\n<ul>\n<li><span data-mce-mark=\"1\"><a href=\"http:\/\/www.rtpi.org.uk\/media\/1004403\/rtpi_thinking_spatially.pdf\">Download Thinking Spatially<\/a>\u00a0[pdf, 3MB]<\/span><\/li>\n<li><span data-mce-mark=\"1\"><a href=\"http:\/\/www.rtpi.org.uk\/media\/1004406\/rtpi_thinking_spatially_a4_flyer.pdf\">Download Thinking Spatially A4 flyer<\/a>\u00a0[pdf, 2MB)<\/span><\/li>\n<li><span data-mce-mark=\"1\"><a href=\"http:\/\/www.rtpi.org.uk\/briefing-room\/podcasts\/general-playlist\/2014\/may\/thinking-spatially\/\">Short podcast on Thinking Spatially<\/a><\/span><\/li>\n<\/ul>\n<p><span data-mce-mark=\"1\">If you are looking for something to explain planning to non-specialists, the Royal Town Planning Institute has two new resources you can use!<\/span><\/p>\n<ul>\n<li><span data-mce-mark=\"1\">The RTPI Future Planners film\u00a0<em><a href=\"https:\/\/www.youtube.com\/watch?v=pWlzLeoA-9w&amp;feature=youtu.be\">Together, How Do We Plan Our World?<\/a><\/em>\u00a0is an entertaining 2\u00bd minute film now on YouTube. Ideal for children, young people and schools.<\/span><\/li>\n<li><em><span data-mce-mark=\"1\">\u2018Worldwide Value of Planning\u2019<\/span><\/em><span data-mce-mark=\"1\">\u00a0is an eight-page illustrated booklet showing the difference that planning can make, with examples drawn from all over the world\u00a0<\/span><span data-mce-mark=\"1\"><a href=\"http:\/\/www.rtpi.org.uk\/media\/941852\/rtpi_worldwide_value_of_planning.pdf\">Download<\/a>\u00a0[pdf, 7MB]<\/span><\/li>\n<\/ul>\n<p><span data-mce-mark=\"1\">Royal Town Planning Institute<\/span><\/p>\n<p><span data-mce-mark=\"1\">Website\u00a0<\/span><a href=\"http:\/\/www.rtpi.org.uk\/\"><span data-mce-mark=\"1\">www.rtpi.org.uk<\/span><\/a><span data-mce-mark=\"1\">\u00a0including\u00a0<\/span><a href=\"http:\/\/www.rtpi.org.uk\/the-rtpi-near-you\/rtpi-international\/\"><span data-mce-mark=\"1\">RTPI Internationa<\/span><span data-mce-mark=\"1\">l<\/span><\/a><span data-mce-mark=\"1\">\u00a0pages<\/span><\/p>\n","protected":false},"excerpt":{"rendered":"<p>Just out: The first of the Royal Town Planning Institute\u2019s centenary papers in the Planning Horizons series.\u00a0Thinking Spatially: Why places need to be at the heart of policy-making in the twenty-first century. Illustrated, closely-argued and fully referenced, the paper shows that\u00a0by thinking spatially the connections and the solutions to the challenges become more apparent. The [&hellip;]<\/p>\n","protected":false},"author":1,"featured_media":0,"comment_status":"closed","ping_status":"open","sticky":false,"template":"","format":"standard","meta":{"_acf_changed":false,"inline_featured_image":false,"footnotes":""},"categories":[46,6],"tags":[],"class_list":["post-3601","post","type-post","status-publish","format-standard","hentry","category-members","category-news"],"acf":[],"yoast_head":"<!-- This site is optimized with the Yoast SEO plugin v27.5 - https:\/\/yoast.com\/product\/yoast-seo-wordpress\/ -->\n<title>Thinking Spatially: Why places need to be at the heart of policy-making in the twenty-first century - ECTP-CEU<\/title>\n<meta name=\"robots\" content=\"index, follow, max-snippet:-1, max-image-preview:large, max-video-preview:-1\" \/>\n<link rel=\"canonical\" href=\"https:\/\/ectp-ceu.eu\/fr\/news\/thinking-spatially-why-places-need-to-be-at-the-heart-of-policy-making-in-the-twenty-first-century\/\" \/>\n<meta property=\"og:locale\" content=\"fr_FR\" \/>\n<meta property=\"og:type\" content=\"article\" \/>\n<meta property=\"og:title\" content=\"Thinking Spatially: Why places need to be at the heart of policy-making in the twenty-first century - ECTP-CEU\" \/>\n<meta property=\"og:description\" content=\"Just out: The first of the Royal Town Planning Institute\u2019s centenary papers in the Planning Horizons series.\u00a0Thinking Spatially: Why places need to be at the heart of policy-making in the twenty-first century. Illustrated, closely-argued and fully referenced, the paper shows that\u00a0by thinking spatially the connections and the solutions to the challenges become more apparent. The [&hellip;]\" \/>\n<meta property=\"og:url\" content=\"https:\/\/ectp-ceu.eu\/fr\/news\/thinking-spatially-why-places-need-to-be-at-the-heart-of-policy-making-in-the-twenty-first-century\/\" \/>\n<meta property=\"og:site_name\" content=\"ECTP-CEU\" \/>\n<meta property=\"article:published_time\" content=\"2017-07-25T13:14:57+00:00\" \/>\n<meta property=\"article:modified_time\" content=\"2025-07-21T17:22:58+00:00\" \/>\n<meta name=\"author\" content=\"dev\" \/>\n<meta name=\"twitter:card\" content=\"summary_large_image\" \/>\n<meta name=\"twitter:label1\" content=\"\u00c9crit par\" \/>\n\t<meta name=\"twitter:data1\" content=\"dev\" \/>\n\t<meta name=\"twitter:label2\" content=\"Dur\u00e9e de lecture estim\u00e9e\" \/>\n\t<meta name=\"twitter:data2\" content=\"1 minute\" \/>\n<script type=\"application\/ld+json\" class=\"yoast-schema-graph\">{\"@context\":\"https:\\\/\\\/schema.org\",\"@graph\":[{\"@type\":\"Article\",\"@id\":\"https:\\\/\\\/ectp-ceu.eu\\\/news\\\/thinking-spatially-why-places-need-to-be-at-the-heart-of-policy-making-in-the-twenty-first-century\\\/#article\",\"isPartOf\":{\"@id\":\"https:\\\/\\\/ectp-ceu.eu\\\/news\\\/thinking-spatially-why-places-need-to-be-at-the-heart-of-policy-making-in-the-twenty-first-century\\\/\"},\"author\":{\"name\":\"dev\",\"@id\":\"https:\\\/\\\/ectp-ceu.eu\\\/#\\\/schema\\\/person\\\/8bf89ed875f5ab3f3b35e54d7c3f816f\"},\"headline\":\"Thinking Spatially: Why places need to be at the heart of policy-making in the twenty-first century\",\"datePublished\":\"2017-07-25T13:14:57+00:00\",\"dateModified\":\"2025-07-21T17:22:58+00:00\",\"mainEntityOfPage\":{\"@id\":\"https:\\\/\\\/ectp-ceu.eu\\\/news\\\/thinking-spatially-why-places-need-to-be-at-the-heart-of-policy-making-in-the-twenty-first-century\\\/\"},\"wordCount\":213,\"publisher\":{\"@id\":\"https:\\\/\\\/ectp-ceu.eu\\\/#organization\"},\"articleSection\":[\"Members\",\"News\"],\"inLanguage\":\"fr-FR\"},{\"@type\":\"WebPage\",\"@id\":\"https:\\\/\\\/ectp-ceu.eu\\\/news\\\/thinking-spatially-why-places-need-to-be-at-the-heart-of-policy-making-in-the-twenty-first-century\\\/\",\"url\":\"https:\\\/\\\/ectp-ceu.eu\\\/news\\\/thinking-spatially-why-places-need-to-be-at-the-heart-of-policy-making-in-the-twenty-first-century\\\/\",\"name\":\"Thinking Spatially: Why places need to be at the heart of policy-making in the twenty-first century - ECTP-CEU\",\"isPartOf\":{\"@id\":\"https:\\\/\\\/ectp-ceu.eu\\\/#website\"},\"datePublished\":\"2017-07-25T13:14:57+00:00\",\"dateModified\":\"2025-07-21T17:22:58+00:00\",\"breadcrumb\":{\"@id\":\"https:\\\/\\\/ectp-ceu.eu\\\/news\\\/thinking-spatially-why-places-need-to-be-at-the-heart-of-policy-making-in-the-twenty-first-century\\\/#breadcrumb\"},\"inLanguage\":\"fr-FR\",\"potentialAction\":[{\"@type\":\"ReadAction\",\"target\":[\"https:\\\/\\\/ectp-ceu.eu\\\/news\\\/thinking-spatially-why-places-need-to-be-at-the-heart-of-policy-making-in-the-twenty-first-century\\\/\"]}]},{\"@type\":\"BreadcrumbList\",\"@id\":\"https:\\\/\\\/ectp-ceu.eu\\\/news\\\/thinking-spatially-why-places-need-to-be-at-the-heart-of-policy-making-in-the-twenty-first-century\\\/#breadcrumb\",\"itemListElement\":[{\"@type\":\"ListItem\",\"position\":1,\"name\":\"HOME\",\"item\":\"https:\\\/\\\/ectp-ceu.eu\\\/\"},{\"@type\":\"ListItem\",\"position\":2,\"name\":\"News\",\"item\":\"https:\\\/\\\/ectp-ceu.eu\\\/category\\\/news\\\/\"},{\"@type\":\"ListItem\",\"position\":3,\"name\":\"Members\",\"item\":\"https:\\\/\\\/ectp-ceu.eu\\\/category\\\/news\\\/members\\\/\"},{\"@type\":\"ListItem\",\"position\":4,\"name\":\"Thinking Spatially: Why places need to be at the heart of policy-making in the twenty-first century\"}]},{\"@type\":\"WebSite\",\"@id\":\"https:\\\/\\\/ectp-ceu.eu\\\/#website\",\"url\":\"https:\\\/\\\/ectp-ceu.eu\\\/\",\"name\":\"ECTP-CEU\",\"description\":\"European Council of Spatial Planners \u2013 Conseil Europ\u00e9en des Urbanistes\",\"publisher\":{\"@id\":\"https:\\\/\\\/ectp-ceu.eu\\\/#organization\"},\"potentialAction\":[{\"@type\":\"SearchAction\",\"target\":{\"@type\":\"EntryPoint\",\"urlTemplate\":\"https:\\\/\\\/ectp-ceu.eu\\\/?s={search_term_string}\"},\"query-input\":{\"@type\":\"PropertyValueSpecification\",\"valueRequired\":true,\"valueName\":\"search_term_string\"}}],\"inLanguage\":\"fr-FR\"},{\"@type\":\"Organization\",\"@id\":\"https:\\\/\\\/ectp-ceu.eu\\\/#organization\",\"name\":\"ECTP-CEU\",\"url\":\"https:\\\/\\\/ectp-ceu.eu\\\/\",\"logo\":{\"@type\":\"ImageObject\",\"inLanguage\":\"fr-FR\",\"@id\":\"https:\\\/\\\/ectp-ceu.eu\\\/#\\\/schema\\\/logo\\\/image\\\/\",\"url\":\"https:\\\/\\\/ectp-ceu.eu\\\/wp-content\\\/uploads\\\/2024\\\/07\\\/cropped-1392117979K7cUN6za2Hw29SX4.jpeg\",\"contentUrl\":\"https:\\\/\\\/ectp-ceu.eu\\\/wp-content\\\/uploads\\\/2024\\\/07\\\/cropped-1392117979K7cUN6za2Hw29SX4.jpeg\",\"width\":928,\"height\":328,\"caption\":\"ECTP-CEU\"},\"image\":{\"@id\":\"https:\\\/\\\/ectp-ceu.eu\\\/#\\\/schema\\\/logo\\\/image\\\/\"}},{\"@type\":\"Person\",\"@id\":\"https:\\\/\\\/ectp-ceu.eu\\\/#\\\/schema\\\/person\\\/8bf89ed875f5ab3f3b35e54d7c3f816f\",\"name\":\"dev\",\"image\":{\"@type\":\"ImageObject\",\"inLanguage\":\"fr-FR\",\"@id\":\"https:\\\/\\\/secure.gravatar.com\\\/avatar\\\/f1ffcac9ca2fa95ad3ec33e9be3ade82f752acb0cabe541e56c5889225afa88a?s=96&d=mm&r=g\",\"url\":\"https:\\\/\\\/secure.gravatar.com\\\/avatar\\\/f1ffcac9ca2fa95ad3ec33e9be3ade82f752acb0cabe541e56c5889225afa88a?s=96&d=mm&r=g\",\"contentUrl\":\"https:\\\/\\\/secure.gravatar.com\\\/avatar\\\/f1ffcac9ca2fa95ad3ec33e9be3ade82f752acb0cabe541e56c5889225afa88a?s=96&d=mm&r=g\",\"caption\":\"dev\"},\"sameAs\":[\"https:\\\/\\\/ectp-ceu.eu\"],\"url\":\"https:\\\/\\\/ectp-ceu.eu\\\/fr\\\/author\\\/dev\\\/\"}]}<\/script>\n<!-- \/ Yoast SEO plugin. -->","yoast_head_json":{"title":"Thinking Spatially: Why places need to be at the heart of policy-making in the twenty-first century - ECTP-CEU","robots":{"index":"index","follow":"follow","max-snippet":"max-snippet:-1","max-image-preview":"max-image-preview:large","max-video-preview":"max-video-preview:-1"},"canonical":"https:\/\/ectp-ceu.eu\/fr\/news\/thinking-spatially-why-places-need-to-be-at-the-heart-of-policy-making-in-the-twenty-first-century\/","og_locale":"fr_FR","og_type":"article","og_title":"Thinking Spatially: Why places need to be at the heart of policy-making in the twenty-first century - ECTP-CEU","og_description":"Just out: The first of the Royal Town Planning Institute\u2019s centenary papers in the Planning Horizons series.\u00a0Thinking Spatially: Why places need to be at the heart of policy-making in the twenty-first century. Illustrated, closely-argued and fully referenced, the paper shows that\u00a0by thinking spatially the connections and the solutions to the challenges become more apparent. The [&hellip;]","og_url":"https:\/\/ectp-ceu.eu\/fr\/news\/thinking-spatially-why-places-need-to-be-at-the-heart-of-policy-making-in-the-twenty-first-century\/","og_site_name":"ECTP-CEU","article_published_time":"2017-07-25T13:14:57+00:00","article_modified_time":"2025-07-21T17:22:58+00:00","author":"dev","twitter_card":"summary_large_image","twitter_misc":{"\u00c9crit par":"dev","Dur\u00e9e de lecture estim\u00e9e":"1 minute"},"schema":{"@context":"https:\/\/schema.org","@graph":[{"@type":"Article","@id":"https:\/\/ectp-ceu.eu\/news\/thinking-spatially-why-places-need-to-be-at-the-heart-of-policy-making-in-the-twenty-first-century\/#article","isPartOf":{"@id":"https:\/\/ectp-ceu.eu\/news\/thinking-spatially-why-places-need-to-be-at-the-heart-of-policy-making-in-the-twenty-first-century\/"},"author":{"name":"dev","@id":"https:\/\/ectp-ceu.eu\/#\/schema\/person\/8bf89ed875f5ab3f3b35e54d7c3f816f"},"headline":"Thinking Spatially: Why places need to be at the heart of policy-making in the twenty-first century","datePublished":"2017-07-25T13:14:57+00:00","dateModified":"2025-07-21T17:22:58+00:00","mainEntityOfPage":{"@id":"https:\/\/ectp-ceu.eu\/news\/thinking-spatially-why-places-need-to-be-at-the-heart-of-policy-making-in-the-twenty-first-century\/"},"wordCount":213,"publisher":{"@id":"https:\/\/ectp-ceu.eu\/#organization"},"articleSection":["Members","News"],"inLanguage":"fr-FR"},{"@type":"WebPage","@id":"https:\/\/ectp-ceu.eu\/news\/thinking-spatially-why-places-need-to-be-at-the-heart-of-policy-making-in-the-twenty-first-century\/","url":"https:\/\/ectp-ceu.eu\/news\/thinking-spatially-why-places-need-to-be-at-the-heart-of-policy-making-in-the-twenty-first-century\/","name":"Thinking Spatially: Why places need to be at the heart of policy-making in the twenty-first century - ECTP-CEU","isPartOf":{"@id":"https:\/\/ectp-ceu.eu\/#website"},"datePublished":"2017-07-25T13:14:57+00:00","dateModified":"2025-07-21T17:22:58+00:00","breadcrumb":{"@id":"https:\/\/ectp-ceu.eu\/news\/thinking-spatially-why-places-need-to-be-at-the-heart-of-policy-making-in-the-twenty-first-century\/#breadcrumb"},"inLanguage":"fr-FR","potentialAction":[{"@type":"ReadAction","target":["https:\/\/ectp-ceu.eu\/news\/thinking-spatially-why-places-need-to-be-at-the-heart-of-policy-making-in-the-twenty-first-century\/"]}]},{"@type":"BreadcrumbList","@id":"https:\/\/ectp-ceu.eu\/news\/thinking-spatially-why-places-need-to-be-at-the-heart-of-policy-making-in-the-twenty-first-century\/#breadcrumb","itemListElement":[{"@type":"ListItem","position":1,"name":"HOME","item":"https:\/\/ectp-ceu.eu\/"},{"@type":"ListItem","position":2,"name":"News","item":"https:\/\/ectp-ceu.eu\/category\/news\/"},{"@type":"ListItem","position":3,"name":"Members","item":"https:\/\/ectp-ceu.eu\/category\/news\/members\/"},{"@type":"ListItem","position":4,"name":"Thinking Spatially: Why places need to be at the heart of policy-making in the twenty-first century"}]},{"@type":"WebSite","@id":"https:\/\/ectp-ceu.eu\/#website","url":"https:\/\/ectp-ceu.eu\/","name":"ECTP-CEU","description":"European Council of Spatial Planners \u2013 Conseil Europ\u00e9en des Urbanistes","publisher":{"@id":"https:\/\/ectp-ceu.eu\/#organization"},"potentialAction":[{"@type":"SearchAction","target":{"@type":"EntryPoint","urlTemplate":"https:\/\/ectp-ceu.eu\/?s={search_term_string}"},"query-input":{"@type":"PropertyValueSpecification","valueRequired":true,"valueName":"search_term_string"}}],"inLanguage":"fr-FR"},{"@type":"Organization","@id":"https:\/\/ectp-ceu.eu\/#organization","name":"ECTP-CEU","url":"https:\/\/ectp-ceu.eu\/","logo":{"@type":"ImageObject","inLanguage":"fr-FR","@id":"https:\/\/ectp-ceu.eu\/#\/schema\/logo\/image\/","url":"https:\/\/ectp-ceu.eu\/wp-content\/uploads\/2024\/07\/cropped-1392117979K7cUN6za2Hw29SX4.jpeg","contentUrl":"https:\/\/ectp-ceu.eu\/wp-content\/uploads\/2024\/07\/cropped-1392117979K7cUN6za2Hw29SX4.jpeg","width":928,"height":328,"caption":"ECTP-CEU"},"image":{"@id":"https:\/\/ectp-ceu.eu\/#\/schema\/logo\/image\/"}},{"@type":"Person","@id":"https:\/\/ectp-ceu.eu\/#\/schema\/person\/8bf89ed875f5ab3f3b35e54d7c3f816f","name":"dev","image":{"@type":"ImageObject","inLanguage":"fr-FR","@id":"https:\/\/secure.gravatar.com\/avatar\/f1ffcac9ca2fa95ad3ec33e9be3ade82f752acb0cabe541e56c5889225afa88a?s=96&d=mm&r=g","url":"https:\/\/secure.gravatar.com\/avatar\/f1ffcac9ca2fa95ad3ec33e9be3ade82f752acb0cabe541e56c5889225afa88a?s=96&d=mm&r=g","contentUrl":"https:\/\/secure.gravatar.com\/avatar\/f1ffcac9ca2fa95ad3ec33e9be3ade82f752acb0cabe541e56c5889225afa88a?s=96&d=mm&r=g","caption":"dev"},"sameAs":["https:\/\/ectp-ceu.eu"],"url":"https:\/\/ectp-ceu.eu\/fr\/author\/dev\/"}]}},"_links":{"self":[{"href":"https:\/\/ectp-ceu.eu\/fr\/wp-json\/wp\/v2\/posts\/3601","targetHints":{"allow":["GET"]}}],"collection":[{"href":"https:\/\/ectp-ceu.eu\/fr\/wp-json\/wp\/v2\/posts"}],"about":[{"href":"https:\/\/ectp-ceu.eu\/fr\/wp-json\/wp\/v2\/types\/post"}],"author":[{"embeddable":true,"href":"https:\/\/ectp-ceu.eu\/fr\/wp-json\/wp\/v2\/users\/1"}],"replies":[{"embeddable":true,"href":"https:\/\/ectp-ceu.eu\/fr\/wp-json\/wp\/v2\/comments?post=3601"}],"version-history":[{"count":9,"href":"https:\/\/ectp-ceu.eu\/fr\/wp-json\/wp\/v2\/posts\/3601\/revisions"}],"predecessor-version":[{"id":4743,"href":"https:\/\/ectp-ceu.eu\/fr\/wp-json\/wp\/v2\/posts\/3601\/revisions\/4743"}],"wp:attachment":[{"href":"https:\/\/ectp-ceu.eu\/fr\/wp-json\/wp\/v2\/media?parent=3601"}],"wp:term":[{"taxonomy":"category","embeddable":true,"href":"https:\/\/ectp-ceu.eu\/fr\/wp-json\/wp\/v2\/categories?post=3601"},{"taxonomy":"post_tag","embeddable":true,"href":"https:\/\/ectp-ceu.eu\/fr\/wp-json\/wp\/v2\/tags?post=3601"}],"curies":[{"name":"wp","href":"https:\/\/api.w.org\/{rel}","templated":true}]}}