{"id":3605,"date":"2017-07-25T15:18:08","date_gmt":"2017-07-25T13:18:08","guid":{"rendered":"https:\/\/ectp-ceu.eu\/?p=3605"},"modified":"2025-07-21T19:23:19","modified_gmt":"2025-07-21T17:23:19","slug":"the-7th-world-urban-forum","status":"publish","type":"post","link":"https:\/\/ectp-ceu.eu\/fr\/news\/the-7th-world-urban-forum\/","title":{"rendered":"Le 7e Forum urbain mondial"},"content":{"rendered":"<div class=\"tm-middle uk-grid\" data-uk-grid-match=\"\">\n<div class=\"tm-main uk-width-medium-1-1\">\n<p>&nbsp;<\/p>\n<article class=\"uk-article tm-article\">\n<div class=\"tm-article-content\">\n<div>\n<p>Le 7e Forum urbain mondial (FUM) se tiendra \u00e0 Medellin (Colombie) du 5 au 11 avril 2014.<\/p>\n<p>Les FUM sont les plus grands \u00e9v\u00e9nements centr\u00e9s sur l'habitat humain. Il s'agit d'\u00e9v\u00e9nements bisannuels organis\u00e9s par UN-HABITAT, o\u00f9 se rencontrent et discutent les gouvernements, les autorit\u00e9s locales, les ONG, les groupes financiers, les universitaires, les entreprises priv\u00e9es, les professionnels et toute personne ou institution int\u00e9ress\u00e9e.<\/p>\n<p>L'ECTP-CEU participera au prochain FUM comme lors des deux \u00e9ditions pr\u00e9c\u00e9dentes (Naples 2012, Nairobi 2010).<br \/>\nAu 7\u00e8me FUM \u00e0 Medellin, ECTP- CEU a une pr\u00e9sence active en tant que l'un des 17 membres du Forum des Professionnels de l'Habitat, l'organisation mondiale qui rassemble tous les professionnels en relation avec les \u00e9tablissements humains (urbanistes, g\u00e9ographes, architectes, \u00e9conomistes, ing\u00e9nieurs, etc...).<\/p>\n<p>L'ECTP-CEU participera \u00e9galement au comit\u00e9 de pilotage de la Campagne urbaine mondiale UN- HABITAT.<br \/>\nD'autre part, l'ECTP-CEU contribuera, en tant que consultants en planification, \u00e0 diverses r\u00e9unions en rapport avec le protocole d'accord sign\u00e9 entre l'ECTP-CEU et UN-HABITAT.<\/p>\n<p>Enfin, l'ECTP-CEU participera \u00e0 deux \u00e9v\u00e9nements publics officiels du FUM :<\/p>\n<p>Le 7 avril \u00e0 11 heures dans la salle de la biblioth\u00e8que urbaine, et le 10 avril \u00e0 14 heures \u00e0 la table ronde des praticiens.<\/p>\n<p>Les interventions de l'ECTP-CEU se concentreront sur la Charte de la planification europ\u00e9enne.<\/p>\n<p><a href=\"http:\/\/wuf7.unhabitat.org\/\" target=\"_blank\" rel=\"noopener\">&gt;&gt;&gt; Toutes les infos &lt;&lt;&lt;<\/a><\/p>\n<\/div>\n<\/div>\n<\/article>\n<p>&nbsp;<\/p>\n<\/div>\n<\/div>\n<section class=\"tm-bottom-a uk-grid tm-grid-block\" style=\"display: flex; flex-wrap: wrap; margin: 20px 0px 0px; padding: 0px; list-style: none; background: #ffffff; box-shadow: rgba(0, 0, 0, 0.06) 0px 0px 0px 1px, rgba(0, 0, 0, 0.06) 0px 4px 10px; color: #555555; font-family: 'Roboto Condensed'; font-size: 14px; font-style: normal; font-variant-ligatures: normal; font-variant-caps: normal; font-weight: 300; letter-spacing: normal; orphans: 2; text-align: start; text-indent: 0px; text-transform: none; widows: 2; word-spacing: 0px; -webkit-text-stroke-width: 0px; white-space: normal; text-decoration-thickness: initial; text-decoration-style: initial; text-decoration-color: initial;\" data-uk-grid-match=\"{target:'&gt; div &gt; .uk-panel'}\">\n<div class=\"uk-width-1-1\">\n<div class=\"uk-panel uk-panel-box\"><\/div>\n<\/div>\n<\/section>","protected":false},"excerpt":{"rendered":"<p>&nbsp; The 7th World Urban Forum ( WUF ) will be held in Medellin (Colombia) from 5 to 11 April 2014. The WUFs are the biggest events centred around human habitat . These are biannual events organized by UN-HABITAT, where meet and discuss governments, local authorities, NGOs , financial groups, academics, private businesses, professionals and [&hellip;]<\/p>\n","protected":false},"author":1,"featured_media":0,"comment_status":"closed","ping_status":"open","sticky":false,"template":"","format":"standard","meta":{"_acf_changed":false,"inline_featured_image":false,"footnotes":""},"categories":[47,6],"tags":[],"class_list":["post-3605","post","type-post","status-publish","format-standard","hentry","category-ectp-ceu","category-news"],"acf":[],"yoast_head":"<!-- This site is optimized with the Yoast SEO plugin v27.5 - https:\/\/yoast.com\/product\/yoast-seo-wordpress\/ -->\n<title>The 7th World Urban Forum - ECTP-CEU<\/title>\n<meta name=\"robots\" content=\"index, follow, max-snippet:-1, max-image-preview:large, max-video-preview:-1\" \/>\n<link rel=\"canonical\" href=\"https:\/\/ectp-ceu.eu\/fr\/news\/the-7th-world-urban-forum\/\" \/>\n<meta property=\"og:locale\" content=\"fr_FR\" \/>\n<meta property=\"og:type\" content=\"article\" \/>\n<meta property=\"og:title\" content=\"The 7th World Urban Forum - ECTP-CEU\" \/>\n<meta property=\"og:description\" content=\"&nbsp; The 7th World Urban Forum ( WUF ) will be held in Medellin (Colombia) from 5 to 11 April 2014. The WUFs are the biggest events centred around human habitat . These are biannual events organized by UN-HABITAT, where meet and discuss governments, local authorities, NGOs , financial groups, academics, private businesses, professionals and [&hellip;]\" \/>\n<meta property=\"og:url\" content=\"https:\/\/ectp-ceu.eu\/fr\/news\/the-7th-world-urban-forum\/\" \/>\n<meta property=\"og:site_name\" content=\"ECTP-CEU\" \/>\n<meta property=\"article:published_time\" content=\"2017-07-25T13:18:08+00:00\" \/>\n<meta property=\"article:modified_time\" content=\"2025-07-21T17:23:19+00:00\" \/>\n<meta name=\"author\" content=\"dev\" \/>\n<meta name=\"twitter:card\" content=\"summary_large_image\" \/>\n<meta name=\"twitter:label1\" content=\"\u00c9crit par\" \/>\n\t<meta name=\"twitter:data1\" content=\"dev\" \/>\n\t<meta name=\"twitter:label2\" content=\"Dur\u00e9e de lecture estim\u00e9e\" \/>\n\t<meta name=\"twitter:data2\" content=\"1 minute\" \/>\n<script type=\"application\/ld+json\" class=\"yoast-schema-graph\">{\"@context\":\"https:\\\/\\\/schema.org\",\"@graph\":[{\"@type\":\"Article\",\"@id\":\"https:\\\/\\\/ectp-ceu.eu\\\/news\\\/the-7th-world-urban-forum\\\/#article\",\"isPartOf\":{\"@id\":\"https:\\\/\\\/ectp-ceu.eu\\\/news\\\/the-7th-world-urban-forum\\\/\"},\"author\":{\"name\":\"dev\",\"@id\":\"https:\\\/\\\/ectp-ceu.eu\\\/#\\\/schema\\\/person\\\/8bf89ed875f5ab3f3b35e54d7c3f816f\"},\"headline\":\"The 7th World Urban Forum\",\"datePublished\":\"2017-07-25T13:18:08+00:00\",\"dateModified\":\"2025-07-21T17:23:19+00:00\",\"mainEntityOfPage\":{\"@id\":\"https:\\\/\\\/ectp-ceu.eu\\\/news\\\/the-7th-world-urban-forum\\\/\"},\"wordCount\":209,\"publisher\":{\"@id\":\"https:\\\/\\\/ectp-ceu.eu\\\/#organization\"},\"articleSection\":[\"ECTP-CEU\",\"News\"],\"inLanguage\":\"fr-FR\"},{\"@type\":\"WebPage\",\"@id\":\"https:\\\/\\\/ectp-ceu.eu\\\/news\\\/the-7th-world-urban-forum\\\/\",\"url\":\"https:\\\/\\\/ectp-ceu.eu\\\/news\\\/the-7th-world-urban-forum\\\/\",\"name\":\"The 7th World Urban Forum - ECTP-CEU\",\"isPartOf\":{\"@id\":\"https:\\\/\\\/ectp-ceu.eu\\\/#website\"},\"datePublished\":\"2017-07-25T13:18:08+00:00\",\"dateModified\":\"2025-07-21T17:23:19+00:00\",\"breadcrumb\":{\"@id\":\"https:\\\/\\\/ectp-ceu.eu\\\/news\\\/the-7th-world-urban-forum\\\/#breadcrumb\"},\"inLanguage\":\"fr-FR\",\"potentialAction\":[{\"@type\":\"ReadAction\",\"target\":[\"https:\\\/\\\/ectp-ceu.eu\\\/news\\\/the-7th-world-urban-forum\\\/\"]}]},{\"@type\":\"BreadcrumbList\",\"@id\":\"https:\\\/\\\/ectp-ceu.eu\\\/news\\\/the-7th-world-urban-forum\\\/#breadcrumb\",\"itemListElement\":[{\"@type\":\"ListItem\",\"position\":1,\"name\":\"HOME\",\"item\":\"https:\\\/\\\/ectp-ceu.eu\\\/\"},{\"@type\":\"ListItem\",\"position\":2,\"name\":\"News\",\"item\":\"https:\\\/\\\/ectp-ceu.eu\\\/category\\\/news\\\/\"},{\"@type\":\"ListItem\",\"position\":3,\"name\":\"ECTP-CEU\",\"item\":\"https:\\\/\\\/ectp-ceu.eu\\\/category\\\/news\\\/ectp-ceu\\\/\"},{\"@type\":\"ListItem\",\"position\":4,\"name\":\"The 7th World Urban Forum\"}]},{\"@type\":\"WebSite\",\"@id\":\"https:\\\/\\\/ectp-ceu.eu\\\/#website\",\"url\":\"https:\\\/\\\/ectp-ceu.eu\\\/\",\"name\":\"ECTP-CEU\",\"description\":\"European Council of Spatial Planners \u2013 Conseil Europ\u00e9en des Urbanistes\",\"publisher\":{\"@id\":\"https:\\\/\\\/ectp-ceu.eu\\\/#organization\"},\"potentialAction\":[{\"@type\":\"SearchAction\",\"target\":{\"@type\":\"EntryPoint\",\"urlTemplate\":\"https:\\\/\\\/ectp-ceu.eu\\\/?s={search_term_string}\"},\"query-input\":{\"@type\":\"PropertyValueSpecification\",\"valueRequired\":true,\"valueName\":\"search_term_string\"}}],\"inLanguage\":\"fr-FR\"},{\"@type\":\"Organization\",\"@id\":\"https:\\\/\\\/ectp-ceu.eu\\\/#organization\",\"name\":\"ECTP-CEU\",\"url\":\"https:\\\/\\\/ectp-ceu.eu\\\/\",\"logo\":{\"@type\":\"ImageObject\",\"inLanguage\":\"fr-FR\",\"@id\":\"https:\\\/\\\/ectp-ceu.eu\\\/#\\\/schema\\\/logo\\\/image\\\/\",\"url\":\"https:\\\/\\\/ectp-ceu.eu\\\/wp-content\\\/uploads\\\/2024\\\/07\\\/cropped-1392117979K7cUN6za2Hw29SX4.jpeg\",\"contentUrl\":\"https:\\\/\\\/ectp-ceu.eu\\\/wp-content\\\/uploads\\\/2024\\\/07\\\/cropped-1392117979K7cUN6za2Hw29SX4.jpeg\",\"width\":928,\"height\":328,\"caption\":\"ECTP-CEU\"},\"image\":{\"@id\":\"https:\\\/\\\/ectp-ceu.eu\\\/#\\\/schema\\\/logo\\\/image\\\/\"}},{\"@type\":\"Person\",\"@id\":\"https:\\\/\\\/ectp-ceu.eu\\\/#\\\/schema\\\/person\\\/8bf89ed875f5ab3f3b35e54d7c3f816f\",\"name\":\"dev\",\"image\":{\"@type\":\"ImageObject\",\"inLanguage\":\"fr-FR\",\"@id\":\"https:\\\/\\\/secure.gravatar.com\\\/avatar\\\/f1ffcac9ca2fa95ad3ec33e9be3ade82f752acb0cabe541e56c5889225afa88a?s=96&d=mm&r=g\",\"url\":\"https:\\\/\\\/secure.gravatar.com\\\/avatar\\\/f1ffcac9ca2fa95ad3ec33e9be3ade82f752acb0cabe541e56c5889225afa88a?s=96&d=mm&r=g\",\"contentUrl\":\"https:\\\/\\\/secure.gravatar.com\\\/avatar\\\/f1ffcac9ca2fa95ad3ec33e9be3ade82f752acb0cabe541e56c5889225afa88a?s=96&d=mm&r=g\",\"caption\":\"dev\"},\"sameAs\":[\"https:\\\/\\\/ectp-ceu.eu\"],\"url\":\"https:\\\/\\\/ectp-ceu.eu\\\/fr\\\/author\\\/dev\\\/\"}]}<\/script>\n<!-- \/ Yoast SEO plugin. -->","yoast_head_json":{"title":"The 7th World Urban Forum - ECTP-CEU","robots":{"index":"index","follow":"follow","max-snippet":"max-snippet:-1","max-image-preview":"max-image-preview:large","max-video-preview":"max-video-preview:-1"},"canonical":"https:\/\/ectp-ceu.eu\/fr\/news\/the-7th-world-urban-forum\/","og_locale":"fr_FR","og_type":"article","og_title":"The 7th World Urban Forum - ECTP-CEU","og_description":"&nbsp; The 7th World Urban Forum ( WUF ) will be held in Medellin (Colombia) from 5 to 11 April 2014. The WUFs are the biggest events centred around human habitat . These are biannual events organized by UN-HABITAT, where meet and discuss governments, local authorities, NGOs , financial groups, academics, private businesses, professionals and [&hellip;]","og_url":"https:\/\/ectp-ceu.eu\/fr\/news\/the-7th-world-urban-forum\/","og_site_name":"ECTP-CEU","article_published_time":"2017-07-25T13:18:08+00:00","article_modified_time":"2025-07-21T17:23:19+00:00","author":"dev","twitter_card":"summary_large_image","twitter_misc":{"\u00c9crit par":"dev","Dur\u00e9e de lecture estim\u00e9e":"1 minute"},"schema":{"@context":"https:\/\/schema.org","@graph":[{"@type":"Article","@id":"https:\/\/ectp-ceu.eu\/news\/the-7th-world-urban-forum\/#article","isPartOf":{"@id":"https:\/\/ectp-ceu.eu\/news\/the-7th-world-urban-forum\/"},"author":{"name":"dev","@id":"https:\/\/ectp-ceu.eu\/#\/schema\/person\/8bf89ed875f5ab3f3b35e54d7c3f816f"},"headline":"The 7th World Urban Forum","datePublished":"2017-07-25T13:18:08+00:00","dateModified":"2025-07-21T17:23:19+00:00","mainEntityOfPage":{"@id":"https:\/\/ectp-ceu.eu\/news\/the-7th-world-urban-forum\/"},"wordCount":209,"publisher":{"@id":"https:\/\/ectp-ceu.eu\/#organization"},"articleSection":["ECTP-CEU","News"],"inLanguage":"fr-FR"},{"@type":"WebPage","@id":"https:\/\/ectp-ceu.eu\/news\/the-7th-world-urban-forum\/","url":"https:\/\/ectp-ceu.eu\/news\/the-7th-world-urban-forum\/","name":"The 7th World Urban Forum - ECTP-CEU","isPartOf":{"@id":"https:\/\/ectp-ceu.eu\/#website"},"datePublished":"2017-07-25T13:18:08+00:00","dateModified":"2025-07-21T17:23:19+00:00","breadcrumb":{"@id":"https:\/\/ectp-ceu.eu\/news\/the-7th-world-urban-forum\/#breadcrumb"},"inLanguage":"fr-FR","potentialAction":[{"@type":"ReadAction","target":["https:\/\/ectp-ceu.eu\/news\/the-7th-world-urban-forum\/"]}]},{"@type":"BreadcrumbList","@id":"https:\/\/ectp-ceu.eu\/news\/the-7th-world-urban-forum\/#breadcrumb","itemListElement":[{"@type":"ListItem","position":1,"name":"HOME","item":"https:\/\/ectp-ceu.eu\/"},{"@type":"ListItem","position":2,"name":"News","item":"https:\/\/ectp-ceu.eu\/category\/news\/"},{"@type":"ListItem","position":3,"name":"ECTP-CEU","item":"https:\/\/ectp-ceu.eu\/category\/news\/ectp-ceu\/"},{"@type":"ListItem","position":4,"name":"The 7th World Urban Forum"}]},{"@type":"WebSite","@id":"https:\/\/ectp-ceu.eu\/#website","url":"https:\/\/ectp-ceu.eu\/","name":"ECTP-CEU","description":"European Council of Spatial Planners \u2013 Conseil Europ\u00e9en des Urbanistes","publisher":{"@id":"https:\/\/ectp-ceu.eu\/#organization"},"potentialAction":[{"@type":"SearchAction","target":{"@type":"EntryPoint","urlTemplate":"https:\/\/ectp-ceu.eu\/?s={search_term_string}"},"query-input":{"@type":"PropertyValueSpecification","valueRequired":true,"valueName":"search_term_string"}}],"inLanguage":"fr-FR"},{"@type":"Organization","@id":"https:\/\/ectp-ceu.eu\/#organization","name":"ECTP-CEU","url":"https:\/\/ectp-ceu.eu\/","logo":{"@type":"ImageObject","inLanguage":"fr-FR","@id":"https:\/\/ectp-ceu.eu\/#\/schema\/logo\/image\/","url":"https:\/\/ectp-ceu.eu\/wp-content\/uploads\/2024\/07\/cropped-1392117979K7cUN6za2Hw29SX4.jpeg","contentUrl":"https:\/\/ectp-ceu.eu\/wp-content\/uploads\/2024\/07\/cropped-1392117979K7cUN6za2Hw29SX4.jpeg","width":928,"height":328,"caption":"ECTP-CEU"},"image":{"@id":"https:\/\/ectp-ceu.eu\/#\/schema\/logo\/image\/"}},{"@type":"Person","@id":"https:\/\/ectp-ceu.eu\/#\/schema\/person\/8bf89ed875f5ab3f3b35e54d7c3f816f","name":"dev","image":{"@type":"ImageObject","inLanguage":"fr-FR","@id":"https:\/\/secure.gravatar.com\/avatar\/f1ffcac9ca2fa95ad3ec33e9be3ade82f752acb0cabe541e56c5889225afa88a?s=96&d=mm&r=g","url":"https:\/\/secure.gravatar.com\/avatar\/f1ffcac9ca2fa95ad3ec33e9be3ade82f752acb0cabe541e56c5889225afa88a?s=96&d=mm&r=g","contentUrl":"https:\/\/secure.gravatar.com\/avatar\/f1ffcac9ca2fa95ad3ec33e9be3ade82f752acb0cabe541e56c5889225afa88a?s=96&d=mm&r=g","caption":"dev"},"sameAs":["https:\/\/ectp-ceu.eu"],"url":"https:\/\/ectp-ceu.eu\/fr\/author\/dev\/"}]}},"_links":{"self":[{"href":"https:\/\/ectp-ceu.eu\/fr\/wp-json\/wp\/v2\/posts\/3605","targetHints":{"allow":["GET"]}}],"collection":[{"href":"https:\/\/ectp-ceu.eu\/fr\/wp-json\/wp\/v2\/posts"}],"about":[{"href":"https:\/\/ectp-ceu.eu\/fr\/wp-json\/wp\/v2\/types\/post"}],"author":[{"embeddable":true,"href":"https:\/\/ectp-ceu.eu\/fr\/wp-json\/wp\/v2\/users\/1"}],"replies":[{"embeddable":true,"href":"https:\/\/ectp-ceu.eu\/fr\/wp-json\/wp\/v2\/comments?post=3605"}],"version-history":[{"count":3,"href":"https:\/\/ectp-ceu.eu\/fr\/wp-json\/wp\/v2\/posts\/3605\/revisions"}],"predecessor-version":[{"id":4726,"href":"https:\/\/ectp-ceu.eu\/fr\/wp-json\/wp\/v2\/posts\/3605\/revisions\/4726"}],"wp:attachment":[{"href":"https:\/\/ectp-ceu.eu\/fr\/wp-json\/wp\/v2\/media?parent=3605"}],"wp:term":[{"taxonomy":"category","embeddable":true,"href":"https:\/\/ectp-ceu.eu\/fr\/wp-json\/wp\/v2\/categories?post=3605"},{"taxonomy":"post_tag","embeddable":true,"href":"https:\/\/ectp-ceu.eu\/fr\/wp-json\/wp\/v2\/tags?post=3605"}],"curies":[{"name":"wp","href":"https:\/\/api.w.org\/{rel}","templated":true}]}}