{"id":3625,"date":"2015-05-25T15:32:32","date_gmt":"2015-05-25T13:32:32","guid":{"rendered":"https:\/\/ectp-ceu.eu\/?p=3625"},"modified":"2024-07-25T17:11:26","modified_gmt":"2024-07-25T15:11:26","slug":"the-future-of-globalized-spatial-planning","status":"publish","type":"post","link":"https:\/\/ectp-ceu.eu\/fr\/news\/the-future-of-globalized-spatial-planning\/","title":{"rendered":"L'avenir de l'am\u00e9nagement du territoire mondialis\u00e9"},"content":{"rendered":"<p>C'est lors de la 10e BIENNALE DE VENISE EN ARCHITECTURE, en \u00e9t\u00e9 2006, qu'il a \u00e9t\u00e9 officiellement annonc\u00e9, pour la premi\u00e8re fois dans l'histoire de la Terre, que la moiti\u00e9 de la population mondiale vivait d\u00e9j\u00e0 dans des \u00e9tablissements urbains. Cela pourrait \u00eatre une bonne raison de renforcer l'importance de l'am\u00e9nagement du territoire et des urbanistes. H\u00e9las, ce n'est que deux ans plus tard que le \"ballon\" immobilier surchauff\u00e9 a explos\u00e9 \u00e0 la bourse de Wall Street \u00e0 New York, provoquant une r\u00e9cession de plusieurs ann\u00e9es en Europe et, localement, en Slov\u00e9nie, la faillite de toutes les grandes entreprises de construction. En cons\u00e9quence, les architectes, les urbanistes et les planificateurs de l'espace sont devenus largement inoccup\u00e9s.<\/p>\n<p>Apr\u00e8s six ann\u00e9es de r\u00e9cession, la croissance des \u00e9conomies europ\u00e9ennes a repris et il est temps de repenser l'avenir de l'urbanisme et de l'am\u00e9nagement du territoire. Tout d'abord, il sera temps de r\u00e9soudre les probl\u00e8mes ouverts les moins agr\u00e9ables, tels que les constructions inachev\u00e9es et les \"torses\" en d\u00e9composition des projets arr\u00eat\u00e9s en raison de la faillite de la plupart des entreprises de construction en Slov\u00e9nie. Ces probl\u00e8mes incluent \u00e9galement le mauvais entretien de nos \"monuments\" d'un pass\u00e9 proche. Il est maintenant temps de r\u00e9soudre les visions globales de l'avenir de l'urbanisme et de l'am\u00e9nagement du territoire, mais aussi les probl\u00e8mes qui se posent \u00e0 l'Europe depuis quelques ann\u00e9es. Indirectement, nous sommes coresponsables de la grande trag\u00e9die qui s'est d\u00e9roul\u00e9e dans notre voisinage imm\u00e9diat et qui a commenc\u00e9 avec le soi-disant \"printemps arabe\" en 2010 ou, en r\u00e9alit\u00e9, d\u00e9j\u00e0 en 2003 avec l'invasion des forces militaires am\u00e9ricaines et britanniques dans l'Irak de Husein, bien qu'aucune arme cach\u00e9e de destruction massive n'ait jamais \u00e9t\u00e9 trouv\u00e9e dans ce pays.<\/p>\n<p>Si les \u00c9tats membres de l'Union europ\u00e9enne sont en train de pr\u00e9parer la destruction du syst\u00e8me de transport ill\u00e9gal de r\u00e9fugi\u00e9s \u00e0 travers la M\u00e9diterran\u00e9e (dont les organisateurs se trouvent actuellement en Libye et gagnent des sommes d'argent inimaginables), cela n'arr\u00eatera pas le flux de r\u00e9fugi\u00e9s en provenance des champs de bataille du Proche-Orient et de l'Afrique. La destruction par la guerre des zones urbaines de ces pays et r\u00e9gions restera la raison la plus directe de la migration massive de milliers de fugitifs vers la \"terre de paix promise - l'Union europ\u00e9enne\" !<\/p>\n<p>Apr\u00e8s la fin de la premi\u00e8re guerre mondiale, l'empire ottoman a \u00e9t\u00e9 d\u00e9sint\u00e9gr\u00e9 et les forces europ\u00e9ennes alli\u00e9es victorieuses ont trac\u00e9 les fronti\u00e8res des diff\u00e9rents \u00c9tats arabes nouvellement \u00e9tablis au Moyen-Orient. Les lignes frontali\u00e8res \u00e9taient sch\u00e9matiques et d\u00e9finies davantage pour satisfaire les int\u00e9r\u00eats des puissances europ\u00e9ennes. D\u00e8s le d\u00e9part, elles impliquaient d\u00e9j\u00e0 les raisons des diff\u00e9rents conflits \u00e0 venir. Imm\u00e9diatement apr\u00e8s la Seconde Guerre mondiale, la guerre sans fin entre Isra\u00ebl et la Palestine a commenc\u00e9, puis, du milieu des ann\u00e9es 70 \u00e0 la fin des ann\u00e9es 80, la guerre interne au Liban, qui a dur\u00e9 16 ans, a eu lieu.<\/p>\n<p>Dans cette partie de la Terre si profond\u00e9ment divis\u00e9e, il semble impossible de cr\u00e9er les conditions d'une cohabitation plus tol\u00e9rante entre les diff\u00e9rents croyants non tol\u00e9rants. Telle est l'image des conditions de bellig\u00e9rance qui r\u00e8gnent aujourd'hui au Moyen-Orient. Mais pouvons-nous trouver, en d\u00e9pit de cette situation, quel type de t\u00e2che utile les urbanistes et les planificateurs de l'espace peuvent accomplir ?<\/p>\n<p>Le r\u00f4le utile et important des urbanistes pourrait \u00eatre la cr\u00e9ation de conditions de vie physiques et sociales pour les r\u00e9fugi\u00e9s sauv\u00e9s directement des bateaux en M\u00e9diterran\u00e9e. Les jeunes r\u00e9fugi\u00e9s qui tentent d'\u00e9viter les guerres pourraient \u00eatre consid\u00e9r\u00e9s comme une contribution tr\u00e8s positive au vieillissement rapide de la population de tous les \u00c9tats membres de l'Union europ\u00e9enne. Les erreurs commises par le pass\u00e9 en mati\u00e8re de s\u00e9gr\u00e9gation des \"\u00e9trangers\" dans de nouveaux quartiers satellites \u00e0 proximit\u00e9 des centres urbains historiques, avec peu ou pas de possibilit\u00e9s de trouver un emploi pour les jeunes \u00e9trangers, m\u00eame \u00e9duqu\u00e9s, devraient \u00eatre \u00e9vit\u00e9es.<\/p>\n<p>Tant que les guerres sanglantes se poursuivront, il sera impossible d'arr\u00eater le flux de r\u00e9fugi\u00e9s. L'Union europ\u00e9enne ne pourra pas faire autrement que de commencer \u00e0 inclure les r\u00e9fugi\u00e9s dans les activit\u00e9s quotidiennes des habitants de l'Europe. Les urbanistes et les am\u00e9nageurs du territoire devront se consacrer davantage \u00e0 la coh\u00e9sion sociale et \u00e9conomique, tandis que la coh\u00e9sion spatiale deviendra plus importante lors de la prochaine phase ou seulement lorsque la plupart des guerres auront cess\u00e9.<\/p>\n<p>Les Nations Unies et les superpuissances mondiales sont absolument impuissantes \u00e0 arr\u00eater la guerre. Le seul succ\u00e8s notable a \u00e9t\u00e9 le bombardement des avions am\u00e9ricains qui a sauv\u00e9 de l'occupation la ville de Koban\u00e9 (la derni\u00e8re ville kurde de Syrie \u00e0 la fronti\u00e8re turque) par les forces de l'\u00c9tat islamique. N\u00e9anmoins, les forces de l'\u00c9tat islamique contr\u00f4lent la quasi-totalit\u00e9 de la fronti\u00e8re entre l'Irak et la Syrie. Dans le m\u00eame temps, elles occupent d\u00e9j\u00e0 Palmyre, \u00e0 seulement 215 kilom\u00e8tres de Damas.<\/p>\n<p>Les villes du Moyen-Orient o\u00f9 se d\u00e9roule la guerre ressemblent de plus en plus \u00e0 Katmandou, la capitale du N\u00e9pal, qui a \u00e9t\u00e9 totalement d\u00e9truite par le tremblement de terre. Nous esp\u00e9rons que le sol sous le mont Everest et l'Himalaya se calmera bient\u00f4t. Nous esp\u00e9rons aussi que les batailles qui se d\u00e9roulent au Moyen-Orient cesseront enfin. Dans un avenir proche, les urbanistes et les am\u00e9nageurs de l'espace pourront \u00e0 nouveau exercer leur m\u00e9tier comme on le leur a enseign\u00e9 et comme ils peuvent le faire le mieux possible : concevoir et construire de nouvelles zones d'habitation dans un monde en voie de globalisation.<\/p>\n<p>PETER BASSIN, M A, GSD Universit\u00e9 de Harvard<\/p>\n<p>Slov\u00e9nie, juillet 2015<\/p>","protected":false},"excerpt":{"rendered":"<p>It was on the 10th BIENNALE OF VENICE IN ARCHITECTURE in summer 2006 when it was the first time of Earth\u2019s history officially announced that half of the world population already lives in urban settlements. This could be a good reason of rising the importance of spatial planning and spatial planners. Alas it was only [&hellip;]<\/p>\n","protected":false},"author":1,"featured_media":0,"comment_status":"closed","ping_status":"open","sticky":false,"template":"","format":"standard","meta":{"_acf_changed":false,"inline_featured_image":false,"footnotes":""},"categories":[6],"tags":[],"class_list":["post-3625","post","type-post","status-publish","format-standard","hentry","category-news"],"acf":[],"yoast_head":"<!-- This site is optimized with the Yoast SEO plugin v27.5 - https:\/\/yoast.com\/product\/yoast-seo-wordpress\/ -->\n<title>The future of globalized Spatial Planning - ECTP-CEU<\/title>\n<meta name=\"robots\" content=\"index, follow, max-snippet:-1, max-image-preview:large, max-video-preview:-1\" \/>\n<link rel=\"canonical\" href=\"https:\/\/ectp-ceu.eu\/fr\/news\/the-future-of-globalized-spatial-planning\/\" \/>\n<meta property=\"og:locale\" content=\"fr_FR\" \/>\n<meta property=\"og:type\" content=\"article\" \/>\n<meta property=\"og:title\" content=\"The future of globalized Spatial Planning - ECTP-CEU\" \/>\n<meta property=\"og:description\" content=\"It was on the 10th BIENNALE OF VENICE IN ARCHITECTURE in summer 2006 when it was the first time of Earth\u2019s history officially announced that half of the world population already lives in urban settlements. This could be a good reason of rising the importance of spatial planning and spatial planners. Alas it was only [&hellip;]\" \/>\n<meta property=\"og:url\" content=\"https:\/\/ectp-ceu.eu\/fr\/news\/the-future-of-globalized-spatial-planning\/\" \/>\n<meta property=\"og:site_name\" content=\"ECTP-CEU\" \/>\n<meta property=\"article:published_time\" content=\"2015-05-25T13:32:32+00:00\" \/>\n<meta property=\"article:modified_time\" content=\"2024-07-25T15:11:26+00:00\" \/>\n<meta name=\"author\" content=\"dev\" \/>\n<meta name=\"twitter:card\" content=\"summary_large_image\" \/>\n<meta name=\"twitter:label1\" content=\"\u00c9crit par\" \/>\n\t<meta name=\"twitter:data1\" content=\"dev\" \/>\n\t<meta name=\"twitter:label2\" content=\"Dur\u00e9e de lecture estim\u00e9e\" \/>\n\t<meta name=\"twitter:data2\" content=\"4 minutes\" \/>\n<script type=\"application\/ld+json\" class=\"yoast-schema-graph\">{\"@context\":\"https:\\\/\\\/schema.org\",\"@graph\":[{\"@type\":\"Article\",\"@id\":\"https:\\\/\\\/ectp-ceu.eu\\\/news\\\/the-future-of-globalized-spatial-planning\\\/#article\",\"isPartOf\":{\"@id\":\"https:\\\/\\\/ectp-ceu.eu\\\/news\\\/the-future-of-globalized-spatial-planning\\\/\"},\"author\":{\"name\":\"dev\",\"@id\":\"https:\\\/\\\/ectp-ceu.eu\\\/#\\\/schema\\\/person\\\/8bf89ed875f5ab3f3b35e54d7c3f816f\"},\"headline\":\"The future of globalized Spatial Planning\",\"datePublished\":\"2015-05-25T13:32:32+00:00\",\"dateModified\":\"2024-07-25T15:11:26+00:00\",\"mainEntityOfPage\":{\"@id\":\"https:\\\/\\\/ectp-ceu.eu\\\/news\\\/the-future-of-globalized-spatial-planning\\\/\"},\"wordCount\":879,\"publisher\":{\"@id\":\"https:\\\/\\\/ectp-ceu.eu\\\/#organization\"},\"articleSection\":[\"News\"],\"inLanguage\":\"fr-FR\"},{\"@type\":\"WebPage\",\"@id\":\"https:\\\/\\\/ectp-ceu.eu\\\/news\\\/the-future-of-globalized-spatial-planning\\\/\",\"url\":\"https:\\\/\\\/ectp-ceu.eu\\\/news\\\/the-future-of-globalized-spatial-planning\\\/\",\"name\":\"The future of globalized Spatial Planning - ECTP-CEU\",\"isPartOf\":{\"@id\":\"https:\\\/\\\/ectp-ceu.eu\\\/#website\"},\"datePublished\":\"2015-05-25T13:32:32+00:00\",\"dateModified\":\"2024-07-25T15:11:26+00:00\",\"breadcrumb\":{\"@id\":\"https:\\\/\\\/ectp-ceu.eu\\\/news\\\/the-future-of-globalized-spatial-planning\\\/#breadcrumb\"},\"inLanguage\":\"fr-FR\",\"potentialAction\":[{\"@type\":\"ReadAction\",\"target\":[\"https:\\\/\\\/ectp-ceu.eu\\\/news\\\/the-future-of-globalized-spatial-planning\\\/\"]}]},{\"@type\":\"BreadcrumbList\",\"@id\":\"https:\\\/\\\/ectp-ceu.eu\\\/news\\\/the-future-of-globalized-spatial-planning\\\/#breadcrumb\",\"itemListElement\":[{\"@type\":\"ListItem\",\"position\":1,\"name\":\"HOME\",\"item\":\"https:\\\/\\\/ectp-ceu.eu\\\/\"},{\"@type\":\"ListItem\",\"position\":2,\"name\":\"News\",\"item\":\"https:\\\/\\\/ectp-ceu.eu\\\/category\\\/news\\\/\"},{\"@type\":\"ListItem\",\"position\":3,\"name\":\"The future of globalized Spatial Planning\"}]},{\"@type\":\"WebSite\",\"@id\":\"https:\\\/\\\/ectp-ceu.eu\\\/#website\",\"url\":\"https:\\\/\\\/ectp-ceu.eu\\\/\",\"name\":\"ECTP-CEU\",\"description\":\"European Council of Spatial Planners \u2013 Conseil Europ\u00e9en des Urbanistes\",\"publisher\":{\"@id\":\"https:\\\/\\\/ectp-ceu.eu\\\/#organization\"},\"potentialAction\":[{\"@type\":\"SearchAction\",\"target\":{\"@type\":\"EntryPoint\",\"urlTemplate\":\"https:\\\/\\\/ectp-ceu.eu\\\/?s={search_term_string}\"},\"query-input\":{\"@type\":\"PropertyValueSpecification\",\"valueRequired\":true,\"valueName\":\"search_term_string\"}}],\"inLanguage\":\"fr-FR\"},{\"@type\":\"Organization\",\"@id\":\"https:\\\/\\\/ectp-ceu.eu\\\/#organization\",\"name\":\"ECTP-CEU\",\"url\":\"https:\\\/\\\/ectp-ceu.eu\\\/\",\"logo\":{\"@type\":\"ImageObject\",\"inLanguage\":\"fr-FR\",\"@id\":\"https:\\\/\\\/ectp-ceu.eu\\\/#\\\/schema\\\/logo\\\/image\\\/\",\"url\":\"https:\\\/\\\/ectp-ceu.eu\\\/wp-content\\\/uploads\\\/2024\\\/07\\\/cropped-1392117979K7cUN6za2Hw29SX4.jpeg\",\"contentUrl\":\"https:\\\/\\\/ectp-ceu.eu\\\/wp-content\\\/uploads\\\/2024\\\/07\\\/cropped-1392117979K7cUN6za2Hw29SX4.jpeg\",\"width\":928,\"height\":328,\"caption\":\"ECTP-CEU\"},\"image\":{\"@id\":\"https:\\\/\\\/ectp-ceu.eu\\\/#\\\/schema\\\/logo\\\/image\\\/\"}},{\"@type\":\"Person\",\"@id\":\"https:\\\/\\\/ectp-ceu.eu\\\/#\\\/schema\\\/person\\\/8bf89ed875f5ab3f3b35e54d7c3f816f\",\"name\":\"dev\",\"image\":{\"@type\":\"ImageObject\",\"inLanguage\":\"fr-FR\",\"@id\":\"https:\\\/\\\/secure.gravatar.com\\\/avatar\\\/f1ffcac9ca2fa95ad3ec33e9be3ade82f752acb0cabe541e56c5889225afa88a?s=96&d=mm&r=g\",\"url\":\"https:\\\/\\\/secure.gravatar.com\\\/avatar\\\/f1ffcac9ca2fa95ad3ec33e9be3ade82f752acb0cabe541e56c5889225afa88a?s=96&d=mm&r=g\",\"contentUrl\":\"https:\\\/\\\/secure.gravatar.com\\\/avatar\\\/f1ffcac9ca2fa95ad3ec33e9be3ade82f752acb0cabe541e56c5889225afa88a?s=96&d=mm&r=g\",\"caption\":\"dev\"},\"sameAs\":[\"https:\\\/\\\/ectp-ceu.eu\"],\"url\":\"https:\\\/\\\/ectp-ceu.eu\\\/fr\\\/author\\\/dev\\\/\"}]}<\/script>\n<!-- \/ Yoast SEO plugin. -->","yoast_head_json":{"title":"The future of globalized Spatial Planning - ECTP-CEU","robots":{"index":"index","follow":"follow","max-snippet":"max-snippet:-1","max-image-preview":"max-image-preview:large","max-video-preview":"max-video-preview:-1"},"canonical":"https:\/\/ectp-ceu.eu\/fr\/news\/the-future-of-globalized-spatial-planning\/","og_locale":"fr_FR","og_type":"article","og_title":"The future of globalized Spatial Planning - ECTP-CEU","og_description":"It was on the 10th BIENNALE OF VENICE IN ARCHITECTURE in summer 2006 when it was the first time of Earth\u2019s history officially announced that half of the world population already lives in urban settlements. This could be a good reason of rising the importance of spatial planning and spatial planners. Alas it was only [&hellip;]","og_url":"https:\/\/ectp-ceu.eu\/fr\/news\/the-future-of-globalized-spatial-planning\/","og_site_name":"ECTP-CEU","article_published_time":"2015-05-25T13:32:32+00:00","article_modified_time":"2024-07-25T15:11:26+00:00","author":"dev","twitter_card":"summary_large_image","twitter_misc":{"\u00c9crit par":"dev","Dur\u00e9e de lecture estim\u00e9e":"4 minutes"},"schema":{"@context":"https:\/\/schema.org","@graph":[{"@type":"Article","@id":"https:\/\/ectp-ceu.eu\/news\/the-future-of-globalized-spatial-planning\/#article","isPartOf":{"@id":"https:\/\/ectp-ceu.eu\/news\/the-future-of-globalized-spatial-planning\/"},"author":{"name":"dev","@id":"https:\/\/ectp-ceu.eu\/#\/schema\/person\/8bf89ed875f5ab3f3b35e54d7c3f816f"},"headline":"The future of globalized Spatial Planning","datePublished":"2015-05-25T13:32:32+00:00","dateModified":"2024-07-25T15:11:26+00:00","mainEntityOfPage":{"@id":"https:\/\/ectp-ceu.eu\/news\/the-future-of-globalized-spatial-planning\/"},"wordCount":879,"publisher":{"@id":"https:\/\/ectp-ceu.eu\/#organization"},"articleSection":["News"],"inLanguage":"fr-FR"},{"@type":"WebPage","@id":"https:\/\/ectp-ceu.eu\/news\/the-future-of-globalized-spatial-planning\/","url":"https:\/\/ectp-ceu.eu\/news\/the-future-of-globalized-spatial-planning\/","name":"The future of globalized Spatial Planning - ECTP-CEU","isPartOf":{"@id":"https:\/\/ectp-ceu.eu\/#website"},"datePublished":"2015-05-25T13:32:32+00:00","dateModified":"2024-07-25T15:11:26+00:00","breadcrumb":{"@id":"https:\/\/ectp-ceu.eu\/news\/the-future-of-globalized-spatial-planning\/#breadcrumb"},"inLanguage":"fr-FR","potentialAction":[{"@type":"ReadAction","target":["https:\/\/ectp-ceu.eu\/news\/the-future-of-globalized-spatial-planning\/"]}]},{"@type":"BreadcrumbList","@id":"https:\/\/ectp-ceu.eu\/news\/the-future-of-globalized-spatial-planning\/#breadcrumb","itemListElement":[{"@type":"ListItem","position":1,"name":"HOME","item":"https:\/\/ectp-ceu.eu\/"},{"@type":"ListItem","position":2,"name":"News","item":"https:\/\/ectp-ceu.eu\/category\/news\/"},{"@type":"ListItem","position":3,"name":"The future of globalized Spatial Planning"}]},{"@type":"WebSite","@id":"https:\/\/ectp-ceu.eu\/#website","url":"https:\/\/ectp-ceu.eu\/","name":"ECTP-CEU","description":"European Council of Spatial Planners \u2013 Conseil Europ\u00e9en des Urbanistes","publisher":{"@id":"https:\/\/ectp-ceu.eu\/#organization"},"potentialAction":[{"@type":"SearchAction","target":{"@type":"EntryPoint","urlTemplate":"https:\/\/ectp-ceu.eu\/?s={search_term_string}"},"query-input":{"@type":"PropertyValueSpecification","valueRequired":true,"valueName":"search_term_string"}}],"inLanguage":"fr-FR"},{"@type":"Organization","@id":"https:\/\/ectp-ceu.eu\/#organization","name":"ECTP-CEU","url":"https:\/\/ectp-ceu.eu\/","logo":{"@type":"ImageObject","inLanguage":"fr-FR","@id":"https:\/\/ectp-ceu.eu\/#\/schema\/logo\/image\/","url":"https:\/\/ectp-ceu.eu\/wp-content\/uploads\/2024\/07\/cropped-1392117979K7cUN6za2Hw29SX4.jpeg","contentUrl":"https:\/\/ectp-ceu.eu\/wp-content\/uploads\/2024\/07\/cropped-1392117979K7cUN6za2Hw29SX4.jpeg","width":928,"height":328,"caption":"ECTP-CEU"},"image":{"@id":"https:\/\/ectp-ceu.eu\/#\/schema\/logo\/image\/"}},{"@type":"Person","@id":"https:\/\/ectp-ceu.eu\/#\/schema\/person\/8bf89ed875f5ab3f3b35e54d7c3f816f","name":"dev","image":{"@type":"ImageObject","inLanguage":"fr-FR","@id":"https:\/\/secure.gravatar.com\/avatar\/f1ffcac9ca2fa95ad3ec33e9be3ade82f752acb0cabe541e56c5889225afa88a?s=96&d=mm&r=g","url":"https:\/\/secure.gravatar.com\/avatar\/f1ffcac9ca2fa95ad3ec33e9be3ade82f752acb0cabe541e56c5889225afa88a?s=96&d=mm&r=g","contentUrl":"https:\/\/secure.gravatar.com\/avatar\/f1ffcac9ca2fa95ad3ec33e9be3ade82f752acb0cabe541e56c5889225afa88a?s=96&d=mm&r=g","caption":"dev"},"sameAs":["https:\/\/ectp-ceu.eu"],"url":"https:\/\/ectp-ceu.eu\/fr\/author\/dev\/"}]}},"_links":{"self":[{"href":"https:\/\/ectp-ceu.eu\/fr\/wp-json\/wp\/v2\/posts\/3625","targetHints":{"allow":["GET"]}}],"collection":[{"href":"https:\/\/ectp-ceu.eu\/fr\/wp-json\/wp\/v2\/posts"}],"about":[{"href":"https:\/\/ectp-ceu.eu\/fr\/wp-json\/wp\/v2\/types\/post"}],"author":[{"embeddable":true,"href":"https:\/\/ectp-ceu.eu\/fr\/wp-json\/wp\/v2\/users\/1"}],"replies":[{"embeddable":true,"href":"https:\/\/ectp-ceu.eu\/fr\/wp-json\/wp\/v2\/comments?post=3625"}],"version-history":[{"count":1,"href":"https:\/\/ectp-ceu.eu\/fr\/wp-json\/wp\/v2\/posts\/3625\/revisions"}],"predecessor-version":[{"id":3637,"href":"https:\/\/ectp-ceu.eu\/fr\/wp-json\/wp\/v2\/posts\/3625\/revisions\/3637"}],"wp:attachment":[{"href":"https:\/\/ectp-ceu.eu\/fr\/wp-json\/wp\/v2\/media?parent=3625"}],"wp:term":[{"taxonomy":"category","embeddable":true,"href":"https:\/\/ectp-ceu.eu\/fr\/wp-json\/wp\/v2\/categories?post=3625"},{"taxonomy":"post_tag","embeddable":true,"href":"https:\/\/ectp-ceu.eu\/fr\/wp-json\/wp\/v2\/tags?post=3625"}],"curies":[{"name":"wp","href":"https:\/\/api.w.org\/{rel}","templated":true}]}}