{"id":3698,"date":"2014-06-17T15:40:14","date_gmt":"2014-06-17T13:40:14","guid":{"rendered":"https:\/\/ectp-ceu.eu\/?p=3698"},"modified":"2024-08-02T11:55:40","modified_gmt":"2024-08-02T09:55:40","slug":"spatial-planning-16th-session-of-the-cemat-and-97th-meeting-of-the-senior-officials-of-the-cemat-nafplion-greece-16-17-june-2014","status":"publish","type":"post","link":"https:\/\/ectp-ceu.eu\/fr\/news\/spatial-planning-16th-session-of-the-cemat-and-97th-meeting-of-the-senior-officials-of-the-cemat-nafplion-greece-16-17-june-2014\/","title":{"rendered":"Am\u00e9nagement du territoire : 16\u00e8me session de la CEMAT et 97\u00e8me r\u00e9union des hauts fonctionnaires de la CEMAT, Nauplie, Gr\u00e8ce, 16-17 juin 2014"},"content":{"rendered":"<div class=\"tm-middle uk-grid\" data-uk-grid-match=\"\">\n<div class=\"tm-main uk-width-medium-1-1\">\n<p>&nbsp;<\/p>\n<article class=\"uk-article tm-article\">\n<div class=\"tm-article-content\">\n<div>\n<p>La 16\u00e8me session de la Conf\u00e9rence du Conseil de l'Europe des ministres responsables de l'am\u00e9nagement du territoire (CEMAT) s'est tenue \u00e0 Napflion (Gr\u00e8ce) le 17 juin.<\/p>\n<p>&nbsp;<\/p>\n<p><a href=\"http:\/\/www.coe.int\/t\/dgap\/localdemocracy\/News\/2014\/napflion1606_en.asp\" target=\"_blank\" rel=\"noopener\">Voir toutes les informations sur le site du Conseil de l'Europe<\/a><\/p>\n<\/div>\n<\/div>\n<\/article>\n<p>&nbsp;<\/p>\n<\/div>\n<\/div>\n<section class=\"tm-bottom-a uk-grid tm-grid-block\" style=\"display: flex; flex-wrap: wrap; margin: 20px 0px 0px; padding: 0px; list-style: none; background: #ffffff; box-shadow: rgba(0, 0, 0, 0.06) 0px 0px 0px 1px, rgba(0, 0, 0, 0.06) 0px 4px 10px; color: #555555; font-family: 'Roboto Condensed'; font-size: 14px; font-style: normal; font-variant-ligatures: normal; font-variant-caps: normal; font-weight: 300; letter-spacing: normal; orphans: 2; text-align: start; text-indent: 0px; text-transform: none; widows: 2; word-spacing: 0px; -webkit-text-stroke-width: 0px; white-space: normal; text-decoration-thickness: initial; text-decoration-style: initial; text-decoration-color: initial;\" data-uk-grid-match=\"{target:'&gt; div &gt; .uk-panel'}\">\n<div class=\"uk-width-1-1\">\n<div class=\"uk-panel uk-panel-box\"><\/div>\n<\/div>\n<\/section>","protected":false},"excerpt":{"rendered":"<p>&nbsp; La 16\u00e8me session de la Conf\u00e9rence du Conseil de l'Europe des ministres responsables de l'am\u00e9nagement du territoire (CEMAT) s'est tenue \u00e0 Napflion (Gr\u00e8ce) le 17 juin Voir toutes les informations sur le site du Conseil de l'Europe &nbsp;<\/p>","protected":false},"author":1,"featured_media":0,"comment_status":"closed","ping_status":"open","sticky":false,"template":"","format":"standard","meta":{"_acf_changed":false,"inline_featured_image":false,"footnotes":""},"categories":[6],"tags":[],"class_list":["post-3698","post","type-post","status-publish","format-standard","hentry","category-news"],"acf":[],"yoast_head":"<!-- This site is optimized with the Yoast SEO plugin v27.5 - https:\/\/yoast.com\/product\/yoast-seo-wordpress\/ -->\n<title>Spatial planning: 16th session of the CEMAT and 97th meeting of the Senior Officials of the CEMAT, Nafplion, Greece, 16-17 June 2014 - ECTP-CEU<\/title>\n<meta name=\"robots\" content=\"index, follow, max-snippet:-1, max-image-preview:large, max-video-preview:-1\" \/>\n<link rel=\"canonical\" href=\"https:\/\/ectp-ceu.eu\/fr\/news\/spatial-planning-16th-session-of-the-cemat-and-97th-meeting-of-the-senior-officials-of-the-cemat-nafplion-greece-16-17-june-2014\/\" \/>\n<meta property=\"og:locale\" content=\"fr_FR\" \/>\n<meta property=\"og:type\" content=\"article\" \/>\n<meta property=\"og:title\" content=\"Spatial planning: 16th session of the CEMAT and 97th meeting of the Senior Officials of the CEMAT, Nafplion, Greece, 16-17 June 2014 - ECTP-CEU\" \/>\n<meta property=\"og:description\" content=\"&nbsp; The 16th session of the Council of Europe Conference of Ministers responsible for Spatial\/Regional Planning (CEMAT) took place in Napflion (Greece) on 17 June &nbsp; See all information on the Council of Europe Website &nbsp;\" \/>\n<meta property=\"og:url\" content=\"https:\/\/ectp-ceu.eu\/fr\/news\/spatial-planning-16th-session-of-the-cemat-and-97th-meeting-of-the-senior-officials-of-the-cemat-nafplion-greece-16-17-june-2014\/\" \/>\n<meta property=\"og:site_name\" content=\"ECTP-CEU\" \/>\n<meta property=\"article:published_time\" content=\"2014-06-17T13:40:14+00:00\" \/>\n<meta property=\"article:modified_time\" content=\"2024-08-02T09:55:40+00:00\" \/>\n<meta name=\"author\" content=\"dev\" \/>\n<meta name=\"twitter:card\" content=\"summary_large_image\" \/>\n<meta name=\"twitter:label1\" content=\"\u00c9crit par\" \/>\n\t<meta name=\"twitter:data1\" content=\"dev\" \/>\n<script type=\"application\/ld+json\" class=\"yoast-schema-graph\">{\"@context\":\"https:\\\/\\\/schema.org\",\"@graph\":[{\"@type\":\"Article\",\"@id\":\"https:\\\/\\\/ectp-ceu.eu\\\/news\\\/spatial-planning-16th-session-of-the-cemat-and-97th-meeting-of-the-senior-officials-of-the-cemat-nafplion-greece-16-17-june-2014\\\/#article\",\"isPartOf\":{\"@id\":\"https:\\\/\\\/ectp-ceu.eu\\\/news\\\/spatial-planning-16th-session-of-the-cemat-and-97th-meeting-of-the-senior-officials-of-the-cemat-nafplion-greece-16-17-june-2014\\\/\"},\"author\":{\"name\":\"dev\",\"@id\":\"https:\\\/\\\/ectp-ceu.eu\\\/#\\\/schema\\\/person\\\/8bf89ed875f5ab3f3b35e54d7c3f816f\"},\"headline\":\"Spatial planning: 16th session of the CEMAT and 97th meeting of the Senior Officials of the CEMAT, Nafplion, Greece, 16-17 June 2014\",\"datePublished\":\"2014-06-17T13:40:14+00:00\",\"dateModified\":\"2024-08-02T09:55:40+00:00\",\"mainEntityOfPage\":{\"@id\":\"https:\\\/\\\/ectp-ceu.eu\\\/news\\\/spatial-planning-16th-session-of-the-cemat-and-97th-meeting-of-the-senior-officials-of-the-cemat-nafplion-greece-16-17-june-2014\\\/\"},\"wordCount\":57,\"publisher\":{\"@id\":\"https:\\\/\\\/ectp-ceu.eu\\\/#organization\"},\"articleSection\":[\"News\"],\"inLanguage\":\"fr-FR\"},{\"@type\":\"WebPage\",\"@id\":\"https:\\\/\\\/ectp-ceu.eu\\\/news\\\/spatial-planning-16th-session-of-the-cemat-and-97th-meeting-of-the-senior-officials-of-the-cemat-nafplion-greece-16-17-june-2014\\\/\",\"url\":\"https:\\\/\\\/ectp-ceu.eu\\\/news\\\/spatial-planning-16th-session-of-the-cemat-and-97th-meeting-of-the-senior-officials-of-the-cemat-nafplion-greece-16-17-june-2014\\\/\",\"name\":\"Spatial planning: 16th session of the CEMAT and 97th meeting of the Senior Officials of the CEMAT, Nafplion, Greece, 16-17 June 2014 - ECTP-CEU\",\"isPartOf\":{\"@id\":\"https:\\\/\\\/ectp-ceu.eu\\\/#website\"},\"datePublished\":\"2014-06-17T13:40:14+00:00\",\"dateModified\":\"2024-08-02T09:55:40+00:00\",\"breadcrumb\":{\"@id\":\"https:\\\/\\\/ectp-ceu.eu\\\/news\\\/spatial-planning-16th-session-of-the-cemat-and-97th-meeting-of-the-senior-officials-of-the-cemat-nafplion-greece-16-17-june-2014\\\/#breadcrumb\"},\"inLanguage\":\"fr-FR\",\"potentialAction\":[{\"@type\":\"ReadAction\",\"target\":[\"https:\\\/\\\/ectp-ceu.eu\\\/news\\\/spatial-planning-16th-session-of-the-cemat-and-97th-meeting-of-the-senior-officials-of-the-cemat-nafplion-greece-16-17-june-2014\\\/\"]}]},{\"@type\":\"BreadcrumbList\",\"@id\":\"https:\\\/\\\/ectp-ceu.eu\\\/news\\\/spatial-planning-16th-session-of-the-cemat-and-97th-meeting-of-the-senior-officials-of-the-cemat-nafplion-greece-16-17-june-2014\\\/#breadcrumb\",\"itemListElement\":[{\"@type\":\"ListItem\",\"position\":1,\"name\":\"HOME\",\"item\":\"https:\\\/\\\/ectp-ceu.eu\\\/\"},{\"@type\":\"ListItem\",\"position\":2,\"name\":\"News\",\"item\":\"https:\\\/\\\/ectp-ceu.eu\\\/category\\\/news\\\/\"},{\"@type\":\"ListItem\",\"position\":3,\"name\":\"Spatial planning: 16th session of the CEMAT and 97th meeting of the Senior Officials of the CEMAT, Nafplion, Greece, 16-17 June 2014\"}]},{\"@type\":\"WebSite\",\"@id\":\"https:\\\/\\\/ectp-ceu.eu\\\/#website\",\"url\":\"https:\\\/\\\/ectp-ceu.eu\\\/\",\"name\":\"ECTP-CEU\",\"description\":\"European Council of Spatial Planners \u2013 Conseil Europ\u00e9en des Urbanistes\",\"publisher\":{\"@id\":\"https:\\\/\\\/ectp-ceu.eu\\\/#organization\"},\"potentialAction\":[{\"@type\":\"SearchAction\",\"target\":{\"@type\":\"EntryPoint\",\"urlTemplate\":\"https:\\\/\\\/ectp-ceu.eu\\\/?s={search_term_string}\"},\"query-input\":{\"@type\":\"PropertyValueSpecification\",\"valueRequired\":true,\"valueName\":\"search_term_string\"}}],\"inLanguage\":\"fr-FR\"},{\"@type\":\"Organization\",\"@id\":\"https:\\\/\\\/ectp-ceu.eu\\\/#organization\",\"name\":\"ECTP-CEU\",\"url\":\"https:\\\/\\\/ectp-ceu.eu\\\/\",\"logo\":{\"@type\":\"ImageObject\",\"inLanguage\":\"fr-FR\",\"@id\":\"https:\\\/\\\/ectp-ceu.eu\\\/#\\\/schema\\\/logo\\\/image\\\/\",\"url\":\"https:\\\/\\\/ectp-ceu.eu\\\/wp-content\\\/uploads\\\/2024\\\/07\\\/cropped-1392117979K7cUN6za2Hw29SX4.jpeg\",\"contentUrl\":\"https:\\\/\\\/ectp-ceu.eu\\\/wp-content\\\/uploads\\\/2024\\\/07\\\/cropped-1392117979K7cUN6za2Hw29SX4.jpeg\",\"width\":928,\"height\":328,\"caption\":\"ECTP-CEU\"},\"image\":{\"@id\":\"https:\\\/\\\/ectp-ceu.eu\\\/#\\\/schema\\\/logo\\\/image\\\/\"}},{\"@type\":\"Person\",\"@id\":\"https:\\\/\\\/ectp-ceu.eu\\\/#\\\/schema\\\/person\\\/8bf89ed875f5ab3f3b35e54d7c3f816f\",\"name\":\"dev\",\"image\":{\"@type\":\"ImageObject\",\"inLanguage\":\"fr-FR\",\"@id\":\"https:\\\/\\\/secure.gravatar.com\\\/avatar\\\/f1ffcac9ca2fa95ad3ec33e9be3ade82f752acb0cabe541e56c5889225afa88a?s=96&d=mm&r=g\",\"url\":\"https:\\\/\\\/secure.gravatar.com\\\/avatar\\\/f1ffcac9ca2fa95ad3ec33e9be3ade82f752acb0cabe541e56c5889225afa88a?s=96&d=mm&r=g\",\"contentUrl\":\"https:\\\/\\\/secure.gravatar.com\\\/avatar\\\/f1ffcac9ca2fa95ad3ec33e9be3ade82f752acb0cabe541e56c5889225afa88a?s=96&d=mm&r=g\",\"caption\":\"dev\"},\"sameAs\":[\"https:\\\/\\\/ectp-ceu.eu\"],\"url\":\"https:\\\/\\\/ectp-ceu.eu\\\/fr\\\/author\\\/dev\\\/\"}]}<\/script>\n<!-- \/ Yoast SEO plugin. -->","yoast_head_json":{"title":"Spatial planning: 16th session of the CEMAT and 97th meeting of the Senior Officials of the CEMAT, Nafplion, Greece, 16-17 June 2014 - ECTP-CEU","robots":{"index":"index","follow":"follow","max-snippet":"max-snippet:-1","max-image-preview":"max-image-preview:large","max-video-preview":"max-video-preview:-1"},"canonical":"https:\/\/ectp-ceu.eu\/fr\/news\/spatial-planning-16th-session-of-the-cemat-and-97th-meeting-of-the-senior-officials-of-the-cemat-nafplion-greece-16-17-june-2014\/","og_locale":"fr_FR","og_type":"article","og_title":"Spatial planning: 16th session of the CEMAT and 97th meeting of the Senior Officials of the CEMAT, Nafplion, Greece, 16-17 June 2014 - ECTP-CEU","og_description":"&nbsp; The 16th session of the Council of Europe Conference of Ministers responsible for Spatial\/Regional Planning (CEMAT) took place in Napflion (Greece) on 17 June &nbsp; See all information on the Council of Europe Website &nbsp;","og_url":"https:\/\/ectp-ceu.eu\/fr\/news\/spatial-planning-16th-session-of-the-cemat-and-97th-meeting-of-the-senior-officials-of-the-cemat-nafplion-greece-16-17-june-2014\/","og_site_name":"ECTP-CEU","article_published_time":"2014-06-17T13:40:14+00:00","article_modified_time":"2024-08-02T09:55:40+00:00","author":"dev","twitter_card":"summary_large_image","twitter_misc":{"\u00c9crit par":"dev"},"schema":{"@context":"https:\/\/schema.org","@graph":[{"@type":"Article","@id":"https:\/\/ectp-ceu.eu\/news\/spatial-planning-16th-session-of-the-cemat-and-97th-meeting-of-the-senior-officials-of-the-cemat-nafplion-greece-16-17-june-2014\/#article","isPartOf":{"@id":"https:\/\/ectp-ceu.eu\/news\/spatial-planning-16th-session-of-the-cemat-and-97th-meeting-of-the-senior-officials-of-the-cemat-nafplion-greece-16-17-june-2014\/"},"author":{"name":"dev","@id":"https:\/\/ectp-ceu.eu\/#\/schema\/person\/8bf89ed875f5ab3f3b35e54d7c3f816f"},"headline":"Spatial planning: 16th session of the CEMAT and 97th meeting of the Senior Officials of the CEMAT, Nafplion, Greece, 16-17 June 2014","datePublished":"2014-06-17T13:40:14+00:00","dateModified":"2024-08-02T09:55:40+00:00","mainEntityOfPage":{"@id":"https:\/\/ectp-ceu.eu\/news\/spatial-planning-16th-session-of-the-cemat-and-97th-meeting-of-the-senior-officials-of-the-cemat-nafplion-greece-16-17-june-2014\/"},"wordCount":57,"publisher":{"@id":"https:\/\/ectp-ceu.eu\/#organization"},"articleSection":["News"],"inLanguage":"fr-FR"},{"@type":"WebPage","@id":"https:\/\/ectp-ceu.eu\/news\/spatial-planning-16th-session-of-the-cemat-and-97th-meeting-of-the-senior-officials-of-the-cemat-nafplion-greece-16-17-june-2014\/","url":"https:\/\/ectp-ceu.eu\/news\/spatial-planning-16th-session-of-the-cemat-and-97th-meeting-of-the-senior-officials-of-the-cemat-nafplion-greece-16-17-june-2014\/","name":"Spatial planning: 16th session of the CEMAT and 97th meeting of the Senior Officials of the CEMAT, Nafplion, Greece, 16-17 June 2014 - ECTP-CEU","isPartOf":{"@id":"https:\/\/ectp-ceu.eu\/#website"},"datePublished":"2014-06-17T13:40:14+00:00","dateModified":"2024-08-02T09:55:40+00:00","breadcrumb":{"@id":"https:\/\/ectp-ceu.eu\/news\/spatial-planning-16th-session-of-the-cemat-and-97th-meeting-of-the-senior-officials-of-the-cemat-nafplion-greece-16-17-june-2014\/#breadcrumb"},"inLanguage":"fr-FR","potentialAction":[{"@type":"ReadAction","target":["https:\/\/ectp-ceu.eu\/news\/spatial-planning-16th-session-of-the-cemat-and-97th-meeting-of-the-senior-officials-of-the-cemat-nafplion-greece-16-17-june-2014\/"]}]},{"@type":"BreadcrumbList","@id":"https:\/\/ectp-ceu.eu\/news\/spatial-planning-16th-session-of-the-cemat-and-97th-meeting-of-the-senior-officials-of-the-cemat-nafplion-greece-16-17-june-2014\/#breadcrumb","itemListElement":[{"@type":"ListItem","position":1,"name":"HOME","item":"https:\/\/ectp-ceu.eu\/"},{"@type":"ListItem","position":2,"name":"News","item":"https:\/\/ectp-ceu.eu\/category\/news\/"},{"@type":"ListItem","position":3,"name":"Spatial planning: 16th session of the CEMAT and 97th meeting of the Senior Officials of the CEMAT, Nafplion, Greece, 16-17 June 2014"}]},{"@type":"WebSite","@id":"https:\/\/ectp-ceu.eu\/#website","url":"https:\/\/ectp-ceu.eu\/","name":"ECTP-CEU","description":"European Council of Spatial Planners \u2013 Conseil Europ\u00e9en des Urbanistes","publisher":{"@id":"https:\/\/ectp-ceu.eu\/#organization"},"potentialAction":[{"@type":"SearchAction","target":{"@type":"EntryPoint","urlTemplate":"https:\/\/ectp-ceu.eu\/?s={search_term_string}"},"query-input":{"@type":"PropertyValueSpecification","valueRequired":true,"valueName":"search_term_string"}}],"inLanguage":"fr-FR"},{"@type":"Organization","@id":"https:\/\/ectp-ceu.eu\/#organization","name":"ECTP-CEU","url":"https:\/\/ectp-ceu.eu\/","logo":{"@type":"ImageObject","inLanguage":"fr-FR","@id":"https:\/\/ectp-ceu.eu\/#\/schema\/logo\/image\/","url":"https:\/\/ectp-ceu.eu\/wp-content\/uploads\/2024\/07\/cropped-1392117979K7cUN6za2Hw29SX4.jpeg","contentUrl":"https:\/\/ectp-ceu.eu\/wp-content\/uploads\/2024\/07\/cropped-1392117979K7cUN6za2Hw29SX4.jpeg","width":928,"height":328,"caption":"ECTP-CEU"},"image":{"@id":"https:\/\/ectp-ceu.eu\/#\/schema\/logo\/image\/"}},{"@type":"Person","@id":"https:\/\/ectp-ceu.eu\/#\/schema\/person\/8bf89ed875f5ab3f3b35e54d7c3f816f","name":"dev","image":{"@type":"ImageObject","inLanguage":"fr-FR","@id":"https:\/\/secure.gravatar.com\/avatar\/f1ffcac9ca2fa95ad3ec33e9be3ade82f752acb0cabe541e56c5889225afa88a?s=96&d=mm&r=g","url":"https:\/\/secure.gravatar.com\/avatar\/f1ffcac9ca2fa95ad3ec33e9be3ade82f752acb0cabe541e56c5889225afa88a?s=96&d=mm&r=g","contentUrl":"https:\/\/secure.gravatar.com\/avatar\/f1ffcac9ca2fa95ad3ec33e9be3ade82f752acb0cabe541e56c5889225afa88a?s=96&d=mm&r=g","caption":"dev"},"sameAs":["https:\/\/ectp-ceu.eu"],"url":"https:\/\/ectp-ceu.eu\/fr\/author\/dev\/"}]}},"_links":{"self":[{"href":"https:\/\/ectp-ceu.eu\/fr\/wp-json\/wp\/v2\/posts\/3698","targetHints":{"allow":["GET"]}}],"collection":[{"href":"https:\/\/ectp-ceu.eu\/fr\/wp-json\/wp\/v2\/posts"}],"about":[{"href":"https:\/\/ectp-ceu.eu\/fr\/wp-json\/wp\/v2\/types\/post"}],"author":[{"embeddable":true,"href":"https:\/\/ectp-ceu.eu\/fr\/wp-json\/wp\/v2\/users\/1"}],"replies":[{"embeddable":true,"href":"https:\/\/ectp-ceu.eu\/fr\/wp-json\/wp\/v2\/comments?post=3698"}],"version-history":[{"count":3,"href":"https:\/\/ectp-ceu.eu\/fr\/wp-json\/wp\/v2\/posts\/3698\/revisions"}],"predecessor-version":[{"id":4761,"href":"https:\/\/ectp-ceu.eu\/fr\/wp-json\/wp\/v2\/posts\/3698\/revisions\/4761"}],"wp:attachment":[{"href":"https:\/\/ectp-ceu.eu\/fr\/wp-json\/wp\/v2\/media?parent=3698"}],"wp:term":[{"taxonomy":"category","embeddable":true,"href":"https:\/\/ectp-ceu.eu\/fr\/wp-json\/wp\/v2\/categories?post=3698"},{"taxonomy":"post_tag","embeddable":true,"href":"https:\/\/ectp-ceu.eu\/fr\/wp-json\/wp\/v2\/tags?post=3698"}],"curies":[{"name":"wp","href":"https:\/\/api.w.org\/{rel}","templated":true}]}}