{"id":3738,"date":"2019-07-25T15:58:33","date_gmt":"2019-07-25T13:58:33","guid":{"rendered":"https:\/\/ectp-ceu.eu\/?p=3738"},"modified":"2025-07-21T19:16:18","modified_gmt":"2025-07-21T17:16:18","slug":"mihai","status":"publish","type":"post","link":"https:\/\/ectp-ceu.eu\/fr\/news\/mihai\/","title":{"rendered":"Mihai"},"content":{"rendered":"<p>L'ECTP-CEU partage la tristesse de la nouvelle tragique du terrible accident d'incendie \u00e0 Bucarest.<\/p>\n<article>\n<div>\n<p>Mihai Alexander est mort dans cet accident, ainsi que 26 autres personnes.<\/p>\n<p>Mihai, jeune planificateur talentueux, \u00e9tait avec nous \u00e0 Dublin pour la Biennale, o\u00f9 ces photographies ont \u00e9t\u00e9 r\u00e9alis\u00e9es.<\/p>\n<p>Nous pr\u00e9sentons nos sinc\u00e8res condol\u00e9ances \u00e0 sa famille, ses amis et ses coll\u00e8gues.<\/p>\n<p><img fetchpriority=\"high\" decoding=\"async\" src=\"https:\/\/ectp-ceu.eu\/images\/_MG_6127.jpg\" alt=\"_MG_6127.jpg\" width=\"400\" height=\"600\" \/><\/p>\n<p><img decoding=\"async\" src=\"https:\/\/ectp-ceu.eu\/images\/_MG_6149.jpg\" alt=\"_MG_6149.jpg\" width=\"400\" height=\"267\" \/><\/p>\n<p><img decoding=\"async\" src=\"https:\/\/ectp-ceu.eu\/images\/_MG_6150.jpg\" alt=\"_MG_6150.jpg\" width=\"400\" height=\"267\" \/><\/p>\n<\/div>\n<\/article>","protected":false},"excerpt":{"rendered":"<p>L'ECTP-CEU partage la tristesse de la nouvelle tragique du terrible accident d'incendie \u00e0 Bucarest. Mihai Alexander est d\u00e9c\u00e9d\u00e9 dans cet accident, ainsi que 26 autres personnes. Mihai, jeune planificateur talentueux, \u00e9tait avec nous \u00e0 Dublin pour la Biennale, o\u00f9 ces photos ont \u00e9t\u00e9 r\u00e9alis\u00e9es. Nous pr\u00e9sentons nos sinc\u00e8res condol\u00e9ances \u00e0 sa famille, ses amis et ses coll\u00e8gues.<\/p>","protected":false},"author":1,"featured_media":0,"comment_status":"closed","ping_status":"open","sticky":false,"template":"","format":"standard","meta":{"_acf_changed":false,"inline_featured_image":false,"footnotes":""},"categories":[47,46,6],"tags":[],"class_list":["post-3738","post","type-post","status-publish","format-standard","hentry","category-ectp-ceu","category-members","category-news"],"acf":[],"yoast_head":"<!-- This site is optimized with the Yoast SEO plugin v27.5 - https:\/\/yoast.com\/product\/yoast-seo-wordpress\/ -->\n<title>Mihai - ECTP-CEU<\/title>\n<meta name=\"robots\" content=\"index, follow, max-snippet:-1, max-image-preview:large, max-video-preview:-1\" \/>\n<link rel=\"canonical\" href=\"https:\/\/ectp-ceu.eu\/fr\/news\/mihai\/\" \/>\n<meta property=\"og:locale\" content=\"fr_FR\" \/>\n<meta property=\"og:type\" content=\"article\" \/>\n<meta property=\"og:title\" content=\"Mihai - ECTP-CEU\" \/>\n<meta property=\"og:description\" content=\"ECTP-CEU shares the sadness of the tragic news of the terrible fire accident in Bucarest. Mihai Alexander died in this accident, as well as 26 other people. Mihai, talented young planner, was with us in Dublin for the Biennial, where these photgraphs were made. Our sincere condolences to all his family, friends and colleagues.\" \/>\n<meta property=\"og:url\" content=\"https:\/\/ectp-ceu.eu\/fr\/news\/mihai\/\" \/>\n<meta property=\"og:site_name\" content=\"ECTP-CEU\" \/>\n<meta property=\"article:published_time\" content=\"2019-07-25T13:58:33+00:00\" \/>\n<meta property=\"article:modified_time\" content=\"2025-07-21T17:16:18+00:00\" \/>\n<meta property=\"og:image\" content=\"https:\/\/ectp-ceu.eu\/images\/_MG_6127.jpg\" \/>\n<meta name=\"author\" content=\"dev\" \/>\n<meta name=\"twitter:card\" content=\"summary_large_image\" \/>\n<meta name=\"twitter:label1\" content=\"\u00c9crit par\" \/>\n\t<meta name=\"twitter:data1\" content=\"dev\" \/>\n<script type=\"application\/ld+json\" class=\"yoast-schema-graph\">{\"@context\":\"https:\\\/\\\/schema.org\",\"@graph\":[{\"@type\":\"Article\",\"@id\":\"https:\\\/\\\/ectp-ceu.eu\\\/news\\\/mihai\\\/#article\",\"isPartOf\":{\"@id\":\"https:\\\/\\\/ectp-ceu.eu\\\/news\\\/mihai\\\/\"},\"author\":{\"name\":\"dev\",\"@id\":\"https:\\\/\\\/ectp-ceu.eu\\\/#\\\/schema\\\/person\\\/8bf89ed875f5ab3f3b35e54d7c3f816f\"},\"headline\":\"Mihai\",\"datePublished\":\"2019-07-25T13:58:33+00:00\",\"dateModified\":\"2025-07-21T17:16:18+00:00\",\"mainEntityOfPage\":{\"@id\":\"https:\\\/\\\/ectp-ceu.eu\\\/news\\\/mihai\\\/\"},\"wordCount\":54,\"publisher\":{\"@id\":\"https:\\\/\\\/ectp-ceu.eu\\\/#organization\"},\"image\":{\"@id\":\"https:\\\/\\\/ectp-ceu.eu\\\/news\\\/mihai\\\/#primaryimage\"},\"thumbnailUrl\":\"https:\\\/\\\/ectp-ceu.eu\\\/images\\\/_MG_6127.jpg\",\"articleSection\":[\"ECTP-CEU\",\"Members\",\"News\"],\"inLanguage\":\"fr-FR\"},{\"@type\":\"WebPage\",\"@id\":\"https:\\\/\\\/ectp-ceu.eu\\\/news\\\/mihai\\\/\",\"url\":\"https:\\\/\\\/ectp-ceu.eu\\\/news\\\/mihai\\\/\",\"name\":\"Mihai - ECTP-CEU\",\"isPartOf\":{\"@id\":\"https:\\\/\\\/ectp-ceu.eu\\\/#website\"},\"primaryImageOfPage\":{\"@id\":\"https:\\\/\\\/ectp-ceu.eu\\\/news\\\/mihai\\\/#primaryimage\"},\"image\":{\"@id\":\"https:\\\/\\\/ectp-ceu.eu\\\/news\\\/mihai\\\/#primaryimage\"},\"thumbnailUrl\":\"https:\\\/\\\/ectp-ceu.eu\\\/images\\\/_MG_6127.jpg\",\"datePublished\":\"2019-07-25T13:58:33+00:00\",\"dateModified\":\"2025-07-21T17:16:18+00:00\",\"breadcrumb\":{\"@id\":\"https:\\\/\\\/ectp-ceu.eu\\\/news\\\/mihai\\\/#breadcrumb\"},\"inLanguage\":\"fr-FR\",\"potentialAction\":[{\"@type\":\"ReadAction\",\"target\":[\"https:\\\/\\\/ectp-ceu.eu\\\/news\\\/mihai\\\/\"]}]},{\"@type\":\"ImageObject\",\"inLanguage\":\"fr-FR\",\"@id\":\"https:\\\/\\\/ectp-ceu.eu\\\/news\\\/mihai\\\/#primaryimage\",\"url\":\"https:\\\/\\\/ectp-ceu.eu\\\/images\\\/_MG_6127.jpg\",\"contentUrl\":\"https:\\\/\\\/ectp-ceu.eu\\\/images\\\/_MG_6127.jpg\"},{\"@type\":\"BreadcrumbList\",\"@id\":\"https:\\\/\\\/ectp-ceu.eu\\\/news\\\/mihai\\\/#breadcrumb\",\"itemListElement\":[{\"@type\":\"ListItem\",\"position\":1,\"name\":\"HOME\",\"item\":\"https:\\\/\\\/ectp-ceu.eu\\\/\"},{\"@type\":\"ListItem\",\"position\":2,\"name\":\"News\",\"item\":\"https:\\\/\\\/ectp-ceu.eu\\\/category\\\/news\\\/\"},{\"@type\":\"ListItem\",\"position\":3,\"name\":\"ECTP-CEU\",\"item\":\"https:\\\/\\\/ectp-ceu.eu\\\/category\\\/news\\\/ectp-ceu\\\/\"},{\"@type\":\"ListItem\",\"position\":4,\"name\":\"Mihai\"}]},{\"@type\":\"WebSite\",\"@id\":\"https:\\\/\\\/ectp-ceu.eu\\\/#website\",\"url\":\"https:\\\/\\\/ectp-ceu.eu\\\/\",\"name\":\"ECTP-CEU\",\"description\":\"European Council of Spatial Planners \u2013 Conseil Europ\u00e9en des Urbanistes\",\"publisher\":{\"@id\":\"https:\\\/\\\/ectp-ceu.eu\\\/#organization\"},\"potentialAction\":[{\"@type\":\"SearchAction\",\"target\":{\"@type\":\"EntryPoint\",\"urlTemplate\":\"https:\\\/\\\/ectp-ceu.eu\\\/?s={search_term_string}\"},\"query-input\":{\"@type\":\"PropertyValueSpecification\",\"valueRequired\":true,\"valueName\":\"search_term_string\"}}],\"inLanguage\":\"fr-FR\"},{\"@type\":\"Organization\",\"@id\":\"https:\\\/\\\/ectp-ceu.eu\\\/#organization\",\"name\":\"ECTP-CEU\",\"url\":\"https:\\\/\\\/ectp-ceu.eu\\\/\",\"logo\":{\"@type\":\"ImageObject\",\"inLanguage\":\"fr-FR\",\"@id\":\"https:\\\/\\\/ectp-ceu.eu\\\/#\\\/schema\\\/logo\\\/image\\\/\",\"url\":\"https:\\\/\\\/ectp-ceu.eu\\\/wp-content\\\/uploads\\\/2024\\\/07\\\/cropped-1392117979K7cUN6za2Hw29SX4.jpeg\",\"contentUrl\":\"https:\\\/\\\/ectp-ceu.eu\\\/wp-content\\\/uploads\\\/2024\\\/07\\\/cropped-1392117979K7cUN6za2Hw29SX4.jpeg\",\"width\":928,\"height\":328,\"caption\":\"ECTP-CEU\"},\"image\":{\"@id\":\"https:\\\/\\\/ectp-ceu.eu\\\/#\\\/schema\\\/logo\\\/image\\\/\"}},{\"@type\":\"Person\",\"@id\":\"https:\\\/\\\/ectp-ceu.eu\\\/#\\\/schema\\\/person\\\/8bf89ed875f5ab3f3b35e54d7c3f816f\",\"name\":\"dev\",\"image\":{\"@type\":\"ImageObject\",\"inLanguage\":\"fr-FR\",\"@id\":\"https:\\\/\\\/secure.gravatar.com\\\/avatar\\\/f1ffcac9ca2fa95ad3ec33e9be3ade82f752acb0cabe541e56c5889225afa88a?s=96&d=mm&r=g\",\"url\":\"https:\\\/\\\/secure.gravatar.com\\\/avatar\\\/f1ffcac9ca2fa95ad3ec33e9be3ade82f752acb0cabe541e56c5889225afa88a?s=96&d=mm&r=g\",\"contentUrl\":\"https:\\\/\\\/secure.gravatar.com\\\/avatar\\\/f1ffcac9ca2fa95ad3ec33e9be3ade82f752acb0cabe541e56c5889225afa88a?s=96&d=mm&r=g\",\"caption\":\"dev\"},\"sameAs\":[\"https:\\\/\\\/ectp-ceu.eu\"],\"url\":\"https:\\\/\\\/ectp-ceu.eu\\\/fr\\\/author\\\/dev\\\/\"}]}<\/script>\n<!-- \/ Yoast SEO plugin. -->","yoast_head_json":{"title":"Mihai - ECTP-CEU","robots":{"index":"index","follow":"follow","max-snippet":"max-snippet:-1","max-image-preview":"max-image-preview:large","max-video-preview":"max-video-preview:-1"},"canonical":"https:\/\/ectp-ceu.eu\/fr\/news\/mihai\/","og_locale":"fr_FR","og_type":"article","og_title":"Mihai - ECTP-CEU","og_description":"ECTP-CEU shares the sadness of the tragic news of the terrible fire accident in Bucarest. Mihai Alexander died in this accident, as well as 26 other people. Mihai, talented young planner, was with us in Dublin for the Biennial, where these photgraphs were made. Our sincere condolences to all his family, friends and colleagues.","og_url":"https:\/\/ectp-ceu.eu\/fr\/news\/mihai\/","og_site_name":"ECTP-CEU","article_published_time":"2019-07-25T13:58:33+00:00","article_modified_time":"2025-07-21T17:16:18+00:00","og_image":[{"url":"https:\/\/ectp-ceu.eu\/images\/_MG_6127.jpg","type":"","width":"","height":""}],"author":"dev","twitter_card":"summary_large_image","twitter_misc":{"\u00c9crit par":"dev"},"schema":{"@context":"https:\/\/schema.org","@graph":[{"@type":"Article","@id":"https:\/\/ectp-ceu.eu\/news\/mihai\/#article","isPartOf":{"@id":"https:\/\/ectp-ceu.eu\/news\/mihai\/"},"author":{"name":"dev","@id":"https:\/\/ectp-ceu.eu\/#\/schema\/person\/8bf89ed875f5ab3f3b35e54d7c3f816f"},"headline":"Mihai","datePublished":"2019-07-25T13:58:33+00:00","dateModified":"2025-07-21T17:16:18+00:00","mainEntityOfPage":{"@id":"https:\/\/ectp-ceu.eu\/news\/mihai\/"},"wordCount":54,"publisher":{"@id":"https:\/\/ectp-ceu.eu\/#organization"},"image":{"@id":"https:\/\/ectp-ceu.eu\/news\/mihai\/#primaryimage"},"thumbnailUrl":"https:\/\/ectp-ceu.eu\/images\/_MG_6127.jpg","articleSection":["ECTP-CEU","Members","News"],"inLanguage":"fr-FR"},{"@type":"WebPage","@id":"https:\/\/ectp-ceu.eu\/news\/mihai\/","url":"https:\/\/ectp-ceu.eu\/news\/mihai\/","name":"Mihai - ECTP-CEU","isPartOf":{"@id":"https:\/\/ectp-ceu.eu\/#website"},"primaryImageOfPage":{"@id":"https:\/\/ectp-ceu.eu\/news\/mihai\/#primaryimage"},"image":{"@id":"https:\/\/ectp-ceu.eu\/news\/mihai\/#primaryimage"},"thumbnailUrl":"https:\/\/ectp-ceu.eu\/images\/_MG_6127.jpg","datePublished":"2019-07-25T13:58:33+00:00","dateModified":"2025-07-21T17:16:18+00:00","breadcrumb":{"@id":"https:\/\/ectp-ceu.eu\/news\/mihai\/#breadcrumb"},"inLanguage":"fr-FR","potentialAction":[{"@type":"ReadAction","target":["https:\/\/ectp-ceu.eu\/news\/mihai\/"]}]},{"@type":"ImageObject","inLanguage":"fr-FR","@id":"https:\/\/ectp-ceu.eu\/news\/mihai\/#primaryimage","url":"https:\/\/ectp-ceu.eu\/images\/_MG_6127.jpg","contentUrl":"https:\/\/ectp-ceu.eu\/images\/_MG_6127.jpg"},{"@type":"BreadcrumbList","@id":"https:\/\/ectp-ceu.eu\/news\/mihai\/#breadcrumb","itemListElement":[{"@type":"ListItem","position":1,"name":"HOME","item":"https:\/\/ectp-ceu.eu\/"},{"@type":"ListItem","position":2,"name":"News","item":"https:\/\/ectp-ceu.eu\/category\/news\/"},{"@type":"ListItem","position":3,"name":"ECTP-CEU","item":"https:\/\/ectp-ceu.eu\/category\/news\/ectp-ceu\/"},{"@type":"ListItem","position":4,"name":"Mihai"}]},{"@type":"WebSite","@id":"https:\/\/ectp-ceu.eu\/#website","url":"https:\/\/ectp-ceu.eu\/","name":"ECTP-CEU","description":"European Council of Spatial Planners \u2013 Conseil Europ\u00e9en des Urbanistes","publisher":{"@id":"https:\/\/ectp-ceu.eu\/#organization"},"potentialAction":[{"@type":"SearchAction","target":{"@type":"EntryPoint","urlTemplate":"https:\/\/ectp-ceu.eu\/?s={search_term_string}"},"query-input":{"@type":"PropertyValueSpecification","valueRequired":true,"valueName":"search_term_string"}}],"inLanguage":"fr-FR"},{"@type":"Organization","@id":"https:\/\/ectp-ceu.eu\/#organization","name":"ECTP-CEU","url":"https:\/\/ectp-ceu.eu\/","logo":{"@type":"ImageObject","inLanguage":"fr-FR","@id":"https:\/\/ectp-ceu.eu\/#\/schema\/logo\/image\/","url":"https:\/\/ectp-ceu.eu\/wp-content\/uploads\/2024\/07\/cropped-1392117979K7cUN6za2Hw29SX4.jpeg","contentUrl":"https:\/\/ectp-ceu.eu\/wp-content\/uploads\/2024\/07\/cropped-1392117979K7cUN6za2Hw29SX4.jpeg","width":928,"height":328,"caption":"ECTP-CEU"},"image":{"@id":"https:\/\/ectp-ceu.eu\/#\/schema\/logo\/image\/"}},{"@type":"Person","@id":"https:\/\/ectp-ceu.eu\/#\/schema\/person\/8bf89ed875f5ab3f3b35e54d7c3f816f","name":"dev","image":{"@type":"ImageObject","inLanguage":"fr-FR","@id":"https:\/\/secure.gravatar.com\/avatar\/f1ffcac9ca2fa95ad3ec33e9be3ade82f752acb0cabe541e56c5889225afa88a?s=96&d=mm&r=g","url":"https:\/\/secure.gravatar.com\/avatar\/f1ffcac9ca2fa95ad3ec33e9be3ade82f752acb0cabe541e56c5889225afa88a?s=96&d=mm&r=g","contentUrl":"https:\/\/secure.gravatar.com\/avatar\/f1ffcac9ca2fa95ad3ec33e9be3ade82f752acb0cabe541e56c5889225afa88a?s=96&d=mm&r=g","caption":"dev"},"sameAs":["https:\/\/ectp-ceu.eu"],"url":"https:\/\/ectp-ceu.eu\/fr\/author\/dev\/"}]}},"_links":{"self":[{"href":"https:\/\/ectp-ceu.eu\/fr\/wp-json\/wp\/v2\/posts\/3738","targetHints":{"allow":["GET"]}}],"collection":[{"href":"https:\/\/ectp-ceu.eu\/fr\/wp-json\/wp\/v2\/posts"}],"about":[{"href":"https:\/\/ectp-ceu.eu\/fr\/wp-json\/wp\/v2\/types\/post"}],"author":[{"embeddable":true,"href":"https:\/\/ectp-ceu.eu\/fr\/wp-json\/wp\/v2\/users\/1"}],"replies":[{"embeddable":true,"href":"https:\/\/ectp-ceu.eu\/fr\/wp-json\/wp\/v2\/comments?post=3738"}],"version-history":[{"count":3,"href":"https:\/\/ectp-ceu.eu\/fr\/wp-json\/wp\/v2\/posts\/3738\/revisions"}],"predecessor-version":[{"id":3789,"href":"https:\/\/ectp-ceu.eu\/fr\/wp-json\/wp\/v2\/posts\/3738\/revisions\/3789"}],"wp:attachment":[{"href":"https:\/\/ectp-ceu.eu\/fr\/wp-json\/wp\/v2\/media?parent=3738"}],"wp:term":[{"taxonomy":"category","embeddable":true,"href":"https:\/\/ectp-ceu.eu\/fr\/wp-json\/wp\/v2\/categories?post=3738"},{"taxonomy":"post_tag","embeddable":true,"href":"https:\/\/ectp-ceu.eu\/fr\/wp-json\/wp\/v2\/tags?post=3738"}],"curies":[{"name":"wp","href":"https:\/\/api.w.org\/{rel}","templated":true}]}}