{"id":3753,"date":"2016-01-25T16:14:09","date_gmt":"2016-01-25T15:14:09","guid":{"rendered":"https:\/\/ectp-ceu.eu\/?p=3753"},"modified":"2025-07-21T19:25:45","modified_gmt":"2025-07-21T17:25:45","slug":"ectp-ceu-young-planners-workshop-2015-e-book-released","status":"publish","type":"post","link":"https:\/\/ectp-ceu.eu\/fr\/news\/ectp-ceu-young-planners-workshop-2015-e-book-released\/","title":{"rendered":"Atelier ECTP-CEU des jeunes planificateurs 2015 : publication de l'e-book"},"content":{"rendered":"<div class=\"tm-middle uk-grid\" data-uk-grid-match=\"\">\n<div class=\"tm-main uk-width-medium-1-1\"><main class=\"tm-content\"><\/p>\n<article class=\"uk-article tm-article\">\n<div class=\"tm-article-content\">\n<div>\n<p>Le Conseil europ\u00e9en des urbanistes (ECTP-CEU) soutient et promeut fortement l'atelier annuel des jeunes urbanistes. L'un de ses principaux objectifs est de r\u00e9unir de jeunes professionnels de l'am\u00e9nagement du territoire de diff\u00e9rentes r\u00e9gions d'Europe. Ce faisant, les participants d\u00e9couvrent de mani\u00e8re tr\u00e8s directe comment les diff\u00e9rents points de vue et approches des diff\u00e9rentes cultures d'urbanisme peuvent apporter une vari\u00e9t\u00e9 de solutions \u00e0 des probl\u00e8mes d'urbanisme sp\u00e9cifiques. Le groupe de travail cr\u00e9e un r\u00e9seau intensif, mais il est surtout con\u00e7u pour apprendre sur le terrain en discutant et en valorisant les contributions de nombreux jeunes professionnels. Une vari\u00e9t\u00e9 de m\u00e9thodes, d'instruments et de techniques pertinents pour l'am\u00e9nagement du territoire est pr\u00e9sent\u00e9e au cours des r\u00e9unions du groupe de travail.<br \/>\nDe cette mani\u00e8re, les participants d\u00e9couvrent la pertinence et la dynamique de l'am\u00e9nagement du territoire tel qu'il est mis en \u0153uvre dans diff\u00e9rentes villes et r\u00e9gions d'Europe. En s'attaquant \u00e0 des projets d'am\u00e9nagement r\u00e9els, les professionnels de l'am\u00e9nagement peuvent contribuer \u00e0 l'am\u00e9lioration r\u00e9elle de notre environnement, de notre condition sociale et de notre \u00e9conomie. La valeur ajout\u00e9e que l'urbaniste peut offrir est sans aucun doute l'approche int\u00e9grative en visualisant les cons\u00e9quences que les diff\u00e9rentes d\u00e9cisions sectorielles peuvent avoir sur le d\u00e9veloppement spatial d'un lieu sp\u00e9cifique.<br \/>\nLe groupe de travail de cette ann\u00e9e s'est concentr\u00e9 sur la gouvernance \u00e9lectronique et la prise de d\u00e9cision en mati\u00e8re d'am\u00e9nagement du territoire. Lors de la 11e biennale \u00e0 Dublin, intitul\u00e9e \"Making cities work, Technology in planning practice\", l'appel \u00e0 propositions a donn\u00e9 lieu \u00e0 un large \u00e9ventail de soumissions provenant de nombreuses r\u00e9gions d'Europe. C'est gr\u00e2ce \u00e0 cette r\u00e9ponse enthousiaste que l'\u00e9v\u00e9nement de 2015 est devenu un grand succ\u00e8s, avec comme point fort la pr\u00e9sentation en pl\u00e9ni\u00e8re de l'atelier des jeunes urbanistes lors de la biennale. Le groupe de travail a poursuivi ses discussions apr\u00e8s la Biennale et est parvenu aux conclusions pr\u00e9sent\u00e9es dans ce livre \u00e9lectronique.<br \/>\nJe recommande ce livre \u00e9lectronique \u00e0 tous les urbanistes - jeunes et moins jeunes - membres des associations membres de l'ECTP-CEU dans toute l'Europe, non seulement pour s'informer sur le sujet et l'approche des diff\u00e9rentes \u00e9quipes, mais aussi pour encourager les jeunes urbanistes \u00e0 participer \u00e0 l'atelier des jeunes urbanistes de 2016.<br \/>\nEnfin, permettez-moi de conclure en remerciant Ignacio Peman, membre du comit\u00e9 ex\u00e9cutif du CECEPU et d\u00e9l\u00e9gu\u00e9 repr\u00e9sentant de l'Union europ\u00e9enne.<br \/>\nAETU, qui a non seulement initi\u00e9 l'atelier des jeunes planificateurs, mais qui est aussi l'infatigable promoteur et organisateur du groupe de travail, ainsi que l'\u00e9diteur final de cet e-book. Merci beaucoup !<\/p>\n<p>Joris Scheers<br \/>\nPr\u00e9sident de l'ECTP-CEU<br \/>\nJanvier 2016<\/p>\n<p><a href=\"https:\/\/ectp-ceu.eu\/fr\/images\/stories\/YP-2015\/ebook_YP2015.pdf\/\" target=\"_blank\" rel=\"noopener\"><img decoding=\"async\" src=\"https:\/\/ectp-ceu.eu\/images\/stories\/YP-2015\/ebook_YP2015-1.jpg\" alt=\"ebook YP2015 1\" \/><\/a><\/p>\n<\/div>\n<\/div>\n<\/article>\n<p><\/main><\/div>\n<\/div>\n<section class=\"tm-bottom-a uk-grid tm-grid-block\" style=\"display: flex; flex-wrap: wrap; margin: 20px 0px 0px; padding: 0px; list-style: none; background: #ffffff; box-shadow: rgba(0, 0, 0, 0.06) 0px 0px 0px 1px, rgba(0, 0, 0, 0.06) 0px 4px 10px; color: #555555; font-family: 'Roboto Condensed'; font-size: 14px; font-style: normal; font-variant-ligatures: normal; font-variant-caps: normal; font-weight: 300; letter-spacing: normal; orphans: 2; text-align: start; text-indent: 0px; text-transform: none; widows: 2; word-spacing: 0px; -webkit-text-stroke-width: 0px; white-space: normal; text-decoration-thickness: initial; text-decoration-style: initial; text-decoration-color: initial;\" data-uk-grid-match=\"{target:'&gt; div &gt; .uk-panel'}\">\n<div class=\"uk-width-1-1\">\n<div class=\"uk-panel uk-panel-box\"><\/div>\n<\/div>\n<\/section>","protected":false},"excerpt":{"rendered":"<p>The European Council of Spatial Planners (ECTP-CEU) strongly supports and promotes the annual Young Planners Workshop. One of its central objectives is to bring young planning professionals together from different parts of Europe. By doing so, participants experience in a very direct way how different viewpoints and approaches of different planning cultures can bring on [&hellip;]<\/p>\n","protected":false},"author":1,"featured_media":0,"comment_status":"closed","ping_status":"open","sticky":false,"template":"","format":"standard","meta":{"_acf_changed":false,"inline_featured_image":false,"footnotes":""},"categories":[47,6,68],"tags":[],"class_list":["post-3753","post","type-post","status-publish","format-standard","hentry","category-ectp-ceu","category-news","category-young-planners"],"acf":[],"yoast_head":"<!-- This site is optimized with the Yoast SEO plugin v27.5 - https:\/\/yoast.com\/product\/yoast-seo-wordpress\/ -->\n<title>ECTP-CEU Young Planners Workshop 2015: e-book released - ECTP-CEU<\/title>\n<meta name=\"robots\" content=\"index, follow, max-snippet:-1, max-image-preview:large, max-video-preview:-1\" \/>\n<link rel=\"canonical\" href=\"https:\/\/ectp-ceu.eu\/fr\/news\/ectp-ceu-young-planners-workshop-2015-e-book-released\/\" \/>\n<meta property=\"og:locale\" content=\"fr_FR\" \/>\n<meta property=\"og:type\" content=\"article\" \/>\n<meta property=\"og:title\" content=\"ECTP-CEU Young Planners Workshop 2015: e-book released - ECTP-CEU\" \/>\n<meta property=\"og:description\" content=\"The European Council of Spatial Planners (ECTP-CEU) strongly supports and promotes the annual Young Planners Workshop. One of its central objectives is to bring young planning professionals together from different parts of Europe. By doing so, participants experience in a very direct way how different viewpoints and approaches of different planning cultures can bring on [&hellip;]\" \/>\n<meta property=\"og:url\" content=\"https:\/\/ectp-ceu.eu\/fr\/news\/ectp-ceu-young-planners-workshop-2015-e-book-released\/\" \/>\n<meta property=\"og:site_name\" content=\"ECTP-CEU\" \/>\n<meta property=\"article:published_time\" content=\"2016-01-25T15:14:09+00:00\" \/>\n<meta property=\"article:modified_time\" content=\"2025-07-21T17:25:45+00:00\" \/>\n<meta property=\"og:image\" content=\"https:\/\/ectp-ceu.eu\/images\/stories\/YP-2015\/ebook_YP2015-1.jpg\" \/>\n<meta name=\"author\" content=\"dev\" \/>\n<meta name=\"twitter:card\" content=\"summary_large_image\" \/>\n<meta name=\"twitter:label1\" content=\"\u00c9crit par\" \/>\n\t<meta name=\"twitter:data1\" content=\"dev\" \/>\n\t<meta name=\"twitter:label2\" content=\"Dur\u00e9e de lecture estim\u00e9e\" \/>\n\t<meta name=\"twitter:data2\" content=\"2 minutes\" \/>\n<script type=\"application\/ld+json\" class=\"yoast-schema-graph\">{\"@context\":\"https:\\\/\\\/schema.org\",\"@graph\":[{\"@type\":\"Article\",\"@id\":\"https:\\\/\\\/ectp-ceu.eu\\\/news\\\/ectp-ceu-young-planners-workshop-2015-e-book-released\\\/#article\",\"isPartOf\":{\"@id\":\"https:\\\/\\\/ectp-ceu.eu\\\/news\\\/ectp-ceu-young-planners-workshop-2015-e-book-released\\\/\"},\"author\":{\"name\":\"dev\",\"@id\":\"https:\\\/\\\/ectp-ceu.eu\\\/#\\\/schema\\\/person\\\/8bf89ed875f5ab3f3b35e54d7c3f816f\"},\"headline\":\"ECTP-CEU Young Planners Workshop 2015: e-book released\",\"datePublished\":\"2016-01-25T15:14:09+00:00\",\"dateModified\":\"2025-07-21T17:25:45+00:00\",\"mainEntityOfPage\":{\"@id\":\"https:\\\/\\\/ectp-ceu.eu\\\/news\\\/ectp-ceu-young-planners-workshop-2015-e-book-released\\\/\"},\"wordCount\":382,\"publisher\":{\"@id\":\"https:\\\/\\\/ectp-ceu.eu\\\/#organization\"},\"image\":{\"@id\":\"https:\\\/\\\/ectp-ceu.eu\\\/news\\\/ectp-ceu-young-planners-workshop-2015-e-book-released\\\/#primaryimage\"},\"thumbnailUrl\":\"https:\\\/\\\/ectp-ceu.eu\\\/images\\\/stories\\\/YP-2015\\\/ebook_YP2015-1.jpg\",\"articleSection\":[\"ECTP-CEU\",\"News\",\"Young Planners\"],\"inLanguage\":\"fr-FR\"},{\"@type\":\"WebPage\",\"@id\":\"https:\\\/\\\/ectp-ceu.eu\\\/news\\\/ectp-ceu-young-planners-workshop-2015-e-book-released\\\/\",\"url\":\"https:\\\/\\\/ectp-ceu.eu\\\/news\\\/ectp-ceu-young-planners-workshop-2015-e-book-released\\\/\",\"name\":\"ECTP-CEU Young Planners Workshop 2015: e-book released - ECTP-CEU\",\"isPartOf\":{\"@id\":\"https:\\\/\\\/ectp-ceu.eu\\\/#website\"},\"primaryImageOfPage\":{\"@id\":\"https:\\\/\\\/ectp-ceu.eu\\\/news\\\/ectp-ceu-young-planners-workshop-2015-e-book-released\\\/#primaryimage\"},\"image\":{\"@id\":\"https:\\\/\\\/ectp-ceu.eu\\\/news\\\/ectp-ceu-young-planners-workshop-2015-e-book-released\\\/#primaryimage\"},\"thumbnailUrl\":\"https:\\\/\\\/ectp-ceu.eu\\\/images\\\/stories\\\/YP-2015\\\/ebook_YP2015-1.jpg\",\"datePublished\":\"2016-01-25T15:14:09+00:00\",\"dateModified\":\"2025-07-21T17:25:45+00:00\",\"breadcrumb\":{\"@id\":\"https:\\\/\\\/ectp-ceu.eu\\\/news\\\/ectp-ceu-young-planners-workshop-2015-e-book-released\\\/#breadcrumb\"},\"inLanguage\":\"fr-FR\",\"potentialAction\":[{\"@type\":\"ReadAction\",\"target\":[\"https:\\\/\\\/ectp-ceu.eu\\\/news\\\/ectp-ceu-young-planners-workshop-2015-e-book-released\\\/\"]}]},{\"@type\":\"ImageObject\",\"inLanguage\":\"fr-FR\",\"@id\":\"https:\\\/\\\/ectp-ceu.eu\\\/news\\\/ectp-ceu-young-planners-workshop-2015-e-book-released\\\/#primaryimage\",\"url\":\"https:\\\/\\\/ectp-ceu.eu\\\/images\\\/stories\\\/YP-2015\\\/ebook_YP2015-1.jpg\",\"contentUrl\":\"https:\\\/\\\/ectp-ceu.eu\\\/images\\\/stories\\\/YP-2015\\\/ebook_YP2015-1.jpg\"},{\"@type\":\"BreadcrumbList\",\"@id\":\"https:\\\/\\\/ectp-ceu.eu\\\/news\\\/ectp-ceu-young-planners-workshop-2015-e-book-released\\\/#breadcrumb\",\"itemListElement\":[{\"@type\":\"ListItem\",\"position\":1,\"name\":\"HOME\",\"item\":\"https:\\\/\\\/ectp-ceu.eu\\\/\"},{\"@type\":\"ListItem\",\"position\":2,\"name\":\"News\",\"item\":\"https:\\\/\\\/ectp-ceu.eu\\\/category\\\/news\\\/\"},{\"@type\":\"ListItem\",\"position\":3,\"name\":\"ECTP-CEU\",\"item\":\"https:\\\/\\\/ectp-ceu.eu\\\/category\\\/news\\\/ectp-ceu\\\/\"},{\"@type\":\"ListItem\",\"position\":4,\"name\":\"ECTP-CEU Young Planners Workshop 2015: e-book released\"}]},{\"@type\":\"WebSite\",\"@id\":\"https:\\\/\\\/ectp-ceu.eu\\\/#website\",\"url\":\"https:\\\/\\\/ectp-ceu.eu\\\/\",\"name\":\"ECTP-CEU\",\"description\":\"European Council of Spatial Planners \u2013 Conseil Europ\u00e9en des Urbanistes\",\"publisher\":{\"@id\":\"https:\\\/\\\/ectp-ceu.eu\\\/#organization\"},\"potentialAction\":[{\"@type\":\"SearchAction\",\"target\":{\"@type\":\"EntryPoint\",\"urlTemplate\":\"https:\\\/\\\/ectp-ceu.eu\\\/?s={search_term_string}\"},\"query-input\":{\"@type\":\"PropertyValueSpecification\",\"valueRequired\":true,\"valueName\":\"search_term_string\"}}],\"inLanguage\":\"fr-FR\"},{\"@type\":\"Organization\",\"@id\":\"https:\\\/\\\/ectp-ceu.eu\\\/#organization\",\"name\":\"ECTP-CEU\",\"url\":\"https:\\\/\\\/ectp-ceu.eu\\\/\",\"logo\":{\"@type\":\"ImageObject\",\"inLanguage\":\"fr-FR\",\"@id\":\"https:\\\/\\\/ectp-ceu.eu\\\/#\\\/schema\\\/logo\\\/image\\\/\",\"url\":\"https:\\\/\\\/ectp-ceu.eu\\\/wp-content\\\/uploads\\\/2024\\\/07\\\/cropped-1392117979K7cUN6za2Hw29SX4.jpeg\",\"contentUrl\":\"https:\\\/\\\/ectp-ceu.eu\\\/wp-content\\\/uploads\\\/2024\\\/07\\\/cropped-1392117979K7cUN6za2Hw29SX4.jpeg\",\"width\":928,\"height\":328,\"caption\":\"ECTP-CEU\"},\"image\":{\"@id\":\"https:\\\/\\\/ectp-ceu.eu\\\/#\\\/schema\\\/logo\\\/image\\\/\"}},{\"@type\":\"Person\",\"@id\":\"https:\\\/\\\/ectp-ceu.eu\\\/#\\\/schema\\\/person\\\/8bf89ed875f5ab3f3b35e54d7c3f816f\",\"name\":\"dev\",\"image\":{\"@type\":\"ImageObject\",\"inLanguage\":\"fr-FR\",\"@id\":\"https:\\\/\\\/secure.gravatar.com\\\/avatar\\\/f1ffcac9ca2fa95ad3ec33e9be3ade82f752acb0cabe541e56c5889225afa88a?s=96&d=mm&r=g\",\"url\":\"https:\\\/\\\/secure.gravatar.com\\\/avatar\\\/f1ffcac9ca2fa95ad3ec33e9be3ade82f752acb0cabe541e56c5889225afa88a?s=96&d=mm&r=g\",\"contentUrl\":\"https:\\\/\\\/secure.gravatar.com\\\/avatar\\\/f1ffcac9ca2fa95ad3ec33e9be3ade82f752acb0cabe541e56c5889225afa88a?s=96&d=mm&r=g\",\"caption\":\"dev\"},\"sameAs\":[\"https:\\\/\\\/ectp-ceu.eu\"],\"url\":\"https:\\\/\\\/ectp-ceu.eu\\\/fr\\\/author\\\/dev\\\/\"}]}<\/script>\n<!-- \/ Yoast SEO plugin. -->","yoast_head_json":{"title":"ECTP-CEU Young Planners Workshop 2015: e-book released - ECTP-CEU","robots":{"index":"index","follow":"follow","max-snippet":"max-snippet:-1","max-image-preview":"max-image-preview:large","max-video-preview":"max-video-preview:-1"},"canonical":"https:\/\/ectp-ceu.eu\/fr\/news\/ectp-ceu-young-planners-workshop-2015-e-book-released\/","og_locale":"fr_FR","og_type":"article","og_title":"ECTP-CEU Young Planners Workshop 2015: e-book released - ECTP-CEU","og_description":"The European Council of Spatial Planners (ECTP-CEU) strongly supports and promotes the annual Young Planners Workshop. One of its central objectives is to bring young planning professionals together from different parts of Europe. By doing so, participants experience in a very direct way how different viewpoints and approaches of different planning cultures can bring on [&hellip;]","og_url":"https:\/\/ectp-ceu.eu\/fr\/news\/ectp-ceu-young-planners-workshop-2015-e-book-released\/","og_site_name":"ECTP-CEU","article_published_time":"2016-01-25T15:14:09+00:00","article_modified_time":"2025-07-21T17:25:45+00:00","og_image":[{"url":"https:\/\/ectp-ceu.eu\/images\/stories\/YP-2015\/ebook_YP2015-1.jpg","type":"","width":"","height":""}],"author":"dev","twitter_card":"summary_large_image","twitter_misc":{"\u00c9crit par":"dev","Dur\u00e9e de lecture estim\u00e9e":"2 minutes"},"schema":{"@context":"https:\/\/schema.org","@graph":[{"@type":"Article","@id":"https:\/\/ectp-ceu.eu\/news\/ectp-ceu-young-planners-workshop-2015-e-book-released\/#article","isPartOf":{"@id":"https:\/\/ectp-ceu.eu\/news\/ectp-ceu-young-planners-workshop-2015-e-book-released\/"},"author":{"name":"dev","@id":"https:\/\/ectp-ceu.eu\/#\/schema\/person\/8bf89ed875f5ab3f3b35e54d7c3f816f"},"headline":"ECTP-CEU Young Planners Workshop 2015: e-book released","datePublished":"2016-01-25T15:14:09+00:00","dateModified":"2025-07-21T17:25:45+00:00","mainEntityOfPage":{"@id":"https:\/\/ectp-ceu.eu\/news\/ectp-ceu-young-planners-workshop-2015-e-book-released\/"},"wordCount":382,"publisher":{"@id":"https:\/\/ectp-ceu.eu\/#organization"},"image":{"@id":"https:\/\/ectp-ceu.eu\/news\/ectp-ceu-young-planners-workshop-2015-e-book-released\/#primaryimage"},"thumbnailUrl":"https:\/\/ectp-ceu.eu\/images\/stories\/YP-2015\/ebook_YP2015-1.jpg","articleSection":["ECTP-CEU","News","Young Planners"],"inLanguage":"fr-FR"},{"@type":"WebPage","@id":"https:\/\/ectp-ceu.eu\/news\/ectp-ceu-young-planners-workshop-2015-e-book-released\/","url":"https:\/\/ectp-ceu.eu\/news\/ectp-ceu-young-planners-workshop-2015-e-book-released\/","name":"ECTP-CEU Young Planners Workshop 2015: e-book released - ECTP-CEU","isPartOf":{"@id":"https:\/\/ectp-ceu.eu\/#website"},"primaryImageOfPage":{"@id":"https:\/\/ectp-ceu.eu\/news\/ectp-ceu-young-planners-workshop-2015-e-book-released\/#primaryimage"},"image":{"@id":"https:\/\/ectp-ceu.eu\/news\/ectp-ceu-young-planners-workshop-2015-e-book-released\/#primaryimage"},"thumbnailUrl":"https:\/\/ectp-ceu.eu\/images\/stories\/YP-2015\/ebook_YP2015-1.jpg","datePublished":"2016-01-25T15:14:09+00:00","dateModified":"2025-07-21T17:25:45+00:00","breadcrumb":{"@id":"https:\/\/ectp-ceu.eu\/news\/ectp-ceu-young-planners-workshop-2015-e-book-released\/#breadcrumb"},"inLanguage":"fr-FR","potentialAction":[{"@type":"ReadAction","target":["https:\/\/ectp-ceu.eu\/news\/ectp-ceu-young-planners-workshop-2015-e-book-released\/"]}]},{"@type":"ImageObject","inLanguage":"fr-FR","@id":"https:\/\/ectp-ceu.eu\/news\/ectp-ceu-young-planners-workshop-2015-e-book-released\/#primaryimage","url":"https:\/\/ectp-ceu.eu\/images\/stories\/YP-2015\/ebook_YP2015-1.jpg","contentUrl":"https:\/\/ectp-ceu.eu\/images\/stories\/YP-2015\/ebook_YP2015-1.jpg"},{"@type":"BreadcrumbList","@id":"https:\/\/ectp-ceu.eu\/news\/ectp-ceu-young-planners-workshop-2015-e-book-released\/#breadcrumb","itemListElement":[{"@type":"ListItem","position":1,"name":"HOME","item":"https:\/\/ectp-ceu.eu\/"},{"@type":"ListItem","position":2,"name":"News","item":"https:\/\/ectp-ceu.eu\/category\/news\/"},{"@type":"ListItem","position":3,"name":"ECTP-CEU","item":"https:\/\/ectp-ceu.eu\/category\/news\/ectp-ceu\/"},{"@type":"ListItem","position":4,"name":"ECTP-CEU Young Planners Workshop 2015: e-book released"}]},{"@type":"WebSite","@id":"https:\/\/ectp-ceu.eu\/#website","url":"https:\/\/ectp-ceu.eu\/","name":"ECTP-CEU","description":"European Council of Spatial Planners \u2013 Conseil Europ\u00e9en des Urbanistes","publisher":{"@id":"https:\/\/ectp-ceu.eu\/#organization"},"potentialAction":[{"@type":"SearchAction","target":{"@type":"EntryPoint","urlTemplate":"https:\/\/ectp-ceu.eu\/?s={search_term_string}"},"query-input":{"@type":"PropertyValueSpecification","valueRequired":true,"valueName":"search_term_string"}}],"inLanguage":"fr-FR"},{"@type":"Organization","@id":"https:\/\/ectp-ceu.eu\/#organization","name":"ECTP-CEU","url":"https:\/\/ectp-ceu.eu\/","logo":{"@type":"ImageObject","inLanguage":"fr-FR","@id":"https:\/\/ectp-ceu.eu\/#\/schema\/logo\/image\/","url":"https:\/\/ectp-ceu.eu\/wp-content\/uploads\/2024\/07\/cropped-1392117979K7cUN6za2Hw29SX4.jpeg","contentUrl":"https:\/\/ectp-ceu.eu\/wp-content\/uploads\/2024\/07\/cropped-1392117979K7cUN6za2Hw29SX4.jpeg","width":928,"height":328,"caption":"ECTP-CEU"},"image":{"@id":"https:\/\/ectp-ceu.eu\/#\/schema\/logo\/image\/"}},{"@type":"Person","@id":"https:\/\/ectp-ceu.eu\/#\/schema\/person\/8bf89ed875f5ab3f3b35e54d7c3f816f","name":"dev","image":{"@type":"ImageObject","inLanguage":"fr-FR","@id":"https:\/\/secure.gravatar.com\/avatar\/f1ffcac9ca2fa95ad3ec33e9be3ade82f752acb0cabe541e56c5889225afa88a?s=96&d=mm&r=g","url":"https:\/\/secure.gravatar.com\/avatar\/f1ffcac9ca2fa95ad3ec33e9be3ade82f752acb0cabe541e56c5889225afa88a?s=96&d=mm&r=g","contentUrl":"https:\/\/secure.gravatar.com\/avatar\/f1ffcac9ca2fa95ad3ec33e9be3ade82f752acb0cabe541e56c5889225afa88a?s=96&d=mm&r=g","caption":"dev"},"sameAs":["https:\/\/ectp-ceu.eu"],"url":"https:\/\/ectp-ceu.eu\/fr\/author\/dev\/"}]}},"_links":{"self":[{"href":"https:\/\/ectp-ceu.eu\/fr\/wp-json\/wp\/v2\/posts\/3753","targetHints":{"allow":["GET"]}}],"collection":[{"href":"https:\/\/ectp-ceu.eu\/fr\/wp-json\/wp\/v2\/posts"}],"about":[{"href":"https:\/\/ectp-ceu.eu\/fr\/wp-json\/wp\/v2\/types\/post"}],"author":[{"embeddable":true,"href":"https:\/\/ectp-ceu.eu\/fr\/wp-json\/wp\/v2\/users\/1"}],"replies":[{"embeddable":true,"href":"https:\/\/ectp-ceu.eu\/fr\/wp-json\/wp\/v2\/comments?post=3753"}],"version-history":[{"count":1,"href":"https:\/\/ectp-ceu.eu\/fr\/wp-json\/wp\/v2\/posts\/3753\/revisions"}],"predecessor-version":[{"id":3754,"href":"https:\/\/ectp-ceu.eu\/fr\/wp-json\/wp\/v2\/posts\/3753\/revisions\/3754"}],"wp:attachment":[{"href":"https:\/\/ectp-ceu.eu\/fr\/wp-json\/wp\/v2\/media?parent=3753"}],"wp:term":[{"taxonomy":"category","embeddable":true,"href":"https:\/\/ectp-ceu.eu\/fr\/wp-json\/wp\/v2\/categories?post=3753"},{"taxonomy":"post_tag","embeddable":true,"href":"https:\/\/ectp-ceu.eu\/fr\/wp-json\/wp\/v2\/tags?post=3753"}],"curies":[{"name":"wp","href":"https:\/\/api.w.org\/{rel}","templated":true}]}}