{"id":3755,"date":"2017-05-25T16:17:37","date_gmt":"2017-05-25T14:17:37","guid":{"rendered":"https:\/\/ectp-ceu.eu\/?p=3755"},"modified":"2025-07-21T19:24:53","modified_gmt":"2025-07-21T17:24:53","slug":"new-use-new-move-land-use-and-mobility","status":"publish","type":"post","link":"https:\/\/ectp-ceu.eu\/fr\/news\/new-use-new-move-land-use-and-mobility\/","title":{"rendered":"New Use \/ New Move : Am\u00e9nagement du territoire et mobilit\u00e9"},"content":{"rendered":"<p>FORUM 11.05.2017<br \/>\nBOZAR Centre des Beaux-Arts de Bruxelles<br \/>\nLes pr\u00e9sents actes r\u00e9sument les interventions et les discussions qui ont eu lieu lors du FORUM du 2017.05.11 au BOZAR, Palais des Beaux-Arts de Bruxelles.<\/p>\n<p>Actes disponibles :<\/p>\n<p><a href=\"https:\/\/ectp-ceu.eu\/fr\/images\/stories\/PDF-docs\/Members-reports\/FUP_proceedings_FR.pdf\/\" target=\"_blank\" rel=\"noopener noreferrer\">- compl\u00e8te (en fran\u00e7ais) ;<\/a><br \/>\n<a href=\"https:\/\/ectp-ceu.eu\/fr\/images\/stories\/PDF-docs\/Members-reports\/FUP_proceedingsFR-EN-NL.pdf\/\" target=\"_blank\" rel=\"noopener noreferrer\">- r\u00e9sum\u00e9 en fran\u00e7ais \/ n\u00e9erlandais et anglais<\/a><\/p>\n<p>Pr\u00e9conisations :<\/p>\n<p><a href=\"https:\/\/ectp-ceu.eu\/fr\/images\/stories\/PDF-docs\/Members-reports\/FUP_Preconisations%20_FR.pdf\/\" target=\"_blank\" rel=\"noopener noreferrer\">Fran\u00e7ais<\/a><br \/>\n<a href=\"https:\/\/ectp-ceu.eu\/fr\/images\/stories\/PDF-docs\/Members-reports\/FUP_Preconisations%20_NL.pdf\/\" target=\"_blank\" rel=\"noopener noreferrer\">N\u00e9erlandais<\/a><br \/>\n<a href=\"https:\/\/ectp-ceu.eu\/fr\/images\/stories\/PDF-docs\/Members-reports\/FUP_Preconisations_EN.pdf\/\" target=\"_blank\" rel=\"noopener noreferrer\">Anglais<\/a><\/p>","protected":false},"excerpt":{"rendered":"<p>FORUM 11.05.2017 BOZAR Palais des Beaux-Arts de Bruxelles Les pr\u00e9sents actes r\u00e9sument les interventions et les discussions qui ont eu lieu lors du FORUM du 2017.05.11 au BOZAR, Palais des Beaux-Arts de Bruxelles Actes disponibles : - complets (en fran\u00e7ais) ; - r\u00e9sum\u00e9s en fran\u00e7ais \/ n\u00e9erlandais &amp; anglais Pr\u00e9conisations : fran\u00e7ais n\u00e9erlandais anglais<\/p>","protected":false},"author":1,"featured_media":3756,"comment_status":"closed","ping_status":"open","sticky":false,"template":"","format":"standard","meta":{"_acf_changed":false,"inline_featured_image":false,"footnotes":""},"categories":[47,6],"tags":[],"class_list":["post-3755","post","type-post","status-publish","format-standard","has-post-thumbnail","hentry","category-ectp-ceu","category-news"],"acf":[],"yoast_head":"<!-- This site is optimized with the Yoast SEO plugin v27.5 - https:\/\/yoast.com\/product\/yoast-seo-wordpress\/ -->\n<title>New Use \/ New Move : Land Use and Mobility - ECTP-CEU<\/title>\n<meta name=\"robots\" content=\"index, follow, max-snippet:-1, max-image-preview:large, max-video-preview:-1\" \/>\n<link rel=\"canonical\" href=\"https:\/\/ectp-ceu.eu\/fr\/news\/new-use-new-move-land-use-and-mobility\/\" \/>\n<meta property=\"og:locale\" content=\"fr_FR\" \/>\n<meta property=\"og:type\" content=\"article\" \/>\n<meta property=\"og:title\" content=\"New Use \/ New Move : Land Use and Mobility - ECTP-CEU\" \/>\n<meta property=\"og:description\" content=\"FORUM 11.05.2017 BOZAR Center for Fine Arts Brussels The present proceedings summarize the interventions and discussions held at the FORUM of 2017.05.11 at BOZAR, Centre for Fine Arts Brussels Proceedings available: &#8211; complete (in French); &#8211; summurized in French \/ Dutch &amp; English Preconisations : French Dutch English\" \/>\n<meta property=\"og:url\" content=\"https:\/\/ectp-ceu.eu\/fr\/news\/new-use-new-move-land-use-and-mobility\/\" \/>\n<meta property=\"og:site_name\" content=\"ECTP-CEU\" \/>\n<meta property=\"article:published_time\" content=\"2017-05-25T14:17:37+00:00\" \/>\n<meta property=\"article:modified_time\" content=\"2025-07-21T17:24:53+00:00\" \/>\n<meta property=\"og:image\" content=\"https:\/\/ectp-ceu.eu\/wp-content\/uploads\/2024\/07\/FUP.jpg\" \/>\n\t<meta property=\"og:image:width\" content=\"400\" \/>\n\t<meta property=\"og:image:height\" content=\"211\" \/>\n\t<meta property=\"og:image:type\" content=\"image\/jpeg\" \/>\n<meta name=\"author\" content=\"dev\" \/>\n<meta name=\"twitter:card\" content=\"summary_large_image\" \/>\n<meta name=\"twitter:label1\" content=\"\u00c9crit par\" \/>\n\t<meta name=\"twitter:data1\" content=\"dev\" \/>\n<script type=\"application\/ld+json\" class=\"yoast-schema-graph\">{\"@context\":\"https:\\\/\\\/schema.org\",\"@graph\":[{\"@type\":\"Article\",\"@id\":\"https:\\\/\\\/ectp-ceu.eu\\\/news\\\/new-use-new-move-land-use-and-mobility\\\/#article\",\"isPartOf\":{\"@id\":\"https:\\\/\\\/ectp-ceu.eu\\\/news\\\/new-use-new-move-land-use-and-mobility\\\/\"},\"author\":{\"name\":\"dev\",\"@id\":\"https:\\\/\\\/ectp-ceu.eu\\\/#\\\/schema\\\/person\\\/8bf89ed875f5ab3f3b35e54d7c3f816f\"},\"headline\":\"New Use \\\/ New Move : Land Use and Mobility\",\"datePublished\":\"2017-05-25T14:17:37+00:00\",\"dateModified\":\"2025-07-21T17:24:53+00:00\",\"mainEntityOfPage\":{\"@id\":\"https:\\\/\\\/ectp-ceu.eu\\\/news\\\/new-use-new-move-land-use-and-mobility\\\/\"},\"wordCount\":52,\"publisher\":{\"@id\":\"https:\\\/\\\/ectp-ceu.eu\\\/#organization\"},\"image\":{\"@id\":\"https:\\\/\\\/ectp-ceu.eu\\\/news\\\/new-use-new-move-land-use-and-mobility\\\/#primaryimage\"},\"thumbnailUrl\":\"https:\\\/\\\/ectp-ceu.eu\\\/wp-content\\\/uploads\\\/2024\\\/07\\\/FUP.jpg\",\"articleSection\":[\"ECTP-CEU\",\"News\"],\"inLanguage\":\"fr-FR\"},{\"@type\":\"WebPage\",\"@id\":\"https:\\\/\\\/ectp-ceu.eu\\\/news\\\/new-use-new-move-land-use-and-mobility\\\/\",\"url\":\"https:\\\/\\\/ectp-ceu.eu\\\/news\\\/new-use-new-move-land-use-and-mobility\\\/\",\"name\":\"New Use \\\/ New Move : Land Use and Mobility - ECTP-CEU\",\"isPartOf\":{\"@id\":\"https:\\\/\\\/ectp-ceu.eu\\\/#website\"},\"primaryImageOfPage\":{\"@id\":\"https:\\\/\\\/ectp-ceu.eu\\\/news\\\/new-use-new-move-land-use-and-mobility\\\/#primaryimage\"},\"image\":{\"@id\":\"https:\\\/\\\/ectp-ceu.eu\\\/news\\\/new-use-new-move-land-use-and-mobility\\\/#primaryimage\"},\"thumbnailUrl\":\"https:\\\/\\\/ectp-ceu.eu\\\/wp-content\\\/uploads\\\/2024\\\/07\\\/FUP.jpg\",\"datePublished\":\"2017-05-25T14:17:37+00:00\",\"dateModified\":\"2025-07-21T17:24:53+00:00\",\"breadcrumb\":{\"@id\":\"https:\\\/\\\/ectp-ceu.eu\\\/news\\\/new-use-new-move-land-use-and-mobility\\\/#breadcrumb\"},\"inLanguage\":\"fr-FR\",\"potentialAction\":[{\"@type\":\"ReadAction\",\"target\":[\"https:\\\/\\\/ectp-ceu.eu\\\/news\\\/new-use-new-move-land-use-and-mobility\\\/\"]}]},{\"@type\":\"ImageObject\",\"inLanguage\":\"fr-FR\",\"@id\":\"https:\\\/\\\/ectp-ceu.eu\\\/news\\\/new-use-new-move-land-use-and-mobility\\\/#primaryimage\",\"url\":\"https:\\\/\\\/ectp-ceu.eu\\\/wp-content\\\/uploads\\\/2024\\\/07\\\/FUP.jpg\",\"contentUrl\":\"https:\\\/\\\/ectp-ceu.eu\\\/wp-content\\\/uploads\\\/2024\\\/07\\\/FUP.jpg\",\"width\":400,\"height\":211},{\"@type\":\"BreadcrumbList\",\"@id\":\"https:\\\/\\\/ectp-ceu.eu\\\/news\\\/new-use-new-move-land-use-and-mobility\\\/#breadcrumb\",\"itemListElement\":[{\"@type\":\"ListItem\",\"position\":1,\"name\":\"HOME\",\"item\":\"https:\\\/\\\/ectp-ceu.eu\\\/\"},{\"@type\":\"ListItem\",\"position\":2,\"name\":\"News\",\"item\":\"https:\\\/\\\/ectp-ceu.eu\\\/category\\\/news\\\/\"},{\"@type\":\"ListItem\",\"position\":3,\"name\":\"ECTP-CEU\",\"item\":\"https:\\\/\\\/ectp-ceu.eu\\\/category\\\/news\\\/ectp-ceu\\\/\"},{\"@type\":\"ListItem\",\"position\":4,\"name\":\"New Use \\\/ New Move : Land Use and Mobility\"}]},{\"@type\":\"WebSite\",\"@id\":\"https:\\\/\\\/ectp-ceu.eu\\\/#website\",\"url\":\"https:\\\/\\\/ectp-ceu.eu\\\/\",\"name\":\"ECTP-CEU\",\"description\":\"European Council of Spatial Planners \u2013 Conseil Europ\u00e9en des Urbanistes\",\"publisher\":{\"@id\":\"https:\\\/\\\/ectp-ceu.eu\\\/#organization\"},\"potentialAction\":[{\"@type\":\"SearchAction\",\"target\":{\"@type\":\"EntryPoint\",\"urlTemplate\":\"https:\\\/\\\/ectp-ceu.eu\\\/?s={search_term_string}\"},\"query-input\":{\"@type\":\"PropertyValueSpecification\",\"valueRequired\":true,\"valueName\":\"search_term_string\"}}],\"inLanguage\":\"fr-FR\"},{\"@type\":\"Organization\",\"@id\":\"https:\\\/\\\/ectp-ceu.eu\\\/#organization\",\"name\":\"ECTP-CEU\",\"url\":\"https:\\\/\\\/ectp-ceu.eu\\\/\",\"logo\":{\"@type\":\"ImageObject\",\"inLanguage\":\"fr-FR\",\"@id\":\"https:\\\/\\\/ectp-ceu.eu\\\/#\\\/schema\\\/logo\\\/image\\\/\",\"url\":\"https:\\\/\\\/ectp-ceu.eu\\\/wp-content\\\/uploads\\\/2024\\\/07\\\/cropped-1392117979K7cUN6za2Hw29SX4.jpeg\",\"contentUrl\":\"https:\\\/\\\/ectp-ceu.eu\\\/wp-content\\\/uploads\\\/2024\\\/07\\\/cropped-1392117979K7cUN6za2Hw29SX4.jpeg\",\"width\":928,\"height\":328,\"caption\":\"ECTP-CEU\"},\"image\":{\"@id\":\"https:\\\/\\\/ectp-ceu.eu\\\/#\\\/schema\\\/logo\\\/image\\\/\"}},{\"@type\":\"Person\",\"@id\":\"https:\\\/\\\/ectp-ceu.eu\\\/#\\\/schema\\\/person\\\/8bf89ed875f5ab3f3b35e54d7c3f816f\",\"name\":\"dev\",\"image\":{\"@type\":\"ImageObject\",\"inLanguage\":\"fr-FR\",\"@id\":\"https:\\\/\\\/secure.gravatar.com\\\/avatar\\\/f1ffcac9ca2fa95ad3ec33e9be3ade82f752acb0cabe541e56c5889225afa88a?s=96&d=mm&r=g\",\"url\":\"https:\\\/\\\/secure.gravatar.com\\\/avatar\\\/f1ffcac9ca2fa95ad3ec33e9be3ade82f752acb0cabe541e56c5889225afa88a?s=96&d=mm&r=g\",\"contentUrl\":\"https:\\\/\\\/secure.gravatar.com\\\/avatar\\\/f1ffcac9ca2fa95ad3ec33e9be3ade82f752acb0cabe541e56c5889225afa88a?s=96&d=mm&r=g\",\"caption\":\"dev\"},\"sameAs\":[\"https:\\\/\\\/ectp-ceu.eu\"],\"url\":\"https:\\\/\\\/ectp-ceu.eu\\\/fr\\\/author\\\/dev\\\/\"}]}<\/script>\n<!-- \/ Yoast SEO plugin. -->","yoast_head_json":{"title":"New Use \/ New Move : Land Use and Mobility - ECTP-CEU","robots":{"index":"index","follow":"follow","max-snippet":"max-snippet:-1","max-image-preview":"max-image-preview:large","max-video-preview":"max-video-preview:-1"},"canonical":"https:\/\/ectp-ceu.eu\/fr\/news\/new-use-new-move-land-use-and-mobility\/","og_locale":"fr_FR","og_type":"article","og_title":"New Use \/ New Move : Land Use and Mobility - ECTP-CEU","og_description":"FORUM 11.05.2017 BOZAR Center for Fine Arts Brussels The present proceedings summarize the interventions and discussions held at the FORUM of 2017.05.11 at BOZAR, Centre for Fine Arts Brussels Proceedings available: &#8211; complete (in French); &#8211; summurized in French \/ Dutch &amp; English Preconisations : French Dutch English","og_url":"https:\/\/ectp-ceu.eu\/fr\/news\/new-use-new-move-land-use-and-mobility\/","og_site_name":"ECTP-CEU","article_published_time":"2017-05-25T14:17:37+00:00","article_modified_time":"2025-07-21T17:24:53+00:00","og_image":[{"width":400,"height":211,"url":"https:\/\/ectp-ceu.eu\/wp-content\/uploads\/2024\/07\/FUP.jpg","type":"image\/jpeg"}],"author":"dev","twitter_card":"summary_large_image","twitter_misc":{"\u00c9crit par":"dev"},"schema":{"@context":"https:\/\/schema.org","@graph":[{"@type":"Article","@id":"https:\/\/ectp-ceu.eu\/news\/new-use-new-move-land-use-and-mobility\/#article","isPartOf":{"@id":"https:\/\/ectp-ceu.eu\/news\/new-use-new-move-land-use-and-mobility\/"},"author":{"name":"dev","@id":"https:\/\/ectp-ceu.eu\/#\/schema\/person\/8bf89ed875f5ab3f3b35e54d7c3f816f"},"headline":"New Use \/ New Move : Land Use and Mobility","datePublished":"2017-05-25T14:17:37+00:00","dateModified":"2025-07-21T17:24:53+00:00","mainEntityOfPage":{"@id":"https:\/\/ectp-ceu.eu\/news\/new-use-new-move-land-use-and-mobility\/"},"wordCount":52,"publisher":{"@id":"https:\/\/ectp-ceu.eu\/#organization"},"image":{"@id":"https:\/\/ectp-ceu.eu\/news\/new-use-new-move-land-use-and-mobility\/#primaryimage"},"thumbnailUrl":"https:\/\/ectp-ceu.eu\/wp-content\/uploads\/2024\/07\/FUP.jpg","articleSection":["ECTP-CEU","News"],"inLanguage":"fr-FR"},{"@type":"WebPage","@id":"https:\/\/ectp-ceu.eu\/news\/new-use-new-move-land-use-and-mobility\/","url":"https:\/\/ectp-ceu.eu\/news\/new-use-new-move-land-use-and-mobility\/","name":"New Use \/ New Move : Land Use and Mobility - ECTP-CEU","isPartOf":{"@id":"https:\/\/ectp-ceu.eu\/#website"},"primaryImageOfPage":{"@id":"https:\/\/ectp-ceu.eu\/news\/new-use-new-move-land-use-and-mobility\/#primaryimage"},"image":{"@id":"https:\/\/ectp-ceu.eu\/news\/new-use-new-move-land-use-and-mobility\/#primaryimage"},"thumbnailUrl":"https:\/\/ectp-ceu.eu\/wp-content\/uploads\/2024\/07\/FUP.jpg","datePublished":"2017-05-25T14:17:37+00:00","dateModified":"2025-07-21T17:24:53+00:00","breadcrumb":{"@id":"https:\/\/ectp-ceu.eu\/news\/new-use-new-move-land-use-and-mobility\/#breadcrumb"},"inLanguage":"fr-FR","potentialAction":[{"@type":"ReadAction","target":["https:\/\/ectp-ceu.eu\/news\/new-use-new-move-land-use-and-mobility\/"]}]},{"@type":"ImageObject","inLanguage":"fr-FR","@id":"https:\/\/ectp-ceu.eu\/news\/new-use-new-move-land-use-and-mobility\/#primaryimage","url":"https:\/\/ectp-ceu.eu\/wp-content\/uploads\/2024\/07\/FUP.jpg","contentUrl":"https:\/\/ectp-ceu.eu\/wp-content\/uploads\/2024\/07\/FUP.jpg","width":400,"height":211},{"@type":"BreadcrumbList","@id":"https:\/\/ectp-ceu.eu\/news\/new-use-new-move-land-use-and-mobility\/#breadcrumb","itemListElement":[{"@type":"ListItem","position":1,"name":"HOME","item":"https:\/\/ectp-ceu.eu\/"},{"@type":"ListItem","position":2,"name":"News","item":"https:\/\/ectp-ceu.eu\/category\/news\/"},{"@type":"ListItem","position":3,"name":"ECTP-CEU","item":"https:\/\/ectp-ceu.eu\/category\/news\/ectp-ceu\/"},{"@type":"ListItem","position":4,"name":"New Use \/ New Move : Land Use and Mobility"}]},{"@type":"WebSite","@id":"https:\/\/ectp-ceu.eu\/#website","url":"https:\/\/ectp-ceu.eu\/","name":"ECTP-CEU","description":"European Council of Spatial Planners \u2013 Conseil Europ\u00e9en des Urbanistes","publisher":{"@id":"https:\/\/ectp-ceu.eu\/#organization"},"potentialAction":[{"@type":"SearchAction","target":{"@type":"EntryPoint","urlTemplate":"https:\/\/ectp-ceu.eu\/?s={search_term_string}"},"query-input":{"@type":"PropertyValueSpecification","valueRequired":true,"valueName":"search_term_string"}}],"inLanguage":"fr-FR"},{"@type":"Organization","@id":"https:\/\/ectp-ceu.eu\/#organization","name":"ECTP-CEU","url":"https:\/\/ectp-ceu.eu\/","logo":{"@type":"ImageObject","inLanguage":"fr-FR","@id":"https:\/\/ectp-ceu.eu\/#\/schema\/logo\/image\/","url":"https:\/\/ectp-ceu.eu\/wp-content\/uploads\/2024\/07\/cropped-1392117979K7cUN6za2Hw29SX4.jpeg","contentUrl":"https:\/\/ectp-ceu.eu\/wp-content\/uploads\/2024\/07\/cropped-1392117979K7cUN6za2Hw29SX4.jpeg","width":928,"height":328,"caption":"ECTP-CEU"},"image":{"@id":"https:\/\/ectp-ceu.eu\/#\/schema\/logo\/image\/"}},{"@type":"Person","@id":"https:\/\/ectp-ceu.eu\/#\/schema\/person\/8bf89ed875f5ab3f3b35e54d7c3f816f","name":"dev","image":{"@type":"ImageObject","inLanguage":"fr-FR","@id":"https:\/\/secure.gravatar.com\/avatar\/f1ffcac9ca2fa95ad3ec33e9be3ade82f752acb0cabe541e56c5889225afa88a?s=96&d=mm&r=g","url":"https:\/\/secure.gravatar.com\/avatar\/f1ffcac9ca2fa95ad3ec33e9be3ade82f752acb0cabe541e56c5889225afa88a?s=96&d=mm&r=g","contentUrl":"https:\/\/secure.gravatar.com\/avatar\/f1ffcac9ca2fa95ad3ec33e9be3ade82f752acb0cabe541e56c5889225afa88a?s=96&d=mm&r=g","caption":"dev"},"sameAs":["https:\/\/ectp-ceu.eu"],"url":"https:\/\/ectp-ceu.eu\/fr\/author\/dev\/"}]}},"_links":{"self":[{"href":"https:\/\/ectp-ceu.eu\/fr\/wp-json\/wp\/v2\/posts\/3755","targetHints":{"allow":["GET"]}}],"collection":[{"href":"https:\/\/ectp-ceu.eu\/fr\/wp-json\/wp\/v2\/posts"}],"about":[{"href":"https:\/\/ectp-ceu.eu\/fr\/wp-json\/wp\/v2\/types\/post"}],"author":[{"embeddable":true,"href":"https:\/\/ectp-ceu.eu\/fr\/wp-json\/wp\/v2\/users\/1"}],"replies":[{"embeddable":true,"href":"https:\/\/ectp-ceu.eu\/fr\/wp-json\/wp\/v2\/comments?post=3755"}],"version-history":[{"count":2,"href":"https:\/\/ectp-ceu.eu\/fr\/wp-json\/wp\/v2\/posts\/3755\/revisions"}],"predecessor-version":[{"id":3758,"href":"https:\/\/ectp-ceu.eu\/fr\/wp-json\/wp\/v2\/posts\/3755\/revisions\/3758"}],"wp:featuredmedia":[{"embeddable":true,"href":"https:\/\/ectp-ceu.eu\/fr\/wp-json\/wp\/v2\/media\/3756"}],"wp:attachment":[{"href":"https:\/\/ectp-ceu.eu\/fr\/wp-json\/wp\/v2\/media?parent=3755"}],"wp:term":[{"taxonomy":"category","embeddable":true,"href":"https:\/\/ectp-ceu.eu\/fr\/wp-json\/wp\/v2\/categories?post=3755"},{"taxonomy":"post_tag","embeddable":true,"href":"https:\/\/ectp-ceu.eu\/fr\/wp-json\/wp\/v2\/tags?post=3755"}],"curies":[{"name":"wp","href":"https:\/\/api.w.org\/{rel}","templated":true}]}}