{"id":3769,"date":"2014-07-25T16:24:16","date_gmt":"2014-07-25T14:24:16","guid":{"rendered":"https:\/\/ectp-ceu.eu\/?p=3769"},"modified":"2025-07-21T20:04:43","modified_gmt":"2025-07-21T18:04:43","slug":"for-a-europe-of-regions-and-cities-the-view-of-young-people","status":"publish","type":"post","link":"https:\/\/ectp-ceu.eu\/fr\/news\/for-a-europe-of-regions-and-cities-the-view-of-young-people\/","title":{"rendered":"Pour une Europe des r\u00e9gions et des villes : le point de vue des jeunes"},"content":{"rendered":"<div data-uk-grid-match=\"\">\n<article>\n<div data-uk-grid-match=\"\">\n<article>\n<div>Dans le cadre des c\u00e9l\u00e9brations de son 20e anniversaire, le Comit\u00e9 des r\u00e9gions (CdR) invitera quelque 150 jeunes issus de diverses organisations de jeunesse et de partis politiques europ\u00e9ens, y compris des \u00e9tudiants et des stagiaires des institutions de l'UE, des bureaux de repr\u00e9sentation r\u00e9gionale et des groupes de r\u00e9flexion bas\u00e9s \u00e0 Bruxelles. Ils discuteront de l'avenir d'une Europe \u00e0 plusieurs niveaux et du CdR lui-m\u00eame, la seule institution de l'UE qui repr\u00e9sente v\u00e9ritablement les points de vue des villes et des r\u00e9gions d'Europe. Parall\u00e8lement au processus de r\u00e9flexion interne du CdR, l'\u00e9v\u00e9nement vise \u00e0 obtenir un retour d'information de la part de la jeune g\u00e9n\u00e9ration sur la forme que devrait prendre le CdR dans les 20 prochaines ann\u00e9es. Les jeunes participants seront invit\u00e9s \u00e0 pr\u00e9senter les r\u00e9sultats de leurs discussions lors de la c\u00e9r\u00e9monie du 20e anniversaire qui se tiendra au Parlement europ\u00e9en pendant la session pl\u00e9ni\u00e8re du CdR, le 2 avril. Cette c\u00e9r\u00e9monie sera suivie d'un \u00e9change de vues avec les membres du CdR.<\/div>\n<div>\n<p><strong>Qui doit participer ?<\/strong><\/p>\n<p>En r\u00e8gle g\u00e9n\u00e9rale, les participants ne doivent pas \u00eatre \u00e2g\u00e9s de plus de 30 ans et doivent appartenir \u00e0 l'une des cat\u00e9gories ci-dessous :<\/p>\n<ul>\n<li>Membres d'organisations de jeunesse ou jeunes membres de partis politiques europ\u00e9ens s\u00e9lectionn\u00e9s par les groupes politiques du CdR ;<\/li>\n<li>Titulaires d'un master ou d'un doctorat en affaires europ\u00e9ennes ;<\/li>\n<li>Stagiaires des institutions de l'UE, des bureaux de repr\u00e9sentation r\u00e9gionale \u00e0 Bruxelles et des principaux groupes de r\u00e9flexion bas\u00e9s \u00e0 Bruxelles.<\/li>\n<\/ul>\n<p>Les membres d'organisations de jeunesse, les \u00e9tudiants et les stagiaires int\u00e9ress\u00e9s doivent soumettre leur candidature avant le 7 mars 2014. Le CdR s\u00e9lectionnera 150 participants en tenant compte d'un bon \u00e9quilibre g\u00e9ographique et de genre, et les informera \u00e0 la mi-mars. Le CdR ne peut pas rembourser les frais de voyage et\/ou d'h\u00e9bergement. La conf\u00e9rence sera pr\u00e9par\u00e9e en collaboration avec des universit\u00e9s belges. La s\u00e9ance pl\u00e9ni\u00e8re et la s\u00e9ance de cl\u00f4ture seront diffus\u00e9es en direct sur le web. Veuillez consulter r\u00e9guli\u00e8rement ce site web pour les mises \u00e0 jour.<\/p>\n<p><a href=\"https:\/\/ectp-ceu.eu\/fr\/images\/stories\/Event-pics\/2143_prog-A5_Multilevel%20EU_6.pdf\/\" target=\"_blank\" rel=\"noopener\">T\u00e9l\u00e9charger le programme ici<\/a><\/p>\n<p><strong>Contact :\u00a0<\/strong><\/p>\n<p>Courriel : forum@cor.europa.eu<\/p>\n<\/div>\n<\/article>\n<\/div>\n<\/article>\n<\/div>","protected":false},"excerpt":{"rendered":"<p>As part of its 20th anniversary celebrations, the Committee of the Regions (CoR) will be inviting some 150 young people from a variety of youth organisations and European political parties, including students and interns from the EU institutions, the regional representation offices and Brussels-based think-tanks. They will discuss the future of a multi-level Europe and [&hellip;]<\/p>\n","protected":false},"author":1,"featured_media":0,"comment_status":"closed","ping_status":"open","sticky":false,"template":"","format":"standard","meta":{"_acf_changed":false,"inline_featured_image":false,"footnotes":""},"categories":[6,77],"tags":[],"class_list":["post-3769","post","type-post","status-publish","format-standard","hentry","category-news","category-partners"],"acf":[],"yoast_head":"<!-- This site is optimized with the Yoast SEO plugin v27.4 - https:\/\/yoast.com\/product\/yoast-seo-wordpress\/ -->\n<title>For a Europe of regions and cities: the view of young people - ECTP-CEU<\/title>\n<meta name=\"robots\" content=\"index, follow, max-snippet:-1, max-image-preview:large, max-video-preview:-1\" \/>\n<link rel=\"canonical\" href=\"https:\/\/ectp-ceu.eu\/fr\/news\/for-a-europe-of-regions-and-cities-the-view-of-young-people\/\" \/>\n<meta property=\"og:locale\" content=\"fr_FR\" \/>\n<meta property=\"og:type\" content=\"article\" \/>\n<meta property=\"og:title\" content=\"For a Europe of regions and cities: the view of young people - ECTP-CEU\" \/>\n<meta property=\"og:description\" content=\"As part of its 20th anniversary celebrations, the Committee of the Regions (CoR) will be inviting some 150 young people from a variety of youth organisations and European political parties, including students and interns from the EU institutions, the regional representation offices and Brussels-based think-tanks. They will discuss the future of a multi-level Europe and [&hellip;]\" \/>\n<meta property=\"og:url\" content=\"https:\/\/ectp-ceu.eu\/fr\/news\/for-a-europe-of-regions-and-cities-the-view-of-young-people\/\" \/>\n<meta property=\"og:site_name\" content=\"ECTP-CEU\" \/>\n<meta property=\"article:published_time\" content=\"2014-07-25T14:24:16+00:00\" \/>\n<meta property=\"article:modified_time\" content=\"2025-07-21T18:04:43+00:00\" \/>\n<meta name=\"author\" content=\"dev\" \/>\n<meta name=\"twitter:card\" content=\"summary_large_image\" \/>\n<meta name=\"twitter:label1\" content=\"\u00c9crit par\" \/>\n\t<meta name=\"twitter:data1\" content=\"dev\" \/>\n\t<meta name=\"twitter:label2\" content=\"Dur\u00e9e de lecture estim\u00e9e\" \/>\n\t<meta name=\"twitter:data2\" content=\"1 minute\" \/>\n<script type=\"application\/ld+json\" class=\"yoast-schema-graph\">{\"@context\":\"https:\\\/\\\/schema.org\",\"@graph\":[{\"@type\":\"Article\",\"@id\":\"https:\\\/\\\/ectp-ceu.eu\\\/news\\\/for-a-europe-of-regions-and-cities-the-view-of-young-people\\\/#article\",\"isPartOf\":{\"@id\":\"https:\\\/\\\/ectp-ceu.eu\\\/news\\\/for-a-europe-of-regions-and-cities-the-view-of-young-people\\\/\"},\"author\":{\"name\":\"dev\",\"@id\":\"https:\\\/\\\/ectp-ceu.eu\\\/#\\\/schema\\\/person\\\/8bf89ed875f5ab3f3b35e54d7c3f816f\"},\"headline\":\"For a Europe of regions and cities: the view of young people\",\"datePublished\":\"2014-07-25T14:24:16+00:00\",\"dateModified\":\"2025-07-21T18:04:43+00:00\",\"mainEntityOfPage\":{\"@id\":\"https:\\\/\\\/ectp-ceu.eu\\\/news\\\/for-a-europe-of-regions-and-cities-the-view-of-young-people\\\/\"},\"wordCount\":307,\"publisher\":{\"@id\":\"https:\\\/\\\/ectp-ceu.eu\\\/#organization\"},\"articleSection\":[\"News\",\"Partners\"],\"inLanguage\":\"fr-FR\"},{\"@type\":\"WebPage\",\"@id\":\"https:\\\/\\\/ectp-ceu.eu\\\/news\\\/for-a-europe-of-regions-and-cities-the-view-of-young-people\\\/\",\"url\":\"https:\\\/\\\/ectp-ceu.eu\\\/news\\\/for-a-europe-of-regions-and-cities-the-view-of-young-people\\\/\",\"name\":\"For a Europe of regions and cities: the view of young people - ECTP-CEU\",\"isPartOf\":{\"@id\":\"https:\\\/\\\/ectp-ceu.eu\\\/#website\"},\"datePublished\":\"2014-07-25T14:24:16+00:00\",\"dateModified\":\"2025-07-21T18:04:43+00:00\",\"breadcrumb\":{\"@id\":\"https:\\\/\\\/ectp-ceu.eu\\\/news\\\/for-a-europe-of-regions-and-cities-the-view-of-young-people\\\/#breadcrumb\"},\"inLanguage\":\"fr-FR\",\"potentialAction\":[{\"@type\":\"ReadAction\",\"target\":[\"https:\\\/\\\/ectp-ceu.eu\\\/news\\\/for-a-europe-of-regions-and-cities-the-view-of-young-people\\\/\"]}]},{\"@type\":\"BreadcrumbList\",\"@id\":\"https:\\\/\\\/ectp-ceu.eu\\\/news\\\/for-a-europe-of-regions-and-cities-the-view-of-young-people\\\/#breadcrumb\",\"itemListElement\":[{\"@type\":\"ListItem\",\"position\":1,\"name\":\"HOME\",\"item\":\"https:\\\/\\\/ectp-ceu.eu\\\/\"},{\"@type\":\"ListItem\",\"position\":2,\"name\":\"News\",\"item\":\"https:\\\/\\\/ectp-ceu.eu\\\/category\\\/news\\\/\"},{\"@type\":\"ListItem\",\"position\":3,\"name\":\"Partners\",\"item\":\"https:\\\/\\\/ectp-ceu.eu\\\/category\\\/news\\\/partners\\\/\"},{\"@type\":\"ListItem\",\"position\":4,\"name\":\"For a Europe of regions and cities: the view of young people\"}]},{\"@type\":\"WebSite\",\"@id\":\"https:\\\/\\\/ectp-ceu.eu\\\/#website\",\"url\":\"https:\\\/\\\/ectp-ceu.eu\\\/\",\"name\":\"ECTP-CEU\",\"description\":\"European Council of Spatial Planners \u2013 Conseil Europ\u00e9en des Urbanistes\",\"publisher\":{\"@id\":\"https:\\\/\\\/ectp-ceu.eu\\\/#organization\"},\"potentialAction\":[{\"@type\":\"SearchAction\",\"target\":{\"@type\":\"EntryPoint\",\"urlTemplate\":\"https:\\\/\\\/ectp-ceu.eu\\\/?s={search_term_string}\"},\"query-input\":{\"@type\":\"PropertyValueSpecification\",\"valueRequired\":true,\"valueName\":\"search_term_string\"}}],\"inLanguage\":\"fr-FR\"},{\"@type\":\"Organization\",\"@id\":\"https:\\\/\\\/ectp-ceu.eu\\\/#organization\",\"name\":\"ECTP-CEU\",\"url\":\"https:\\\/\\\/ectp-ceu.eu\\\/\",\"logo\":{\"@type\":\"ImageObject\",\"inLanguage\":\"fr-FR\",\"@id\":\"https:\\\/\\\/ectp-ceu.eu\\\/#\\\/schema\\\/logo\\\/image\\\/\",\"url\":\"https:\\\/\\\/ectp-ceu.eu\\\/wp-content\\\/uploads\\\/2024\\\/07\\\/cropped-1392117979K7cUN6za2Hw29SX4.jpeg\",\"contentUrl\":\"https:\\\/\\\/ectp-ceu.eu\\\/wp-content\\\/uploads\\\/2024\\\/07\\\/cropped-1392117979K7cUN6za2Hw29SX4.jpeg\",\"width\":928,\"height\":328,\"caption\":\"ECTP-CEU\"},\"image\":{\"@id\":\"https:\\\/\\\/ectp-ceu.eu\\\/#\\\/schema\\\/logo\\\/image\\\/\"}},{\"@type\":\"Person\",\"@id\":\"https:\\\/\\\/ectp-ceu.eu\\\/#\\\/schema\\\/person\\\/8bf89ed875f5ab3f3b35e54d7c3f816f\",\"name\":\"dev\",\"image\":{\"@type\":\"ImageObject\",\"inLanguage\":\"fr-FR\",\"@id\":\"https:\\\/\\\/secure.gravatar.com\\\/avatar\\\/f1ffcac9ca2fa95ad3ec33e9be3ade82f752acb0cabe541e56c5889225afa88a?s=96&d=mm&r=g\",\"url\":\"https:\\\/\\\/secure.gravatar.com\\\/avatar\\\/f1ffcac9ca2fa95ad3ec33e9be3ade82f752acb0cabe541e56c5889225afa88a?s=96&d=mm&r=g\",\"contentUrl\":\"https:\\\/\\\/secure.gravatar.com\\\/avatar\\\/f1ffcac9ca2fa95ad3ec33e9be3ade82f752acb0cabe541e56c5889225afa88a?s=96&d=mm&r=g\",\"caption\":\"dev\"},\"sameAs\":[\"https:\\\/\\\/ectp-ceu.eu\"],\"url\":\"https:\\\/\\\/ectp-ceu.eu\\\/fr\\\/author\\\/dev\\\/\"}]}<\/script>\n<!-- \/ Yoast SEO plugin. -->","yoast_head_json":{"title":"For a Europe of regions and cities: the view of young people - ECTP-CEU","robots":{"index":"index","follow":"follow","max-snippet":"max-snippet:-1","max-image-preview":"max-image-preview:large","max-video-preview":"max-video-preview:-1"},"canonical":"https:\/\/ectp-ceu.eu\/fr\/news\/for-a-europe-of-regions-and-cities-the-view-of-young-people\/","og_locale":"fr_FR","og_type":"article","og_title":"For a Europe of regions and cities: the view of young people - ECTP-CEU","og_description":"As part of its 20th anniversary celebrations, the Committee of the Regions (CoR) will be inviting some 150 young people from a variety of youth organisations and European political parties, including students and interns from the EU institutions, the regional representation offices and Brussels-based think-tanks. They will discuss the future of a multi-level Europe and [&hellip;]","og_url":"https:\/\/ectp-ceu.eu\/fr\/news\/for-a-europe-of-regions-and-cities-the-view-of-young-people\/","og_site_name":"ECTP-CEU","article_published_time":"2014-07-25T14:24:16+00:00","article_modified_time":"2025-07-21T18:04:43+00:00","author":"dev","twitter_card":"summary_large_image","twitter_misc":{"\u00c9crit par":"dev","Dur\u00e9e de lecture estim\u00e9e":"1 minute"},"schema":{"@context":"https:\/\/schema.org","@graph":[{"@type":"Article","@id":"https:\/\/ectp-ceu.eu\/news\/for-a-europe-of-regions-and-cities-the-view-of-young-people\/#article","isPartOf":{"@id":"https:\/\/ectp-ceu.eu\/news\/for-a-europe-of-regions-and-cities-the-view-of-young-people\/"},"author":{"name":"dev","@id":"https:\/\/ectp-ceu.eu\/#\/schema\/person\/8bf89ed875f5ab3f3b35e54d7c3f816f"},"headline":"For a Europe of regions and cities: the view of young people","datePublished":"2014-07-25T14:24:16+00:00","dateModified":"2025-07-21T18:04:43+00:00","mainEntityOfPage":{"@id":"https:\/\/ectp-ceu.eu\/news\/for-a-europe-of-regions-and-cities-the-view-of-young-people\/"},"wordCount":307,"publisher":{"@id":"https:\/\/ectp-ceu.eu\/#organization"},"articleSection":["News","Partners"],"inLanguage":"fr-FR"},{"@type":"WebPage","@id":"https:\/\/ectp-ceu.eu\/news\/for-a-europe-of-regions-and-cities-the-view-of-young-people\/","url":"https:\/\/ectp-ceu.eu\/news\/for-a-europe-of-regions-and-cities-the-view-of-young-people\/","name":"For a Europe of regions and cities: the view of young people - ECTP-CEU","isPartOf":{"@id":"https:\/\/ectp-ceu.eu\/#website"},"datePublished":"2014-07-25T14:24:16+00:00","dateModified":"2025-07-21T18:04:43+00:00","breadcrumb":{"@id":"https:\/\/ectp-ceu.eu\/news\/for-a-europe-of-regions-and-cities-the-view-of-young-people\/#breadcrumb"},"inLanguage":"fr-FR","potentialAction":[{"@type":"ReadAction","target":["https:\/\/ectp-ceu.eu\/news\/for-a-europe-of-regions-and-cities-the-view-of-young-people\/"]}]},{"@type":"BreadcrumbList","@id":"https:\/\/ectp-ceu.eu\/news\/for-a-europe-of-regions-and-cities-the-view-of-young-people\/#breadcrumb","itemListElement":[{"@type":"ListItem","position":1,"name":"HOME","item":"https:\/\/ectp-ceu.eu\/"},{"@type":"ListItem","position":2,"name":"News","item":"https:\/\/ectp-ceu.eu\/category\/news\/"},{"@type":"ListItem","position":3,"name":"Partners","item":"https:\/\/ectp-ceu.eu\/category\/news\/partners\/"},{"@type":"ListItem","position":4,"name":"For a Europe of regions and cities: the view of young people"}]},{"@type":"WebSite","@id":"https:\/\/ectp-ceu.eu\/#website","url":"https:\/\/ectp-ceu.eu\/","name":"ECTP-CEU","description":"European Council of Spatial Planners \u2013 Conseil Europ\u00e9en des Urbanistes","publisher":{"@id":"https:\/\/ectp-ceu.eu\/#organization"},"potentialAction":[{"@type":"SearchAction","target":{"@type":"EntryPoint","urlTemplate":"https:\/\/ectp-ceu.eu\/?s={search_term_string}"},"query-input":{"@type":"PropertyValueSpecification","valueRequired":true,"valueName":"search_term_string"}}],"inLanguage":"fr-FR"},{"@type":"Organization","@id":"https:\/\/ectp-ceu.eu\/#organization","name":"ECTP-CEU","url":"https:\/\/ectp-ceu.eu\/","logo":{"@type":"ImageObject","inLanguage":"fr-FR","@id":"https:\/\/ectp-ceu.eu\/#\/schema\/logo\/image\/","url":"https:\/\/ectp-ceu.eu\/wp-content\/uploads\/2024\/07\/cropped-1392117979K7cUN6za2Hw29SX4.jpeg","contentUrl":"https:\/\/ectp-ceu.eu\/wp-content\/uploads\/2024\/07\/cropped-1392117979K7cUN6za2Hw29SX4.jpeg","width":928,"height":328,"caption":"ECTP-CEU"},"image":{"@id":"https:\/\/ectp-ceu.eu\/#\/schema\/logo\/image\/"}},{"@type":"Person","@id":"https:\/\/ectp-ceu.eu\/#\/schema\/person\/8bf89ed875f5ab3f3b35e54d7c3f816f","name":"dev","image":{"@type":"ImageObject","inLanguage":"fr-FR","@id":"https:\/\/secure.gravatar.com\/avatar\/f1ffcac9ca2fa95ad3ec33e9be3ade82f752acb0cabe541e56c5889225afa88a?s=96&d=mm&r=g","url":"https:\/\/secure.gravatar.com\/avatar\/f1ffcac9ca2fa95ad3ec33e9be3ade82f752acb0cabe541e56c5889225afa88a?s=96&d=mm&r=g","contentUrl":"https:\/\/secure.gravatar.com\/avatar\/f1ffcac9ca2fa95ad3ec33e9be3ade82f752acb0cabe541e56c5889225afa88a?s=96&d=mm&r=g","caption":"dev"},"sameAs":["https:\/\/ectp-ceu.eu"],"url":"https:\/\/ectp-ceu.eu\/fr\/author\/dev\/"}]}},"_links":{"self":[{"href":"https:\/\/ectp-ceu.eu\/fr\/wp-json\/wp\/v2\/posts\/3769","targetHints":{"allow":["GET"]}}],"collection":[{"href":"https:\/\/ectp-ceu.eu\/fr\/wp-json\/wp\/v2\/posts"}],"about":[{"href":"https:\/\/ectp-ceu.eu\/fr\/wp-json\/wp\/v2\/types\/post"}],"author":[{"embeddable":true,"href":"https:\/\/ectp-ceu.eu\/fr\/wp-json\/wp\/v2\/users\/1"}],"replies":[{"embeddable":true,"href":"https:\/\/ectp-ceu.eu\/fr\/wp-json\/wp\/v2\/comments?post=3769"}],"version-history":[{"count":1,"href":"https:\/\/ectp-ceu.eu\/fr\/wp-json\/wp\/v2\/posts\/3769\/revisions"}],"predecessor-version":[{"id":3770,"href":"https:\/\/ectp-ceu.eu\/fr\/wp-json\/wp\/v2\/posts\/3769\/revisions\/3770"}],"wp:attachment":[{"href":"https:\/\/ectp-ceu.eu\/fr\/wp-json\/wp\/v2\/media?parent=3769"}],"wp:term":[{"taxonomy":"category","embeddable":true,"href":"https:\/\/ectp-ceu.eu\/fr\/wp-json\/wp\/v2\/categories?post=3769"},{"taxonomy":"post_tag","embeddable":true,"href":"https:\/\/ectp-ceu.eu\/fr\/wp-json\/wp\/v2\/tags?post=3769"}],"curies":[{"name":"wp","href":"https:\/\/api.w.org\/{rel}","templated":true}]}}