{"id":3771,"date":"2019-07-25T16:28:40","date_gmt":"2019-07-25T14:28:40","guid":{"rendered":"https:\/\/ectp-ceu.eu\/?p=3771"},"modified":"2025-07-21T19:13:53","modified_gmt":"2025-07-21T17:13:53","slug":"giuseppe-campos-venuti","status":"publish","type":"post","link":"https:\/\/ectp-ceu.eu\/fr\/news\/giuseppe-campos-venuti\/","title":{"rendered":"Giuseppe Campos Venuti"},"content":{"rendered":"<div data-uk-grid-match=\"\">\n<article>\n<div data-uk-grid-match=\"\">\n<article>\n<div>\n<p><em>Une autre triste nouvelle en provenance d'Italie en moins d'une semaine. Giuseppe Campos Venuti est d\u00e9c\u00e9d\u00e9 \u00e0 l'\u00e2ge de 93 ans. \"Bolognais de Rome\", comme il aimait \u00e0 se d\u00e9finir, sa contribution au d\u00e9bat sur l'urbanisme en Italie a \u00e9t\u00e9 d\u00e9cisive. Des g\u00e9n\u00e9rations d'\u00e9tudiants et de professionnels ont \u00e9tudi\u00e9 ses livres et analys\u00e9 son travail, en tant qu'urbaniste et administrateur local. Sa principale \u0153uvre, en termes de visibilit\u00e9 \u00e9galement en dehors de la communaut\u00e9 des urbanistes, a \u00e9t\u00e9 le \"changement de Bologne\" au cours des ann\u00e9es 1960, lorsqu'il est parvenu \u00e0 combiner la protection du centre historique et du paysage environnant avec les besoins d'une ville contemporaine, notamment en accordant une grande attention aux logements sociaux. Son livre \"Amministrare l'urbanistica\" (Gestion de l'urbanisme), \u00e9crit en 1967, a \u00e9t\u00e9 un v\u00e9ritable pr\u00e9curseur. Le maire de Bologne a d\u00e9clar\u00e9 que le travail r\u00e9alis\u00e9 par Campos Venuti il y a cinquante ans fait de la ville une ville diff\u00e9rente, une ville meilleure aujourd'hui m\u00eame.<\/em><\/p>\n<\/div>\n<\/article>\n<\/div>\n<\/article>\n<\/div>","protected":false},"excerpt":{"rendered":"<p>Another sad news from Italy in less than one week. Giuseppe Campos Venuti died at age 93. \u201cBolognese from Rome\u201d, as he liked to define himself, his contribution to the town planning debate in Italy was decisive. Generations of students and professionals studied on his books and analysed his work, as a town planner as [&hellip;]<\/p>\n","protected":false},"author":1,"featured_media":3772,"comment_status":"closed","ping_status":"open","sticky":false,"template":"","format":"standard","meta":{"_acf_changed":false,"inline_featured_image":false,"footnotes":""},"categories":[46,6],"tags":[],"class_list":["post-3771","post","type-post","status-publish","format-standard","has-post-thumbnail","hentry","category-members","category-news"],"acf":[],"yoast_head":"<!-- This site is optimized with the Yoast SEO plugin v27.5 - https:\/\/yoast.com\/product\/yoast-seo-wordpress\/ -->\n<title>Giuseppe Campos Venuti - ECTP-CEU<\/title>\n<meta name=\"robots\" content=\"index, follow, max-snippet:-1, max-image-preview:large, max-video-preview:-1\" \/>\n<link rel=\"canonical\" href=\"https:\/\/ectp-ceu.eu\/fr\/news\/giuseppe-campos-venuti\/\" \/>\n<meta property=\"og:locale\" content=\"fr_FR\" \/>\n<meta property=\"og:type\" content=\"article\" \/>\n<meta property=\"og:title\" content=\"Giuseppe Campos Venuti - ECTP-CEU\" \/>\n<meta property=\"og:description\" content=\"Another sad news from Italy in less than one week. Giuseppe Campos Venuti died at age 93. \u201cBolognese from Rome\u201d, as he liked to define himself, his contribution to the town planning debate in Italy was decisive. Generations of students and professionals studied on his books and analysed his work, as a town planner as [&hellip;]\" \/>\n<meta property=\"og:url\" content=\"https:\/\/ectp-ceu.eu\/fr\/news\/giuseppe-campos-venuti\/\" \/>\n<meta property=\"og:site_name\" content=\"ECTP-CEU\" \/>\n<meta property=\"article:published_time\" content=\"2019-07-25T14:28:40+00:00\" \/>\n<meta property=\"article:modified_time\" content=\"2025-07-21T17:13:53+00:00\" \/>\n<meta property=\"og:image\" content=\"https:\/\/ectp-ceu.eu\/wp-content\/uploads\/2024\/07\/camposvenuti_giuseppe_orig.jpg\" \/>\n\t<meta property=\"og:image:width\" content=\"1063\" \/>\n\t<meta property=\"og:image:height\" content=\"1700\" \/>\n\t<meta property=\"og:image:type\" content=\"image\/jpeg\" \/>\n<meta name=\"author\" content=\"dev\" \/>\n<meta name=\"twitter:card\" content=\"summary_large_image\" \/>\n<meta name=\"twitter:label1\" content=\"\u00c9crit par\" \/>\n\t<meta name=\"twitter:data1\" content=\"dev\" \/>\n\t<meta name=\"twitter:label2\" content=\"Dur\u00e9e de lecture estim\u00e9e\" \/>\n\t<meta name=\"twitter:data2\" content=\"1 minute\" \/>\n<script type=\"application\/ld+json\" class=\"yoast-schema-graph\">{\"@context\":\"https:\\\/\\\/schema.org\",\"@graph\":[{\"@type\":\"Article\",\"@id\":\"https:\\\/\\\/ectp-ceu.eu\\\/news\\\/giuseppe-campos-venuti\\\/#article\",\"isPartOf\":{\"@id\":\"https:\\\/\\\/ectp-ceu.eu\\\/news\\\/giuseppe-campos-venuti\\\/\"},\"author\":{\"name\":\"dev\",\"@id\":\"https:\\\/\\\/ectp-ceu.eu\\\/#\\\/schema\\\/person\\\/8bf89ed875f5ab3f3b35e54d7c3f816f\"},\"headline\":\"Giuseppe Campos Venuti\",\"datePublished\":\"2019-07-25T14:28:40+00:00\",\"dateModified\":\"2025-07-21T17:13:53+00:00\",\"mainEntityOfPage\":{\"@id\":\"https:\\\/\\\/ectp-ceu.eu\\\/news\\\/giuseppe-campos-venuti\\\/\"},\"wordCount\":149,\"publisher\":{\"@id\":\"https:\\\/\\\/ectp-ceu.eu\\\/#organization\"},\"image\":{\"@id\":\"https:\\\/\\\/ectp-ceu.eu\\\/news\\\/giuseppe-campos-venuti\\\/#primaryimage\"},\"thumbnailUrl\":\"https:\\\/\\\/ectp-ceu.eu\\\/wp-content\\\/uploads\\\/2024\\\/07\\\/camposvenuti_giuseppe_orig.jpg\",\"articleSection\":[\"Members\",\"News\"],\"inLanguage\":\"fr-FR\"},{\"@type\":\"WebPage\",\"@id\":\"https:\\\/\\\/ectp-ceu.eu\\\/news\\\/giuseppe-campos-venuti\\\/\",\"url\":\"https:\\\/\\\/ectp-ceu.eu\\\/news\\\/giuseppe-campos-venuti\\\/\",\"name\":\"Giuseppe Campos Venuti - ECTP-CEU\",\"isPartOf\":{\"@id\":\"https:\\\/\\\/ectp-ceu.eu\\\/#website\"},\"primaryImageOfPage\":{\"@id\":\"https:\\\/\\\/ectp-ceu.eu\\\/news\\\/giuseppe-campos-venuti\\\/#primaryimage\"},\"image\":{\"@id\":\"https:\\\/\\\/ectp-ceu.eu\\\/news\\\/giuseppe-campos-venuti\\\/#primaryimage\"},\"thumbnailUrl\":\"https:\\\/\\\/ectp-ceu.eu\\\/wp-content\\\/uploads\\\/2024\\\/07\\\/camposvenuti_giuseppe_orig.jpg\",\"datePublished\":\"2019-07-25T14:28:40+00:00\",\"dateModified\":\"2025-07-21T17:13:53+00:00\",\"breadcrumb\":{\"@id\":\"https:\\\/\\\/ectp-ceu.eu\\\/news\\\/giuseppe-campos-venuti\\\/#breadcrumb\"},\"inLanguage\":\"fr-FR\",\"potentialAction\":[{\"@type\":\"ReadAction\",\"target\":[\"https:\\\/\\\/ectp-ceu.eu\\\/news\\\/giuseppe-campos-venuti\\\/\"]}]},{\"@type\":\"ImageObject\",\"inLanguage\":\"fr-FR\",\"@id\":\"https:\\\/\\\/ectp-ceu.eu\\\/news\\\/giuseppe-campos-venuti\\\/#primaryimage\",\"url\":\"https:\\\/\\\/ectp-ceu.eu\\\/wp-content\\\/uploads\\\/2024\\\/07\\\/camposvenuti_giuseppe_orig.jpg\",\"contentUrl\":\"https:\\\/\\\/ectp-ceu.eu\\\/wp-content\\\/uploads\\\/2024\\\/07\\\/camposvenuti_giuseppe_orig.jpg\",\"width\":1063,\"height\":1700},{\"@type\":\"BreadcrumbList\",\"@id\":\"https:\\\/\\\/ectp-ceu.eu\\\/news\\\/giuseppe-campos-venuti\\\/#breadcrumb\",\"itemListElement\":[{\"@type\":\"ListItem\",\"position\":1,\"name\":\"HOME\",\"item\":\"https:\\\/\\\/ectp-ceu.eu\\\/\"},{\"@type\":\"ListItem\",\"position\":2,\"name\":\"News\",\"item\":\"https:\\\/\\\/ectp-ceu.eu\\\/category\\\/news\\\/\"},{\"@type\":\"ListItem\",\"position\":3,\"name\":\"Members\",\"item\":\"https:\\\/\\\/ectp-ceu.eu\\\/category\\\/news\\\/members\\\/\"},{\"@type\":\"ListItem\",\"position\":4,\"name\":\"Giuseppe Campos Venuti\"}]},{\"@type\":\"WebSite\",\"@id\":\"https:\\\/\\\/ectp-ceu.eu\\\/#website\",\"url\":\"https:\\\/\\\/ectp-ceu.eu\\\/\",\"name\":\"ECTP-CEU\",\"description\":\"European Council of Spatial Planners \u2013 Conseil Europ\u00e9en des Urbanistes\",\"publisher\":{\"@id\":\"https:\\\/\\\/ectp-ceu.eu\\\/#organization\"},\"potentialAction\":[{\"@type\":\"SearchAction\",\"target\":{\"@type\":\"EntryPoint\",\"urlTemplate\":\"https:\\\/\\\/ectp-ceu.eu\\\/?s={search_term_string}\"},\"query-input\":{\"@type\":\"PropertyValueSpecification\",\"valueRequired\":true,\"valueName\":\"search_term_string\"}}],\"inLanguage\":\"fr-FR\"},{\"@type\":\"Organization\",\"@id\":\"https:\\\/\\\/ectp-ceu.eu\\\/#organization\",\"name\":\"ECTP-CEU\",\"url\":\"https:\\\/\\\/ectp-ceu.eu\\\/\",\"logo\":{\"@type\":\"ImageObject\",\"inLanguage\":\"fr-FR\",\"@id\":\"https:\\\/\\\/ectp-ceu.eu\\\/#\\\/schema\\\/logo\\\/image\\\/\",\"url\":\"https:\\\/\\\/ectp-ceu.eu\\\/wp-content\\\/uploads\\\/2024\\\/07\\\/cropped-1392117979K7cUN6za2Hw29SX4.jpeg\",\"contentUrl\":\"https:\\\/\\\/ectp-ceu.eu\\\/wp-content\\\/uploads\\\/2024\\\/07\\\/cropped-1392117979K7cUN6za2Hw29SX4.jpeg\",\"width\":928,\"height\":328,\"caption\":\"ECTP-CEU\"},\"image\":{\"@id\":\"https:\\\/\\\/ectp-ceu.eu\\\/#\\\/schema\\\/logo\\\/image\\\/\"}},{\"@type\":\"Person\",\"@id\":\"https:\\\/\\\/ectp-ceu.eu\\\/#\\\/schema\\\/person\\\/8bf89ed875f5ab3f3b35e54d7c3f816f\",\"name\":\"dev\",\"image\":{\"@type\":\"ImageObject\",\"inLanguage\":\"fr-FR\",\"@id\":\"https:\\\/\\\/secure.gravatar.com\\\/avatar\\\/f1ffcac9ca2fa95ad3ec33e9be3ade82f752acb0cabe541e56c5889225afa88a?s=96&d=mm&r=g\",\"url\":\"https:\\\/\\\/secure.gravatar.com\\\/avatar\\\/f1ffcac9ca2fa95ad3ec33e9be3ade82f752acb0cabe541e56c5889225afa88a?s=96&d=mm&r=g\",\"contentUrl\":\"https:\\\/\\\/secure.gravatar.com\\\/avatar\\\/f1ffcac9ca2fa95ad3ec33e9be3ade82f752acb0cabe541e56c5889225afa88a?s=96&d=mm&r=g\",\"caption\":\"dev\"},\"sameAs\":[\"https:\\\/\\\/ectp-ceu.eu\"],\"url\":\"https:\\\/\\\/ectp-ceu.eu\\\/fr\\\/author\\\/dev\\\/\"}]}<\/script>\n<!-- \/ Yoast SEO plugin. -->","yoast_head_json":{"title":"Giuseppe Campos Venuti - ECTP-CEU","robots":{"index":"index","follow":"follow","max-snippet":"max-snippet:-1","max-image-preview":"max-image-preview:large","max-video-preview":"max-video-preview:-1"},"canonical":"https:\/\/ectp-ceu.eu\/fr\/news\/giuseppe-campos-venuti\/","og_locale":"fr_FR","og_type":"article","og_title":"Giuseppe Campos Venuti - ECTP-CEU","og_description":"Another sad news from Italy in less than one week. Giuseppe Campos Venuti died at age 93. \u201cBolognese from Rome\u201d, as he liked to define himself, his contribution to the town planning debate in Italy was decisive. Generations of students and professionals studied on his books and analysed his work, as a town planner as [&hellip;]","og_url":"https:\/\/ectp-ceu.eu\/fr\/news\/giuseppe-campos-venuti\/","og_site_name":"ECTP-CEU","article_published_time":"2019-07-25T14:28:40+00:00","article_modified_time":"2025-07-21T17:13:53+00:00","og_image":[{"width":1063,"height":1700,"url":"https:\/\/ectp-ceu.eu\/wp-content\/uploads\/2024\/07\/camposvenuti_giuseppe_orig.jpg","type":"image\/jpeg"}],"author":"dev","twitter_card":"summary_large_image","twitter_misc":{"\u00c9crit par":"dev","Dur\u00e9e de lecture estim\u00e9e":"1 minute"},"schema":{"@context":"https:\/\/schema.org","@graph":[{"@type":"Article","@id":"https:\/\/ectp-ceu.eu\/news\/giuseppe-campos-venuti\/#article","isPartOf":{"@id":"https:\/\/ectp-ceu.eu\/news\/giuseppe-campos-venuti\/"},"author":{"name":"dev","@id":"https:\/\/ectp-ceu.eu\/#\/schema\/person\/8bf89ed875f5ab3f3b35e54d7c3f816f"},"headline":"Giuseppe Campos Venuti","datePublished":"2019-07-25T14:28:40+00:00","dateModified":"2025-07-21T17:13:53+00:00","mainEntityOfPage":{"@id":"https:\/\/ectp-ceu.eu\/news\/giuseppe-campos-venuti\/"},"wordCount":149,"publisher":{"@id":"https:\/\/ectp-ceu.eu\/#organization"},"image":{"@id":"https:\/\/ectp-ceu.eu\/news\/giuseppe-campos-venuti\/#primaryimage"},"thumbnailUrl":"https:\/\/ectp-ceu.eu\/wp-content\/uploads\/2024\/07\/camposvenuti_giuseppe_orig.jpg","articleSection":["Members","News"],"inLanguage":"fr-FR"},{"@type":"WebPage","@id":"https:\/\/ectp-ceu.eu\/news\/giuseppe-campos-venuti\/","url":"https:\/\/ectp-ceu.eu\/news\/giuseppe-campos-venuti\/","name":"Giuseppe Campos Venuti - ECTP-CEU","isPartOf":{"@id":"https:\/\/ectp-ceu.eu\/#website"},"primaryImageOfPage":{"@id":"https:\/\/ectp-ceu.eu\/news\/giuseppe-campos-venuti\/#primaryimage"},"image":{"@id":"https:\/\/ectp-ceu.eu\/news\/giuseppe-campos-venuti\/#primaryimage"},"thumbnailUrl":"https:\/\/ectp-ceu.eu\/wp-content\/uploads\/2024\/07\/camposvenuti_giuseppe_orig.jpg","datePublished":"2019-07-25T14:28:40+00:00","dateModified":"2025-07-21T17:13:53+00:00","breadcrumb":{"@id":"https:\/\/ectp-ceu.eu\/news\/giuseppe-campos-venuti\/#breadcrumb"},"inLanguage":"fr-FR","potentialAction":[{"@type":"ReadAction","target":["https:\/\/ectp-ceu.eu\/news\/giuseppe-campos-venuti\/"]}]},{"@type":"ImageObject","inLanguage":"fr-FR","@id":"https:\/\/ectp-ceu.eu\/news\/giuseppe-campos-venuti\/#primaryimage","url":"https:\/\/ectp-ceu.eu\/wp-content\/uploads\/2024\/07\/camposvenuti_giuseppe_orig.jpg","contentUrl":"https:\/\/ectp-ceu.eu\/wp-content\/uploads\/2024\/07\/camposvenuti_giuseppe_orig.jpg","width":1063,"height":1700},{"@type":"BreadcrumbList","@id":"https:\/\/ectp-ceu.eu\/news\/giuseppe-campos-venuti\/#breadcrumb","itemListElement":[{"@type":"ListItem","position":1,"name":"HOME","item":"https:\/\/ectp-ceu.eu\/"},{"@type":"ListItem","position":2,"name":"News","item":"https:\/\/ectp-ceu.eu\/category\/news\/"},{"@type":"ListItem","position":3,"name":"Members","item":"https:\/\/ectp-ceu.eu\/category\/news\/members\/"},{"@type":"ListItem","position":4,"name":"Giuseppe Campos Venuti"}]},{"@type":"WebSite","@id":"https:\/\/ectp-ceu.eu\/#website","url":"https:\/\/ectp-ceu.eu\/","name":"ECTP-CEU","description":"European Council of Spatial Planners \u2013 Conseil Europ\u00e9en des Urbanistes","publisher":{"@id":"https:\/\/ectp-ceu.eu\/#organization"},"potentialAction":[{"@type":"SearchAction","target":{"@type":"EntryPoint","urlTemplate":"https:\/\/ectp-ceu.eu\/?s={search_term_string}"},"query-input":{"@type":"PropertyValueSpecification","valueRequired":true,"valueName":"search_term_string"}}],"inLanguage":"fr-FR"},{"@type":"Organization","@id":"https:\/\/ectp-ceu.eu\/#organization","name":"ECTP-CEU","url":"https:\/\/ectp-ceu.eu\/","logo":{"@type":"ImageObject","inLanguage":"fr-FR","@id":"https:\/\/ectp-ceu.eu\/#\/schema\/logo\/image\/","url":"https:\/\/ectp-ceu.eu\/wp-content\/uploads\/2024\/07\/cropped-1392117979K7cUN6za2Hw29SX4.jpeg","contentUrl":"https:\/\/ectp-ceu.eu\/wp-content\/uploads\/2024\/07\/cropped-1392117979K7cUN6za2Hw29SX4.jpeg","width":928,"height":328,"caption":"ECTP-CEU"},"image":{"@id":"https:\/\/ectp-ceu.eu\/#\/schema\/logo\/image\/"}},{"@type":"Person","@id":"https:\/\/ectp-ceu.eu\/#\/schema\/person\/8bf89ed875f5ab3f3b35e54d7c3f816f","name":"dev","image":{"@type":"ImageObject","inLanguage":"fr-FR","@id":"https:\/\/secure.gravatar.com\/avatar\/f1ffcac9ca2fa95ad3ec33e9be3ade82f752acb0cabe541e56c5889225afa88a?s=96&d=mm&r=g","url":"https:\/\/secure.gravatar.com\/avatar\/f1ffcac9ca2fa95ad3ec33e9be3ade82f752acb0cabe541e56c5889225afa88a?s=96&d=mm&r=g","contentUrl":"https:\/\/secure.gravatar.com\/avatar\/f1ffcac9ca2fa95ad3ec33e9be3ade82f752acb0cabe541e56c5889225afa88a?s=96&d=mm&r=g","caption":"dev"},"sameAs":["https:\/\/ectp-ceu.eu"],"url":"https:\/\/ectp-ceu.eu\/fr\/author\/dev\/"}]}},"_links":{"self":[{"href":"https:\/\/ectp-ceu.eu\/fr\/wp-json\/wp\/v2\/posts\/3771","targetHints":{"allow":["GET"]}}],"collection":[{"href":"https:\/\/ectp-ceu.eu\/fr\/wp-json\/wp\/v2\/posts"}],"about":[{"href":"https:\/\/ectp-ceu.eu\/fr\/wp-json\/wp\/v2\/types\/post"}],"author":[{"embeddable":true,"href":"https:\/\/ectp-ceu.eu\/fr\/wp-json\/wp\/v2\/users\/1"}],"replies":[{"embeddable":true,"href":"https:\/\/ectp-ceu.eu\/fr\/wp-json\/wp\/v2\/comments?post=3771"}],"version-history":[{"count":1,"href":"https:\/\/ectp-ceu.eu\/fr\/wp-json\/wp\/v2\/posts\/3771\/revisions"}],"predecessor-version":[{"id":3773,"href":"https:\/\/ectp-ceu.eu\/fr\/wp-json\/wp\/v2\/posts\/3771\/revisions\/3773"}],"wp:featuredmedia":[{"embeddable":true,"href":"https:\/\/ectp-ceu.eu\/fr\/wp-json\/wp\/v2\/media\/3772"}],"wp:attachment":[{"href":"https:\/\/ectp-ceu.eu\/fr\/wp-json\/wp\/v2\/media?parent=3771"}],"wp:term":[{"taxonomy":"category","embeddable":true,"href":"https:\/\/ectp-ceu.eu\/fr\/wp-json\/wp\/v2\/categories?post=3771"},{"taxonomy":"post_tag","embeddable":true,"href":"https:\/\/ectp-ceu.eu\/fr\/wp-json\/wp\/v2\/tags?post=3771"}],"curies":[{"name":"wp","href":"https:\/\/api.w.org\/{rel}","templated":true}]}}