{"id":3774,"date":"2016-07-06T16:28:48","date_gmt":"2016-07-06T14:28:48","guid":{"rendered":"https:\/\/ectp-ceu.eu\/?p=3774"},"modified":"2025-07-21T19:26:31","modified_gmt":"2025-07-21T17:26:31","slug":"the-xith-european-urban-and-regional-planning-awards","status":"publish","type":"post","link":"https:\/\/ectp-ceu.eu\/fr\/news\/the-xith-european-urban-and-regional-planning-awards\/","title":{"rendered":"XIe Prix europ\u00e9en de l'urbanisme et de l'am\u00e9nagement du territoire"},"content":{"rendered":"<h2>Communiqu\u00e9 de presse du 6 juillet 2016 :<br \/>\nXIe Prix europ\u00e9en de l'urbanisme et de l'am\u00e9nagement du territoire<\/h2>\n<p>Les XIe Prix europ\u00e9ens de l'urbanisme et de l'am\u00e9nagement du territoire ont \u00e9t\u00e9 remis par M. Raffaele Cattaneo, pr\u00e9sident du COTER, au Comit\u00e9 des r\u00e9gions le 4 juillet 2016.<\/p>\n<p><img fetchpriority=\"high\" decoding=\"async\" src=\"https:\/\/ectp-ceu.eu\/images\/stories\/Event-pics\/awards2016small\/_MG_8039.jpg\" alt=\" MG 8039\" width=\"267\" height=\"400\" \/><\/p>\n<p>Monsieur Raffaele Cattaneo<\/p>\n<hr \/>\n<p><strong>Trois projets gagnants, leurs planificateurs et leurs villes ont \u00e9t\u00e9 c\u00e9l\u00e9br\u00e9s :<\/strong><\/p>\n<p><img decoding=\"async\" src=\"https:\/\/ectp-ceu.eu\/images\/stories\/Event-pics\/awards2016small\/_MG_8055.jpg\" alt=\" MG 8055\" width=\"400\" height=\"266\" \/><br \/>\nEwa Gadomska de la ville d'Olsztyn, en Pologne, pour le plan de d\u00e9veloppement urbain int\u00e9gr\u00e9 de la ville, qui articule sa r\u00e9novation urbaine, le d\u00e9veloppement des espaces publics et du patrimoine architectural, l'ouverture de la ville sur le fleuve, le d\u00e9veloppement de la mobilit\u00e9 \"douce\" par la protection des espaces verts, la limitation de l'\u00e9talement urbain.<\/p>\n<hr \/>\n<p><img decoding=\"async\" src=\"https:\/\/ectp-ceu.eu\/images\/stories\/Event-pics\/awards2016small\/_MG_8069.jpg\" alt=\" MG 8069\" width=\"400\" height=\"266\" \/><br \/>\nJan Schollaert, de la ville de Bruxelles, en Belgique, pour l'am\u00e9lioration de l'acc\u00e8s des pi\u00e9tons et des cyclistes au c\u0153ur de la ville. Il s'est engag\u00e9 \u00e0 modifier l'utilisation du boulevard Anspach et \u00e0 articuler les zones r\u00e9sidentielles et touristiques en am\u00e9liorant les espaces publics d'un point de vue social et environnemental.<\/p>\n<hr \/>\n<p><img loading=\"lazy\" decoding=\"async\" src=\"https:\/\/ectp-ceu.eu\/images\/stories\/Event-pics\/awards2016small\/_MG_8093.jpg\" alt=\" MG 8093\" width=\"400\" height=\"266\" \/><br \/>\nEmmanuel Masseli\u00e8re du Grand Roissy en France pour la mise en \u0153uvre d'un plan strat\u00e9gique pour le Grand Roissy et l'engagement d'une gouvernance construisant l'identit\u00e9 de ce grand territoire autour de son c\u0153ur, l'a\u00e9roport Charles de Gaulle. Le plan strat\u00e9gique s'inscrit dans les contraintes de la propri\u00e9t\u00e9 et les dynamiques et b\u00e9n\u00e9fices du complexe a\u00e9roportuaire en faveur d'une red\u00e9finition du cadre de vie pour les r\u00e9sidents et les voyageurs visitant Paris.<\/p>\n<hr \/>\n<p><strong>Une mention sp\u00e9ciale a \u00e9t\u00e9 attribu\u00e9e \u00e0 :<\/strong><\/p>\n<p><img loading=\"lazy\" decoding=\"async\" src=\"https:\/\/ectp-ceu.eu\/images\/stories\/Event-pics\/awards2016small\/_MG_8117.jpg\" alt=\" MG 8117\" width=\"400\" height=\"266\" \/><br \/>\nJonathan Bell de la ville de Plymouth pour la r\u00e9alisation du Plan de Plymouth \u00e9labor\u00e9 dans le cadre d'un processus de consultation et de participation citoyenne innovant et tr\u00e8s dynamique.<\/p>\n<hr \/>\n<p><strong>Le jury du XIe Prix europ\u00e9en de l'urbanisme et de l'am\u00e9nagement du territoire est compos\u00e9 de :<\/strong><\/p>\n<ul>\n<li>Pr\u00e9sident du jury : Petter Wiberg, ECTP et FKP Norv\u00e8ge, Directeur des services de planification et de construction de la ville de Bergen, Norv\u00e8ge<\/li>\n<li>Hella Dunger-L\u00f6per, \u00e9lue pl\u00e9nipotentiaire du Land de Berlin pour les affaires f\u00e9d\u00e9rales et europ\u00e9ennes, repr\u00e9sentant le Comit\u00e9 des r\u00e9gions et la Commission de la politique de coh\u00e9sion territoriale, Allemagne<\/li>\n<li>Nourian Pirouz, ma\u00eetre de conf\u00e9rences et chercheur en informatique urbaine \u00e0 la TU Delft, Facult\u00e9 d'architecture et d'environnement b\u00e2ti, Pays-Bas<\/li>\n<li>Isabel Girault, directrice g\u00e9n\u00e9rale de l'Office de planification de la R\u00e9publique et canton de Gen\u00e8ve, Suisse<\/li>\n<li>Christof Marx, Projet principal, Agence ex\u00e9cutive pour les petites et moyennes entreprises - Commission europ\u00e9enne, Belgique<\/li>\n<li>Dominique Lancrenon, Secr\u00e9taire g\u00e9n\u00e9ral de l'ECTP-CEU, France, Directeur technique Planning Antea Group<\/li>\n<\/ul>\n<p>L'ECTP-CEU, Conseil europ\u00e9en des urbanistes, organise les Prix europ\u00e9ens de l'urbanisme et de l'am\u00e9nagement du territoire depuis 22 ans, tous les deux ans, et pour la troisi\u00e8me fois, sous l'\u00e9gide du Comit\u00e9 des r\u00e9gions.<\/p>\n<p><a href=\"https:\/\/ectp-ceu.eu\/fr\/archives\/en\/awards\/16-non-categorise\/18-planning-awards.html\/\">Plus d'informations ici<\/a><\/p>","protected":false},"excerpt":{"rendered":"<p>Press Release July 6, 2016: The XIth European Urban and Regional Planning Awards The XIth European Urban and Regional Planning Awards were presented by Mr Raffaele Cattaneo, President of the COTER at the Committee of the Regions on July 4th 2016. Mr Raffaele Cattaneo Three winning projects, their planners and their cities were celebrated: Ewa [&hellip;]<\/p>\n","protected":false},"author":1,"featured_media":3775,"comment_status":"closed","ping_status":"open","sticky":false,"template":"","format":"standard","meta":{"_acf_changed":false,"inline_featured_image":false,"footnotes":""},"categories":[38,47,6],"tags":[],"class_list":["post-3774","post","type-post","status-publish","format-standard","has-post-thumbnail","hentry","category-awards","category-ectp-ceu","category-news"],"acf":[],"yoast_head":"<!-- This site is optimized with the Yoast SEO plugin v27.5 - https:\/\/yoast.com\/product\/yoast-seo-wordpress\/ -->\n<title>The XIth European Urban and Regional Planning Awards - ECTP-CEU<\/title>\n<meta name=\"robots\" content=\"index, follow, max-snippet:-1, max-image-preview:large, max-video-preview:-1\" \/>\n<link rel=\"canonical\" href=\"https:\/\/ectp-ceu.eu\/fr\/news\/the-xith-european-urban-and-regional-planning-awards\/\" \/>\n<meta property=\"og:locale\" content=\"fr_FR\" \/>\n<meta property=\"og:type\" content=\"article\" \/>\n<meta property=\"og:title\" content=\"The XIth European Urban and Regional Planning Awards - ECTP-CEU\" \/>\n<meta property=\"og:description\" content=\"Press Release July 6, 2016: The XIth European Urban and Regional Planning Awards The XIth European Urban and Regional Planning Awards were presented by Mr Raffaele Cattaneo, President of the COTER at the Committee of the Regions on July 4th 2016. Mr Raffaele Cattaneo Three winning projects, their planners and their cities were celebrated: Ewa [&hellip;]\" \/>\n<meta property=\"og:url\" content=\"https:\/\/ectp-ceu.eu\/fr\/news\/the-xith-european-urban-and-regional-planning-awards\/\" \/>\n<meta property=\"og:site_name\" content=\"ECTP-CEU\" \/>\n<meta property=\"article:published_time\" content=\"2016-07-06T14:28:48+00:00\" \/>\n<meta property=\"article:modified_time\" content=\"2025-07-21T17:26:31+00:00\" \/>\n<meta property=\"og:image\" content=\"https:\/\/ectp-ceu.eu\/wp-content\/uploads\/2024\/07\/MG_8055.jpg\" \/>\n\t<meta property=\"og:image:width\" content=\"600\" \/>\n\t<meta property=\"og:image:height\" content=\"400\" \/>\n\t<meta property=\"og:image:type\" content=\"image\/jpeg\" \/>\n<meta name=\"author\" content=\"dev\" \/>\n<meta name=\"twitter:card\" content=\"summary_large_image\" \/>\n<meta name=\"twitter:label1\" content=\"\u00c9crit par\" \/>\n\t<meta name=\"twitter:data1\" content=\"dev\" \/>\n\t<meta name=\"twitter:label2\" content=\"Dur\u00e9e de lecture estim\u00e9e\" \/>\n\t<meta name=\"twitter:data2\" content=\"2 minutes\" \/>\n<script type=\"application\/ld+json\" class=\"yoast-schema-graph\">{\"@context\":\"https:\\\/\\\/schema.org\",\"@graph\":[{\"@type\":\"Article\",\"@id\":\"https:\\\/\\\/ectp-ceu.eu\\\/news\\\/the-xith-european-urban-and-regional-planning-awards\\\/#article\",\"isPartOf\":{\"@id\":\"https:\\\/\\\/ectp-ceu.eu\\\/news\\\/the-xith-european-urban-and-regional-planning-awards\\\/\"},\"author\":{\"name\":\"dev\",\"@id\":\"https:\\\/\\\/ectp-ceu.eu\\\/#\\\/schema\\\/person\\\/8bf89ed875f5ab3f3b35e54d7c3f816f\"},\"headline\":\"The XIth European Urban and Regional Planning Awards\",\"datePublished\":\"2016-07-06T14:28:48+00:00\",\"dateModified\":\"2025-07-21T17:26:31+00:00\",\"mainEntityOfPage\":{\"@id\":\"https:\\\/\\\/ectp-ceu.eu\\\/news\\\/the-xith-european-urban-and-regional-planning-awards\\\/\"},\"wordCount\":428,\"publisher\":{\"@id\":\"https:\\\/\\\/ectp-ceu.eu\\\/#organization\"},\"image\":{\"@id\":\"https:\\\/\\\/ectp-ceu.eu\\\/news\\\/the-xith-european-urban-and-regional-planning-awards\\\/#primaryimage\"},\"thumbnailUrl\":\"https:\\\/\\\/ectp-ceu.eu\\\/wp-content\\\/uploads\\\/2024\\\/07\\\/MG_8055.jpg\",\"articleSection\":[\"Awards\",\"ECTP-CEU\",\"News\"],\"inLanguage\":\"fr-FR\"},{\"@type\":\"WebPage\",\"@id\":\"https:\\\/\\\/ectp-ceu.eu\\\/news\\\/the-xith-european-urban-and-regional-planning-awards\\\/\",\"url\":\"https:\\\/\\\/ectp-ceu.eu\\\/news\\\/the-xith-european-urban-and-regional-planning-awards\\\/\",\"name\":\"The XIth European Urban and Regional Planning Awards - ECTP-CEU\",\"isPartOf\":{\"@id\":\"https:\\\/\\\/ectp-ceu.eu\\\/#website\"},\"primaryImageOfPage\":{\"@id\":\"https:\\\/\\\/ectp-ceu.eu\\\/news\\\/the-xith-european-urban-and-regional-planning-awards\\\/#primaryimage\"},\"image\":{\"@id\":\"https:\\\/\\\/ectp-ceu.eu\\\/news\\\/the-xith-european-urban-and-regional-planning-awards\\\/#primaryimage\"},\"thumbnailUrl\":\"https:\\\/\\\/ectp-ceu.eu\\\/wp-content\\\/uploads\\\/2024\\\/07\\\/MG_8055.jpg\",\"datePublished\":\"2016-07-06T14:28:48+00:00\",\"dateModified\":\"2025-07-21T17:26:31+00:00\",\"breadcrumb\":{\"@id\":\"https:\\\/\\\/ectp-ceu.eu\\\/news\\\/the-xith-european-urban-and-regional-planning-awards\\\/#breadcrumb\"},\"inLanguage\":\"fr-FR\",\"potentialAction\":[{\"@type\":\"ReadAction\",\"target\":[\"https:\\\/\\\/ectp-ceu.eu\\\/news\\\/the-xith-european-urban-and-regional-planning-awards\\\/\"]}]},{\"@type\":\"ImageObject\",\"inLanguage\":\"fr-FR\",\"@id\":\"https:\\\/\\\/ectp-ceu.eu\\\/news\\\/the-xith-european-urban-and-regional-planning-awards\\\/#primaryimage\",\"url\":\"https:\\\/\\\/ectp-ceu.eu\\\/wp-content\\\/uploads\\\/2024\\\/07\\\/MG_8055.jpg\",\"contentUrl\":\"https:\\\/\\\/ectp-ceu.eu\\\/wp-content\\\/uploads\\\/2024\\\/07\\\/MG_8055.jpg\",\"width\":600,\"height\":400},{\"@type\":\"BreadcrumbList\",\"@id\":\"https:\\\/\\\/ectp-ceu.eu\\\/news\\\/the-xith-european-urban-and-regional-planning-awards\\\/#breadcrumb\",\"itemListElement\":[{\"@type\":\"ListItem\",\"position\":1,\"name\":\"HOME\",\"item\":\"https:\\\/\\\/ectp-ceu.eu\\\/\"},{\"@type\":\"ListItem\",\"position\":2,\"name\":\"News\",\"item\":\"https:\\\/\\\/ectp-ceu.eu\\\/category\\\/news\\\/\"},{\"@type\":\"ListItem\",\"position\":3,\"name\":\"ECTP-CEU\",\"item\":\"https:\\\/\\\/ectp-ceu.eu\\\/category\\\/news\\\/ectp-ceu\\\/\"},{\"@type\":\"ListItem\",\"position\":4,\"name\":\"The XIth European Urban and Regional Planning Awards\"}]},{\"@type\":\"WebSite\",\"@id\":\"https:\\\/\\\/ectp-ceu.eu\\\/#website\",\"url\":\"https:\\\/\\\/ectp-ceu.eu\\\/\",\"name\":\"ECTP-CEU\",\"description\":\"European Council of Spatial Planners \u2013 Conseil Europ\u00e9en des Urbanistes\",\"publisher\":{\"@id\":\"https:\\\/\\\/ectp-ceu.eu\\\/#organization\"},\"potentialAction\":[{\"@type\":\"SearchAction\",\"target\":{\"@type\":\"EntryPoint\",\"urlTemplate\":\"https:\\\/\\\/ectp-ceu.eu\\\/?s={search_term_string}\"},\"query-input\":{\"@type\":\"PropertyValueSpecification\",\"valueRequired\":true,\"valueName\":\"search_term_string\"}}],\"inLanguage\":\"fr-FR\"},{\"@type\":\"Organization\",\"@id\":\"https:\\\/\\\/ectp-ceu.eu\\\/#organization\",\"name\":\"ECTP-CEU\",\"url\":\"https:\\\/\\\/ectp-ceu.eu\\\/\",\"logo\":{\"@type\":\"ImageObject\",\"inLanguage\":\"fr-FR\",\"@id\":\"https:\\\/\\\/ectp-ceu.eu\\\/#\\\/schema\\\/logo\\\/image\\\/\",\"url\":\"https:\\\/\\\/ectp-ceu.eu\\\/wp-content\\\/uploads\\\/2024\\\/07\\\/cropped-1392117979K7cUN6za2Hw29SX4.jpeg\",\"contentUrl\":\"https:\\\/\\\/ectp-ceu.eu\\\/wp-content\\\/uploads\\\/2024\\\/07\\\/cropped-1392117979K7cUN6za2Hw29SX4.jpeg\",\"width\":928,\"height\":328,\"caption\":\"ECTP-CEU\"},\"image\":{\"@id\":\"https:\\\/\\\/ectp-ceu.eu\\\/#\\\/schema\\\/logo\\\/image\\\/\"}},{\"@type\":\"Person\",\"@id\":\"https:\\\/\\\/ectp-ceu.eu\\\/#\\\/schema\\\/person\\\/8bf89ed875f5ab3f3b35e54d7c3f816f\",\"name\":\"dev\",\"image\":{\"@type\":\"ImageObject\",\"inLanguage\":\"fr-FR\",\"@id\":\"https:\\\/\\\/secure.gravatar.com\\\/avatar\\\/f1ffcac9ca2fa95ad3ec33e9be3ade82f752acb0cabe541e56c5889225afa88a?s=96&d=mm&r=g\",\"url\":\"https:\\\/\\\/secure.gravatar.com\\\/avatar\\\/f1ffcac9ca2fa95ad3ec33e9be3ade82f752acb0cabe541e56c5889225afa88a?s=96&d=mm&r=g\",\"contentUrl\":\"https:\\\/\\\/secure.gravatar.com\\\/avatar\\\/f1ffcac9ca2fa95ad3ec33e9be3ade82f752acb0cabe541e56c5889225afa88a?s=96&d=mm&r=g\",\"caption\":\"dev\"},\"sameAs\":[\"https:\\\/\\\/ectp-ceu.eu\"],\"url\":\"https:\\\/\\\/ectp-ceu.eu\\\/fr\\\/author\\\/dev\\\/\"}]}<\/script>\n<!-- \/ Yoast SEO plugin. -->","yoast_head_json":{"title":"The XIth European Urban and Regional Planning Awards - ECTP-CEU","robots":{"index":"index","follow":"follow","max-snippet":"max-snippet:-1","max-image-preview":"max-image-preview:large","max-video-preview":"max-video-preview:-1"},"canonical":"https:\/\/ectp-ceu.eu\/fr\/news\/the-xith-european-urban-and-regional-planning-awards\/","og_locale":"fr_FR","og_type":"article","og_title":"The XIth European Urban and Regional Planning Awards - ECTP-CEU","og_description":"Press Release July 6, 2016: The XIth European Urban and Regional Planning Awards The XIth European Urban and Regional Planning Awards were presented by Mr Raffaele Cattaneo, President of the COTER at the Committee of the Regions on July 4th 2016. Mr Raffaele Cattaneo Three winning projects, their planners and their cities were celebrated: Ewa [&hellip;]","og_url":"https:\/\/ectp-ceu.eu\/fr\/news\/the-xith-european-urban-and-regional-planning-awards\/","og_site_name":"ECTP-CEU","article_published_time":"2016-07-06T14:28:48+00:00","article_modified_time":"2025-07-21T17:26:31+00:00","og_image":[{"width":600,"height":400,"url":"https:\/\/ectp-ceu.eu\/wp-content\/uploads\/2024\/07\/MG_8055.jpg","type":"image\/jpeg"}],"author":"dev","twitter_card":"summary_large_image","twitter_misc":{"\u00c9crit par":"dev","Dur\u00e9e de lecture estim\u00e9e":"2 minutes"},"schema":{"@context":"https:\/\/schema.org","@graph":[{"@type":"Article","@id":"https:\/\/ectp-ceu.eu\/news\/the-xith-european-urban-and-regional-planning-awards\/#article","isPartOf":{"@id":"https:\/\/ectp-ceu.eu\/news\/the-xith-european-urban-and-regional-planning-awards\/"},"author":{"name":"dev","@id":"https:\/\/ectp-ceu.eu\/#\/schema\/person\/8bf89ed875f5ab3f3b35e54d7c3f816f"},"headline":"The XIth European Urban and Regional Planning Awards","datePublished":"2016-07-06T14:28:48+00:00","dateModified":"2025-07-21T17:26:31+00:00","mainEntityOfPage":{"@id":"https:\/\/ectp-ceu.eu\/news\/the-xith-european-urban-and-regional-planning-awards\/"},"wordCount":428,"publisher":{"@id":"https:\/\/ectp-ceu.eu\/#organization"},"image":{"@id":"https:\/\/ectp-ceu.eu\/news\/the-xith-european-urban-and-regional-planning-awards\/#primaryimage"},"thumbnailUrl":"https:\/\/ectp-ceu.eu\/wp-content\/uploads\/2024\/07\/MG_8055.jpg","articleSection":["Awards","ECTP-CEU","News"],"inLanguage":"fr-FR"},{"@type":"WebPage","@id":"https:\/\/ectp-ceu.eu\/news\/the-xith-european-urban-and-regional-planning-awards\/","url":"https:\/\/ectp-ceu.eu\/news\/the-xith-european-urban-and-regional-planning-awards\/","name":"The XIth European Urban and Regional Planning Awards - ECTP-CEU","isPartOf":{"@id":"https:\/\/ectp-ceu.eu\/#website"},"primaryImageOfPage":{"@id":"https:\/\/ectp-ceu.eu\/news\/the-xith-european-urban-and-regional-planning-awards\/#primaryimage"},"image":{"@id":"https:\/\/ectp-ceu.eu\/news\/the-xith-european-urban-and-regional-planning-awards\/#primaryimage"},"thumbnailUrl":"https:\/\/ectp-ceu.eu\/wp-content\/uploads\/2024\/07\/MG_8055.jpg","datePublished":"2016-07-06T14:28:48+00:00","dateModified":"2025-07-21T17:26:31+00:00","breadcrumb":{"@id":"https:\/\/ectp-ceu.eu\/news\/the-xith-european-urban-and-regional-planning-awards\/#breadcrumb"},"inLanguage":"fr-FR","potentialAction":[{"@type":"ReadAction","target":["https:\/\/ectp-ceu.eu\/news\/the-xith-european-urban-and-regional-planning-awards\/"]}]},{"@type":"ImageObject","inLanguage":"fr-FR","@id":"https:\/\/ectp-ceu.eu\/news\/the-xith-european-urban-and-regional-planning-awards\/#primaryimage","url":"https:\/\/ectp-ceu.eu\/wp-content\/uploads\/2024\/07\/MG_8055.jpg","contentUrl":"https:\/\/ectp-ceu.eu\/wp-content\/uploads\/2024\/07\/MG_8055.jpg","width":600,"height":400},{"@type":"BreadcrumbList","@id":"https:\/\/ectp-ceu.eu\/news\/the-xith-european-urban-and-regional-planning-awards\/#breadcrumb","itemListElement":[{"@type":"ListItem","position":1,"name":"HOME","item":"https:\/\/ectp-ceu.eu\/"},{"@type":"ListItem","position":2,"name":"News","item":"https:\/\/ectp-ceu.eu\/category\/news\/"},{"@type":"ListItem","position":3,"name":"ECTP-CEU","item":"https:\/\/ectp-ceu.eu\/category\/news\/ectp-ceu\/"},{"@type":"ListItem","position":4,"name":"The XIth European Urban and Regional Planning Awards"}]},{"@type":"WebSite","@id":"https:\/\/ectp-ceu.eu\/#website","url":"https:\/\/ectp-ceu.eu\/","name":"ECTP-CEU","description":"European Council of Spatial Planners \u2013 Conseil Europ\u00e9en des Urbanistes","publisher":{"@id":"https:\/\/ectp-ceu.eu\/#organization"},"potentialAction":[{"@type":"SearchAction","target":{"@type":"EntryPoint","urlTemplate":"https:\/\/ectp-ceu.eu\/?s={search_term_string}"},"query-input":{"@type":"PropertyValueSpecification","valueRequired":true,"valueName":"search_term_string"}}],"inLanguage":"fr-FR"},{"@type":"Organization","@id":"https:\/\/ectp-ceu.eu\/#organization","name":"ECTP-CEU","url":"https:\/\/ectp-ceu.eu\/","logo":{"@type":"ImageObject","inLanguage":"fr-FR","@id":"https:\/\/ectp-ceu.eu\/#\/schema\/logo\/image\/","url":"https:\/\/ectp-ceu.eu\/wp-content\/uploads\/2024\/07\/cropped-1392117979K7cUN6za2Hw29SX4.jpeg","contentUrl":"https:\/\/ectp-ceu.eu\/wp-content\/uploads\/2024\/07\/cropped-1392117979K7cUN6za2Hw29SX4.jpeg","width":928,"height":328,"caption":"ECTP-CEU"},"image":{"@id":"https:\/\/ectp-ceu.eu\/#\/schema\/logo\/image\/"}},{"@type":"Person","@id":"https:\/\/ectp-ceu.eu\/#\/schema\/person\/8bf89ed875f5ab3f3b35e54d7c3f816f","name":"dev","image":{"@type":"ImageObject","inLanguage":"fr-FR","@id":"https:\/\/secure.gravatar.com\/avatar\/f1ffcac9ca2fa95ad3ec33e9be3ade82f752acb0cabe541e56c5889225afa88a?s=96&d=mm&r=g","url":"https:\/\/secure.gravatar.com\/avatar\/f1ffcac9ca2fa95ad3ec33e9be3ade82f752acb0cabe541e56c5889225afa88a?s=96&d=mm&r=g","contentUrl":"https:\/\/secure.gravatar.com\/avatar\/f1ffcac9ca2fa95ad3ec33e9be3ade82f752acb0cabe541e56c5889225afa88a?s=96&d=mm&r=g","caption":"dev"},"sameAs":["https:\/\/ectp-ceu.eu"],"url":"https:\/\/ectp-ceu.eu\/fr\/author\/dev\/"}]}},"_links":{"self":[{"href":"https:\/\/ectp-ceu.eu\/fr\/wp-json\/wp\/v2\/posts\/3774","targetHints":{"allow":["GET"]}}],"collection":[{"href":"https:\/\/ectp-ceu.eu\/fr\/wp-json\/wp\/v2\/posts"}],"about":[{"href":"https:\/\/ectp-ceu.eu\/fr\/wp-json\/wp\/v2\/types\/post"}],"author":[{"embeddable":true,"href":"https:\/\/ectp-ceu.eu\/fr\/wp-json\/wp\/v2\/users\/1"}],"replies":[{"embeddable":true,"href":"https:\/\/ectp-ceu.eu\/fr\/wp-json\/wp\/v2\/comments?post=3774"}],"version-history":[{"count":3,"href":"https:\/\/ectp-ceu.eu\/fr\/wp-json\/wp\/v2\/posts\/3774\/revisions"}],"predecessor-version":[{"id":4746,"href":"https:\/\/ectp-ceu.eu\/fr\/wp-json\/wp\/v2\/posts\/3774\/revisions\/4746"}],"wp:featuredmedia":[{"embeddable":true,"href":"https:\/\/ectp-ceu.eu\/fr\/wp-json\/wp\/v2\/media\/3775"}],"wp:attachment":[{"href":"https:\/\/ectp-ceu.eu\/fr\/wp-json\/wp\/v2\/media?parent=3774"}],"wp:term":[{"taxonomy":"category","embeddable":true,"href":"https:\/\/ectp-ceu.eu\/fr\/wp-json\/wp\/v2\/categories?post=3774"},{"taxonomy":"post_tag","embeddable":true,"href":"https:\/\/ectp-ceu.eu\/fr\/wp-json\/wp\/v2\/tags?post=3774"}],"curies":[{"name":"wp","href":"https:\/\/api.w.org\/{rel}","templated":true}]}}