{"id":3778,"date":"2015-07-25T16:35:20","date_gmt":"2015-07-25T14:35:20","guid":{"rendered":"https:\/\/ectp-ceu.eu\/?p=3778"},"modified":"2025-07-21T19:48:12","modified_gmt":"2025-07-21T17:48:12","slug":"max-fabiani-award","status":"publish","type":"post","link":"https:\/\/ectp-ceu.eu\/fr\/news\/max-fabiani-award\/","title":{"rendered":"Prix Max Fabiani"},"content":{"rendered":"<p>L'Association slov\u00e8ne pour l'urbanisme et l'am\u00e9nagement du territoire (TSPAS), en collaboration avec la Fondation Max Fabiani, le minist\u00e8re de la culture et le minist\u00e8re de l'environnement et de l'am\u00e9nagement du territoire de la R\u00e9publique de Slov\u00e9nie, annonce un appel \u00e0 candidatures pour le concours de la Fondation Max Fabiani.<br \/>\nPrix international Max Fabiani pour les r\u00e9alisations 2005-2015<br \/>\npour un travail exceptionnel en mati\u00e8re d'urbanisme, de planification urbaine, de planification r\u00e9gionale ou d'am\u00e9nagement du territoire r\u00e9alis\u00e9 en Slov\u00e9nie et dans les pays voisins, \u00e0 savoir l'Autriche, l'Italie, la Croatie et la Hongrie.<\/p>\n<p>Les personnes et les groupes peuvent pr\u00e9senter les \u0153uvres suivantes dans le cadre du concours (admissibilit\u00e9 de la participation) :<br \/>\n- Projets et \u00e9tudes dans le domaine de l'urbanisme, de la planification urbaine, de la planification r\u00e9gionale ou de l'am\u00e9nagement du territoire (les projets architecturaux ne sont pas accept\u00e9s) ;<br \/>\n- Projets et \u00e9tudes r\u00e9alis\u00e9s, planifi\u00e9s ou cr\u00e9\u00e9s entre 2005 et 2015 ;<br \/>\n- Projets et \u00e9tudes r\u00e9alis\u00e9s, planifi\u00e9s ou cr\u00e9\u00e9s en Slov\u00e9nie ou dans les pays voisins (Autriche, Italie, Croatie et Hongrie) ;<br \/>\n- Projets r\u00e9alis\u00e9s ou pr\u00e9par\u00e9s sous la forme de plans d'urbanisme ou d'am\u00e9nagement du territoire ;<br \/>\n- \u00c9tudes publi\u00e9es dans des revues ou des volumes de recherche.<\/p>\n<p>Le prix international Max Fabiani est annonc\u00e9 en l'honneur du 150e anniversaire de la naissance de cet \u00e9minent architecte et urbaniste de la r\u00e9gion du Karst en Slov\u00e9nie.<\/p>\n<p>Max Fabiani \u00e9tait non seulement un architecte exceptionnel, un urbaniste et un chercheur en architecture aux niveaux urbain et r\u00e9gional, mais aussi l'auteur de textes professionnels et philosophiques. Son travail a \u00e9t\u00e9 exceptionnel et influent avant et apr\u00e8s la Premi\u00e8re Guerre mondiale en Autriche-Hongrie, en Italie, en ex-Yougoslavie, en Slov\u00e9nie et dans d'autres pays d'Europe centrale.<\/p>\n<p>Les racines de son \u0153uvre artistique se trouvent dans la S\u00e9cession austro-hongroise, suivies d'orientations et de concepts fonctionnalistes, en particulier dans ses plans d'urbanisme. Ses projets visionnaires de plans r\u00e9gionaux comptent parmi les d\u00e9buts des \u00e9tudes r\u00e9gionales au niveau mondial. Il fut l'un des rares architectes de la monarchie (et le premier) \u00e0 recevoir le titre de docteur honoris causa.<\/p>\n<p>Nous d\u00e9cernons le prix Max Fabiani en comm\u00e9moration de son travail exceptionnel dans les domaines de l'urbanisme, de la planification urbaine et de l'am\u00e9nagement du territoire. Le prix est particuli\u00e8rement destin\u00e9 \u00e0 ces domaines.<\/p>\n<p>Le prix est d\u00e9j\u00e0 bien connu en tant que prix biennal d\u00e9cern\u00e9 depuis 2005, mais jusqu'\u00e0 pr\u00e9sent, il n'a \u00e9t\u00e9 d\u00e9cern\u00e9 qu'\u00e0 des projets r\u00e9alis\u00e9s en Slov\u00e9nie.<\/p>\n<p>Au nom de l'Association slov\u00e8ne des planificateurs urbains et spatiaux,<br \/>\nAndrej Poga\u010dnik,<br \/>\nPr\u00e9sident du jury national slov\u00e8ne du prix international Max Fabiani<\/p>\n<p>Dr. Mojca \u0160a\u0161ek Divjak,<br \/>\nSecr\u00e9taire d'organisation du prix international Max Fabiani<\/p>\n<p>Liljana Jankovi\u010d Grobel\u0161ek,<br \/>\nPr\u00e9sident de l'Association slov\u00e8ne d'urbanisme et d'am\u00e9nagement du territoire<\/p>\n<p>INFO :<br \/>\n<a href=\"mailto:drustvo.dupps@gmail.com\">drustvo.dupps@gmail.com<\/a><\/p>\n<p><a href=\"http:\/\/www.dupps.si\/\">www.dupps.si<\/a><\/p>\n<p><a href=\"http:\/\/www.dupps.si\/uploads\/4\/8\/8\/8\/48885097\/announcement_of_max_fabiani_award_2015.pdf\" target=\"_blank\" rel=\"noopener\">Brochure d'information pdf<\/a><\/p>\n<p><a href=\"http:\/\/www.dupps.si\/novice-druscarontva\/announcement-of-the-international-max-fabiani-award-for-2005-2015-achievements\" target=\"_blank\" rel=\"noopener\">info et instructions techniques<\/a><\/p>","protected":false},"excerpt":{"rendered":"<p>The Town and Spatial Planning Association of Slovenia (TSPAS), in collaboration with the Max Fabiani Foundation, Ministry of Culture and Ministry of the Environment and Spatial Planning of the Republic of Slovenia,\u00a0announces a call for the International Max Fabiani Award for 2005\u20132015 achievements for exceptional work in urban design, urban planning, regional planning, or spatial [&hellip;]<\/p>\n","protected":false},"author":1,"featured_media":0,"comment_status":"closed","ping_status":"open","sticky":false,"template":"","format":"standard","meta":{"_acf_changed":false,"inline_featured_image":false,"footnotes":""},"categories":[46,6],"tags":[],"class_list":["post-3778","post","type-post","status-publish","format-standard","hentry","category-members","category-news"],"acf":[],"yoast_head":"<!-- This site is optimized with the Yoast SEO plugin v27.5 - https:\/\/yoast.com\/product\/yoast-seo-wordpress\/ -->\n<title>Max Fabiani Award - ECTP-CEU<\/title>\n<meta name=\"robots\" content=\"index, follow, max-snippet:-1, max-image-preview:large, max-video-preview:-1\" \/>\n<link rel=\"canonical\" href=\"https:\/\/ectp-ceu.eu\/fr\/news\/max-fabiani-award\/\" \/>\n<meta property=\"og:locale\" content=\"fr_FR\" \/>\n<meta property=\"og:type\" content=\"article\" \/>\n<meta property=\"og:title\" content=\"Max Fabiani Award - ECTP-CEU\" \/>\n<meta property=\"og:description\" content=\"The Town and Spatial Planning Association of Slovenia (TSPAS), in collaboration with the Max Fabiani Foundation, Ministry of Culture and Ministry of the Environment and Spatial Planning of the Republic of Slovenia,\u00a0announces a call for the International Max Fabiani Award for 2005\u20132015 achievements for exceptional work in urban design, urban planning, regional planning, or spatial [&hellip;]\" \/>\n<meta property=\"og:url\" content=\"https:\/\/ectp-ceu.eu\/fr\/news\/max-fabiani-award\/\" \/>\n<meta property=\"og:site_name\" content=\"ECTP-CEU\" \/>\n<meta property=\"article:published_time\" content=\"2015-07-25T14:35:20+00:00\" \/>\n<meta property=\"article:modified_time\" content=\"2025-07-21T17:48:12+00:00\" \/>\n<meta name=\"author\" content=\"dev\" \/>\n<meta name=\"twitter:card\" content=\"summary_large_image\" \/>\n<meta name=\"twitter:label1\" content=\"\u00c9crit par\" \/>\n\t<meta name=\"twitter:data1\" content=\"dev\" \/>\n\t<meta name=\"twitter:label2\" content=\"Dur\u00e9e de lecture estim\u00e9e\" \/>\n\t<meta name=\"twitter:data2\" content=\"2 minutes\" \/>\n<script type=\"application\/ld+json\" class=\"yoast-schema-graph\">{\"@context\":\"https:\\\/\\\/schema.org\",\"@graph\":[{\"@type\":\"Article\",\"@id\":\"https:\\\/\\\/ectp-ceu.eu\\\/news\\\/max-fabiani-award\\\/#article\",\"isPartOf\":{\"@id\":\"https:\\\/\\\/ectp-ceu.eu\\\/news\\\/max-fabiani-award\\\/\"},\"author\":{\"name\":\"dev\",\"@id\":\"https:\\\/\\\/ectp-ceu.eu\\\/#\\\/schema\\\/person\\\/8bf89ed875f5ab3f3b35e54d7c3f816f\"},\"headline\":\"Max Fabiani Award\",\"datePublished\":\"2015-07-25T14:35:20+00:00\",\"dateModified\":\"2025-07-21T17:48:12+00:00\",\"mainEntityOfPage\":{\"@id\":\"https:\\\/\\\/ectp-ceu.eu\\\/news\\\/max-fabiani-award\\\/\"},\"wordCount\":415,\"publisher\":{\"@id\":\"https:\\\/\\\/ectp-ceu.eu\\\/#organization\"},\"articleSection\":[\"Members\",\"News\"],\"inLanguage\":\"fr-FR\"},{\"@type\":\"WebPage\",\"@id\":\"https:\\\/\\\/ectp-ceu.eu\\\/news\\\/max-fabiani-award\\\/\",\"url\":\"https:\\\/\\\/ectp-ceu.eu\\\/news\\\/max-fabiani-award\\\/\",\"name\":\"Max Fabiani Award - ECTP-CEU\",\"isPartOf\":{\"@id\":\"https:\\\/\\\/ectp-ceu.eu\\\/#website\"},\"datePublished\":\"2015-07-25T14:35:20+00:00\",\"dateModified\":\"2025-07-21T17:48:12+00:00\",\"breadcrumb\":{\"@id\":\"https:\\\/\\\/ectp-ceu.eu\\\/news\\\/max-fabiani-award\\\/#breadcrumb\"},\"inLanguage\":\"fr-FR\",\"potentialAction\":[{\"@type\":\"ReadAction\",\"target\":[\"https:\\\/\\\/ectp-ceu.eu\\\/news\\\/max-fabiani-award\\\/\"]}]},{\"@type\":\"BreadcrumbList\",\"@id\":\"https:\\\/\\\/ectp-ceu.eu\\\/news\\\/max-fabiani-award\\\/#breadcrumb\",\"itemListElement\":[{\"@type\":\"ListItem\",\"position\":1,\"name\":\"HOME\",\"item\":\"https:\\\/\\\/ectp-ceu.eu\\\/\"},{\"@type\":\"ListItem\",\"position\":2,\"name\":\"News\",\"item\":\"https:\\\/\\\/ectp-ceu.eu\\\/category\\\/news\\\/\"},{\"@type\":\"ListItem\",\"position\":3,\"name\":\"Members\",\"item\":\"https:\\\/\\\/ectp-ceu.eu\\\/category\\\/news\\\/members\\\/\"},{\"@type\":\"ListItem\",\"position\":4,\"name\":\"Max Fabiani Award\"}]},{\"@type\":\"WebSite\",\"@id\":\"https:\\\/\\\/ectp-ceu.eu\\\/#website\",\"url\":\"https:\\\/\\\/ectp-ceu.eu\\\/\",\"name\":\"ECTP-CEU\",\"description\":\"European Council of Spatial Planners \u2013 Conseil Europ\u00e9en des Urbanistes\",\"publisher\":{\"@id\":\"https:\\\/\\\/ectp-ceu.eu\\\/#organization\"},\"potentialAction\":[{\"@type\":\"SearchAction\",\"target\":{\"@type\":\"EntryPoint\",\"urlTemplate\":\"https:\\\/\\\/ectp-ceu.eu\\\/?s={search_term_string}\"},\"query-input\":{\"@type\":\"PropertyValueSpecification\",\"valueRequired\":true,\"valueName\":\"search_term_string\"}}],\"inLanguage\":\"fr-FR\"},{\"@type\":\"Organization\",\"@id\":\"https:\\\/\\\/ectp-ceu.eu\\\/#organization\",\"name\":\"ECTP-CEU\",\"url\":\"https:\\\/\\\/ectp-ceu.eu\\\/\",\"logo\":{\"@type\":\"ImageObject\",\"inLanguage\":\"fr-FR\",\"@id\":\"https:\\\/\\\/ectp-ceu.eu\\\/#\\\/schema\\\/logo\\\/image\\\/\",\"url\":\"https:\\\/\\\/ectp-ceu.eu\\\/wp-content\\\/uploads\\\/2024\\\/07\\\/cropped-1392117979K7cUN6za2Hw29SX4.jpeg\",\"contentUrl\":\"https:\\\/\\\/ectp-ceu.eu\\\/wp-content\\\/uploads\\\/2024\\\/07\\\/cropped-1392117979K7cUN6za2Hw29SX4.jpeg\",\"width\":928,\"height\":328,\"caption\":\"ECTP-CEU\"},\"image\":{\"@id\":\"https:\\\/\\\/ectp-ceu.eu\\\/#\\\/schema\\\/logo\\\/image\\\/\"}},{\"@type\":\"Person\",\"@id\":\"https:\\\/\\\/ectp-ceu.eu\\\/#\\\/schema\\\/person\\\/8bf89ed875f5ab3f3b35e54d7c3f816f\",\"name\":\"dev\",\"image\":{\"@type\":\"ImageObject\",\"inLanguage\":\"fr-FR\",\"@id\":\"https:\\\/\\\/secure.gravatar.com\\\/avatar\\\/f1ffcac9ca2fa95ad3ec33e9be3ade82f752acb0cabe541e56c5889225afa88a?s=96&d=mm&r=g\",\"url\":\"https:\\\/\\\/secure.gravatar.com\\\/avatar\\\/f1ffcac9ca2fa95ad3ec33e9be3ade82f752acb0cabe541e56c5889225afa88a?s=96&d=mm&r=g\",\"contentUrl\":\"https:\\\/\\\/secure.gravatar.com\\\/avatar\\\/f1ffcac9ca2fa95ad3ec33e9be3ade82f752acb0cabe541e56c5889225afa88a?s=96&d=mm&r=g\",\"caption\":\"dev\"},\"sameAs\":[\"https:\\\/\\\/ectp-ceu.eu\"],\"url\":\"https:\\\/\\\/ectp-ceu.eu\\\/fr\\\/author\\\/dev\\\/\"}]}<\/script>\n<!-- \/ Yoast SEO plugin. -->","yoast_head_json":{"title":"Max Fabiani Award - ECTP-CEU","robots":{"index":"index","follow":"follow","max-snippet":"max-snippet:-1","max-image-preview":"max-image-preview:large","max-video-preview":"max-video-preview:-1"},"canonical":"https:\/\/ectp-ceu.eu\/fr\/news\/max-fabiani-award\/","og_locale":"fr_FR","og_type":"article","og_title":"Max Fabiani Award - ECTP-CEU","og_description":"The Town and Spatial Planning Association of Slovenia (TSPAS), in collaboration with the Max Fabiani Foundation, Ministry of Culture and Ministry of the Environment and Spatial Planning of the Republic of Slovenia,\u00a0announces a call for the International Max Fabiani Award for 2005\u20132015 achievements for exceptional work in urban design, urban planning, regional planning, or spatial [&hellip;]","og_url":"https:\/\/ectp-ceu.eu\/fr\/news\/max-fabiani-award\/","og_site_name":"ECTP-CEU","article_published_time":"2015-07-25T14:35:20+00:00","article_modified_time":"2025-07-21T17:48:12+00:00","author":"dev","twitter_card":"summary_large_image","twitter_misc":{"\u00c9crit par":"dev","Dur\u00e9e de lecture estim\u00e9e":"2 minutes"},"schema":{"@context":"https:\/\/schema.org","@graph":[{"@type":"Article","@id":"https:\/\/ectp-ceu.eu\/news\/max-fabiani-award\/#article","isPartOf":{"@id":"https:\/\/ectp-ceu.eu\/news\/max-fabiani-award\/"},"author":{"name":"dev","@id":"https:\/\/ectp-ceu.eu\/#\/schema\/person\/8bf89ed875f5ab3f3b35e54d7c3f816f"},"headline":"Max Fabiani Award","datePublished":"2015-07-25T14:35:20+00:00","dateModified":"2025-07-21T17:48:12+00:00","mainEntityOfPage":{"@id":"https:\/\/ectp-ceu.eu\/news\/max-fabiani-award\/"},"wordCount":415,"publisher":{"@id":"https:\/\/ectp-ceu.eu\/#organization"},"articleSection":["Members","News"],"inLanguage":"fr-FR"},{"@type":"WebPage","@id":"https:\/\/ectp-ceu.eu\/news\/max-fabiani-award\/","url":"https:\/\/ectp-ceu.eu\/news\/max-fabiani-award\/","name":"Max Fabiani Award - ECTP-CEU","isPartOf":{"@id":"https:\/\/ectp-ceu.eu\/#website"},"datePublished":"2015-07-25T14:35:20+00:00","dateModified":"2025-07-21T17:48:12+00:00","breadcrumb":{"@id":"https:\/\/ectp-ceu.eu\/news\/max-fabiani-award\/#breadcrumb"},"inLanguage":"fr-FR","potentialAction":[{"@type":"ReadAction","target":["https:\/\/ectp-ceu.eu\/news\/max-fabiani-award\/"]}]},{"@type":"BreadcrumbList","@id":"https:\/\/ectp-ceu.eu\/news\/max-fabiani-award\/#breadcrumb","itemListElement":[{"@type":"ListItem","position":1,"name":"HOME","item":"https:\/\/ectp-ceu.eu\/"},{"@type":"ListItem","position":2,"name":"News","item":"https:\/\/ectp-ceu.eu\/category\/news\/"},{"@type":"ListItem","position":3,"name":"Members","item":"https:\/\/ectp-ceu.eu\/category\/news\/members\/"},{"@type":"ListItem","position":4,"name":"Max Fabiani Award"}]},{"@type":"WebSite","@id":"https:\/\/ectp-ceu.eu\/#website","url":"https:\/\/ectp-ceu.eu\/","name":"ECTP-CEU","description":"European Council of Spatial Planners \u2013 Conseil Europ\u00e9en des Urbanistes","publisher":{"@id":"https:\/\/ectp-ceu.eu\/#organization"},"potentialAction":[{"@type":"SearchAction","target":{"@type":"EntryPoint","urlTemplate":"https:\/\/ectp-ceu.eu\/?s={search_term_string}"},"query-input":{"@type":"PropertyValueSpecification","valueRequired":true,"valueName":"search_term_string"}}],"inLanguage":"fr-FR"},{"@type":"Organization","@id":"https:\/\/ectp-ceu.eu\/#organization","name":"ECTP-CEU","url":"https:\/\/ectp-ceu.eu\/","logo":{"@type":"ImageObject","inLanguage":"fr-FR","@id":"https:\/\/ectp-ceu.eu\/#\/schema\/logo\/image\/","url":"https:\/\/ectp-ceu.eu\/wp-content\/uploads\/2024\/07\/cropped-1392117979K7cUN6za2Hw29SX4.jpeg","contentUrl":"https:\/\/ectp-ceu.eu\/wp-content\/uploads\/2024\/07\/cropped-1392117979K7cUN6za2Hw29SX4.jpeg","width":928,"height":328,"caption":"ECTP-CEU"},"image":{"@id":"https:\/\/ectp-ceu.eu\/#\/schema\/logo\/image\/"}},{"@type":"Person","@id":"https:\/\/ectp-ceu.eu\/#\/schema\/person\/8bf89ed875f5ab3f3b35e54d7c3f816f","name":"dev","image":{"@type":"ImageObject","inLanguage":"fr-FR","@id":"https:\/\/secure.gravatar.com\/avatar\/f1ffcac9ca2fa95ad3ec33e9be3ade82f752acb0cabe541e56c5889225afa88a?s=96&d=mm&r=g","url":"https:\/\/secure.gravatar.com\/avatar\/f1ffcac9ca2fa95ad3ec33e9be3ade82f752acb0cabe541e56c5889225afa88a?s=96&d=mm&r=g","contentUrl":"https:\/\/secure.gravatar.com\/avatar\/f1ffcac9ca2fa95ad3ec33e9be3ade82f752acb0cabe541e56c5889225afa88a?s=96&d=mm&r=g","caption":"dev"},"sameAs":["https:\/\/ectp-ceu.eu"],"url":"https:\/\/ectp-ceu.eu\/fr\/author\/dev\/"}]}},"_links":{"self":[{"href":"https:\/\/ectp-ceu.eu\/fr\/wp-json\/wp\/v2\/posts\/3778","targetHints":{"allow":["GET"]}}],"collection":[{"href":"https:\/\/ectp-ceu.eu\/fr\/wp-json\/wp\/v2\/posts"}],"about":[{"href":"https:\/\/ectp-ceu.eu\/fr\/wp-json\/wp\/v2\/types\/post"}],"author":[{"embeddable":true,"href":"https:\/\/ectp-ceu.eu\/fr\/wp-json\/wp\/v2\/users\/1"}],"replies":[{"embeddable":true,"href":"https:\/\/ectp-ceu.eu\/fr\/wp-json\/wp\/v2\/comments?post=3778"}],"version-history":[{"count":4,"href":"https:\/\/ectp-ceu.eu\/fr\/wp-json\/wp\/v2\/posts\/3778\/revisions"}],"predecessor-version":[{"id":4745,"href":"https:\/\/ectp-ceu.eu\/fr\/wp-json\/wp\/v2\/posts\/3778\/revisions\/4745"}],"wp:attachment":[{"href":"https:\/\/ectp-ceu.eu\/fr\/wp-json\/wp\/v2\/media?parent=3778"}],"wp:term":[{"taxonomy":"category","embeddable":true,"href":"https:\/\/ectp-ceu.eu\/fr\/wp-json\/wp\/v2\/categories?post=3778"},{"taxonomy":"post_tag","embeddable":true,"href":"https:\/\/ectp-ceu.eu\/fr\/wp-json\/wp\/v2\/tags?post=3778"}],"curies":[{"name":"wp","href":"https:\/\/api.w.org\/{rel}","templated":true}]}}