{"id":3780,"date":"2017-10-25T16:39:51","date_gmt":"2017-10-25T14:39:51","guid":{"rendered":"https:\/\/ectp-ceu.eu\/?p=3780"},"modified":"2025-07-21T19:20:56","modified_gmt":"2025-07-21T17:20:56","slug":"international-symposium-enhancing-spatial-efficiency-in-urbanized-areas","status":"publish","type":"post","link":"https:\/\/ectp-ceu.eu\/fr\/news\/international-symposium-enhancing-spatial-efficiency-in-urbanized-areas\/","title":{"rendered":"Symposium international \/ Am\u00e9liorer l'efficacit\u00e9 spatiale dans les zones urbanis\u00e9es"},"content":{"rendered":"<p>6 octobre 2017, organis\u00e9 conjointement par la ville de Louvain, VRP et ECTP-CEU<br \/>\nSymposium international \/Am\u00e9liorer l'efficacit\u00e9 spatiale dans les zones urbanis\u00e9es<\/p>\n<p>T\u00e9l\u00e9chargez les pr\u00e9sentations ici :<\/p>\n<p>Joris Scheers, pr\u00e9sident de l'ECTP-CEU, et Carl Devlies, premier adjoint de la ville de Louvain, responsable de l'am\u00e9nagement du territoire, ont souhait\u00e9 la bienvenue aux participants.<br \/>\n<a href=\"https:\/\/ectp-ceu.eu\/fr\/images\/stories\/PDF-Events\/symposium-Leuven\/intro%20Joris%20Scheers%20sympo%20Leuven%206%20october%202017.pdf\/\" target=\"_blank\" rel=\"noopener noreferrer\">-&gt; t\u00e9l\u00e9charger la pr\u00e9sentation\u00a0<\/a><\/p>\n<p>Louvain Les programmes de r\u00e9am\u00e9nagement urbain en tant que projets strat\u00e9giques de la politique d'am\u00e9nagement du territoire par Wiet Vandaele, chef du service d'urbanisme, ville de Louvain<br \/>\n<a href=\"https:\/\/ectp-ceu.eu\/fr\/images\/stories\/PDF-Events\/symposium-Leuven\/1Wiet_ECTP_Leuven.pdf\/\" target=\"_blank\" rel=\"noopener noreferrer\">-&gt; t\u00e9l\u00e9charger la pr\u00e9sentation\u00a0<\/a><\/p>\n<p>L'efficacit\u00e9 spatiale en tant que politique centrale en Flandre par Geert Mertens, expert du d\u00e9partement Omgeving, R\u00e9gion de Flandre<br \/>\n<a href=\"https:\/\/ectp-ceu.eu\/fr\/images\/stories\/PDF-Events\/symposium-Leuven\/studiedag_spatial_efficiency_6oktober2017.pdf\/\" target=\"_blank\" rel=\"noopener noreferrer\">-&gt; t\u00e9l\u00e9charger la pr\u00e9sentation\u00a0<\/a><\/p>\n<p>Viser l'efficacit\u00e9 spatiale et l'importance de processus de planification bien g\u00e9r\u00e9s par Vincent Goodstadt (RTPI, UK) Suivi d'un d\u00e9bat public.<br \/>\n<a href=\"https:\/\/ectp-ceu.eu\/fr\/images\/stories\/PDF-Events\/symposium-Leuven\/3_Vincent_LEUVEN%20171006%20Talk%20%20FINAL%20%5bCompatibiliteitsmodus%5d.pdf\/\">-&gt; t\u00e9l\u00e9charger la pr\u00e9sentation\u00a0<\/a><\/p>\n<p>Approches ax\u00e9es sur les projets pour am\u00e9liorer l'efficacit\u00e9 spatiale par Vladan Djokic, Universit\u00e9 de Belgrade<br \/>\n<a href=\"https:\/\/ectp-ceu.eu\/fr\/images\/stories\/PDF-Events\/symposium-Leuven\/Presentation_Andricgrad_Drvengrad.pdf\/\" target=\"_blank\" rel=\"noopener noreferrer\">-&gt; t\u00e9l\u00e9charger la pr\u00e9sentation\u00a0<\/a><\/p>\n<p>Pr\u00e9sentation du livre \"L'am\u00e9nagement du territoire en Flandre\".<br \/>\n-&gt; t\u00e9l\u00e9charger la pr\u00e9sentation (pas encore disponible)<\/p>\n<p><img fetchpriority=\"high\" decoding=\"async\" src=\"https:\/\/ectp-ceu.eu\/images\/stories\/Event-pics\/symposium-leuven\/_MG_4869.jpg\" alt=\" MG 4869\" width=\"350\" height=\"233\" \/><\/p>\n<p><img decoding=\"async\" src=\"https:\/\/ectp-ceu.eu\/images\/stories\/Event-pics\/symposium-leuven\/_MG_4880.jpg\" alt=\" MG 4880\" width=\"350\" height=\"233\" \/><\/p>\n<p><img decoding=\"async\" src=\"https:\/\/ectp-ceu.eu\/images\/stories\/Event-pics\/symposium-leuven\/_MG_4894.jpg\" alt=\" MG 4894\" width=\"350\" height=\"233\" \/><\/p>\n<section data-uk-grid-match=\"{target:'&gt; div &gt; .uk-panel'}\"><\/section>","protected":false},"excerpt":{"rendered":"<p>October 6, 2017, Jointly organized by City of Leuven, VRP and ECTP-CEU International symposium \/Enhancing spatial efficiency in urbanized areas Download the presentations here: Welcoming words by Joris Scheers, president ECTP-CEU and Carl Devlies, First Elderman City of Leuven, responsible for Spatial Planning. -&gt; download the presentation\u00a0 Leuven Urban redevelopment programs as strategic projects of [&hellip;]<\/p>\n","protected":false},"author":1,"featured_media":3781,"comment_status":"closed","ping_status":"open","sticky":false,"template":"","format":"standard","meta":{"_acf_changed":false,"inline_featured_image":false,"footnotes":""},"categories":[47,46,6],"tags":[],"class_list":["post-3780","post","type-post","status-publish","format-standard","has-post-thumbnail","hentry","category-ectp-ceu","category-members","category-news"],"acf":[],"yoast_head":"<!-- This site is optimized with the Yoast SEO plugin v27.5 - https:\/\/yoast.com\/product\/yoast-seo-wordpress\/ -->\n<title>International symposium \/ Enhancing spatial efficiency in urbanized areas - ECTP-CEU<\/title>\n<meta name=\"robots\" content=\"index, follow, max-snippet:-1, max-image-preview:large, max-video-preview:-1\" \/>\n<link rel=\"canonical\" href=\"https:\/\/ectp-ceu.eu\/fr\/news\/international-symposium-enhancing-spatial-efficiency-in-urbanized-areas\/\" \/>\n<meta property=\"og:locale\" content=\"fr_FR\" \/>\n<meta property=\"og:type\" content=\"article\" \/>\n<meta property=\"og:title\" content=\"International symposium \/ Enhancing spatial efficiency in urbanized areas - ECTP-CEU\" \/>\n<meta property=\"og:description\" content=\"October 6, 2017, Jointly organized by City of Leuven, VRP and ECTP-CEU International symposium \/Enhancing spatial efficiency in urbanized areas Download the presentations here: Welcoming words by Joris Scheers, president ECTP-CEU and Carl Devlies, First Elderman City of Leuven, responsible for Spatial Planning. -&gt; download the presentation\u00a0 Leuven Urban redevelopment programs as strategic projects of [&hellip;]\" \/>\n<meta property=\"og:url\" content=\"https:\/\/ectp-ceu.eu\/fr\/news\/international-symposium-enhancing-spatial-efficiency-in-urbanized-areas\/\" \/>\n<meta property=\"og:site_name\" content=\"ECTP-CEU\" \/>\n<meta property=\"article:published_time\" content=\"2017-10-25T14:39:51+00:00\" \/>\n<meta property=\"article:modified_time\" content=\"2025-07-21T17:20:56+00:00\" \/>\n<meta property=\"og:image\" content=\"https:\/\/ectp-ceu.eu\/wp-content\/uploads\/2024\/07\/symposium-leuven-600.jpg\" \/>\n\t<meta property=\"og:image:width\" content=\"600\" \/>\n\t<meta property=\"og:image:height\" content=\"400\" \/>\n\t<meta property=\"og:image:type\" content=\"image\/jpeg\" \/>\n<meta name=\"author\" content=\"dev\" \/>\n<meta name=\"twitter:card\" content=\"summary_large_image\" \/>\n<meta name=\"twitter:label1\" content=\"\u00c9crit par\" \/>\n\t<meta name=\"twitter:data1\" content=\"dev\" \/>\n\t<meta name=\"twitter:label2\" content=\"Dur\u00e9e de lecture estim\u00e9e\" \/>\n\t<meta name=\"twitter:data2\" content=\"1 minute\" \/>\n<script type=\"application\/ld+json\" class=\"yoast-schema-graph\">{\"@context\":\"https:\\\/\\\/schema.org\",\"@graph\":[{\"@type\":\"Article\",\"@id\":\"https:\\\/\\\/ectp-ceu.eu\\\/news\\\/international-symposium-enhancing-spatial-efficiency-in-urbanized-areas\\\/#article\",\"isPartOf\":{\"@id\":\"https:\\\/\\\/ectp-ceu.eu\\\/news\\\/international-symposium-enhancing-spatial-efficiency-in-urbanized-areas\\\/\"},\"author\":{\"name\":\"dev\",\"@id\":\"https:\\\/\\\/ectp-ceu.eu\\\/#\\\/schema\\\/person\\\/8bf89ed875f5ab3f3b35e54d7c3f816f\"},\"headline\":\"International symposium \\\/ Enhancing spatial efficiency in urbanized areas\",\"datePublished\":\"2017-10-25T14:39:51+00:00\",\"dateModified\":\"2025-07-21T17:20:56+00:00\",\"mainEntityOfPage\":{\"@id\":\"https:\\\/\\\/ectp-ceu.eu\\\/news\\\/international-symposium-enhancing-spatial-efficiency-in-urbanized-areas\\\/\"},\"wordCount\":163,\"publisher\":{\"@id\":\"https:\\\/\\\/ectp-ceu.eu\\\/#organization\"},\"image\":{\"@id\":\"https:\\\/\\\/ectp-ceu.eu\\\/news\\\/international-symposium-enhancing-spatial-efficiency-in-urbanized-areas\\\/#primaryimage\"},\"thumbnailUrl\":\"https:\\\/\\\/ectp-ceu.eu\\\/wp-content\\\/uploads\\\/2024\\\/07\\\/symposium-leuven-600.jpg\",\"articleSection\":[\"ECTP-CEU\",\"Members\",\"News\"],\"inLanguage\":\"fr-FR\"},{\"@type\":\"WebPage\",\"@id\":\"https:\\\/\\\/ectp-ceu.eu\\\/news\\\/international-symposium-enhancing-spatial-efficiency-in-urbanized-areas\\\/\",\"url\":\"https:\\\/\\\/ectp-ceu.eu\\\/news\\\/international-symposium-enhancing-spatial-efficiency-in-urbanized-areas\\\/\",\"name\":\"International symposium \\\/ Enhancing spatial efficiency in urbanized areas - ECTP-CEU\",\"isPartOf\":{\"@id\":\"https:\\\/\\\/ectp-ceu.eu\\\/#website\"},\"primaryImageOfPage\":{\"@id\":\"https:\\\/\\\/ectp-ceu.eu\\\/news\\\/international-symposium-enhancing-spatial-efficiency-in-urbanized-areas\\\/#primaryimage\"},\"image\":{\"@id\":\"https:\\\/\\\/ectp-ceu.eu\\\/news\\\/international-symposium-enhancing-spatial-efficiency-in-urbanized-areas\\\/#primaryimage\"},\"thumbnailUrl\":\"https:\\\/\\\/ectp-ceu.eu\\\/wp-content\\\/uploads\\\/2024\\\/07\\\/symposium-leuven-600.jpg\",\"datePublished\":\"2017-10-25T14:39:51+00:00\",\"dateModified\":\"2025-07-21T17:20:56+00:00\",\"breadcrumb\":{\"@id\":\"https:\\\/\\\/ectp-ceu.eu\\\/news\\\/international-symposium-enhancing-spatial-efficiency-in-urbanized-areas\\\/#breadcrumb\"},\"inLanguage\":\"fr-FR\",\"potentialAction\":[{\"@type\":\"ReadAction\",\"target\":[\"https:\\\/\\\/ectp-ceu.eu\\\/news\\\/international-symposium-enhancing-spatial-efficiency-in-urbanized-areas\\\/\"]}]},{\"@type\":\"ImageObject\",\"inLanguage\":\"fr-FR\",\"@id\":\"https:\\\/\\\/ectp-ceu.eu\\\/news\\\/international-symposium-enhancing-spatial-efficiency-in-urbanized-areas\\\/#primaryimage\",\"url\":\"https:\\\/\\\/ectp-ceu.eu\\\/wp-content\\\/uploads\\\/2024\\\/07\\\/symposium-leuven-600.jpg\",\"contentUrl\":\"https:\\\/\\\/ectp-ceu.eu\\\/wp-content\\\/uploads\\\/2024\\\/07\\\/symposium-leuven-600.jpg\",\"width\":600,\"height\":400},{\"@type\":\"BreadcrumbList\",\"@id\":\"https:\\\/\\\/ectp-ceu.eu\\\/news\\\/international-symposium-enhancing-spatial-efficiency-in-urbanized-areas\\\/#breadcrumb\",\"itemListElement\":[{\"@type\":\"ListItem\",\"position\":1,\"name\":\"HOME\",\"item\":\"https:\\\/\\\/ectp-ceu.eu\\\/\"},{\"@type\":\"ListItem\",\"position\":2,\"name\":\"News\",\"item\":\"https:\\\/\\\/ectp-ceu.eu\\\/category\\\/news\\\/\"},{\"@type\":\"ListItem\",\"position\":3,\"name\":\"ECTP-CEU\",\"item\":\"https:\\\/\\\/ectp-ceu.eu\\\/category\\\/news\\\/ectp-ceu\\\/\"},{\"@type\":\"ListItem\",\"position\":4,\"name\":\"International symposium \\\/ Enhancing spatial efficiency in urbanized areas\"}]},{\"@type\":\"WebSite\",\"@id\":\"https:\\\/\\\/ectp-ceu.eu\\\/#website\",\"url\":\"https:\\\/\\\/ectp-ceu.eu\\\/\",\"name\":\"ECTP-CEU\",\"description\":\"European Council of Spatial Planners \u2013 Conseil Europ\u00e9en des Urbanistes\",\"publisher\":{\"@id\":\"https:\\\/\\\/ectp-ceu.eu\\\/#organization\"},\"potentialAction\":[{\"@type\":\"SearchAction\",\"target\":{\"@type\":\"EntryPoint\",\"urlTemplate\":\"https:\\\/\\\/ectp-ceu.eu\\\/?s={search_term_string}\"},\"query-input\":{\"@type\":\"PropertyValueSpecification\",\"valueRequired\":true,\"valueName\":\"search_term_string\"}}],\"inLanguage\":\"fr-FR\"},{\"@type\":\"Organization\",\"@id\":\"https:\\\/\\\/ectp-ceu.eu\\\/#organization\",\"name\":\"ECTP-CEU\",\"url\":\"https:\\\/\\\/ectp-ceu.eu\\\/\",\"logo\":{\"@type\":\"ImageObject\",\"inLanguage\":\"fr-FR\",\"@id\":\"https:\\\/\\\/ectp-ceu.eu\\\/#\\\/schema\\\/logo\\\/image\\\/\",\"url\":\"https:\\\/\\\/ectp-ceu.eu\\\/wp-content\\\/uploads\\\/2024\\\/07\\\/cropped-1392117979K7cUN6za2Hw29SX4.jpeg\",\"contentUrl\":\"https:\\\/\\\/ectp-ceu.eu\\\/wp-content\\\/uploads\\\/2024\\\/07\\\/cropped-1392117979K7cUN6za2Hw29SX4.jpeg\",\"width\":928,\"height\":328,\"caption\":\"ECTP-CEU\"},\"image\":{\"@id\":\"https:\\\/\\\/ectp-ceu.eu\\\/#\\\/schema\\\/logo\\\/image\\\/\"}},{\"@type\":\"Person\",\"@id\":\"https:\\\/\\\/ectp-ceu.eu\\\/#\\\/schema\\\/person\\\/8bf89ed875f5ab3f3b35e54d7c3f816f\",\"name\":\"dev\",\"image\":{\"@type\":\"ImageObject\",\"inLanguage\":\"fr-FR\",\"@id\":\"https:\\\/\\\/secure.gravatar.com\\\/avatar\\\/f1ffcac9ca2fa95ad3ec33e9be3ade82f752acb0cabe541e56c5889225afa88a?s=96&d=mm&r=g\",\"url\":\"https:\\\/\\\/secure.gravatar.com\\\/avatar\\\/f1ffcac9ca2fa95ad3ec33e9be3ade82f752acb0cabe541e56c5889225afa88a?s=96&d=mm&r=g\",\"contentUrl\":\"https:\\\/\\\/secure.gravatar.com\\\/avatar\\\/f1ffcac9ca2fa95ad3ec33e9be3ade82f752acb0cabe541e56c5889225afa88a?s=96&d=mm&r=g\",\"caption\":\"dev\"},\"sameAs\":[\"https:\\\/\\\/ectp-ceu.eu\"],\"url\":\"https:\\\/\\\/ectp-ceu.eu\\\/fr\\\/author\\\/dev\\\/\"}]}<\/script>\n<!-- \/ Yoast SEO plugin. -->","yoast_head_json":{"title":"International symposium \/ Enhancing spatial efficiency in urbanized areas - ECTP-CEU","robots":{"index":"index","follow":"follow","max-snippet":"max-snippet:-1","max-image-preview":"max-image-preview:large","max-video-preview":"max-video-preview:-1"},"canonical":"https:\/\/ectp-ceu.eu\/fr\/news\/international-symposium-enhancing-spatial-efficiency-in-urbanized-areas\/","og_locale":"fr_FR","og_type":"article","og_title":"International symposium \/ Enhancing spatial efficiency in urbanized areas - ECTP-CEU","og_description":"October 6, 2017, Jointly organized by City of Leuven, VRP and ECTP-CEU International symposium \/Enhancing spatial efficiency in urbanized areas Download the presentations here: Welcoming words by Joris Scheers, president ECTP-CEU and Carl Devlies, First Elderman City of Leuven, responsible for Spatial Planning. -&gt; download the presentation\u00a0 Leuven Urban redevelopment programs as strategic projects of [&hellip;]","og_url":"https:\/\/ectp-ceu.eu\/fr\/news\/international-symposium-enhancing-spatial-efficiency-in-urbanized-areas\/","og_site_name":"ECTP-CEU","article_published_time":"2017-10-25T14:39:51+00:00","article_modified_time":"2025-07-21T17:20:56+00:00","og_image":[{"width":600,"height":400,"url":"https:\/\/ectp-ceu.eu\/wp-content\/uploads\/2024\/07\/symposium-leuven-600.jpg","type":"image\/jpeg"}],"author":"dev","twitter_card":"summary_large_image","twitter_misc":{"\u00c9crit par":"dev","Dur\u00e9e de lecture estim\u00e9e":"1 minute"},"schema":{"@context":"https:\/\/schema.org","@graph":[{"@type":"Article","@id":"https:\/\/ectp-ceu.eu\/news\/international-symposium-enhancing-spatial-efficiency-in-urbanized-areas\/#article","isPartOf":{"@id":"https:\/\/ectp-ceu.eu\/news\/international-symposium-enhancing-spatial-efficiency-in-urbanized-areas\/"},"author":{"name":"dev","@id":"https:\/\/ectp-ceu.eu\/#\/schema\/person\/8bf89ed875f5ab3f3b35e54d7c3f816f"},"headline":"International symposium \/ Enhancing spatial efficiency in urbanized areas","datePublished":"2017-10-25T14:39:51+00:00","dateModified":"2025-07-21T17:20:56+00:00","mainEntityOfPage":{"@id":"https:\/\/ectp-ceu.eu\/news\/international-symposium-enhancing-spatial-efficiency-in-urbanized-areas\/"},"wordCount":163,"publisher":{"@id":"https:\/\/ectp-ceu.eu\/#organization"},"image":{"@id":"https:\/\/ectp-ceu.eu\/news\/international-symposium-enhancing-spatial-efficiency-in-urbanized-areas\/#primaryimage"},"thumbnailUrl":"https:\/\/ectp-ceu.eu\/wp-content\/uploads\/2024\/07\/symposium-leuven-600.jpg","articleSection":["ECTP-CEU","Members","News"],"inLanguage":"fr-FR"},{"@type":"WebPage","@id":"https:\/\/ectp-ceu.eu\/news\/international-symposium-enhancing-spatial-efficiency-in-urbanized-areas\/","url":"https:\/\/ectp-ceu.eu\/news\/international-symposium-enhancing-spatial-efficiency-in-urbanized-areas\/","name":"International symposium \/ Enhancing spatial efficiency in urbanized areas - ECTP-CEU","isPartOf":{"@id":"https:\/\/ectp-ceu.eu\/#website"},"primaryImageOfPage":{"@id":"https:\/\/ectp-ceu.eu\/news\/international-symposium-enhancing-spatial-efficiency-in-urbanized-areas\/#primaryimage"},"image":{"@id":"https:\/\/ectp-ceu.eu\/news\/international-symposium-enhancing-spatial-efficiency-in-urbanized-areas\/#primaryimage"},"thumbnailUrl":"https:\/\/ectp-ceu.eu\/wp-content\/uploads\/2024\/07\/symposium-leuven-600.jpg","datePublished":"2017-10-25T14:39:51+00:00","dateModified":"2025-07-21T17:20:56+00:00","breadcrumb":{"@id":"https:\/\/ectp-ceu.eu\/news\/international-symposium-enhancing-spatial-efficiency-in-urbanized-areas\/#breadcrumb"},"inLanguage":"fr-FR","potentialAction":[{"@type":"ReadAction","target":["https:\/\/ectp-ceu.eu\/news\/international-symposium-enhancing-spatial-efficiency-in-urbanized-areas\/"]}]},{"@type":"ImageObject","inLanguage":"fr-FR","@id":"https:\/\/ectp-ceu.eu\/news\/international-symposium-enhancing-spatial-efficiency-in-urbanized-areas\/#primaryimage","url":"https:\/\/ectp-ceu.eu\/wp-content\/uploads\/2024\/07\/symposium-leuven-600.jpg","contentUrl":"https:\/\/ectp-ceu.eu\/wp-content\/uploads\/2024\/07\/symposium-leuven-600.jpg","width":600,"height":400},{"@type":"BreadcrumbList","@id":"https:\/\/ectp-ceu.eu\/news\/international-symposium-enhancing-spatial-efficiency-in-urbanized-areas\/#breadcrumb","itemListElement":[{"@type":"ListItem","position":1,"name":"HOME","item":"https:\/\/ectp-ceu.eu\/"},{"@type":"ListItem","position":2,"name":"News","item":"https:\/\/ectp-ceu.eu\/category\/news\/"},{"@type":"ListItem","position":3,"name":"ECTP-CEU","item":"https:\/\/ectp-ceu.eu\/category\/news\/ectp-ceu\/"},{"@type":"ListItem","position":4,"name":"International symposium \/ Enhancing spatial efficiency in urbanized areas"}]},{"@type":"WebSite","@id":"https:\/\/ectp-ceu.eu\/#website","url":"https:\/\/ectp-ceu.eu\/","name":"ECTP-CEU","description":"European Council of Spatial Planners \u2013 Conseil Europ\u00e9en des Urbanistes","publisher":{"@id":"https:\/\/ectp-ceu.eu\/#organization"},"potentialAction":[{"@type":"SearchAction","target":{"@type":"EntryPoint","urlTemplate":"https:\/\/ectp-ceu.eu\/?s={search_term_string}"},"query-input":{"@type":"PropertyValueSpecification","valueRequired":true,"valueName":"search_term_string"}}],"inLanguage":"fr-FR"},{"@type":"Organization","@id":"https:\/\/ectp-ceu.eu\/#organization","name":"ECTP-CEU","url":"https:\/\/ectp-ceu.eu\/","logo":{"@type":"ImageObject","inLanguage":"fr-FR","@id":"https:\/\/ectp-ceu.eu\/#\/schema\/logo\/image\/","url":"https:\/\/ectp-ceu.eu\/wp-content\/uploads\/2024\/07\/cropped-1392117979K7cUN6za2Hw29SX4.jpeg","contentUrl":"https:\/\/ectp-ceu.eu\/wp-content\/uploads\/2024\/07\/cropped-1392117979K7cUN6za2Hw29SX4.jpeg","width":928,"height":328,"caption":"ECTP-CEU"},"image":{"@id":"https:\/\/ectp-ceu.eu\/#\/schema\/logo\/image\/"}},{"@type":"Person","@id":"https:\/\/ectp-ceu.eu\/#\/schema\/person\/8bf89ed875f5ab3f3b35e54d7c3f816f","name":"dev","image":{"@type":"ImageObject","inLanguage":"fr-FR","@id":"https:\/\/secure.gravatar.com\/avatar\/f1ffcac9ca2fa95ad3ec33e9be3ade82f752acb0cabe541e56c5889225afa88a?s=96&d=mm&r=g","url":"https:\/\/secure.gravatar.com\/avatar\/f1ffcac9ca2fa95ad3ec33e9be3ade82f752acb0cabe541e56c5889225afa88a?s=96&d=mm&r=g","contentUrl":"https:\/\/secure.gravatar.com\/avatar\/f1ffcac9ca2fa95ad3ec33e9be3ade82f752acb0cabe541e56c5889225afa88a?s=96&d=mm&r=g","caption":"dev"},"sameAs":["https:\/\/ectp-ceu.eu"],"url":"https:\/\/ectp-ceu.eu\/fr\/author\/dev\/"}]}},"_links":{"self":[{"href":"https:\/\/ectp-ceu.eu\/fr\/wp-json\/wp\/v2\/posts\/3780","targetHints":{"allow":["GET"]}}],"collection":[{"href":"https:\/\/ectp-ceu.eu\/fr\/wp-json\/wp\/v2\/posts"}],"about":[{"href":"https:\/\/ectp-ceu.eu\/fr\/wp-json\/wp\/v2\/types\/post"}],"author":[{"embeddable":true,"href":"https:\/\/ectp-ceu.eu\/fr\/wp-json\/wp\/v2\/users\/1"}],"replies":[{"embeddable":true,"href":"https:\/\/ectp-ceu.eu\/fr\/wp-json\/wp\/v2\/comments?post=3780"}],"version-history":[{"count":1,"href":"https:\/\/ectp-ceu.eu\/fr\/wp-json\/wp\/v2\/posts\/3780\/revisions"}],"predecessor-version":[{"id":3782,"href":"https:\/\/ectp-ceu.eu\/fr\/wp-json\/wp\/v2\/posts\/3780\/revisions\/3782"}],"wp:featuredmedia":[{"embeddable":true,"href":"https:\/\/ectp-ceu.eu\/fr\/wp-json\/wp\/v2\/media\/3781"}],"wp:attachment":[{"href":"https:\/\/ectp-ceu.eu\/fr\/wp-json\/wp\/v2\/media?parent=3780"}],"wp:term":[{"taxonomy":"category","embeddable":true,"href":"https:\/\/ectp-ceu.eu\/fr\/wp-json\/wp\/v2\/categories?post=3780"},{"taxonomy":"post_tag","embeddable":true,"href":"https:\/\/ectp-ceu.eu\/fr\/wp-json\/wp\/v2\/tags?post=3780"}],"curies":[{"name":"wp","href":"https:\/\/api.w.org\/{rel}","templated":true}]}}