{"id":7742,"date":"2025-08-23T14:44:37","date_gmt":"2025-08-23T12:44:37","guid":{"rendered":"https:\/\/ectp-ceu.eu\/?p=7742"},"modified":"2025-08-29T01:20:07","modified_gmt":"2025-08-28T23:20:07","slug":"yp-2025-call","status":"publish","type":"post","link":"https:\/\/ectp-ceu.eu\/fr\/news\/ectp-ceu\/yp-2025-call\/","title":{"rendered":"14<sup>th<\/sup> Atelier des jeunes urbanistes 2025 - Appel \u00e0 projets"},"content":{"rendered":"<div data-elementor-type=\"wp-post\" data-elementor-id=\"7742\" class=\"elementor elementor-7742\" data-elementor-post-type=\"post\">\n\t\t\t\t<div class=\"elementor-element elementor-element-57c01153 e-flex e-con-boxed e-con e-parent\" data-id=\"57c01153\" data-element_type=\"container\" data-e-type=\"container\">\n\t\t\t\t\t<div class=\"e-con-inner\">\n\t\t\t\t<div class=\"elementor-element elementor-element-1999c8b elementor-widget elementor-widget-text-editor\" data-id=\"1999c8b\" data-element_type=\"widget\" data-e-type=\"widget\" data-widget_type=\"text-editor.default\">\n\t\t\t\t\t\t\t\t\t<h2 class=\"wp-block-heading\">L'am\u00e9nagement des villes europ\u00e9ennes de petite et moyenne taille depuis 2000<\/h2><p>L'appel \u00e0 projets est lanc\u00e9 ! Vous pouvez le t\u00e9l\u00e9charger \u00e0 partir du lien ci-dessous :<\/p><p><a href=\"https:\/\/ectp-ceu.eu\/fr\/yp2025-call\/\"><strong>ypws2025-ENG-call.pdf<\/strong><\/a><\/p><p>La date limite est<br \/><strong>Lundi, 14<sup>th<\/sup> Septembre 2025<\/strong><\/p><p>Vous serez inform\u00e9 une semaine plus tard (22<sup>nd<\/sup> septembre), dans la soir\u00e9e, si votre contribution est admise \u00e0 \u00eatre pr\u00e9sent\u00e9e lors du 40e anniversaire de l'ECTP-CEU.<sup>th<\/sup> Conf\u00e9rence anniversaire \u00e0 Bruxelles, Belgique, le <strong>7<sup>th<\/sup> Novembre 2025<\/strong>. Les participants s\u00e9lectionn\u00e9s sont invit\u00e9s \u00e0 assister \u00e0 au moins deux r\u00e9unions en ligne : la premi\u00e8re entre le 29 et le 31 d\u00e9cembre.<sup>th<\/sup> Septembre et 4<sup>th<\/sup> octobre et la seconde entre 20<sup>th<\/sup> et 25<sup>th<\/sup> octobre pour discuter de la mani\u00e8re de pr\u00e9senter leurs travaux.<\/p><p><strong>Qui peut poser sa candidature ?<\/strong> Jeunes urbanistes - cette ann\u00e9e, uniquement des praticiens (c'est-\u00e0-dire pas d'\u00e9tudiants en licence ou en doctorat, pas de chercheurs ni d'universitaires) - \u00e2g\u00e9s de moins de 35 ans ou ayant moins de 10 ans d'exp\u00e9rience post-qualification en urbanisme (\"r\u00e8gle des 35-10 ans\"). Les candidatures doivent \u00e9maner uniquement de jeunes urbanistes individuels (pas de groupes cette ann\u00e9e). Une autre diff\u00e9rence cette ann\u00e9e est qu'en raison du programme complet de la c\u00e9l\u00e9bration de l'anniversaire ainsi que des 13<sup>th<\/sup> Prix europ\u00e9en de l'urbanisme et de l'am\u00e9nagement du territoire et 14<sup>th<\/sup> Atelier des jeunes urbanistes (un programme complet !) - que seules 5 contributions peuvent \u00eatre accept\u00e9es au lieu des 10 habituelles.<\/p><p><strong>Vous n'avez pas les moyens de vous rendre \u00e0 Bruxelles ?<\/strong> Il n'y a pas de probl\u00e8me. Chaque participant recevra de la part de l'ECTP-CEU une contribution de <strong>400 euros<\/strong>. Cette somme devrait couvrir la totalit\u00e9 ou du moins la majeure partie des frais de voyage et d'h\u00f4tel. En outre, les participants sont invit\u00e9s \u00e0 assister au d\u00eener officiel d'anniversaire le vendredi 7<sup>th<\/sup> novembre gratuitement, et leurs affiches seront imprim\u00e9es aux frais de l'ECTP-CEU.<\/p><p><strong>Des questions ?<\/strong> N'h\u00e9sitez pas \u00e0 contacter le comit\u00e9 de projet des jeunes urbanistes de l'ECTP-CEU \u00e0 l'adresse suivante\u00a0<strong>secretariat@ectp-ceu.eu<\/strong>.<\/p><p>Nous nous r\u00e9jouissons de recevoir les candidatures de nombreux jeunes planificateurs de toute l'Europe.<\/p>\t\t\t\t\t\t\t\t<\/div>\n\t\t\t\t\t<\/div>\n\t\t\t\t<\/div>\n\t\t\t\t<\/div>","protected":false},"excerpt":{"rendered":"<p>Planning of Small and Medium-Sized European Towns since 2000 The call for projects is out! You can download it from the link here below: Deadline isMonday, 14th September 2025 You will be notified one week later (22nd September), in the evening, if your contribution will be admitted to be presented at the ECTP-CEU\u2019s 40th Anniversary [&hellip;]<\/p>\n","protected":false},"author":2,"featured_media":7569,"comment_status":"closed","ping_status":"open","sticky":false,"template":"","format":"standard","meta":{"_acf_changed":false,"inline_featured_image":false,"footnotes":""},"categories":[47,6],"tags":[],"class_list":["post-7742","post","type-post","status-publish","format-standard","has-post-thumbnail","hentry","category-ectp-ceu","category-news"],"acf":[],"yoast_head":"<!-- This site is optimized with the Yoast SEO plugin v27.5 - https:\/\/yoast.com\/product\/yoast-seo-wordpress\/ -->\n<title>14th Young Planners Workshop 2025 \u2013 Call for Projects - ECTP-CEU<\/title>\n<meta name=\"robots\" content=\"index, follow, max-snippet:-1, max-image-preview:large, max-video-preview:-1\" \/>\n<link rel=\"canonical\" href=\"https:\/\/ectp-ceu.eu\/fr\/news\/yp-2025-call\/\" \/>\n<meta property=\"og:locale\" content=\"fr_FR\" \/>\n<meta property=\"og:type\" content=\"article\" \/>\n<meta property=\"og:title\" content=\"14th Young Planners Workshop 2025 \u2013 Call for Projects - ECTP-CEU\" \/>\n<meta property=\"og:description\" content=\"Planning of Small and Medium-Sized European Towns since 2000 The call for projects is out! You can download it from the link here below: Deadline isMonday, 14th September 2025 You will be notified one week later (22nd September), in the evening, if your contribution will be admitted to be presented at the ECTP-CEU\u2019s 40th Anniversary [&hellip;]\" \/>\n<meta property=\"og:url\" content=\"https:\/\/ectp-ceu.eu\/fr\/news\/yp-2025-call\/\" \/>\n<meta property=\"og:site_name\" content=\"ECTP-CEU\" \/>\n<meta property=\"article:published_time\" content=\"2025-08-23T12:44:37+00:00\" \/>\n<meta property=\"article:modified_time\" content=\"2025-08-28T23:20:07+00:00\" \/>\n<meta property=\"og:image\" content=\"https:\/\/ectp-ceu.eu\/wp-content\/uploads\/yp\/2025\/ypws2025-ENG-card-0823.png\" \/>\n\t<meta property=\"og:image:width\" content=\"1920\" \/>\n\t<meta property=\"og:image:height\" content=\"1080\" \/>\n\t<meta property=\"og:image:type\" content=\"image\/png\" \/>\n<meta name=\"author\" content=\"Markus Hedorfer\" \/>\n<meta name=\"twitter:card\" content=\"summary_large_image\" \/>\n<meta name=\"twitter:label1\" content=\"\u00c9crit par\" \/>\n\t<meta name=\"twitter:data1\" content=\"Markus Hedorfer\" \/>\n\t<meta name=\"twitter:label2\" content=\"Dur\u00e9e de lecture estim\u00e9e\" \/>\n\t<meta name=\"twitter:data2\" content=\"2 minutes\" \/>\n<script type=\"application\/ld+json\" class=\"yoast-schema-graph\">{\"@context\":\"https:\\\/\\\/schema.org\",\"@graph\":[{\"@type\":\"Article\",\"@id\":\"https:\\\/\\\/ectp-ceu.eu\\\/news\\\/yp-2025-call\\\/#article\",\"isPartOf\":{\"@id\":\"https:\\\/\\\/ectp-ceu.eu\\\/news\\\/yp-2025-call\\\/\"},\"author\":{\"name\":\"Markus Hedorfer\",\"@id\":\"https:\\\/\\\/ectp-ceu.eu\\\/#\\\/schema\\\/person\\\/d9214bcbc889cec98e49d069d552f5bd\"},\"headline\":\"14th Young Planners Workshop 2025 \u2013 Call for Projects\",\"datePublished\":\"2025-08-23T12:44:37+00:00\",\"dateModified\":\"2025-08-28T23:20:07+00:00\",\"mainEntityOfPage\":{\"@id\":\"https:\\\/\\\/ectp-ceu.eu\\\/news\\\/yp-2025-call\\\/\"},\"wordCount\":298,\"publisher\":{\"@id\":\"https:\\\/\\\/ectp-ceu.eu\\\/#organization\"},\"image\":{\"@id\":\"https:\\\/\\\/ectp-ceu.eu\\\/news\\\/yp-2025-call\\\/#primaryimage\"},\"thumbnailUrl\":\"https:\\\/\\\/ectp-ceu.eu\\\/wp-content\\\/uploads\\\/yp\\\/2025\\\/ypws2025-ENG-card-0823.png\",\"articleSection\":[\"ECTP-CEU\",\"News\"],\"inLanguage\":\"fr-FR\"},{\"@type\":\"WebPage\",\"@id\":\"https:\\\/\\\/ectp-ceu.eu\\\/news\\\/yp-2025-call\\\/\",\"url\":\"https:\\\/\\\/ectp-ceu.eu\\\/news\\\/yp-2025-call\\\/\",\"name\":\"14th Young Planners Workshop 2025 \u2013 Call for Projects - ECTP-CEU\",\"isPartOf\":{\"@id\":\"https:\\\/\\\/ectp-ceu.eu\\\/#website\"},\"primaryImageOfPage\":{\"@id\":\"https:\\\/\\\/ectp-ceu.eu\\\/news\\\/yp-2025-call\\\/#primaryimage\"},\"image\":{\"@id\":\"https:\\\/\\\/ectp-ceu.eu\\\/news\\\/yp-2025-call\\\/#primaryimage\"},\"thumbnailUrl\":\"https:\\\/\\\/ectp-ceu.eu\\\/wp-content\\\/uploads\\\/yp\\\/2025\\\/ypws2025-ENG-card-0823.png\",\"datePublished\":\"2025-08-23T12:44:37+00:00\",\"dateModified\":\"2025-08-28T23:20:07+00:00\",\"breadcrumb\":{\"@id\":\"https:\\\/\\\/ectp-ceu.eu\\\/news\\\/yp-2025-call\\\/#breadcrumb\"},\"inLanguage\":\"fr-FR\",\"potentialAction\":[{\"@type\":\"ReadAction\",\"target\":[\"https:\\\/\\\/ectp-ceu.eu\\\/news\\\/yp-2025-call\\\/\"]}]},{\"@type\":\"ImageObject\",\"inLanguage\":\"fr-FR\",\"@id\":\"https:\\\/\\\/ectp-ceu.eu\\\/news\\\/yp-2025-call\\\/#primaryimage\",\"url\":\"https:\\\/\\\/ectp-ceu.eu\\\/wp-content\\\/uploads\\\/yp\\\/2025\\\/ypws2025-ENG-card-0823.png\",\"contentUrl\":\"https:\\\/\\\/ectp-ceu.eu\\\/wp-content\\\/uploads\\\/yp\\\/2025\\\/ypws2025-ENG-card-0823.png\",\"width\":1920,\"height\":1080},{\"@type\":\"BreadcrumbList\",\"@id\":\"https:\\\/\\\/ectp-ceu.eu\\\/news\\\/yp-2025-call\\\/#breadcrumb\",\"itemListElement\":[{\"@type\":\"ListItem\",\"position\":1,\"name\":\"HOME\",\"item\":\"https:\\\/\\\/ectp-ceu.eu\\\/\"},{\"@type\":\"ListItem\",\"position\":2,\"name\":\"News\",\"item\":\"https:\\\/\\\/ectp-ceu.eu\\\/category\\\/news\\\/\"},{\"@type\":\"ListItem\",\"position\":3,\"name\":\"ECTP-CEU\",\"item\":\"https:\\\/\\\/ectp-ceu.eu\\\/category\\\/news\\\/ectp-ceu\\\/\"},{\"@type\":\"ListItem\",\"position\":4,\"name\":\"14th Young Planners Workshop 2025 \u2013 Call for Projects\"}]},{\"@type\":\"WebSite\",\"@id\":\"https:\\\/\\\/ectp-ceu.eu\\\/#website\",\"url\":\"https:\\\/\\\/ectp-ceu.eu\\\/\",\"name\":\"ECTP-CEU\",\"description\":\"European Council of Spatial Planners \u2013 Conseil Europ\u00e9en des Urbanistes\",\"publisher\":{\"@id\":\"https:\\\/\\\/ectp-ceu.eu\\\/#organization\"},\"potentialAction\":[{\"@type\":\"SearchAction\",\"target\":{\"@type\":\"EntryPoint\",\"urlTemplate\":\"https:\\\/\\\/ectp-ceu.eu\\\/?s={search_term_string}\"},\"query-input\":{\"@type\":\"PropertyValueSpecification\",\"valueRequired\":true,\"valueName\":\"search_term_string\"}}],\"inLanguage\":\"fr-FR\"},{\"@type\":\"Organization\",\"@id\":\"https:\\\/\\\/ectp-ceu.eu\\\/#organization\",\"name\":\"ECTP-CEU\",\"url\":\"https:\\\/\\\/ectp-ceu.eu\\\/\",\"logo\":{\"@type\":\"ImageObject\",\"inLanguage\":\"fr-FR\",\"@id\":\"https:\\\/\\\/ectp-ceu.eu\\\/#\\\/schema\\\/logo\\\/image\\\/\",\"url\":\"https:\\\/\\\/ectp-ceu.eu\\\/wp-content\\\/uploads\\\/2024\\\/07\\\/cropped-1392117979K7cUN6za2Hw29SX4.jpeg\",\"contentUrl\":\"https:\\\/\\\/ectp-ceu.eu\\\/wp-content\\\/uploads\\\/2024\\\/07\\\/cropped-1392117979K7cUN6za2Hw29SX4.jpeg\",\"width\":928,\"height\":328,\"caption\":\"ECTP-CEU\"},\"image\":{\"@id\":\"https:\\\/\\\/ectp-ceu.eu\\\/#\\\/schema\\\/logo\\\/image\\\/\"}},{\"@type\":\"Person\",\"@id\":\"https:\\\/\\\/ectp-ceu.eu\\\/#\\\/schema\\\/person\\\/d9214bcbc889cec98e49d069d552f5bd\",\"name\":\"Markus Hedorfer\",\"image\":{\"@type\":\"ImageObject\",\"inLanguage\":\"fr-FR\",\"@id\":\"https:\\\/\\\/secure.gravatar.com\\\/avatar\\\/4693ad6e69fd0e2aa1cf34159d317908096a34866b8006a1a053ed37056cf9cc?s=96&d=mm&r=g\",\"url\":\"https:\\\/\\\/secure.gravatar.com\\\/avatar\\\/4693ad6e69fd0e2aa1cf34159d317908096a34866b8006a1a053ed37056cf9cc?s=96&d=mm&r=g\",\"contentUrl\":\"https:\\\/\\\/secure.gravatar.com\\\/avatar\\\/4693ad6e69fd0e2aa1cf34159d317908096a34866b8006a1a053ed37056cf9cc?s=96&d=mm&r=g\",\"caption\":\"Markus Hedorfer\"},\"url\":\"https:\\\/\\\/ectp-ceu.eu\\\/fr\\\/author\\\/markus-hedorferurbanisti-it\\\/\"}]}<\/script>\n<!-- \/ Yoast SEO plugin. -->","yoast_head_json":{"title":"14th Young Planners Workshop 2025 \u2013 Call for Projects - ECTP-CEU","robots":{"index":"index","follow":"follow","max-snippet":"max-snippet:-1","max-image-preview":"max-image-preview:large","max-video-preview":"max-video-preview:-1"},"canonical":"https:\/\/ectp-ceu.eu\/fr\/news\/yp-2025-call\/","og_locale":"fr_FR","og_type":"article","og_title":"14th Young Planners Workshop 2025 \u2013 Call for Projects - ECTP-CEU","og_description":"Planning of Small and Medium-Sized European Towns since 2000 The call for projects is out! You can download it from the link here below: Deadline isMonday, 14th September 2025 You will be notified one week later (22nd September), in the evening, if your contribution will be admitted to be presented at the ECTP-CEU\u2019s 40th Anniversary [&hellip;]","og_url":"https:\/\/ectp-ceu.eu\/fr\/news\/yp-2025-call\/","og_site_name":"ECTP-CEU","article_published_time":"2025-08-23T12:44:37+00:00","article_modified_time":"2025-08-28T23:20:07+00:00","og_image":[{"width":1920,"height":1080,"url":"https:\/\/ectp-ceu.eu\/wp-content\/uploads\/yp\/2025\/ypws2025-ENG-card-0823.png","type":"image\/png"}],"author":"Markus Hedorfer","twitter_card":"summary_large_image","twitter_misc":{"\u00c9crit par":"Markus Hedorfer","Dur\u00e9e de lecture estim\u00e9e":"2 minutes"},"schema":{"@context":"https:\/\/schema.org","@graph":[{"@type":"Article","@id":"https:\/\/ectp-ceu.eu\/news\/yp-2025-call\/#article","isPartOf":{"@id":"https:\/\/ectp-ceu.eu\/news\/yp-2025-call\/"},"author":{"name":"Markus Hedorfer","@id":"https:\/\/ectp-ceu.eu\/#\/schema\/person\/d9214bcbc889cec98e49d069d552f5bd"},"headline":"14th Young Planners Workshop 2025 \u2013 Call for Projects","datePublished":"2025-08-23T12:44:37+00:00","dateModified":"2025-08-28T23:20:07+00:00","mainEntityOfPage":{"@id":"https:\/\/ectp-ceu.eu\/news\/yp-2025-call\/"},"wordCount":298,"publisher":{"@id":"https:\/\/ectp-ceu.eu\/#organization"},"image":{"@id":"https:\/\/ectp-ceu.eu\/news\/yp-2025-call\/#primaryimage"},"thumbnailUrl":"https:\/\/ectp-ceu.eu\/wp-content\/uploads\/yp\/2025\/ypws2025-ENG-card-0823.png","articleSection":["ECTP-CEU","News"],"inLanguage":"fr-FR"},{"@type":"WebPage","@id":"https:\/\/ectp-ceu.eu\/news\/yp-2025-call\/","url":"https:\/\/ectp-ceu.eu\/news\/yp-2025-call\/","name":"14th Young Planners Workshop 2025 \u2013 Call for Projects - ECTP-CEU","isPartOf":{"@id":"https:\/\/ectp-ceu.eu\/#website"},"primaryImageOfPage":{"@id":"https:\/\/ectp-ceu.eu\/news\/yp-2025-call\/#primaryimage"},"image":{"@id":"https:\/\/ectp-ceu.eu\/news\/yp-2025-call\/#primaryimage"},"thumbnailUrl":"https:\/\/ectp-ceu.eu\/wp-content\/uploads\/yp\/2025\/ypws2025-ENG-card-0823.png","datePublished":"2025-08-23T12:44:37+00:00","dateModified":"2025-08-28T23:20:07+00:00","breadcrumb":{"@id":"https:\/\/ectp-ceu.eu\/news\/yp-2025-call\/#breadcrumb"},"inLanguage":"fr-FR","potentialAction":[{"@type":"ReadAction","target":["https:\/\/ectp-ceu.eu\/news\/yp-2025-call\/"]}]},{"@type":"ImageObject","inLanguage":"fr-FR","@id":"https:\/\/ectp-ceu.eu\/news\/yp-2025-call\/#primaryimage","url":"https:\/\/ectp-ceu.eu\/wp-content\/uploads\/yp\/2025\/ypws2025-ENG-card-0823.png","contentUrl":"https:\/\/ectp-ceu.eu\/wp-content\/uploads\/yp\/2025\/ypws2025-ENG-card-0823.png","width":1920,"height":1080},{"@type":"BreadcrumbList","@id":"https:\/\/ectp-ceu.eu\/news\/yp-2025-call\/#breadcrumb","itemListElement":[{"@type":"ListItem","position":1,"name":"HOME","item":"https:\/\/ectp-ceu.eu\/"},{"@type":"ListItem","position":2,"name":"News","item":"https:\/\/ectp-ceu.eu\/category\/news\/"},{"@type":"ListItem","position":3,"name":"ECTP-CEU","item":"https:\/\/ectp-ceu.eu\/category\/news\/ectp-ceu\/"},{"@type":"ListItem","position":4,"name":"14th Young Planners Workshop 2025 \u2013 Call for Projects"}]},{"@type":"WebSite","@id":"https:\/\/ectp-ceu.eu\/#website","url":"https:\/\/ectp-ceu.eu\/","name":"ECTP-CEU","description":"European Council of Spatial Planners \u2013 Conseil Europ\u00e9en des Urbanistes","publisher":{"@id":"https:\/\/ectp-ceu.eu\/#organization"},"potentialAction":[{"@type":"SearchAction","target":{"@type":"EntryPoint","urlTemplate":"https:\/\/ectp-ceu.eu\/?s={search_term_string}"},"query-input":{"@type":"PropertyValueSpecification","valueRequired":true,"valueName":"search_term_string"}}],"inLanguage":"fr-FR"},{"@type":"Organization","@id":"https:\/\/ectp-ceu.eu\/#organization","name":"ECTP-CEU","url":"https:\/\/ectp-ceu.eu\/","logo":{"@type":"ImageObject","inLanguage":"fr-FR","@id":"https:\/\/ectp-ceu.eu\/#\/schema\/logo\/image\/","url":"https:\/\/ectp-ceu.eu\/wp-content\/uploads\/2024\/07\/cropped-1392117979K7cUN6za2Hw29SX4.jpeg","contentUrl":"https:\/\/ectp-ceu.eu\/wp-content\/uploads\/2024\/07\/cropped-1392117979K7cUN6za2Hw29SX4.jpeg","width":928,"height":328,"caption":"ECTP-CEU"},"image":{"@id":"https:\/\/ectp-ceu.eu\/#\/schema\/logo\/image\/"}},{"@type":"Person","@id":"https:\/\/ectp-ceu.eu\/#\/schema\/person\/d9214bcbc889cec98e49d069d552f5bd","name":"Markus Hedorfer","image":{"@type":"ImageObject","inLanguage":"fr-FR","@id":"https:\/\/secure.gravatar.com\/avatar\/4693ad6e69fd0e2aa1cf34159d317908096a34866b8006a1a053ed37056cf9cc?s=96&d=mm&r=g","url":"https:\/\/secure.gravatar.com\/avatar\/4693ad6e69fd0e2aa1cf34159d317908096a34866b8006a1a053ed37056cf9cc?s=96&d=mm&r=g","contentUrl":"https:\/\/secure.gravatar.com\/avatar\/4693ad6e69fd0e2aa1cf34159d317908096a34866b8006a1a053ed37056cf9cc?s=96&d=mm&r=g","caption":"Markus Hedorfer"},"url":"https:\/\/ectp-ceu.eu\/fr\/author\/markus-hedorferurbanisti-it\/"}]}},"_links":{"self":[{"href":"https:\/\/ectp-ceu.eu\/fr\/wp-json\/wp\/v2\/posts\/7742","targetHints":{"allow":["GET"]}}],"collection":[{"href":"https:\/\/ectp-ceu.eu\/fr\/wp-json\/wp\/v2\/posts"}],"about":[{"href":"https:\/\/ectp-ceu.eu\/fr\/wp-json\/wp\/v2\/types\/post"}],"author":[{"embeddable":true,"href":"https:\/\/ectp-ceu.eu\/fr\/wp-json\/wp\/v2\/users\/2"}],"replies":[{"embeddable":true,"href":"https:\/\/ectp-ceu.eu\/fr\/wp-json\/wp\/v2\/comments?post=7742"}],"version-history":[{"count":14,"href":"https:\/\/ectp-ceu.eu\/fr\/wp-json\/wp\/v2\/posts\/7742\/revisions"}],"predecessor-version":[{"id":7803,"href":"https:\/\/ectp-ceu.eu\/fr\/wp-json\/wp\/v2\/posts\/7742\/revisions\/7803"}],"wp:featuredmedia":[{"embeddable":true,"href":"https:\/\/ectp-ceu.eu\/fr\/wp-json\/wp\/v2\/media\/7569"}],"wp:attachment":[{"href":"https:\/\/ectp-ceu.eu\/fr\/wp-json\/wp\/v2\/media?parent=7742"}],"wp:term":[{"taxonomy":"category","embeddable":true,"href":"https:\/\/ectp-ceu.eu\/fr\/wp-json\/wp\/v2\/categories?post=7742"},{"taxonomy":"post_tag","embeddable":true,"href":"https:\/\/ectp-ceu.eu\/fr\/wp-json\/wp\/v2\/tags?post=7742"}],"curies":[{"name":"wp","href":"https:\/\/api.w.org\/{rel}","templated":true}]}}