{"id":8163,"date":"2026-03-26T17:27:21","date_gmt":"2026-03-26T16:27:21","guid":{"rendered":"https:\/\/ectp-ceu.eu\/?p=8163"},"modified":"2026-03-27T15:34:20","modified_gmt":"2026-03-27T14:34:20","slug":"biennale-2026-save","status":"publish","type":"post","link":"https:\/\/ectp-ceu.eu\/fr\/biennale\/biennale-2026-save\/","title":{"rendered":"Biennale 2026 in Lisbon \u2013 Save the Date"},"content":{"rendered":"<div data-elementor-type=\"wp-post\" data-elementor-id=\"8163\" class=\"elementor elementor-8163\" data-elementor-post-type=\"post\">\n\t\t\t\t<div class=\"elementor-element elementor-element-d649c20 e-flex e-con-boxed e-con e-parent\" data-id=\"d649c20\" data-element_type=\"container\" data-e-type=\"container\">\n\t\t\t\t\t<div class=\"e-con-inner\">\n\t\t\t\t<div class=\"elementor-element elementor-element-87a7ad3 elementor-widget elementor-widget-text-editor\" data-id=\"87a7ad3\" data-element_type=\"widget\" data-e-type=\"widget\" data-widget_type=\"text-editor.default\">\n\t\t\t\t\t\t\t\t\t<p>We are delighted to announce that the <strong>15<sup>th<\/sup> Biennale of European Towns and Town Planners<\/strong> will take place on <strong>11<sup>th<\/sup>\u201313<sup>th<\/sup> November 2026<\/strong> en <strong>Lisbon, Portugal<\/strong>.<\/p><p>Hosted at the <a href=\"https:\/\/www.lnec.pt\/about-us\/campus\"><strong>National Laboratory for Civil Engineering (LNEC)<\/strong><\/a> and organised jointly by the Portuguese Association of Town Planners (<a href=\"https:\/\/ectp-ceu.eu\/fr\/network\/pt-apu\/\"><strong>Associa\u00e7\u00e3o Portuguesa de Urbanistas, APU<\/strong><\/a>) and the <strong>European Council of Spatial Planners (ECTP-CEU)<\/strong>, this edition will explore the theme <em><strong>The Lens of Time in Urban Planning<\/strong><\/em> \u2014 reflecting on how time shapes the way we plan, transform and inhabit our cities.<\/p><p>The Biennale is a key gathering for spatial planners, urban professionals, researchers and policymakers from across Europe. We look forward to welcoming you to Lisbon for three days of inspiring debate, knowledge exchange and European collaboration.<\/p><p>Further details on the programme, call for contributions and registration will follow. Stay tuned!<\/p><p><strong>We look forward to seeing you in Lisbon.<\/strong><\/p>\t\t\t\t\t\t\t\t<\/div>\n\t\t\t\t<div class=\"elementor-element elementor-element-0d2024c elementor-widget elementor-widget-google_maps\" data-id=\"0d2024c\" data-element_type=\"widget\" data-e-type=\"widget\" data-widget_type=\"google_maps.default\">\n\t\t\t\t\t\t\t<div class=\"elementor-custom-embed\">\n\t\t\t<iframe loading=\"lazy\"\n\t\t\t\t\tsrc=\"https:\/\/maps.google.com\/maps?q=Centro%20de%20Congressos%20do%20Laborat%C3%B3rio%20Nacional%20de%20Engenharia%20C&#038;t=m&#038;z=15&#038;output=embed&#038;iwloc=near\"\n\t\t\t\t\ttitle=\"Centro de Congressos do Laborat\u00f3rio Nacional de Engenharia C\"\n\t\t\t\t\taria-label=\"Centro de Congressos do Laborat\u00f3rio Nacional de Engenharia C\"\n\t\t\t><\/iframe>\n\t\t<\/div>\n\t\t\t\t\t\t<\/div>\n\t\t\t\t\t<\/div>\n\t\t\t\t<\/div>\n\t\t\t\t<\/div>","protected":false},"excerpt":{"rendered":"<p>We are delighted to announce that the 15th Biennale of European Towns and Town Planners will take place on 11th\u201313th November 2026 in Lisbon, Portugal. Hosted at the National Laboratory for Civil Engineering (LNEC) and organised jointly by the Portuguese Association of Town Planners () and the European Council of Spatial Planners (ECTP-CEU), this edition [&hellip;]<\/p>\n","protected":false},"author":2,"featured_media":8162,"comment_status":"closed","ping_status":"closed","sticky":false,"template":"","format":"standard","meta":{"_acf_changed":false,"inline_featured_image":false,"footnotes":""},"categories":[72,180,47,6],"tags":[],"class_list":["post-8163","post","type-post","status-publish","format-standard","has-post-thumbnail","hentry","category-biennale","category-conferences","category-ectp-ceu","category-news"],"acf":[],"yoast_head":"<!-- This site is optimized with the Yoast SEO plugin v27.5 - https:\/\/yoast.com\/product\/yoast-seo-wordpress\/ -->\n<title>Biennale 2026 in Lisbon \u2013 Save the Date - ECTP-CEU<\/title>\n<meta name=\"robots\" content=\"index, follow, max-snippet:-1, max-image-preview:large, max-video-preview:-1\" \/>\n<link rel=\"canonical\" href=\"https:\/\/ectp-ceu.eu\/fr\/news\/biennale-2026-save\/\" \/>\n<meta property=\"og:locale\" content=\"fr_FR\" \/>\n<meta property=\"og:type\" content=\"article\" \/>\n<meta property=\"og:title\" content=\"Biennale 2026 in Lisbon \u2013 Save the Date - ECTP-CEU\" \/>\n<meta property=\"og:description\" content=\"We are delighted to announce that the 15th Biennale of European Towns and Town Planners will take place on 11th\u201313th November 2026 in Lisbon, Portugal. Hosted at the National Laboratory for Civil Engineering (LNEC) and organised jointly by the Portuguese Association of Town Planners () and the European Council of Spatial Planners (ECTP-CEU), this edition [&hellip;]\" \/>\n<meta property=\"og:url\" content=\"https:\/\/ectp-ceu.eu\/fr\/news\/biennale-2026-save\/\" \/>\n<meta property=\"og:site_name\" content=\"ECTP-CEU\" \/>\n<meta property=\"article:published_time\" content=\"2026-03-26T16:27:21+00:00\" \/>\n<meta property=\"article:modified_time\" content=\"2026-03-27T14:34:20+00:00\" \/>\n<meta property=\"og:image\" content=\"https:\/\/ectp-ceu.eu\/wp-content\/uploads\/biennale\/2026\/biennale-2026-save-0326.png\" \/>\n\t<meta property=\"og:image:width\" content=\"1920\" \/>\n\t<meta property=\"og:image:height\" content=\"1080\" \/>\n\t<meta property=\"og:image:type\" content=\"image\/png\" \/>\n<meta name=\"author\" content=\"Markus Hedorfer\" \/>\n<meta name=\"twitter:card\" content=\"summary_large_image\" \/>\n<meta name=\"twitter:label1\" content=\"\u00c9crit par\" \/>\n\t<meta name=\"twitter:data1\" content=\"Markus Hedorfer\" \/>\n\t<meta name=\"twitter:label2\" content=\"Dur\u00e9e de lecture estim\u00e9e\" \/>\n\t<meta name=\"twitter:data2\" content=\"1 minute\" \/>\n<script type=\"application\/ld+json\" class=\"yoast-schema-graph\">{\"@context\":\"https:\\\/\\\/schema.org\",\"@graph\":[{\"@type\":\"Article\",\"@id\":\"https:\\\/\\\/ectp-ceu.eu\\\/news\\\/biennale-2026-save\\\/#article\",\"isPartOf\":{\"@id\":\"https:\\\/\\\/ectp-ceu.eu\\\/news\\\/biennale-2026-save\\\/\"},\"author\":{\"name\":\"Markus Hedorfer\",\"@id\":\"https:\\\/\\\/ectp-ceu.eu\\\/#\\\/schema\\\/person\\\/d9214bcbc889cec98e49d069d552f5bd\"},\"headline\":\"Biennale 2026 in Lisbon \u2013 Save the Date\",\"datePublished\":\"2026-03-26T16:27:21+00:00\",\"dateModified\":\"2026-03-27T14:34:20+00:00\",\"mainEntityOfPage\":{\"@id\":\"https:\\\/\\\/ectp-ceu.eu\\\/news\\\/biennale-2026-save\\\/\"},\"wordCount\":154,\"publisher\":{\"@id\":\"https:\\\/\\\/ectp-ceu.eu\\\/#organization\"},\"image\":{\"@id\":\"https:\\\/\\\/ectp-ceu.eu\\\/news\\\/biennale-2026-save\\\/#primaryimage\"},\"thumbnailUrl\":\"https:\\\/\\\/ectp-ceu.eu\\\/wp-content\\\/uploads\\\/biennale\\\/2026\\\/biennale-2026-save-0326.png\",\"articleSection\":[\"Biennale\",\"Conferences\",\"ECTP-CEU\",\"News\"],\"inLanguage\":\"fr-FR\"},{\"@type\":\"WebPage\",\"@id\":\"https:\\\/\\\/ectp-ceu.eu\\\/news\\\/biennale-2026-save\\\/\",\"url\":\"https:\\\/\\\/ectp-ceu.eu\\\/news\\\/biennale-2026-save\\\/\",\"name\":\"Biennale 2026 in Lisbon \u2013 Save the Date - ECTP-CEU\",\"isPartOf\":{\"@id\":\"https:\\\/\\\/ectp-ceu.eu\\\/#website\"},\"primaryImageOfPage\":{\"@id\":\"https:\\\/\\\/ectp-ceu.eu\\\/news\\\/biennale-2026-save\\\/#primaryimage\"},\"image\":{\"@id\":\"https:\\\/\\\/ectp-ceu.eu\\\/news\\\/biennale-2026-save\\\/#primaryimage\"},\"thumbnailUrl\":\"https:\\\/\\\/ectp-ceu.eu\\\/wp-content\\\/uploads\\\/biennale\\\/2026\\\/biennale-2026-save-0326.png\",\"datePublished\":\"2026-03-26T16:27:21+00:00\",\"dateModified\":\"2026-03-27T14:34:20+00:00\",\"breadcrumb\":{\"@id\":\"https:\\\/\\\/ectp-ceu.eu\\\/news\\\/biennale-2026-save\\\/#breadcrumb\"},\"inLanguage\":\"fr-FR\",\"potentialAction\":[{\"@type\":\"ReadAction\",\"target\":[\"https:\\\/\\\/ectp-ceu.eu\\\/news\\\/biennale-2026-save\\\/\"]}]},{\"@type\":\"ImageObject\",\"inLanguage\":\"fr-FR\",\"@id\":\"https:\\\/\\\/ectp-ceu.eu\\\/news\\\/biennale-2026-save\\\/#primaryimage\",\"url\":\"https:\\\/\\\/ectp-ceu.eu\\\/wp-content\\\/uploads\\\/biennale\\\/2026\\\/biennale-2026-save-0326.png\",\"contentUrl\":\"https:\\\/\\\/ectp-ceu.eu\\\/wp-content\\\/uploads\\\/biennale\\\/2026\\\/biennale-2026-save-0326.png\",\"width\":1920,\"height\":1080},{\"@type\":\"BreadcrumbList\",\"@id\":\"https:\\\/\\\/ectp-ceu.eu\\\/news\\\/biennale-2026-save\\\/#breadcrumb\",\"itemListElement\":[{\"@type\":\"ListItem\",\"position\":1,\"name\":\"HOME\",\"item\":\"https:\\\/\\\/ectp-ceu.eu\\\/\"},{\"@type\":\"ListItem\",\"position\":2,\"name\":\"Biennale\",\"item\":\"https:\\\/\\\/ectp-ceu.eu\\\/category\\\/biennale\\\/\"},{\"@type\":\"ListItem\",\"position\":3,\"name\":\"Biennale 2026 in Lisbon \u2013 Save the Date\"}]},{\"@type\":\"WebSite\",\"@id\":\"https:\\\/\\\/ectp-ceu.eu\\\/#website\",\"url\":\"https:\\\/\\\/ectp-ceu.eu\\\/\",\"name\":\"ECTP-CEU\",\"description\":\"European Council of Spatial Planners \u2013 Conseil Europ\u00e9en des Urbanistes\",\"publisher\":{\"@id\":\"https:\\\/\\\/ectp-ceu.eu\\\/#organization\"},\"potentialAction\":[{\"@type\":\"SearchAction\",\"target\":{\"@type\":\"EntryPoint\",\"urlTemplate\":\"https:\\\/\\\/ectp-ceu.eu\\\/?s={search_term_string}\"},\"query-input\":{\"@type\":\"PropertyValueSpecification\",\"valueRequired\":true,\"valueName\":\"search_term_string\"}}],\"inLanguage\":\"fr-FR\"},{\"@type\":\"Organization\",\"@id\":\"https:\\\/\\\/ectp-ceu.eu\\\/#organization\",\"name\":\"ECTP-CEU\",\"url\":\"https:\\\/\\\/ectp-ceu.eu\\\/\",\"logo\":{\"@type\":\"ImageObject\",\"inLanguage\":\"fr-FR\",\"@id\":\"https:\\\/\\\/ectp-ceu.eu\\\/#\\\/schema\\\/logo\\\/image\\\/\",\"url\":\"https:\\\/\\\/ectp-ceu.eu\\\/wp-content\\\/uploads\\\/2024\\\/07\\\/cropped-1392117979K7cUN6za2Hw29SX4.jpeg\",\"contentUrl\":\"https:\\\/\\\/ectp-ceu.eu\\\/wp-content\\\/uploads\\\/2024\\\/07\\\/cropped-1392117979K7cUN6za2Hw29SX4.jpeg\",\"width\":928,\"height\":328,\"caption\":\"ECTP-CEU\"},\"image\":{\"@id\":\"https:\\\/\\\/ectp-ceu.eu\\\/#\\\/schema\\\/logo\\\/image\\\/\"}},{\"@type\":\"Person\",\"@id\":\"https:\\\/\\\/ectp-ceu.eu\\\/#\\\/schema\\\/person\\\/d9214bcbc889cec98e49d069d552f5bd\",\"name\":\"Markus Hedorfer\",\"image\":{\"@type\":\"ImageObject\",\"inLanguage\":\"fr-FR\",\"@id\":\"https:\\\/\\\/secure.gravatar.com\\\/avatar\\\/4693ad6e69fd0e2aa1cf34159d317908096a34866b8006a1a053ed37056cf9cc?s=96&d=mm&r=g\",\"url\":\"https:\\\/\\\/secure.gravatar.com\\\/avatar\\\/4693ad6e69fd0e2aa1cf34159d317908096a34866b8006a1a053ed37056cf9cc?s=96&d=mm&r=g\",\"contentUrl\":\"https:\\\/\\\/secure.gravatar.com\\\/avatar\\\/4693ad6e69fd0e2aa1cf34159d317908096a34866b8006a1a053ed37056cf9cc?s=96&d=mm&r=g\",\"caption\":\"Markus Hedorfer\"},\"url\":\"https:\\\/\\\/ectp-ceu.eu\\\/fr\\\/author\\\/markus-hedorferurbanisti-it\\\/\"}]}<\/script>\n<!-- \/ Yoast SEO plugin. -->","yoast_head_json":{"title":"Biennale 2026 in Lisbon \u2013 Save the Date - ECTP-CEU","robots":{"index":"index","follow":"follow","max-snippet":"max-snippet:-1","max-image-preview":"max-image-preview:large","max-video-preview":"max-video-preview:-1"},"canonical":"https:\/\/ectp-ceu.eu\/fr\/news\/biennale-2026-save\/","og_locale":"fr_FR","og_type":"article","og_title":"Biennale 2026 in Lisbon \u2013 Save the Date - ECTP-CEU","og_description":"We are delighted to announce that the 15th Biennale of European Towns and Town Planners will take place on 11th\u201313th November 2026 in Lisbon, Portugal. Hosted at the National Laboratory for Civil Engineering (LNEC) and organised jointly by the Portuguese Association of Town Planners () and the European Council of Spatial Planners (ECTP-CEU), this edition [&hellip;]","og_url":"https:\/\/ectp-ceu.eu\/fr\/news\/biennale-2026-save\/","og_site_name":"ECTP-CEU","article_published_time":"2026-03-26T16:27:21+00:00","article_modified_time":"2026-03-27T14:34:20+00:00","og_image":[{"width":1920,"height":1080,"url":"https:\/\/ectp-ceu.eu\/wp-content\/uploads\/biennale\/2026\/biennale-2026-save-0326.png","type":"image\/png"}],"author":"Markus Hedorfer","twitter_card":"summary_large_image","twitter_misc":{"\u00c9crit par":"Markus Hedorfer","Dur\u00e9e de lecture estim\u00e9e":"1 minute"},"schema":{"@context":"https:\/\/schema.org","@graph":[{"@type":"Article","@id":"https:\/\/ectp-ceu.eu\/news\/biennale-2026-save\/#article","isPartOf":{"@id":"https:\/\/ectp-ceu.eu\/news\/biennale-2026-save\/"},"author":{"name":"Markus Hedorfer","@id":"https:\/\/ectp-ceu.eu\/#\/schema\/person\/d9214bcbc889cec98e49d069d552f5bd"},"headline":"Biennale 2026 in Lisbon \u2013 Save the Date","datePublished":"2026-03-26T16:27:21+00:00","dateModified":"2026-03-27T14:34:20+00:00","mainEntityOfPage":{"@id":"https:\/\/ectp-ceu.eu\/news\/biennale-2026-save\/"},"wordCount":154,"publisher":{"@id":"https:\/\/ectp-ceu.eu\/#organization"},"image":{"@id":"https:\/\/ectp-ceu.eu\/news\/biennale-2026-save\/#primaryimage"},"thumbnailUrl":"https:\/\/ectp-ceu.eu\/wp-content\/uploads\/biennale\/2026\/biennale-2026-save-0326.png","articleSection":["Biennale","Conferences","ECTP-CEU","News"],"inLanguage":"fr-FR"},{"@type":"WebPage","@id":"https:\/\/ectp-ceu.eu\/news\/biennale-2026-save\/","url":"https:\/\/ectp-ceu.eu\/news\/biennale-2026-save\/","name":"Biennale 2026 in Lisbon \u2013 Save the Date - ECTP-CEU","isPartOf":{"@id":"https:\/\/ectp-ceu.eu\/#website"},"primaryImageOfPage":{"@id":"https:\/\/ectp-ceu.eu\/news\/biennale-2026-save\/#primaryimage"},"image":{"@id":"https:\/\/ectp-ceu.eu\/news\/biennale-2026-save\/#primaryimage"},"thumbnailUrl":"https:\/\/ectp-ceu.eu\/wp-content\/uploads\/biennale\/2026\/biennale-2026-save-0326.png","datePublished":"2026-03-26T16:27:21+00:00","dateModified":"2026-03-27T14:34:20+00:00","breadcrumb":{"@id":"https:\/\/ectp-ceu.eu\/news\/biennale-2026-save\/#breadcrumb"},"inLanguage":"fr-FR","potentialAction":[{"@type":"ReadAction","target":["https:\/\/ectp-ceu.eu\/news\/biennale-2026-save\/"]}]},{"@type":"ImageObject","inLanguage":"fr-FR","@id":"https:\/\/ectp-ceu.eu\/news\/biennale-2026-save\/#primaryimage","url":"https:\/\/ectp-ceu.eu\/wp-content\/uploads\/biennale\/2026\/biennale-2026-save-0326.png","contentUrl":"https:\/\/ectp-ceu.eu\/wp-content\/uploads\/biennale\/2026\/biennale-2026-save-0326.png","width":1920,"height":1080},{"@type":"BreadcrumbList","@id":"https:\/\/ectp-ceu.eu\/news\/biennale-2026-save\/#breadcrumb","itemListElement":[{"@type":"ListItem","position":1,"name":"HOME","item":"https:\/\/ectp-ceu.eu\/"},{"@type":"ListItem","position":2,"name":"Biennale","item":"https:\/\/ectp-ceu.eu\/category\/biennale\/"},{"@type":"ListItem","position":3,"name":"Biennale 2026 in Lisbon \u2013 Save the Date"}]},{"@type":"WebSite","@id":"https:\/\/ectp-ceu.eu\/#website","url":"https:\/\/ectp-ceu.eu\/","name":"ECTP-CEU","description":"European Council of Spatial Planners \u2013 Conseil Europ\u00e9en des Urbanistes","publisher":{"@id":"https:\/\/ectp-ceu.eu\/#organization"},"potentialAction":[{"@type":"SearchAction","target":{"@type":"EntryPoint","urlTemplate":"https:\/\/ectp-ceu.eu\/?s={search_term_string}"},"query-input":{"@type":"PropertyValueSpecification","valueRequired":true,"valueName":"search_term_string"}}],"inLanguage":"fr-FR"},{"@type":"Organization","@id":"https:\/\/ectp-ceu.eu\/#organization","name":"ECTP-CEU","url":"https:\/\/ectp-ceu.eu\/","logo":{"@type":"ImageObject","inLanguage":"fr-FR","@id":"https:\/\/ectp-ceu.eu\/#\/schema\/logo\/image\/","url":"https:\/\/ectp-ceu.eu\/wp-content\/uploads\/2024\/07\/cropped-1392117979K7cUN6za2Hw29SX4.jpeg","contentUrl":"https:\/\/ectp-ceu.eu\/wp-content\/uploads\/2024\/07\/cropped-1392117979K7cUN6za2Hw29SX4.jpeg","width":928,"height":328,"caption":"ECTP-CEU"},"image":{"@id":"https:\/\/ectp-ceu.eu\/#\/schema\/logo\/image\/"}},{"@type":"Person","@id":"https:\/\/ectp-ceu.eu\/#\/schema\/person\/d9214bcbc889cec98e49d069d552f5bd","name":"Markus Hedorfer","image":{"@type":"ImageObject","inLanguage":"fr-FR","@id":"https:\/\/secure.gravatar.com\/avatar\/4693ad6e69fd0e2aa1cf34159d317908096a34866b8006a1a053ed37056cf9cc?s=96&d=mm&r=g","url":"https:\/\/secure.gravatar.com\/avatar\/4693ad6e69fd0e2aa1cf34159d317908096a34866b8006a1a053ed37056cf9cc?s=96&d=mm&r=g","contentUrl":"https:\/\/secure.gravatar.com\/avatar\/4693ad6e69fd0e2aa1cf34159d317908096a34866b8006a1a053ed37056cf9cc?s=96&d=mm&r=g","caption":"Markus Hedorfer"},"url":"https:\/\/ectp-ceu.eu\/fr\/author\/markus-hedorferurbanisti-it\/"}]}},"_links":{"self":[{"href":"https:\/\/ectp-ceu.eu\/fr\/wp-json\/wp\/v2\/posts\/8163","targetHints":{"allow":["GET"]}}],"collection":[{"href":"https:\/\/ectp-ceu.eu\/fr\/wp-json\/wp\/v2\/posts"}],"about":[{"href":"https:\/\/ectp-ceu.eu\/fr\/wp-json\/wp\/v2\/types\/post"}],"author":[{"embeddable":true,"href":"https:\/\/ectp-ceu.eu\/fr\/wp-json\/wp\/v2\/users\/2"}],"replies":[{"embeddable":true,"href":"https:\/\/ectp-ceu.eu\/fr\/wp-json\/wp\/v2\/comments?post=8163"}],"version-history":[{"count":17,"href":"https:\/\/ectp-ceu.eu\/fr\/wp-json\/wp\/v2\/posts\/8163\/revisions"}],"predecessor-version":[{"id":8213,"href":"https:\/\/ectp-ceu.eu\/fr\/wp-json\/wp\/v2\/posts\/8163\/revisions\/8213"}],"wp:featuredmedia":[{"embeddable":true,"href":"https:\/\/ectp-ceu.eu\/fr\/wp-json\/wp\/v2\/media\/8162"}],"wp:attachment":[{"href":"https:\/\/ectp-ceu.eu\/fr\/wp-json\/wp\/v2\/media?parent=8163"}],"wp:term":[{"taxonomy":"category","embeddable":true,"href":"https:\/\/ectp-ceu.eu\/fr\/wp-json\/wp\/v2\/categories?post=8163"},{"taxonomy":"post_tag","embeddable":true,"href":"https:\/\/ectp-ceu.eu\/fr\/wp-json\/wp\/v2\/tags?post=8163"}],"curies":[{"name":"wp","href":"https:\/\/api.w.org\/{rel}","templated":true}]}}